{"id":787877,"date":"2019-01-23T17:05:39","date_gmt":"2019-01-23T16:05:39","guid":{"rendered":"https:\/\/www.varesenews.it\/?p=787877"},"modified":"2019-01-23T17:05:39","modified_gmt":"2019-01-23T16:05:39","slug":"amate-torna-la-rassegna-teatrale-piu-buona-della-citta","status":"publish","type":"post","link":"https:\/\/staging.varesenews.it\/2019\/01\/amate-torna-la-rassegna-teatrale-piu-buona-della-citta\/787877\/","title":{"rendered":"AmaTe, torna la rassegna teatrale pi\u00f9 buona della citt\u00e0"},"content":{"rendered":"<p>Per fare Teatro serve amore: per la cultura, per se stessi, per gli altri.<\/p>\n<p>Su queste basi, da una idea del Direttore Organizzativo del Teatro Openjobmetis di Varese, <strong>Filippo De Sanctis<\/strong>, alcune compagnie teatrali \u201camatoriali\u201d hanno risposto al suo appello dando vita ad una rassegna che da spazio a chi fa teatro \u201cper amore\u201d, un amore non solo per il palcoscenico, ma anche per ci\u00f2 che con il teatro si pu\u00f2 costruire: solidariet\u00e0. \u00abUn progetto unico nel suo genere in provincia di Varese, ma crediamo anche raro in tutta la Lombardia, che oggi si affaccia alla sua quarta edizione &#8211; ha sottolineato de Sanctis &#8211;\u00a0L\u2019obiettivo del progetto \u00e8 valorizzare il lavoro dei gruppi teatrali che, oltre a favorire la diffusione della cultura nella nostra citt\u00e0, rappresentano per molti, giovani e meno giovani, un\u2019occasione di aggregazione, integrazione sociale e crescita personale; inoltre, grazie alle risorse che la rassegna sar\u00e0 in grado di raccogliere, sar\u00e0 possibile offrire un concreto supporto ad alcune realt\u00e0 filantropiche varesine per la realizzazione di progetti di solidariet\u00e0, devolvendo ad esse il ricavato della vendita dei biglietti, al netto dei costi di allestimento\u00bb.<\/p>\n<p>Al fianco dell\u2019iniziativa c\u2019\u00e8 il Comune di Varese che ha dato il patrocinio e ha concesso l\u2019utilizzo del Teatro Openjobmetis di Varese, sede di svolgimento di tutte le rappresentazioni. \u00abAnche quest\u2019anno il sociale sale sul palco grazie all\u2019impegno della cultura &#8211; sottolinea <strong>Roberto Molinari<\/strong>, assessore ai Servizi Sociali del Comune di Varese \u2013 Un altro esempio di quanto questa citt\u00e0 sia capace di fare sinergia quando si parla di solidariet\u00e0 e attenzione alle persone pi\u00f9 in difficolt\u00e0. Grazie alla sinergia tra pubblico e privato, e ad una proposta culturale di alto livello, potremo aggiungere dei tasselli importanti ai servizi offerti dal mio assessorato in favore dei cittadini\u00bb.<\/p>\n<p>\u00abIl gruppo delle compagnie, ormai consolidato con capofila gli \u201cEffetti Collaterali\u201d, ha raccolto nelle precedenti edizioni oltre 35.000\u20ac, coinvolgendo pi\u00f9 di 7mila spettatori &#8211; ha spiegato <strong>Filippo De Sanctis<\/strong> &#8211; sostenendo cos\u00ec i progetti e le attivit\u00e0 di molte realt\u00e0 del terzo settore: Kiwanis Varese, Anaconda, Tincontro Onlus, SOS Malnate, Villaggio del fanciullo di Morosolo, Scuola Materna Divina Provvidenza, Suore della Riparazione di via Luini, La Finestra Onlus, Missione dei Padri Saveriani \u2013 Satkhira (Bangladesh), Caritas di San Benedetto del Tronto (a favore delle popolazioni terremotate delle Marche), Millepiedi onlus, Africa Mission, Fondazione Ascoli\u00bb.<\/p>\n<p>L\u2019edizione 2019 della rassegna parte con quattro spettacoli in calendario nei primi mesi dell\u2019anno, da febbraio ad aprile; la speranza \u00e8 che in autunno possa aggiungersene un altro, quello proposto dalla Compagnia dei giovani della comunit\u00e0 pastorale \u201cdon Gnocchi\u201d , che dedicandosi all\u2019allestimento di grandi musical necessita di tempi pi\u00f9 lunghi per la produzione, che \u00e8 tuttora in corso e potrebbe completarsi in ottobre.<\/p>\n<p>Gli \u201c<strong>Attori in Circolo<\/strong>\u201d &#8211; compagnia di attori composta da lavoratori dell&#8217;Ospedale di Circolo &#8211; apriranno la rassegna,\u00a0 domenica 3 febbraio alle 18, con \u201cNon \u00e8 vero ma ci credo\u201d la nota commedia di <strong>Peppino De Filippo<\/strong>: lo spettacolo \u00e8 a favore di La Finestra Onlus e Associazione Sulle Ali.<\/p>\n<p>\u201c<strong>I giovani di ieri e di oggi<\/strong>\u201dsaranno invece in scena domenica 17 febbraio alle 17 con \u201cDue di picche\u201d, testo del varesino <strong>Ettore Imparato<\/strong>; il ricavato sar\u00e0 destinato a Tincontro Onlus.<\/p>\n<p>Domenica 7 aprile alle 18 sar\u00e0 invece la volta della compagnia capofila della rassegna, gli\u201cEffetti Collaterali\u201d, che presenter\u00e0 una commedia (\u00abDiciamo farsa, che \u00e8 pi\u00f9 nelle nostre corde&#8221; ha commentato per la compagnia <strong>Laura Botter<\/strong>) del maestro <strong>Ray Cooney,<\/strong> \u201cFunny money\u201d: La commedia sar\u00e0 presentata con la collaborazione del partner storico della compagnia, il club Kiwanis Varese.<\/p>\n<p>Chiuder\u00e0 il ciclo di rappresentazioni la compagnia \u201c<strong>Il volto di velluto&#8221; <\/strong>una new entry, alla prima partecipazione alla Rassegna AmaTe, con la commedia inedita dell\u2019autore varesino <strong>Matteo Tibiletti<\/strong>, \u201cUova al tegamino\u201d, che andr\u00e0 in scena domenica 14 aprile alle 21:00, a favore di Good Samaritan Onlus.<\/p>\n<p>Tutte Le informazioni sulla rassegna e la vendita dei biglietti sono disponibili sul sito del Teatro Openjobmetis: <a href=\"http:\/\/www.teatrodivarese.it\">www.teatrodivarese.it.<\/a><\/p>\n<h3>IL PROGRAMMA DI AMATE<\/h3>\n<p><em>Domenica 3 febbraio 2019 ore 18:00<\/em><br \/>\nGli ATTORI IN CIRCOLO presentano<br \/>\n\u201cNON \u00e8 VERO MA CI CREDO\u201d di Peppino De Filippo<br \/>\nIngresso unico 10 euro<br \/>\nSpettacolo a favore de La Finestra di Malnate e Sulle Ali Onlus di Varese<\/p>\n<p><em>Domenica 17 febbraio 2019 ore 17:00<\/em><br \/>\nI GIOVANI DI IERI E DI OGGI presentano<br \/>\n\u201cDUE DI PICCHE\u201d di Ettore Imparato<br \/>\nIngresso offerta minima 10 euro<br \/>\nSpettacolo a favore di Tincontro Onlus Varese<\/p>\n<p><em>Domenica 7 aprile 2019 ore 18:00<\/em><br \/>\nGli EFFETTI COLLATERALI presentano<br \/>\n\u201cFUNNY MONEY\u201d di Ray Cooney<br \/>\nIngresso 10 euro intero &#8211; 5 euro ridotto ragazzi<br \/>\nSpettacolo a favore d Kiwanis Varese Onlus<\/p>\n<p><em>Domenica 14 aprile 2019 ore 21:00<\/em><br \/>\nIL VOLTO DI VELLUTO presenta<br \/>\n\u201cUOVA AL TEGAMINO\u201d di Matteo Tibiletti<br \/>\nIngresso 12 euro intero &#8211; 8 euro ridotto fino a 12 anni<br \/>\nSpettacolo a favore di Good Samaritan di Caronno Varesino<\/p>\n","protected":false},"excerpt":{"rendered":"<p>Torna \u201cAmaTe!\u201d, la Rassegna di teatro amatoriale e solidale con il patrocinio del Comune di Varese: primo spettacolo il prossimo\u00a03 febbraio<\/p>\n","protected":false},"author":48,"featured_media":0,"comment_status":"open","ping_status":"open","sticky":false,"template":"","format":"standard","meta":{"footnotes":""},"categories":[21,2],"tags":[67637,68113],"acf":[],"yoast_head":"<!-- This site is optimized with the Yoast SEO plugin v20.1 - https:\/\/yoast.com\/wordpress\/plugins\/seo\/ -->\n<title>AmaTe, torna la rassegna teatrale pi\u00f9 buona della citt\u00e0<\/title>\n<meta name=\"description\" content=\"Torna \u201cAmaTe!\u201d, la Rassegna di teatro amatoriale e solidale con il patrocinio del Comune di Varese: primo spettacolo il prossimo\u00a03 febbraio\" \/>\n<meta name=\"robots\" content=\"noindex, follow, max-snippet:-1, max-image-preview:large, max-video-preview:-1\" \/>\n<meta property=\"og:locale\" content=\"it_IT\" \/>\n<meta property=\"og:type\" content=\"article\" \/>\n<meta property=\"og:title\" content=\"AmaTe, torna la rassegna teatrale pi\u00f9 buona della citt\u00e0\" \/>\n<meta property=\"og:description\" content=\"Torna \u201cAmaTe!\u201d, la Rassegna di teatro amatoriale e solidale con il patrocinio del Comune di Varese: primo spettacolo il prossimo\u00a03 febbraio\" \/>\n<meta property=\"og:url\" content=\"https:\/\/staging.varesenews.it\/2019\/01\/amate-torna-la-rassegna-teatrale-piu-buona-della-citta\/787877\/\" \/>\n<meta property=\"og:site_name\" content=\"VareseNews\" \/>\n<meta property=\"article:publisher\" content=\"https:\/\/www.facebook.com\/varesenews\" \/>\n<meta property=\"article:author\" content=\"https:\/\/www.facebook.com\/stefaniaradman\" \/>\n<meta property=\"article:published_time\" content=\"2019-01-23T16:05:39+00:00\" \/>\n<meta name=\"author\" content=\"Stefania Radman\" \/>\n<meta name=\"twitter:card\" content=\"summary_large_image\" \/>\n<meta name=\"twitter:creator\" content=\"@LaRadman\" \/>\n<meta name=\"twitter:site\" content=\"@varesenews\" \/>\n<meta name=\"twitter:label1\" content=\"Scritto da\" \/>\n\t<meta name=\"twitter:data1\" content=\"Stefania Radman\" \/>\n\t<meta name=\"twitter:label2\" content=\"Tempo di lettura stimato\" \/>\n\t<meta name=\"twitter:data2\" content=\"4 minuti\" \/>\n<script type=\"application\/ld+json\" class=\"yoast-schema-graph\">{\"@context\":\"https:\/\/schema.org\",\"@graph\":[{\"@type\":\"WebPage\",\"@id\":\"https:\/\/staging.varesenews.it\/2019\/01\/amate-torna-la-rassegna-teatrale-piu-buona-della-citta\/787877\/\",\"url\":\"https:\/\/staging.varesenews.it\/2019\/01\/amate-torna-la-rassegna-teatrale-piu-buona-della-citta\/787877\/\",\"name\":\"AmaTe, torna la rassegna teatrale pi\u00f9 buona della citt\u00e0\",\"isPartOf\":{\"@id\":\"https:\/\/staging.varesenews.it\/#website\"},\"datePublished\":\"2019-01-23T16:05:39+00:00\",\"dateModified\":\"2019-01-23T16:05:39+00:00\",\"author\":{\"@id\":\"https:\/\/staging.varesenews.it\/#\/schema\/person\/995d2e6a31c67237a9a1bc1f0079f3aa\"},\"description\":\"Torna \u201cAmaTe!\u201d, la Rassegna di teatro amatoriale e solidale con il patrocinio del Comune di Varese: primo spettacolo il prossimo\u00a03 febbraio\",\"breadcrumb\":{\"@id\":\"https:\/\/staging.varesenews.it\/2019\/01\/amate-torna-la-rassegna-teatrale-piu-buona-della-citta\/787877\/#breadcrumb\"},\"inLanguage\":\"it-IT\",\"potentialAction\":[{\"@type\":\"ReadAction\",\"target\":[\"https:\/\/staging.varesenews.it\/2019\/01\/amate-torna-la-rassegna-teatrale-piu-buona-della-citta\/787877\/\"]}]},{\"@type\":\"BreadcrumbList\",\"@id\":\"https:\/\/staging.varesenews.it\/2019\/01\/amate-torna-la-rassegna-teatrale-piu-buona-della-citta\/787877\/#breadcrumb\",\"itemListElement\":[{\"@type\":\"ListItem\",\"position\":1,\"name\":\"Home\",\"item\":\"https:\/\/www.varesenews.it\/\"},{\"@type\":\"ListItem\",\"position\":2,\"name\":\"AmaTe, torna la rassegna teatrale pi\u00f9 buona della citt\u00e0\"}]},{\"@type\":\"WebSite\",\"@id\":\"https:\/\/staging.varesenews.it\/#website\",\"url\":\"https:\/\/staging.varesenews.it\/\",\"name\":\"VareseNews\",\"description\":\"\",\"potentialAction\":[{\"@type\":\"SearchAction\",\"target\":{\"@type\":\"EntryPoint\",\"urlTemplate\":\"https:\/\/staging.varesenews.it\/?s={search_term_string}\"},\"query-input\":\"required name=search_term_string\"}],\"inLanguage\":\"it-IT\"},{\"@type\":\"Person\",\"@id\":\"https:\/\/staging.varesenews.it\/#\/schema\/person\/995d2e6a31c67237a9a1bc1f0079f3aa\",\"name\":\"Stefania Radman\",\"image\":{\"@type\":\"ImageObject\",\"inLanguage\":\"it-IT\",\"@id\":\"https:\/\/staging.varesenews.it\/#\/schema\/person\/image\/\",\"url\":\"https:\/\/staging.varesenews.it\/wp-content\/uploads\/2020\/12\/stefania_radman_colori_500.jpg\",\"contentUrl\":\"https:\/\/staging.varesenews.it\/wp-content\/uploads\/2020\/12\/stefania_radman_colori_500.jpg\",\"caption\":\"Stefania Radman\"},\"description\":\"Varesina dal 1991, lavoro dal 2000 per Varesenews.it, prima come responsabile della pagina dell&rsquo;economia, poi della pagina life, ora della citt&agrave; di Varese.Ma sono (e sono stata) anche altro: per esempio, agli albori delle radio private ero dj in una radio milanese, Onda Radio. Da 20 anni sono corrispondente da Varese di Radio Popolare e ho collaborato con Espresso, Repubblica, Diario della Settimana, Italia Oggi. &ldquo;Smanettona&rdquo; da sempre, ho aperto il mio primo sito personale con Geocities nei primi anni novanta (chi se lo ricorda?) e i miei primi blog in Splinder all&rsquo;inizio del 2000. Ora sono sui social: qui quasi sempre sono semplicemente \\\"LaRadman&rdquo;.\",\"sameAs\":[\"http:\/\/laradman.blogspot.it\",\"https:\/\/www.facebook.com\/stefaniaradman\",\"@LaRadman\",\"https:\/\/www.linkedin.com\/in\/stefaniaradman\",\"https:\/\/twitter.com\/LaRadman\"],\"url\":\"https:\/\/staging.varesenews.it\/persona\/stefania-radman1\/\"}]}<\/script>\n<!-- \/ Yoast SEO plugin. -->","yoast_head_json":{"title":"AmaTe, torna la rassegna teatrale pi\u00f9 buona della citt\u00e0","description":"Torna \u201cAmaTe!\u201d, la Rassegna di teatro amatoriale e solidale con il patrocinio del Comune di Varese: primo spettacolo il prossimo\u00a03 febbraio","robots":{"index":"noindex","follow":"follow","max-snippet":"max-snippet:-1","max-image-preview":"max-image-preview:large","max-video-preview":"max-video-preview:-1"},"og_locale":"it_IT","og_type":"article","og_title":"AmaTe, torna la rassegna teatrale pi\u00f9 buona della citt\u00e0","og_description":"Torna \u201cAmaTe!\u201d, la Rassegna di teatro amatoriale e solidale con il patrocinio del Comune di Varese: primo spettacolo il prossimo\u00a03 febbraio","og_url":"https:\/\/staging.varesenews.it\/2019\/01\/amate-torna-la-rassegna-teatrale-piu-buona-della-citta\/787877\/","og_site_name":"VareseNews","article_publisher":"https:\/\/www.facebook.com\/varesenews","article_author":"https:\/\/www.facebook.com\/stefaniaradman","article_published_time":"2019-01-23T16:05:39+00:00","author":"Stefania Radman","twitter_card":"summary_large_image","twitter_creator":"@LaRadman","twitter_site":"@varesenews","twitter_misc":{"Scritto da":"Stefania Radman","Tempo di lettura stimato":"4 minuti"},"schema":{"@context":"https:\/\/schema.org","@graph":[{"@type":"WebPage","@id":"https:\/\/staging.varesenews.it\/2019\/01\/amate-torna-la-rassegna-teatrale-piu-buona-della-citta\/787877\/","url":"https:\/\/staging.varesenews.it\/2019\/01\/amate-torna-la-rassegna-teatrale-piu-buona-della-citta\/787877\/","name":"AmaTe, torna la rassegna teatrale pi\u00f9 buona della citt\u00e0","isPartOf":{"@id":"https:\/\/staging.varesenews.it\/#website"},"datePublished":"2019-01-23T16:05:39+00:00","dateModified":"2019-01-23T16:05:39+00:00","author":{"@id":"https:\/\/staging.varesenews.it\/#\/schema\/person\/995d2e6a31c67237a9a1bc1f0079f3aa"},"description":"Torna \u201cAmaTe!\u201d, la Rassegna di teatro amatoriale e solidale con il patrocinio del Comune di Varese: primo spettacolo il prossimo\u00a03 febbraio","breadcrumb":{"@id":"https:\/\/staging.varesenews.it\/2019\/01\/amate-torna-la-rassegna-teatrale-piu-buona-della-citta\/787877\/#breadcrumb"},"inLanguage":"it-IT","potentialAction":[{"@type":"ReadAction","target":["https:\/\/staging.varesenews.it\/2019\/01\/amate-torna-la-rassegna-teatrale-piu-buona-della-citta\/787877\/"]}]},{"@type":"BreadcrumbList","@id":"https:\/\/staging.varesenews.it\/2019\/01\/amate-torna-la-rassegna-teatrale-piu-buona-della-citta\/787877\/#breadcrumb","itemListElement":[{"@type":"ListItem","position":1,"name":"Home","item":"https:\/\/www.varesenews.it\/"},{"@type":"ListItem","position":2,"name":"AmaTe, torna la rassegna teatrale pi\u00f9 buona della citt\u00e0"}]},{"@type":"WebSite","@id":"https:\/\/staging.varesenews.it\/#website","url":"https:\/\/staging.varesenews.it\/","name":"VareseNews","description":"","potentialAction":[{"@type":"SearchAction","target":{"@type":"EntryPoint","urlTemplate":"https:\/\/staging.varesenews.it\/?s={search_term_string}"},"query-input":"required name=search_term_string"}],"inLanguage":"it-IT"},{"@type":"Person","@id":"https:\/\/staging.varesenews.it\/#\/schema\/person\/995d2e6a31c67237a9a1bc1f0079f3aa","name":"Stefania Radman","image":{"@type":"ImageObject","inLanguage":"it-IT","@id":"https:\/\/staging.varesenews.it\/#\/schema\/person\/image\/","url":"https:\/\/staging.varesenews.it\/wp-content\/uploads\/2020\/12\/stefania_radman_colori_500.jpg","contentUrl":"https:\/\/staging.varesenews.it\/wp-content\/uploads\/2020\/12\/stefania_radman_colori_500.jpg","caption":"Stefania Radman"},"description":"Varesina dal 1991, lavoro dal 2000 per Varesenews.it, prima come responsabile della pagina dell&rsquo;economia, poi della pagina life, ora della citt&agrave; di Varese.Ma sono (e sono stata) anche altro: per esempio, agli albori delle radio private ero dj in una radio milanese, Onda Radio. Da 20 anni sono corrispondente da Varese di Radio Popolare e ho collaborato con Espresso, Repubblica, Diario della Settimana, Italia Oggi. &ldquo;Smanettona&rdquo; da sempre, ho aperto il mio primo sito personale con Geocities nei primi anni novanta (chi se lo ricorda?) e i miei primi blog in Splinder all&rsquo;inizio del 2000. Ora sono sui social: qui quasi sempre sono semplicemente \"LaRadman&rdquo;.","sameAs":["http:\/\/laradman.blogspot.it","https:\/\/www.facebook.com\/stefaniaradman","@LaRadman","https:\/\/www.linkedin.com\/in\/stefaniaradman","https:\/\/twitter.com\/LaRadman"],"url":"https:\/\/staging.varesenews.it\/persona\/stefania-radman1\/"}]}},"post_meta":{"_edit_lock":"1548259440:48","_edit_last":"48","_category_permalink":"a:1:{s:8:\"category\";s:0:\"\";}","_yoast_wpseo_content_score":"30","_jd_tweet_this":"yes","argomento":"Varese","ratings_users":"0","ratings_score":"0","ratings_average":"0","foto":"719353","firma_come_redazione":"1","_wpt_short_url":"https:\/\/www.varesenews.it\/2019\/01\/amate-torna-la-rassegna-teatrale-piu-buona-della-citta\/787877\/","_wp_jd_target":"https:\/\/www.varesenews.it\/2019\/01\/amate-torna-la-rassegna-teatrale-piu-buona-della-citta\/787877\/","_jd_wp_twitter":"a:1:{i:0;s:161:\"AmaTe, torna la rassegna teatrale pi\u00f9 buona della citt\u00e0 https:\/\/www.varesenews.it\/2019\/01\/amate-torna-la-rassegna-teatrale-piu-buona-della-citta\/787877\/ #amaTe\";}","_wpt_status_message":"Tweet inviato con successo."},"photos":[{"original":"https:\/\/staging.varesenews.it\/photogallery_new\/images\/2019\/01\/eventi-varese-719353.jpg","full":"https:\/\/staging.varesenews.it\/photogallery_new\/images\/2019\/01\/eventi-varese-719353.1024x768.jpg","large":"https:\/\/staging.varesenews.it\/photogallery_new\/images\/2019\/01\/eventi-varese-719353.610x431.jpg"}],"_links":{"self":[{"href":"https:\/\/staging.varesenews.it\/swgapi\/v1\/wp\/v2\/posts\/787877"}],"collection":[{"href":"https:\/\/staging.varesenews.it\/swgapi\/v1\/wp\/v2\/posts"}],"about":[{"href":"https:\/\/staging.varesenews.it\/swgapi\/v1\/wp\/v2\/types\/post"}],"author":[{"embeddable":true,"href":"https:\/\/staging.varesenews.it\/swgapi\/v1\/wp\/v2\/users\/48"}],"replies":[{"embeddable":true,"href":"https:\/\/staging.varesenews.it\/swgapi\/v1\/wp\/v2\/comments?post=787877"}],"version-history":[{"count":0,"href":"https:\/\/staging.varesenews.it\/swgapi\/v1\/wp\/v2\/posts\/787877\/revisions"}],"wp:attachment":[{"href":"https:\/\/staging.varesenews.it\/swgapi\/v1\/wp\/v2\/media?parent=787877"}],"wp:term":[{"taxonomy":"category","embeddable":true,"href":"https:\/\/staging.varesenews.it\/swgapi\/v1\/wp\/v2\/categories?post=787877"},{"taxonomy":"post_tag","embeddable":true,"href":"https:\/\/staging.varesenews.it\/swgapi\/v1\/wp\/v2\/tags?post=787877"}],"curies":[{"name":"wp","href":"https:\/\/api.w.org\/{rel}","templated":true}]}}