{"id":788954,"date":"2019-01-27T18:17:42","date_gmt":"2019-01-27T17:17:42","guid":{"rendered":"https:\/\/www.varesenews.it\/?p=788954"},"modified":"2019-01-27T18:17:42","modified_gmt":"2019-01-27T17:17:42","slug":"javorcic-raggiante-forse-la-miglio-pro-patria-della-stagione","status":"publish","type":"post","link":"https:\/\/staging.varesenews.it\/2019\/01\/javorcic-raggiante-forse-la-miglio-pro-patria-della-stagione\/788954\/","title":{"rendered":"Javorcic raggiante: \u00abForse la miglio Pro Patria della stagione\u00bb"},"content":{"rendered":"<p>Dopo la vittoria 3-1 contro la Carrarese, fino a oggi capolista del Girone A di Serie C, un raggiante <strong>Ivan Javorcic si presenta in conferenza stampa<\/strong>\u00a0con il sorriso di chi sa di aver appena compiuto un miracolo: \u00abComplimenti ai ragazzi &#8211; dice il tecnico croato- che sono stati <strong>protagonisti di un piccolo capolavoro.<\/strong> Ci siamo adeguati alle circostanze e agli avversari, ma la cosa che mi ha fatto pi\u00f9 piacere \u00e8 stato il modo in cui abbiamo saputo interpretare la partita. C\u2019\u00e8 questa dinamica particolare all\u2019interno del nostro gruppo, secondo la quale si posso cambiare gli interpreti e le risposte sono sempre positive, riusciamo a spingerci dall\u2019interno\u00bb.<\/p>\n<p>\u00abAbbiamo speso tanto in questa settimana . prosegue Javorcic -, e <strong>ne \u00e8 uscita quella che forse \u00e8 stata la miglior Pro Patria della stagione,<\/strong> con una partita fatta di estrema attenzione difensiva e grande organizzazione offensiva. Sono contento anche perch\u00e9 \u00e8 stata una gara gagliarda e divertente, continuiamo sul nostro percorso di crescita\u00bb.<\/p>\n<p>Parole anche per il protagonista assoluto di questo match, <strong>Beppe Le Noci,<\/strong> che Javorcic \u00e8 arrivato addirittura a paragonare a Fabio Quagliarella per la seconda giovinezza che sta vivendo:\u00abContentissimo della prestazione, abbiamo tenuto bene il campo, facendo le scelte giuste nei momenti giusti. <strong>Siamo stati bravi a crederci fin dall\u2019inizio, consapevoli delle difficolt\u00e0 abbiamo messo sul terreno sacrificio e intensit\u00e0 che poi ci hanno permesso di vincere la partita.<\/strong> Il paragone del mister fa piacere, \u00e8 un periodo in cui sto bene fisicamente e penso solo a dare il mio aiuto a questi ragazzi straordinari. Rimaniamo per\u00f2 concentrati e con i piedi per terra\u00bb.<\/p>\n<p>Parla anche il vice-allenatore dei toscani, <strong>Marco Marchionni:<\/strong> \u00abSapevamo sarebbe stata una gara complicata ma non siamo riusciti a fare quello che solitamente ci viene meglio e siamo andati in confusione. <strong>Il primo tempo l\u2019abbiamo praticamente regalato alla Pro Patria,<\/strong> che \u00e8 una squadra con cui non si pu\u00f2 scherzare. Ripartiamo da un secondo tempo migliore, consapevoli di non poter lasciare cos\u00ec tanto tempo agli avversari\u00bb.<\/p>\n","protected":false},"excerpt":{"rendered":"<p>L&#8217;allenatore della Pro Patria si complimenta con i suoi ragazzi per la vittoria sulla Carrarese: \u00ab<\/p>\n","protected":false},"author":37,"featured_media":0,"comment_status":"open","ping_status":"open","sticky":false,"template":"","format":"standard","meta":{"footnotes":""},"categories":[4,14],"tags":[144,9013,147,1919],"acf":[],"yoast_head":"<!-- This site is optimized with the Yoast SEO plugin v20.1 - https:\/\/yoast.com\/wordpress\/plugins\/seo\/ -->\n<title>Javorcic raggiante: \u00abForse la miglio Pro Patria della stagione\u00bb<\/title>\n<meta name=\"description\" content=\"L&#039;allenatore della Pro Patria si complimenta con i suoi ragazzi per la vittoria sulla Carrarese: \u00ab\" \/>\n<meta name=\"robots\" content=\"noindex, follow, max-snippet:-1, max-image-preview:large, max-video-preview:-1\" \/>\n<meta property=\"og:locale\" content=\"it_IT\" \/>\n<meta property=\"og:type\" content=\"article\" \/>\n<meta property=\"og:title\" content=\"Javorcic raggiante: \u00abForse la miglio Pro Patria della stagione\u00bb\" \/>\n<meta property=\"og:description\" content=\"L&#039;allenatore della Pro Patria si complimenta con i suoi ragazzi per la vittoria sulla Carrarese: \u00ab\" \/>\n<meta property=\"og:url\" content=\"https:\/\/staging.varesenews.it\/2019\/01\/javorcic-raggiante-forse-la-miglio-pro-patria-della-stagione\/788954\/\" \/>\n<meta property=\"og:site_name\" content=\"VareseNews\" \/>\n<meta property=\"article:publisher\" content=\"https:\/\/www.facebook.com\/varesenews\" \/>\n<meta property=\"article:published_time\" content=\"2019-01-27T17:17:42+00:00\" \/>\n<meta name=\"author\" content=\"Francesco Mazzoleni\" \/>\n<meta name=\"twitter:card\" content=\"summary_large_image\" \/>\n<meta name=\"twitter:creator\" content=\"@fmazzof\" \/>\n<meta name=\"twitter:site\" content=\"@varesenews\" \/>\n<meta name=\"twitter:label1\" content=\"Scritto da\" \/>\n\t<meta name=\"twitter:data1\" content=\"Francesco Mazzoleni\" \/>\n\t<meta name=\"twitter:label2\" content=\"Tempo di lettura stimato\" \/>\n\t<meta name=\"twitter:data2\" content=\"2 minuti\" \/>\n<script type=\"application\/ld+json\" class=\"yoast-schema-graph\">{\"@context\":\"https:\/\/schema.org\",\"@graph\":[{\"@type\":\"WebPage\",\"@id\":\"https:\/\/staging.varesenews.it\/2019\/01\/javorcic-raggiante-forse-la-miglio-pro-patria-della-stagione\/788954\/\",\"url\":\"https:\/\/staging.varesenews.it\/2019\/01\/javorcic-raggiante-forse-la-miglio-pro-patria-della-stagione\/788954\/\",\"name\":\"Javorcic raggiante: \u00abForse la miglio Pro Patria della stagione\u00bb\",\"isPartOf\":{\"@id\":\"https:\/\/staging.varesenews.it\/#website\"},\"datePublished\":\"2019-01-27T17:17:42+00:00\",\"dateModified\":\"2019-01-27T17:17:42+00:00\",\"author\":{\"@id\":\"https:\/\/staging.varesenews.it\/#\/schema\/person\/e82236e79160d30d4e1f942004ac3038\"},\"description\":\"L'allenatore della Pro Patria si complimenta con i suoi ragazzi per la vittoria sulla Carrarese: \u00ab\",\"breadcrumb\":{\"@id\":\"https:\/\/staging.varesenews.it\/2019\/01\/javorcic-raggiante-forse-la-miglio-pro-patria-della-stagione\/788954\/#breadcrumb\"},\"inLanguage\":\"it-IT\",\"potentialAction\":[{\"@type\":\"ReadAction\",\"target\":[\"https:\/\/staging.varesenews.it\/2019\/01\/javorcic-raggiante-forse-la-miglio-pro-patria-della-stagione\/788954\/\"]}]},{\"@type\":\"BreadcrumbList\",\"@id\":\"https:\/\/staging.varesenews.it\/2019\/01\/javorcic-raggiante-forse-la-miglio-pro-patria-della-stagione\/788954\/#breadcrumb\",\"itemListElement\":[{\"@type\":\"ListItem\",\"position\":1,\"name\":\"Home\",\"item\":\"https:\/\/www.varesenews.it\/\"},{\"@type\":\"ListItem\",\"position\":2,\"name\":\"Javorcic raggiante: \u00abForse la miglio Pro Patria della stagione\u00bb\"}]},{\"@type\":\"WebSite\",\"@id\":\"https:\/\/staging.varesenews.it\/#website\",\"url\":\"https:\/\/staging.varesenews.it\/\",\"name\":\"VareseNews\",\"description\":\"\",\"potentialAction\":[{\"@type\":\"SearchAction\",\"target\":{\"@type\":\"EntryPoint\",\"urlTemplate\":\"https:\/\/staging.varesenews.it\/?s={search_term_string}\"},\"query-input\":\"required name=search_term_string\"}],\"inLanguage\":\"it-IT\"},{\"@type\":\"Person\",\"@id\":\"https:\/\/staging.varesenews.it\/#\/schema\/person\/e82236e79160d30d4e1f942004ac3038\",\"name\":\"Francesco Mazzoleni\",\"image\":{\"@type\":\"ImageObject\",\"inLanguage\":\"it-IT\",\"@id\":\"https:\/\/staging.varesenews.it\/#\/schema\/person\/image\/\",\"url\":\"https:\/\/staging.varesenews.it\/wp-content\/uploads\/2020\/12\/francesco_mazzoleni_colori_500-1.jpg\",\"contentUrl\":\"https:\/\/staging.varesenews.it\/wp-content\/uploads\/2020\/12\/francesco_mazzoleni_colori_500-1.jpg\",\"caption\":\"Francesco Mazzoleni\"},\"description\":\"\\\"Uomo di campo\\\" della redazione sportiva. Nutro una vera passione per il calcio, che sia ad alti livelli, sui campi di provincia o in altri continenti. Sono nato a Varese nel 1984, vivo da sempre a Malnate e ho una laurea in Scienze Motorie. Ho mosso i primi passi a VareseNews da stagista nel 2002; nel 2008 ho iniziato a collaborare con maggiore continuit\u00e0 e dal 2018 sono giornalista professionista. Orgoglioso pap\u00e0 di Federico e Adelaide.\",\"sameAs\":[\"fmazzof\",\"it.linkedin.com\/in\/francescomazzolenif\",\"https:\/\/twitter.com\/fmazzof\"],\"url\":\"https:\/\/staging.varesenews.it\/persona\/francesco_mazzoleniferracini\/\"}]}<\/script>\n<!-- \/ Yoast SEO plugin. -->","yoast_head_json":{"title":"Javorcic raggiante: \u00abForse la miglio Pro Patria della stagione\u00bb","description":"L'allenatore della Pro Patria si complimenta con i suoi ragazzi per la vittoria sulla Carrarese: \u00ab","robots":{"index":"noindex","follow":"follow","max-snippet":"max-snippet:-1","max-image-preview":"max-image-preview:large","max-video-preview":"max-video-preview:-1"},"og_locale":"it_IT","og_type":"article","og_title":"Javorcic raggiante: \u00abForse la miglio Pro Patria della stagione\u00bb","og_description":"L'allenatore della Pro Patria si complimenta con i suoi ragazzi per la vittoria sulla Carrarese: \u00ab","og_url":"https:\/\/staging.varesenews.it\/2019\/01\/javorcic-raggiante-forse-la-miglio-pro-patria-della-stagione\/788954\/","og_site_name":"VareseNews","article_publisher":"https:\/\/www.facebook.com\/varesenews","article_published_time":"2019-01-27T17:17:42+00:00","author":"Francesco Mazzoleni","twitter_card":"summary_large_image","twitter_creator":"@fmazzof","twitter_site":"@varesenews","twitter_misc":{"Scritto da":"Francesco Mazzoleni","Tempo di lettura stimato":"2 minuti"},"schema":{"@context":"https:\/\/schema.org","@graph":[{"@type":"WebPage","@id":"https:\/\/staging.varesenews.it\/2019\/01\/javorcic-raggiante-forse-la-miglio-pro-patria-della-stagione\/788954\/","url":"https:\/\/staging.varesenews.it\/2019\/01\/javorcic-raggiante-forse-la-miglio-pro-patria-della-stagione\/788954\/","name":"Javorcic raggiante: \u00abForse la miglio Pro Patria della stagione\u00bb","isPartOf":{"@id":"https:\/\/staging.varesenews.it\/#website"},"datePublished":"2019-01-27T17:17:42+00:00","dateModified":"2019-01-27T17:17:42+00:00","author":{"@id":"https:\/\/staging.varesenews.it\/#\/schema\/person\/e82236e79160d30d4e1f942004ac3038"},"description":"L'allenatore della Pro Patria si complimenta con i suoi ragazzi per la vittoria sulla Carrarese: \u00ab","breadcrumb":{"@id":"https:\/\/staging.varesenews.it\/2019\/01\/javorcic-raggiante-forse-la-miglio-pro-patria-della-stagione\/788954\/#breadcrumb"},"inLanguage":"it-IT","potentialAction":[{"@type":"ReadAction","target":["https:\/\/staging.varesenews.it\/2019\/01\/javorcic-raggiante-forse-la-miglio-pro-patria-della-stagione\/788954\/"]}]},{"@type":"BreadcrumbList","@id":"https:\/\/staging.varesenews.it\/2019\/01\/javorcic-raggiante-forse-la-miglio-pro-patria-della-stagione\/788954\/#breadcrumb","itemListElement":[{"@type":"ListItem","position":1,"name":"Home","item":"https:\/\/www.varesenews.it\/"},{"@type":"ListItem","position":2,"name":"Javorcic raggiante: \u00abForse la miglio Pro Patria della stagione\u00bb"}]},{"@type":"WebSite","@id":"https:\/\/staging.varesenews.it\/#website","url":"https:\/\/staging.varesenews.it\/","name":"VareseNews","description":"","potentialAction":[{"@type":"SearchAction","target":{"@type":"EntryPoint","urlTemplate":"https:\/\/staging.varesenews.it\/?s={search_term_string}"},"query-input":"required name=search_term_string"}],"inLanguage":"it-IT"},{"@type":"Person","@id":"https:\/\/staging.varesenews.it\/#\/schema\/person\/e82236e79160d30d4e1f942004ac3038","name":"Francesco Mazzoleni","image":{"@type":"ImageObject","inLanguage":"it-IT","@id":"https:\/\/staging.varesenews.it\/#\/schema\/person\/image\/","url":"https:\/\/staging.varesenews.it\/wp-content\/uploads\/2020\/12\/francesco_mazzoleni_colori_500-1.jpg","contentUrl":"https:\/\/staging.varesenews.it\/wp-content\/uploads\/2020\/12\/francesco_mazzoleni_colori_500-1.jpg","caption":"Francesco Mazzoleni"},"description":"\"Uomo di campo\" della redazione sportiva. Nutro una vera passione per il calcio, che sia ad alti livelli, sui campi di provincia o in altri continenti. Sono nato a Varese nel 1984, vivo da sempre a Malnate e ho una laurea in Scienze Motorie. Ho mosso i primi passi a VareseNews da stagista nel 2002; nel 2008 ho iniziato a collaborare con maggiore continuit\u00e0 e dal 2018 sono giornalista professionista. Orgoglioso pap\u00e0 di Federico e Adelaide.","sameAs":["fmazzof","it.linkedin.com\/in\/francescomazzolenif","https:\/\/twitter.com\/fmazzof"],"url":"https:\/\/staging.varesenews.it\/persona\/francesco_mazzoleniferracini\/"}]}},"post_meta":{"_edit_lock":"1548610333:37","_edit_last":"37","_category_permalink":"a:1:{s:8:\"category\";s:2:\"14\";}","ratings_users":"0","ratings_score":"0","ratings_average":"0","id_leggi_anche":"788949,788761,790957","foto":"697544","firma-personalizzata":"Francesco Castiglioni","argomento":"Calcio","_yoast_wpseo_focuskw_text_input":"ivan javorcic pro patria carrarese","_yoast_wpseo_focuskw":"ivan javorcic pro patria carrarese","_yoast_wpseo_linkdex":"56","_yoast_wpseo_content_score":"30","_jd_tweet_this":"yes","_wpt_short_url":"https:\/\/www.varesenews.it\/2019\/01\/javorcic-raggiante-forse-la-miglio-pro-patria-della-stagione\/788954\/","_wp_jd_target":"https:\/\/www.varesenews.it\/2019\/01\/javorcic-raggiante-forse-la-miglio-pro-patria-della-stagione\/788954\/","_jd_wp_twitter":"a:1:{i:0;s:198:\"Javorcic raggiante: \u00abForse la miglio Pro Patria della stagione\u00bb https:\/\/www.varesenews.it\/2019\/01\/javorcic-raggiante-forse-la-miglio-pro-patria-della-stagione\/788954\/ #calcio #carrarese #ProPatria\";}","_wpt_status_message":"Tweet inviato con successo."},"photos":[{"original":"https:\/\/staging.varesenews.it\/photogallery_new\/images\/2018\/09\/ivan-javorcic-pro-patria-697544.jpg","full":"https:\/\/staging.varesenews.it\/photogallery_new\/images\/2018\/09\/ivan-javorcic-pro-patria-697544.1024x768.jpg","large":"https:\/\/staging.varesenews.it\/photogallery_new\/images\/2018\/09\/ivan-javorcic-pro-patria-697544.610x431.jpg"}],"_links":{"self":[{"href":"https:\/\/staging.varesenews.it\/swgapi\/v1\/wp\/v2\/posts\/788954"}],"collection":[{"href":"https:\/\/staging.varesenews.it\/swgapi\/v1\/wp\/v2\/posts"}],"about":[{"href":"https:\/\/staging.varesenews.it\/swgapi\/v1\/wp\/v2\/types\/post"}],"author":[{"embeddable":true,"href":"https:\/\/staging.varesenews.it\/swgapi\/v1\/wp\/v2\/users\/37"}],"replies":[{"embeddable":true,"href":"https:\/\/staging.varesenews.it\/swgapi\/v1\/wp\/v2\/comments?post=788954"}],"version-history":[{"count":0,"href":"https:\/\/staging.varesenews.it\/swgapi\/v1\/wp\/v2\/posts\/788954\/revisions"}],"wp:attachment":[{"href":"https:\/\/staging.varesenews.it\/swgapi\/v1\/wp\/v2\/media?parent=788954"}],"wp:term":[{"taxonomy":"category","embeddable":true,"href":"https:\/\/staging.varesenews.it\/swgapi\/v1\/wp\/v2\/categories?post=788954"},{"taxonomy":"post_tag","embeddable":true,"href":"https:\/\/staging.varesenews.it\/swgapi\/v1\/wp\/v2\/tags?post=788954"}],"curies":[{"name":"wp","href":"https:\/\/api.w.org\/{rel}","templated":true}]}}