{"id":789023,"date":"2019-01-28T07:09:45","date_gmt":"2019-01-28T06:09:45","guid":{"rendered":"https:\/\/www.varesenews.it\/?p=789023"},"modified":"2019-01-28T08:34:56","modified_gmt":"2019-01-28T07:34:56","slug":"treni-settimana-parte-coi-guasti","status":"publish","type":"post","link":"https:\/\/staging.varesenews.it\/2019\/01\/treni-settimana-parte-coi-guasti\/789023\/","title":{"rendered":"Treni, una settimana che parte coi guasti"},"content":{"rendered":"<p>\u00c8 ancora un guasto a causare ritardi sulle linee pendolari (l\u2019ultimo giorno di passione lo si \u00e8 vissuto gioved\u00ec scorso). Oggi, luned\u00ec 28, il problema si \u00e8 verificato sulla Saronno Saeregno dopo le 6.<\/p>\n<p>Per seguire la situazione \u00e8 possibile collegarsi all\u2019apposita pagina relativa alla <a href=\"http:\/\/www.trenord.it\/it\/circolazione-e-linee\/direttrici.aspx\">circolazione in tempo reale<\/a> realizzata dalla stessa Trenord.<\/p>\n<p><strong>SARONNO-SEREGNO-MILANO-ALBAIRATE<\/strong><br \/>\nIl treno 24104 (MILANO PORTA GARIBALDI 06:17 &#8211; SARONNO 07:24) \u00e8 previsto in partenza con circa 10 minuti di ritardo, perch\u00e9 \u00e8 stato necessario effettuare operazioni di manutenzione straordinaria in seguito ad un guasto che si \u00e8 verificato al momento della partenza.<\/p>\n<p><strong>NOVARA-MILANO-TREVIGLIO (TREVIGLIO-NOVARA-MILANO)<br \/>\n<\/strong>Aggiornamento: il treno 10621 (NOVARA 08:18 &#8211; PIOLTELLO LIMITO 09:37) viaggia con 11 minuti di ritardo perch\u00e9, per esigenze di circolazione nella stazione di NOVARA, \u00e8 stato necessario dare precedenza ad un altro treno della direttrice.<br \/>\n&#8211; Il treno 23004 (TREVIGLIO 05:40 &#8211; VARESE 07:47) viaggia con 26 minuti di ritardo per un guasto ad un altro treno della direttrice che ne ha rallentato la corsa.<\/p>\n<p><strong>CHIASSO-COMO-SEREGNO-MILANO<\/strong><\/p>\n<p>Aggiornamento: il treno 25223 (CHIASSO 06:43 &#8211; RHO 08:17) oggi \u00e8 partito dalla stazione di COMO S.GIOVANNI, per le conseguenze di un guasto al treno che ha richiesto un intervento di manutenzione straordinaria in sede di deposito. Sta viaggiando con 19 minuti di ritardo per un guasto agli impianti di circolazione di competenza RFI.<br \/>\n&#8211; Il treno 25028 (MILANO PORTA GARIBALDI 08:39 &#8211; COMO S.GIOVANNI 09:41) oggi non sar\u00e0 effettuato a causa di un guasto al treno corrispondente.<strong><br \/>\n<\/strong>&#8211; Il treno 25025 (COMO S.GIOVANNI 07:19 &#8211; MILANO PORTA GARIBALDI 08:21) oggi partir\u00e0 dalla stazione di ALBATE CAMERLATA alle ore 07:26.<br \/>\nI viaggiatori da COMO S.GIOVANNI possono prendere il treno 5203 (COMO S.GIOVANNI 07:43 &#8211; LECCO 09:05).<br \/>\n&#8211; Il treno 25201 (CHIASSO 06:25 &#8211; MILANO CENTRALE 07:20) \u00e8 partito e viaggia con 15 minuti di ritardo.<br \/>\n&#8211; Il treno 25223 (CHIASSO 06:43 &#8211; RHO 08:17) oggi partir\u00e0 dalla stazione di COMO S.GIOVANNI alle ore 06:49, per le conseguenze di un guasto al treno che ha richiesto un intervento di manutenzione straordinaria in sede di deposito.<\/p>\n","protected":false},"excerpt":{"rendered":"<p>Un problema sulla Saronno Seregno, ritardi sulla Novara-Milano-Treviglio e sulla Como-Milano<\/p>\n","protected":false},"author":34,"featured_media":0,"comment_status":"open","ping_status":"open","sticky":false,"template":"","format":"standard","meta":{"footnotes":""},"categories":[7,2],"tags":[705,212,542],"acf":[],"yoast_head":"<!-- This site is optimized with the Yoast SEO plugin v20.1 - https:\/\/yoast.com\/wordpress\/plugins\/seo\/ -->\n<title>Treni, una settimana che parte coi guasti<\/title>\n<meta name=\"description\" content=\"Un problema sulla Saronno Seregno, ritardi sulla Novara-Milano-Treviglio e sulla Como-Milano\" \/>\n<meta name=\"robots\" content=\"noindex, follow, max-snippet:-1, max-image-preview:large, max-video-preview:-1\" \/>\n<meta property=\"og:locale\" content=\"it_IT\" \/>\n<meta property=\"og:type\" content=\"article\" \/>\n<meta property=\"og:title\" content=\"Treni, una settimana che parte coi guasti\" \/>\n<meta property=\"og:description\" content=\"Un problema sulla Saronno Seregno, ritardi sulla Novara-Milano-Treviglio e sulla Como-Milano\" \/>\n<meta property=\"og:url\" content=\"https:\/\/staging.varesenews.it\/2019\/01\/treni-settimana-parte-coi-guasti\/789023\/\" \/>\n<meta property=\"og:site_name\" content=\"VareseNews\" \/>\n<meta property=\"article:publisher\" content=\"https:\/\/www.facebook.com\/varesenews\" \/>\n<meta property=\"article:author\" content=\"https:\/\/www.facebook.com\/andrea.camurani?fref=photo\" \/>\n<meta property=\"article:published_time\" content=\"2019-01-28T06:09:45+00:00\" \/>\n<meta property=\"article:modified_time\" content=\"2019-01-28T07:34:56+00:00\" \/>\n<meta name=\"author\" content=\"Andrea Camurani\" \/>\n<meta name=\"twitter:card\" content=\"summary_large_image\" \/>\n<meta name=\"twitter:creator\" content=\"@AndreaCamurani\" \/>\n<meta name=\"twitter:site\" content=\"@varesenews\" \/>\n<meta name=\"twitter:label1\" content=\"Scritto da\" \/>\n\t<meta name=\"twitter:data1\" content=\"Andrea Camurani\" \/>\n\t<meta name=\"twitter:label2\" content=\"Tempo di lettura stimato\" \/>\n\t<meta name=\"twitter:data2\" content=\"2 minuti\" \/>\n<script type=\"application\/ld+json\" class=\"yoast-schema-graph\">{\"@context\":\"https:\/\/schema.org\",\"@graph\":[{\"@type\":\"WebPage\",\"@id\":\"https:\/\/staging.varesenews.it\/2019\/01\/treni-settimana-parte-coi-guasti\/789023\/\",\"url\":\"https:\/\/staging.varesenews.it\/2019\/01\/treni-settimana-parte-coi-guasti\/789023\/\",\"name\":\"Treni, una settimana che parte coi guasti\",\"isPartOf\":{\"@id\":\"https:\/\/staging.varesenews.it\/#website\"},\"datePublished\":\"2019-01-28T06:09:45+00:00\",\"dateModified\":\"2019-01-28T07:34:56+00:00\",\"author\":{\"@id\":\"https:\/\/staging.varesenews.it\/#\/schema\/person\/3eb5832c6beae763de8d9596fdbe8c49\"},\"description\":\"Un problema sulla Saronno Seregno, ritardi sulla Novara-Milano-Treviglio e sulla Como-Milano\",\"breadcrumb\":{\"@id\":\"https:\/\/staging.varesenews.it\/2019\/01\/treni-settimana-parte-coi-guasti\/789023\/#breadcrumb\"},\"inLanguage\":\"it-IT\",\"potentialAction\":[{\"@type\":\"ReadAction\",\"target\":[\"https:\/\/staging.varesenews.it\/2019\/01\/treni-settimana-parte-coi-guasti\/789023\/\"]}]},{\"@type\":\"BreadcrumbList\",\"@id\":\"https:\/\/staging.varesenews.it\/2019\/01\/treni-settimana-parte-coi-guasti\/789023\/#breadcrumb\",\"itemListElement\":[{\"@type\":\"ListItem\",\"position\":1,\"name\":\"Home\",\"item\":\"https:\/\/www.varesenews.it\/\"},{\"@type\":\"ListItem\",\"position\":2,\"name\":\"Treni, una settimana che parte coi guasti\"}]},{\"@type\":\"WebSite\",\"@id\":\"https:\/\/staging.varesenews.it\/#website\",\"url\":\"https:\/\/staging.varesenews.it\/\",\"name\":\"VareseNews\",\"description\":\"\",\"potentialAction\":[{\"@type\":\"SearchAction\",\"target\":{\"@type\":\"EntryPoint\",\"urlTemplate\":\"https:\/\/staging.varesenews.it\/?s={search_term_string}\"},\"query-input\":\"required name=search_term_string\"}],\"inLanguage\":\"it-IT\"},{\"@type\":\"Person\",\"@id\":\"https:\/\/staging.varesenews.it\/#\/schema\/person\/3eb5832c6beae763de8d9596fdbe8c49\",\"name\":\"Andrea Camurani\",\"image\":{\"@type\":\"ImageObject\",\"inLanguage\":\"it-IT\",\"@id\":\"https:\/\/staging.varesenews.it\/#\/schema\/person\/image\/\",\"url\":\"https:\/\/staging.varesenews.it\/wp-content\/uploads\/2020\/12\/andrea_camurani_colori_500.jpg\",\"contentUrl\":\"https:\/\/staging.varesenews.it\/wp-content\/uploads\/2020\/12\/andrea_camurani_colori_500.jpg\",\"caption\":\"Andrea Camurani\"},\"description\":\"Sono figlio degli anni Settanta e di Milano, dove ho imparato a riconoscere buoni e cattivi. Laurea in scienze politiche, lavoro a VareseNews dal 2000. Racconto quel che trovo quando incontro chi vuole lasciare al mondo un pezzetto di vita, che si chiama cronaca. &ldquo;...perch&eacute; &egrave; la gente il pi&ugrave; grande spettacolo del mondo. E non si paga il biglietto...&rdquo; (Charles Bukowsky)\",\"sameAs\":[\"https:\/\/www.facebook.com\/andrea.camurani?fref=photo\",\"andreacamurani\",\"https:\/\/www.linkedin.com\/hp\/?dnr=A9a84RfzsLdo9xg4NcGV4dLiMknoc9ms4WM\",\"https:\/\/twitter.com\/AndreaCamurani\"],\"url\":\"https:\/\/staging.varesenews.it\/persona\/andrea_camurani\/\"}]}<\/script>\n<!-- \/ Yoast SEO plugin. -->","yoast_head_json":{"title":"Treni, una settimana che parte coi guasti","description":"Un problema sulla Saronno Seregno, ritardi sulla Novara-Milano-Treviglio e sulla Como-Milano","robots":{"index":"noindex","follow":"follow","max-snippet":"max-snippet:-1","max-image-preview":"max-image-preview:large","max-video-preview":"max-video-preview:-1"},"og_locale":"it_IT","og_type":"article","og_title":"Treni, una settimana che parte coi guasti","og_description":"Un problema sulla Saronno Seregno, ritardi sulla Novara-Milano-Treviglio e sulla Como-Milano","og_url":"https:\/\/staging.varesenews.it\/2019\/01\/treni-settimana-parte-coi-guasti\/789023\/","og_site_name":"VareseNews","article_publisher":"https:\/\/www.facebook.com\/varesenews","article_author":"https:\/\/www.facebook.com\/andrea.camurani?fref=photo","article_published_time":"2019-01-28T06:09:45+00:00","article_modified_time":"2019-01-28T07:34:56+00:00","author":"Andrea Camurani","twitter_card":"summary_large_image","twitter_creator":"@AndreaCamurani","twitter_site":"@varesenews","twitter_misc":{"Scritto da":"Andrea Camurani","Tempo di lettura stimato":"2 minuti"},"schema":{"@context":"https:\/\/schema.org","@graph":[{"@type":"WebPage","@id":"https:\/\/staging.varesenews.it\/2019\/01\/treni-settimana-parte-coi-guasti\/789023\/","url":"https:\/\/staging.varesenews.it\/2019\/01\/treni-settimana-parte-coi-guasti\/789023\/","name":"Treni, una settimana che parte coi guasti","isPartOf":{"@id":"https:\/\/staging.varesenews.it\/#website"},"datePublished":"2019-01-28T06:09:45+00:00","dateModified":"2019-01-28T07:34:56+00:00","author":{"@id":"https:\/\/staging.varesenews.it\/#\/schema\/person\/3eb5832c6beae763de8d9596fdbe8c49"},"description":"Un problema sulla Saronno Seregno, ritardi sulla Novara-Milano-Treviglio e sulla Como-Milano","breadcrumb":{"@id":"https:\/\/staging.varesenews.it\/2019\/01\/treni-settimana-parte-coi-guasti\/789023\/#breadcrumb"},"inLanguage":"it-IT","potentialAction":[{"@type":"ReadAction","target":["https:\/\/staging.varesenews.it\/2019\/01\/treni-settimana-parte-coi-guasti\/789023\/"]}]},{"@type":"BreadcrumbList","@id":"https:\/\/staging.varesenews.it\/2019\/01\/treni-settimana-parte-coi-guasti\/789023\/#breadcrumb","itemListElement":[{"@type":"ListItem","position":1,"name":"Home","item":"https:\/\/www.varesenews.it\/"},{"@type":"ListItem","position":2,"name":"Treni, una settimana che parte coi guasti"}]},{"@type":"WebSite","@id":"https:\/\/staging.varesenews.it\/#website","url":"https:\/\/staging.varesenews.it\/","name":"VareseNews","description":"","potentialAction":[{"@type":"SearchAction","target":{"@type":"EntryPoint","urlTemplate":"https:\/\/staging.varesenews.it\/?s={search_term_string}"},"query-input":"required name=search_term_string"}],"inLanguage":"it-IT"},{"@type":"Person","@id":"https:\/\/staging.varesenews.it\/#\/schema\/person\/3eb5832c6beae763de8d9596fdbe8c49","name":"Andrea Camurani","image":{"@type":"ImageObject","inLanguage":"it-IT","@id":"https:\/\/staging.varesenews.it\/#\/schema\/person\/image\/","url":"https:\/\/staging.varesenews.it\/wp-content\/uploads\/2020\/12\/andrea_camurani_colori_500.jpg","contentUrl":"https:\/\/staging.varesenews.it\/wp-content\/uploads\/2020\/12\/andrea_camurani_colori_500.jpg","caption":"Andrea Camurani"},"description":"Sono figlio degli anni Settanta e di Milano, dove ho imparato a riconoscere buoni e cattivi. Laurea in scienze politiche, lavoro a VareseNews dal 2000. Racconto quel che trovo quando incontro chi vuole lasciare al mondo un pezzetto di vita, che si chiama cronaca. &ldquo;...perch&eacute; &egrave; la gente il pi&ugrave; grande spettacolo del mondo. E non si paga il biglietto...&rdquo; (Charles Bukowsky)","sameAs":["https:\/\/www.facebook.com\/andrea.camurani?fref=photo","andreacamurani","https:\/\/www.linkedin.com\/hp\/?dnr=A9a84RfzsLdo9xg4NcGV4dLiMknoc9ms4WM","https:\/\/twitter.com\/AndreaCamurani"],"url":"https:\/\/staging.varesenews.it\/persona\/andrea_camurani\/"}]}},"post_meta":{"_edit_lock":"1548660843:34","_edit_last":"34","_category_permalink":"a:1:{s:8:\"category\";s:0:\"\";}","ratings_users":"0","ratings_score":"0","ratings_average":"0","foto":"599382","firma_come_redazione":"1","argomento":"Treni","_yoast_wpseo_content_score":"30","_jd_tweet_this":"yes","_wpt_short_url":"https:\/\/www.varesenews.it\/2019\/01\/treni-settimana-parte-coi-guasti\/789023\/","_wp_jd_target":"https:\/\/www.varesenews.it\/2019\/01\/treni-settimana-parte-coi-guasti\/789023\/","_jd_wp_twitter":"a:1:{i:0;s:143:\"Treni, una settimana che parte coi guasti https:\/\/www.varesenews.it\/2019\/01\/treni-settimana-parte-coi-guasti\/789023\/ #pendolari #treni #trenord\";}","_wpt_status_message":"Tweet inviato con successo."},"photos":[{"original":"https:\/\/staging.varesenews.it\/photogallery_new\/images\/2017\/03\/avarie-599382.jpg","full":"https:\/\/staging.varesenews.it\/photogallery_new\/images\/2017\/03\/avarie-599382.1024x768.jpg","large":"https:\/\/staging.varesenews.it\/photogallery_new\/images\/2017\/03\/avarie-599382.610x431.jpg"}],"_links":{"self":[{"href":"https:\/\/staging.varesenews.it\/swgapi\/v1\/wp\/v2\/posts\/789023"}],"collection":[{"href":"https:\/\/staging.varesenews.it\/swgapi\/v1\/wp\/v2\/posts"}],"about":[{"href":"https:\/\/staging.varesenews.it\/swgapi\/v1\/wp\/v2\/types\/post"}],"author":[{"embeddable":true,"href":"https:\/\/staging.varesenews.it\/swgapi\/v1\/wp\/v2\/users\/34"}],"replies":[{"embeddable":true,"href":"https:\/\/staging.varesenews.it\/swgapi\/v1\/wp\/v2\/comments?post=789023"}],"version-history":[{"count":0,"href":"https:\/\/staging.varesenews.it\/swgapi\/v1\/wp\/v2\/posts\/789023\/revisions"}],"wp:attachment":[{"href":"https:\/\/staging.varesenews.it\/swgapi\/v1\/wp\/v2\/media?parent=789023"}],"wp:term":[{"taxonomy":"category","embeddable":true,"href":"https:\/\/staging.varesenews.it\/swgapi\/v1\/wp\/v2\/categories?post=789023"},{"taxonomy":"post_tag","embeddable":true,"href":"https:\/\/staging.varesenews.it\/swgapi\/v1\/wp\/v2\/tags?post=789023"}],"curies":[{"name":"wp","href":"https:\/\/api.w.org\/{rel}","templated":true}]}}