{"id":78956,"date":"2012-09-27T00:00:00","date_gmt":"2012-09-27T00:00:00","guid":{"rendered":""},"modified":"2012-09-27T00:00:00","modified_gmt":"2012-09-27T00:00:00","slug":"via-piave-e-gli-altri-i-nuovi-cantieri","status":"publish","type":"post","link":"https:\/\/staging.varesenews.it\/2012\/09\/via-piave-e-gli-altri-i-nuovi-cantieri\/78956\/","title":{"rendered":"Via Piave e gli altri: i nuovi cantieri"},"content":{"rendered":"<p>Via Piave e le vie intorno al Del Ponte, la camminata intorno al lago e i Profumi e Sapori di Biumo: queste sono le principali deviazioni viabilistiche della settimana a Varese. L&#8217;elenco completo dei lavori nella lista qui sotto, stilata dal Comune di Varese<\/p>\n<p><strong>LAVORI<\/strong><br \/>\n&#8211; <strong>via Piave<\/strong>: \u00e8 stata posata la conduttura principale del gas, oggi 27 settembre ci sar\u00e0 il collaudo; la prossima settimana si lavorer\u00e0 agli allacciamenti. Aspem lavorer\u00e0 dunque indicativamente fino al 10 ottobre, poi si riprende il lavoro per il rifacimento stradale, per altri 10-12 giorni. Tempo massimo dell&rsquo;intervento: 24 ottobre come da ordinanza<br \/>\n&#8211; <strong>via Monte Cristallo<\/strong>, divieto di transito per muro pericolante fino a intervento di messa in sicurezza da parte della propriet\u00e0 privata<br \/>\n&#8211; <strong>via Goldoni<\/strong>, 28 settembre, dalle 8.30 alle 18 per lavori Aspem restringimento di carreggiata<br \/>\n&#8211; <strong>via Friuli<\/strong>, dal 1&deg; al 31 ottobre, dalle 9 alle 17, per posa cavi fibre ottiche, restringimento di carreggiata e senso unico alternato nei tratti in successione interessati dai lavori<br \/>\n&#8211; <strong>via Belmonte e Brennero<\/strong>, dal 1&deg; al 31 ottobre, dalle 9 alle 17, per posa cavi fibre ottiche, restringimento di carreggiata e senso unico alternato: via Belmonte nei tratti tra via Monte Paglione e via Brennero; via Brennero nei tratti tra via Belmonte e via Torbole<br \/>\n&#8211; <strong>via Postumia<\/strong>, dal 1&deg; a 10 ottobre, dalle 8.30 alle 17.30 per lavori demiolizione e ricostruzione muro di sostegno e recinzione all&rsquo;altezza del&nbsp;civico 20, restringimento di carreggiata e senso unico alternato<br \/>\n&#8211; <strong>vie Del Molinio, Valle Luna, Conte Biancamano, Salvini, Mottarone, via Del Riveccio, Maggiora e Duca degli Abruzzi<\/strong>, dal&nbsp;&#65532;&#65532;1&deg; ottobre al 30 novembre, dalle 9 alle 17, per posa cavi fibre ottiche, restringimento di carreggiata e senso unico alternato nei diversi tratti interessati<br \/>\n&#8211; <strong>vie Corridoni, Micca, Angeloni e Pisna<\/strong>, dal 1&deg; ottobre al 30 novembre, dalle 9 alle 17, per posa cavi fibre ottiche, restringimento di carreggiata e senso unico alternato nei diversi tratti interessati<br \/>\n&#8211; <strong>via Adda<\/strong>, 1&deg; ottobre, chiusura tra il civico 1 ed il 21 dalle ore 8.30 alle 17.30 per lavori taglio siepi<br \/>\n&#8211; <strong>via Menotti<\/strong>, 3 e 4 ottobre, dalle 8.30 alle 18 per lavori Aspem restringimento di carreggiata all&rsquo;altezza del civico 60<\/p>\n<p>Si ricorda inoltre:<br \/>\n&#8211; <strong>piazza Giovine Italia<\/strong>, fino al 31 ottobre, per lavoro posizionamento cantiere edile, chiusura nel tratto compreso tra via Rossini e piazzetta San Lorenzo<br \/>\n&#8211; <strong>via Buonarroti e via Filippo del Ponte<\/strong>, fino al 30 novembre, per lavori di demolizione: chiusura via Buonarroti. Dalle 8 alle 18, fase lavorativa, \u00e8 garantito sempre e comunque il transito dei mezzi di soccorso e delle forze dell&rsquo;ordine, mentre il transito dei residenti e diretti in propriet\u00e0 provate potr\u00e0 essere consentito compatibilmente con lo stato dei lavori. Dopo le 18 \u00e8 consentito l&rsquo;accesso ai residenti. Sar\u00e0 garantito il transito dei pedoni con idonei passaggi protetti. Via Del Ponte: senso unico di marcia per tutte le categorie di veicoli nel tratto tra piazza Biroldi e via Maspero in direzione di quest&rsquo;ultima. Direzione obbligatoria a destra per i veicoli, in via Buonarroti all&rsquo;intersezione con via Del Ponte. Direzione obbligatoria dritto in via Maspero all&rsquo;intersezione con via Del Ponte e via Da Vinci all&rsquo;intersezione con via Buonarrotti, ad eccezione dei veicoli dei residenti e diretti in propriet\u00e0 private e i mezzi di soccorso e forze dell&rsquo;ordine. Divieto di sosta in via Buonarroti e in via Del Ponte nel tratto tra via Buonarroti e via Maspero<br \/>\n&#8211; <strong>via San Perdino<\/strong>, fino al 5 ottobre, restringimento di carreggiata all&rsquo;altezza del civico 5 per lavori a edificio<br \/>\n&#8211; <strong>via Del Molino e via Vigevano<\/strong>, i lavori di rifacimento sul ponte stradale sul torrente Molinazzo proseguono fino al 19 ottobre<br \/>\n&#8211; <strong>via Conventino<\/strong>, fino al 31 ottobre, dalle 8.30 alle 18, per lavori Aspem&nbsp;chiusura del tratto tra il civico 7 e il civico 25<br \/>\n&#8211; <strong>via Piemonte e Grassi<\/strong>, fino al 27 ottobre, per lavori Aspem, restringimento di carreggiata: via Piemonte tratto tra i civici 152 154 e via Valle&nbsp;&#65532;&#65532;D&rsquo;Aosta; via Grassi nel tratto tra via Piemonte ed il piazzale del cimitero<\/p>\n<p><strong>DEVIAZIONI PER MANIFESTAZIONI<br \/>\n<\/strong><br \/>\n&#8211;&nbsp;<strong>Manifestazione Diversamente Insieme<\/strong>, domenica 30 settembre dalle 14 alle 20, : divieto di transito in via Volta, piazza Monte Grappa, via Marcobi e divieto di sosta<br \/>\n&#8211;&nbsp;<strong>Giro del lago di Varese<\/strong>, domenica 30 settemre, perl parte del territorio comunale di Varese: dalle 815 per la mattinata, divieto di transito alle intersezioni con la provinciale 1 sulle seguenti vie: per Bodio, del Porticciolo, Corridoni, Pisna, Macchi, Vigevano, Agello, Baracca, Al Lago, Ponti, Centurione Scotto, Duca degli Abruzzi, Lago di Calcinate, Al Gerett<br \/>\n&#8211;&nbsp;<strong>Profumi e sapori a Biumo<\/strong>, domenica 30 settembre, dalle 6.30 alle 23.30, chiusura via Garibaldi, Cairoli (tratto tra l&rsquo;intersezione con via Carcano e via Garibaldi), piazza XXVI Maggio, via Walder (tratto compreso tra via Crosa e piazza XXVI Maggio), via De Cristoforis. Verrannno segnalate le deviazioni agli automobilisti<br type=\"_moz\" \/><\/p>\n","protected":false},"excerpt":{"rendered":"<p>Via Piave e le vie intorno al Del Ponte, la camminata intorno al lago e i Profumi e Sapori di Biumo: queste le principali deviazioni viabilistiche della settimana <\/p>\n","protected":false},"author":10,"featured_media":0,"comment_status":"open","ping_status":"open","sticky":false,"template":"","format":"standard","meta":{"footnotes":""},"categories":[2],"tags":[132,5261,269,1218],"acf":[],"yoast_head":"<!-- This site is optimized with the Yoast SEO plugin v20.1 - https:\/\/yoast.com\/wordpress\/plugins\/seo\/ -->\n<title>Via Piave e gli altri: i nuovi cantieri<\/title>\n<meta name=\"description\" content=\"Via Piave e le vie intorno al Del Ponte, la camminata intorno al lago e i Profumi e Sapori di Biumo: queste le principali deviazioni viabilistiche della settimana\" \/>\n<meta name=\"robots\" content=\"noindex, follow, max-snippet:-1, max-image-preview:large, max-video-preview:-1\" \/>\n<meta property=\"og:locale\" content=\"it_IT\" \/>\n<meta property=\"og:type\" content=\"article\" \/>\n<meta property=\"og:title\" content=\"Via Piave e gli altri: i nuovi cantieri\" \/>\n<meta property=\"og:description\" content=\"Via Piave e le vie intorno al Del Ponte, la camminata intorno al lago e i Profumi e Sapori di Biumo: queste le principali deviazioni viabilistiche della settimana\" \/>\n<meta property=\"og:url\" content=\"https:\/\/staging.varesenews.it\/2012\/09\/via-piave-e-gli-altri-i-nuovi-cantieri\/78956\/\" \/>\n<meta property=\"og:site_name\" content=\"VareseNews\" \/>\n<meta property=\"article:publisher\" content=\"https:\/\/www.facebook.com\/varesenews\" \/>\n<meta property=\"article:published_time\" content=\"2012-09-27T00:00:00+00:00\" \/>\n<meta name=\"author\" content=\"Redazione VareseNews\" \/>\n<meta name=\"twitter:card\" content=\"summary_large_image\" \/>\n<meta name=\"twitter:creator\" content=\"@varesenews\" \/>\n<meta name=\"twitter:site\" content=\"@varesenews\" \/>\n<meta name=\"twitter:label1\" content=\"Scritto da\" \/>\n\t<meta name=\"twitter:data1\" content=\"Redazione VareseNews\" \/>\n\t<meta name=\"twitter:label2\" content=\"Tempo di lettura stimato\" \/>\n\t<meta name=\"twitter:data2\" content=\"4 minuti\" \/>\n<script type=\"application\/ld+json\" class=\"yoast-schema-graph\">{\"@context\":\"https:\/\/schema.org\",\"@graph\":[{\"@type\":\"WebPage\",\"@id\":\"https:\/\/staging.varesenews.it\/2012\/09\/via-piave-e-gli-altri-i-nuovi-cantieri\/78956\/\",\"url\":\"https:\/\/staging.varesenews.it\/2012\/09\/via-piave-e-gli-altri-i-nuovi-cantieri\/78956\/\",\"name\":\"Via Piave e gli altri: i nuovi cantieri\",\"isPartOf\":{\"@id\":\"https:\/\/staging.varesenews.it\/#website\"},\"datePublished\":\"2012-09-27T00:00:00+00:00\",\"dateModified\":\"2012-09-27T00:00:00+00:00\",\"author\":{\"@id\":\"https:\/\/staging.varesenews.it\/#\/schema\/person\/fb20c4da0b7b16c291707a20db73e169\"},\"description\":\"Via Piave e le vie intorno al Del Ponte, la camminata intorno al lago e i Profumi e Sapori di Biumo: queste le principali deviazioni viabilistiche della settimana\",\"breadcrumb\":{\"@id\":\"https:\/\/staging.varesenews.it\/2012\/09\/via-piave-e-gli-altri-i-nuovi-cantieri\/78956\/#breadcrumb\"},\"inLanguage\":\"it-IT\",\"potentialAction\":[{\"@type\":\"ReadAction\",\"target\":[\"https:\/\/staging.varesenews.it\/2012\/09\/via-piave-e-gli-altri-i-nuovi-cantieri\/78956\/\"]}]},{\"@type\":\"BreadcrumbList\",\"@id\":\"https:\/\/staging.varesenews.it\/2012\/09\/via-piave-e-gli-altri-i-nuovi-cantieri\/78956\/#breadcrumb\",\"itemListElement\":[{\"@type\":\"ListItem\",\"position\":1,\"name\":\"Home\",\"item\":\"https:\/\/www.varesenews.it\/\"},{\"@type\":\"ListItem\",\"position\":2,\"name\":\"Via Piave e gli altri: i nuovi cantieri\"}]},{\"@type\":\"WebSite\",\"@id\":\"https:\/\/staging.varesenews.it\/#website\",\"url\":\"https:\/\/staging.varesenews.it\/\",\"name\":\"VareseNews\",\"description\":\"\",\"potentialAction\":[{\"@type\":\"SearchAction\",\"target\":{\"@type\":\"EntryPoint\",\"urlTemplate\":\"https:\/\/staging.varesenews.it\/?s={search_term_string}\"},\"query-input\":\"required name=search_term_string\"}],\"inLanguage\":\"it-IT\"},{\"@type\":\"Person\",\"@id\":\"https:\/\/staging.varesenews.it\/#\/schema\/person\/fb20c4da0b7b16c291707a20db73e169\",\"name\":\"Redazione VareseNews\",\"image\":{\"@type\":\"ImageObject\",\"inLanguage\":\"it-IT\",\"@id\":\"https:\/\/staging.varesenews.it\/#\/schema\/person\/image\/\",\"url\":\"https:\/\/staging.varesenews.it\/wp-content\/uploads\/2020\/12\/logo_VN_colori_500.png\",\"contentUrl\":\"https:\/\/staging.varesenews.it\/wp-content\/uploads\/2020\/12\/logo_VN_colori_500.png\",\"caption\":\"Redazione VareseNews\"},\"url\":\"https:\/\/staging.varesenews.it\/persona\/redazione1\/\"}]}<\/script>\n<!-- \/ Yoast SEO plugin. -->","yoast_head_json":{"title":"Via Piave e gli altri: i nuovi cantieri","description":"Via Piave e le vie intorno al Del Ponte, la camminata intorno al lago e i Profumi e Sapori di Biumo: queste le principali deviazioni viabilistiche della settimana","robots":{"index":"noindex","follow":"follow","max-snippet":"max-snippet:-1","max-image-preview":"max-image-preview:large","max-video-preview":"max-video-preview:-1"},"og_locale":"it_IT","og_type":"article","og_title":"Via Piave e gli altri: i nuovi cantieri","og_description":"Via Piave e le vie intorno al Del Ponte, la camminata intorno al lago e i Profumi e Sapori di Biumo: queste le principali deviazioni viabilistiche della settimana","og_url":"https:\/\/staging.varesenews.it\/2012\/09\/via-piave-e-gli-altri-i-nuovi-cantieri\/78956\/","og_site_name":"VareseNews","article_publisher":"https:\/\/www.facebook.com\/varesenews","article_published_time":"2012-09-27T00:00:00+00:00","author":"Redazione VareseNews","twitter_card":"summary_large_image","twitter_creator":"@varesenews","twitter_site":"@varesenews","twitter_misc":{"Scritto da":"Redazione VareseNews","Tempo di lettura stimato":"4 minuti"},"schema":{"@context":"https:\/\/schema.org","@graph":[{"@type":"WebPage","@id":"https:\/\/staging.varesenews.it\/2012\/09\/via-piave-e-gli-altri-i-nuovi-cantieri\/78956\/","url":"https:\/\/staging.varesenews.it\/2012\/09\/via-piave-e-gli-altri-i-nuovi-cantieri\/78956\/","name":"Via Piave e gli altri: i nuovi cantieri","isPartOf":{"@id":"https:\/\/staging.varesenews.it\/#website"},"datePublished":"2012-09-27T00:00:00+00:00","dateModified":"2012-09-27T00:00:00+00:00","author":{"@id":"https:\/\/staging.varesenews.it\/#\/schema\/person\/fb20c4da0b7b16c291707a20db73e169"},"description":"Via Piave e le vie intorno al Del Ponte, la camminata intorno al lago e i Profumi e Sapori di Biumo: queste le principali deviazioni viabilistiche della settimana","breadcrumb":{"@id":"https:\/\/staging.varesenews.it\/2012\/09\/via-piave-e-gli-altri-i-nuovi-cantieri\/78956\/#breadcrumb"},"inLanguage":"it-IT","potentialAction":[{"@type":"ReadAction","target":["https:\/\/staging.varesenews.it\/2012\/09\/via-piave-e-gli-altri-i-nuovi-cantieri\/78956\/"]}]},{"@type":"BreadcrumbList","@id":"https:\/\/staging.varesenews.it\/2012\/09\/via-piave-e-gli-altri-i-nuovi-cantieri\/78956\/#breadcrumb","itemListElement":[{"@type":"ListItem","position":1,"name":"Home","item":"https:\/\/www.varesenews.it\/"},{"@type":"ListItem","position":2,"name":"Via Piave e gli altri: i nuovi cantieri"}]},{"@type":"WebSite","@id":"https:\/\/staging.varesenews.it\/#website","url":"https:\/\/staging.varesenews.it\/","name":"VareseNews","description":"","potentialAction":[{"@type":"SearchAction","target":{"@type":"EntryPoint","urlTemplate":"https:\/\/staging.varesenews.it\/?s={search_term_string}"},"query-input":"required name=search_term_string"}],"inLanguage":"it-IT"},{"@type":"Person","@id":"https:\/\/staging.varesenews.it\/#\/schema\/person\/fb20c4da0b7b16c291707a20db73e169","name":"Redazione VareseNews","image":{"@type":"ImageObject","inLanguage":"it-IT","@id":"https:\/\/staging.varesenews.it\/#\/schema\/person\/image\/","url":"https:\/\/staging.varesenews.it\/wp-content\/uploads\/2020\/12\/logo_VN_colori_500.png","contentUrl":"https:\/\/staging.varesenews.it\/wp-content\/uploads\/2020\/12\/logo_VN_colori_500.png","caption":"Redazione VareseNews"},"url":"https:\/\/staging.varesenews.it\/persona\/redazione1\/"}]}},"post_meta":{"id_old":"243956","argomento":"Varese"},"photos":[],"_links":{"self":[{"href":"https:\/\/staging.varesenews.it\/swgapi\/v1\/wp\/v2\/posts\/78956"}],"collection":[{"href":"https:\/\/staging.varesenews.it\/swgapi\/v1\/wp\/v2\/posts"}],"about":[{"href":"https:\/\/staging.varesenews.it\/swgapi\/v1\/wp\/v2\/types\/post"}],"author":[{"embeddable":true,"href":"https:\/\/staging.varesenews.it\/swgapi\/v1\/wp\/v2\/users\/10"}],"replies":[{"embeddable":true,"href":"https:\/\/staging.varesenews.it\/swgapi\/v1\/wp\/v2\/comments?post=78956"}],"version-history":[{"count":0,"href":"https:\/\/staging.varesenews.it\/swgapi\/v1\/wp\/v2\/posts\/78956\/revisions"}],"wp:attachment":[{"href":"https:\/\/staging.varesenews.it\/swgapi\/v1\/wp\/v2\/media?parent=78956"}],"wp:term":[{"taxonomy":"category","embeddable":true,"href":"https:\/\/staging.varesenews.it\/swgapi\/v1\/wp\/v2\/categories?post=78956"},{"taxonomy":"post_tag","embeddable":true,"href":"https:\/\/staging.varesenews.it\/swgapi\/v1\/wp\/v2\/tags?post=78956"}],"curies":[{"name":"wp","href":"https:\/\/api.w.org\/{rel}","templated":true}]}}