{"id":791833,"date":"2019-02-06T19:36:43","date_gmt":"2019-02-06T18:36:43","guid":{"rendered":"https:\/\/www.varesenews.it\/?p=791833"},"modified":"2019-02-06T19:39:46","modified_gmt":"2019-02-06T18:39:46","slug":"spazio-yak-dai-quartieri-alla-cultura","status":"publish","type":"post","link":"https:\/\/staging.varesenews.it\/2019\/02\/spazio-yak-dai-quartieri-alla-cultura\/791833\/","title":{"rendered":"Spazio Yak, dai Quartieri alla Cultura"},"content":{"rendered":"<p>Non \u00e8 un caso se la commissione cultura del 5 febbraio 2019 si \u00e8 tenuta allo<strong> spazio Yak<\/strong>, alle Bustecche, invece che nelle solite sedi a palazzo Estense.<\/p>\n<p>Il primo punto all\u2019ordine del giorno era infatti quello di <strong>presentare lo spazio culturale<\/strong> proprio alla commissione cultura e al suo assessore, <strong>Roberto Cecchi<\/strong>: la nascita di uno spazio teatrale da quella che fu la \u201cPiramide della nuova Urbanistica\u201d \u00e8 infatti merito di un <strong>bando dell\u2019assessorato ai quartieri,<\/strong> che ha concesso in gestione lo spazio in cambio di un lavoro sul territorio.<\/p>\n<p>\u00abCon l\u2019assessore Strazzi, per\u00f2, ci siamo detti che in fondo la nostra \u00e8 prettamente una attivit\u00e0 culturale, anche se \u201cpresa in carico in comune\u201d col bando quartieri &#8211; ha spiegato\u00a0<strong>Stefano Beghi<\/strong>, presidente di Karakorum teatro, la realt\u00e0 che da un anno a questa parte ha in gestione lo spazio &#8211; E quindi era giusto presentarsi alla Commissione Cultura e all\u2019assessorato relativo\u00bb. <div class=\"related-posts related-01\"><h4>Leggi anche<\/h4><ul><li><a title=\"Spazio Yak: un weekend di festa per la rinascita della vecchia Piramide\" target=\"_blank\" href=\"https:\/\/staging.varesenews.it\/2017\/12\/spazio-yak-un-weekend-festa-la-rinascita-della-vecchia-piramide\/677045\/\"><strong>Varese <\/strong> - Spazio Yak: un weekend di festa per la rinascita della vecchia Piramide<\/a><\/li><li><a title=\"La Piramide delle Bustecche torna a vivere\" target=\"_blank\" href=\"https:\/\/staging.varesenews.it\/2017\/11\/la-piramide-delle-bustecche-torna-vivere\/667845\/\"><strong>Varese <\/strong> - La Piramide delle Bustecche torna a vivere<\/a><\/li><\/ul><\/div><\/p>\n<p>Il bando che hanno vinto, e che ha permesso di riaprire lo spazio il 15 dicembre 2017, in realt\u00e0 non erogava risorse ma concedeva solo lo spazio: \u00ab<strong>L\u2019investimento di partenza \u00e8 stato di 40mila euro,<\/strong> sostenuto da noi, che siamo una realt\u00e0 privata: e che per questo abbiamo presentato non solo un progetto ma anche un vero e proprio piano finanziario\u00bb.<\/p>\n<p>L\u2019idea di fondo, che ha animato Karakorum teatro, era quella di \u00abMettere in un quartiere periferico una attivit\u00e0 culturale: che non \u00e8 \u201cperiferica\u201d ma che, per quel che offre, sarebbe \u201cda centro\u201d . Per questo abbiamo previsto una quota di spesa in un quinquennio di circa <strong>350mila euro<\/strong>\u00bb.<\/p>\n<p>Alla fine, l\u2019idea di base funziona: \u00abIl successo \u00e8 stato immediato, sopratutto in termini di relazione con il territorio, ma anche riguardo il successo delle produzioni teatrali a pagamento, che ha visto passare di qui <strong>oltre 2800 spettatori paganti<\/strong> &#8211; ha spiegato Beghi &#8211;<strong>\u00a0<\/strong>Ora per\u00f2 bisogna dare una sostenibilit\u00e0 al progetto\u00bb.<\/p>\n<p>La relazione di consuntivo della prima annualit\u00e0 offre infatti dei numeri e dei primi risultati che sono positivi e negativi insieme: \u00abPer esempio, alcuni risultati che ci siamo prefissi nel quinquennio li abbiamo raggiunti in un anno solo &#8211; continua Beghi nella sua relazione ai commissari &#8211; <strong>Ci eravamo prefissi di avere l\u201980 per cento degli spettatori paganti agli spettacoli entro 5 anni, ma negli ultimi 12 mesi tutti gli spettacoli sono gi\u00e0 andati sold out<\/strong>, con il risultato che abbiamo superato in poco piu di un anno l\u2019obiettivo che ci eravamo prefissati in cinque\u00bb.\u00a0 Il successo per\u00f2 chiede molti piu soldi: \u00abPotremmo soddisfare tutti per esempio raddoppiando le date: ma questo significa pagare di pi\u00f9 le persone e molto altro. I nostri costi crescerebbero in maniera ora insostenibile\u00bb.<\/p>\n<p>Per non parlare dei progetti per il quartiere, che sono in linea di massima gratuiti: \u00abMolte iniziative di successo, come gli <strong>spettacoli per bambini con laboratorio, vedono circa 80 partecipanti<\/strong>\u00a0ogni volta. <strong>La balera di capodanno per gli anziani ha visto la partecipazione di 70 persone<\/strong>. E ora non fanno che chiederci altre iniziative simili: che per\u00f2 hanno tutte un costo\u00bb.<\/p>\n<p>Di certo, le persone li considerano gi\u00e0 come parte della realt\u00e0 cittadina: \u00abDi pi\u00f9: la gente ci scambia per il comune, riconosce un presidio pubblico in questo posto. E qui si impone una riflessione prettamente politica: con questo spazio abbiamo fatto una proposta e dato un modello, che \u00e8 di lungo termine e sostenibile come soggetto privato. Per\u00f2 <strong>bisognerebbe trovare una reale modello di partenariato tra pubblico e privato, per coprire anche il \u201cservizio pubblico\u201d legato a queste attivit\u00e0<\/strong>. A Bergamo per esempio hanno investito economie insieme a un privato per il rilancio del teatro: \u00e8 un caso unico in Italia, ma su cui vale la pena studiare\u00bb.<\/p>\n<p>D\u2019altra parte, le iniziative dello spazio Yak &#8211; dall\u2019animazione per le persone del quartiere, al rapporto con le scuole, alla proposta di riqualificazione della piazza che sta fuori lo spazio &#8211; cominciano a toccare parecchi assessorati diversi: \u00abIl progetto va dalla riqualificazione urbanistica al discorso sociale, dalla cultura, al commercio e di altro &#8211; sottolinea Beghi .- Per questo si potrebbe provare insieme a ragionare su un tipo di <strong>progettualit\u00e0 che metta insieme assessorati differenti<\/strong>, che possano essere incisivi col territorio ad un costo inferiore per tutti\u00bb.<\/p>\n<p>\u00abNon possiamo lasciar cadere questa riflessione, penso che una questione di questo genere meriti approfondimenti ulteriori &#8211; ha detto l\u2019assessore alla cultura <strong>Roberto Cecchi<\/strong> &#8211; Ci vuole un apporto sociologico su quello che \u00e8 stato \u00e8 e sar\u00e0 questo luogo, per poter avviare una seria programmazione. C\u2019\u00e8 bisogno di dati\u00bb.<\/p>\n<p>Un\u2019esigenza che non ha colto gli under 35 di Karakorum impreparati: \u00abNoi ci definiamo <strong>residenza artistica,<\/strong> e siamo parte di un network che grazie anche alla Regione stiamo cercando di misurare &#8211; ha risposto Beghi &#8211; Stiamo perci\u00f2 monitorando numeri e costi, anche delle iniziative che non hanno biglietto, per creare un modello su cui ragionare. Perch\u00e8 lo scopo finale \u00e8 di uscire da un modello di teatro come pura fruizione con modelli piu ibridi che rendano sostenibili\u00bb.<\/p>\n<p>\u00abLa scommessa fatta con questo bando ha portato un grande vantaggio al comune e all\u2019ufficio quartieri &#8211; ha commentato e concluso, l\u2019assessore che per prima \u00e8 entrata in relazione con i giovani di Karakorum, <strong>Francesca Strazzi<\/strong> &#8211; Anche perch\u00e8 non solo hanno rispettato le promesse fatte, ma hanno fatto molto di piu per animare il quartiere. Ora possiamo dire che Spazio Yak \u00e8 il fiore all\u2019occhiello dell\u2019ufficio quartieri: ma noi possiamo solo sostenere le attivit\u00e0 di quartiere, che ci competono. Ora \u00e8 il momento di riflettere sulle attivit\u00e0 di tipo prettamente culturale\u00bb<\/p>\n","protected":false},"excerpt":{"rendered":"<p>Non \u00e8 un caso se la commissione cultura del 5 si \u00e8 tenuta nella &#8220;residenza artistica&#8221; delle Bustecche: il primo punto all\u2019ordine del giorno era quello di presentare il luogo alla commissione e al suo assessore<\/p>\n","protected":false},"author":48,"featured_media":0,"comment_status":"open","ping_status":"open","sticky":false,"template":"","format":"standard","meta":{"footnotes":""},"categories":[18,26,16,21,2],"tags":[11830,1245,83354],"acf":[],"yoast_head":"<!-- This site is optimized with the Yoast SEO plugin v20.1 - https:\/\/yoast.com\/wordpress\/plugins\/seo\/ -->\n<title>Spazio Yak, dai Quartieri alla Cultura<\/title>\n<meta name=\"description\" content=\"Non \u00e8 un caso se la commissione cultura del 5 si \u00e8 tenuta nella &quot;residenza artistica&quot; delle Bustecche: il primo punto all\u2019ordine del giorno era quello di presentare il luogo alla commissione e al suo assessore\" \/>\n<meta name=\"robots\" content=\"noindex, follow, max-snippet:-1, max-image-preview:large, max-video-preview:-1\" \/>\n<meta property=\"og:locale\" content=\"it_IT\" \/>\n<meta property=\"og:type\" content=\"article\" \/>\n<meta property=\"og:title\" content=\"Spazio Yak, dai Quartieri alla Cultura\" \/>\n<meta property=\"og:description\" content=\"Non \u00e8 un caso se la commissione cultura del 5 si \u00e8 tenuta nella &quot;residenza artistica&quot; delle Bustecche: il primo punto all\u2019ordine del giorno era quello di presentare il luogo alla commissione e al suo assessore\" \/>\n<meta property=\"og:url\" content=\"https:\/\/staging.varesenews.it\/2019\/02\/spazio-yak-dai-quartieri-alla-cultura\/791833\/\" \/>\n<meta property=\"og:site_name\" content=\"VareseNews\" \/>\n<meta property=\"article:publisher\" content=\"https:\/\/www.facebook.com\/varesenews\" \/>\n<meta property=\"article:author\" content=\"https:\/\/www.facebook.com\/stefaniaradman\" \/>\n<meta property=\"article:published_time\" content=\"2019-02-06T18:36:43+00:00\" \/>\n<meta property=\"article:modified_time\" content=\"2019-02-06T18:39:46+00:00\" \/>\n<meta name=\"author\" content=\"Stefania Radman\" \/>\n<meta name=\"twitter:card\" content=\"summary_large_image\" \/>\n<meta name=\"twitter:creator\" content=\"@LaRadman\" \/>\n<meta name=\"twitter:site\" content=\"@varesenews\" \/>\n<meta name=\"twitter:label1\" content=\"Scritto da\" \/>\n\t<meta name=\"twitter:data1\" content=\"Stefania Radman\" \/>\n\t<meta name=\"twitter:label2\" content=\"Tempo di lettura stimato\" \/>\n\t<meta name=\"twitter:data2\" content=\"5 minuti\" \/>\n<script type=\"application\/ld+json\" class=\"yoast-schema-graph\">{\"@context\":\"https:\/\/schema.org\",\"@graph\":[{\"@type\":\"WebPage\",\"@id\":\"https:\/\/staging.varesenews.it\/2019\/02\/spazio-yak-dai-quartieri-alla-cultura\/791833\/\",\"url\":\"https:\/\/staging.varesenews.it\/2019\/02\/spazio-yak-dai-quartieri-alla-cultura\/791833\/\",\"name\":\"Spazio Yak, dai Quartieri alla Cultura\",\"isPartOf\":{\"@id\":\"https:\/\/staging.varesenews.it\/#website\"},\"datePublished\":\"2019-02-06T18:36:43+00:00\",\"dateModified\":\"2019-02-06T18:39:46+00:00\",\"author\":{\"@id\":\"https:\/\/staging.varesenews.it\/#\/schema\/person\/995d2e6a31c67237a9a1bc1f0079f3aa\"},\"description\":\"Non \u00e8 un caso se la commissione cultura del 5 si \u00e8 tenuta nella \\\"residenza artistica\\\" delle Bustecche: il primo punto all\u2019ordine del giorno era quello di presentare il luogo alla commissione e al suo assessore\",\"breadcrumb\":{\"@id\":\"https:\/\/staging.varesenews.it\/2019\/02\/spazio-yak-dai-quartieri-alla-cultura\/791833\/#breadcrumb\"},\"inLanguage\":\"it-IT\",\"potentialAction\":[{\"@type\":\"ReadAction\",\"target\":[\"https:\/\/staging.varesenews.it\/2019\/02\/spazio-yak-dai-quartieri-alla-cultura\/791833\/\"]}]},{\"@type\":\"BreadcrumbList\",\"@id\":\"https:\/\/staging.varesenews.it\/2019\/02\/spazio-yak-dai-quartieri-alla-cultura\/791833\/#breadcrumb\",\"itemListElement\":[{\"@type\":\"ListItem\",\"position\":1,\"name\":\"Home\",\"item\":\"https:\/\/www.varesenews.it\/\"},{\"@type\":\"ListItem\",\"position\":2,\"name\":\"Spazio Yak, dai Quartieri alla Cultura\"}]},{\"@type\":\"WebSite\",\"@id\":\"https:\/\/staging.varesenews.it\/#website\",\"url\":\"https:\/\/staging.varesenews.it\/\",\"name\":\"VareseNews\",\"description\":\"\",\"potentialAction\":[{\"@type\":\"SearchAction\",\"target\":{\"@type\":\"EntryPoint\",\"urlTemplate\":\"https:\/\/staging.varesenews.it\/?s={search_term_string}\"},\"query-input\":\"required name=search_term_string\"}],\"inLanguage\":\"it-IT\"},{\"@type\":\"Person\",\"@id\":\"https:\/\/staging.varesenews.it\/#\/schema\/person\/995d2e6a31c67237a9a1bc1f0079f3aa\",\"name\":\"Stefania Radman\",\"image\":{\"@type\":\"ImageObject\",\"inLanguage\":\"it-IT\",\"@id\":\"https:\/\/staging.varesenews.it\/#\/schema\/person\/image\/\",\"url\":\"https:\/\/staging.varesenews.it\/wp-content\/uploads\/2020\/12\/stefania_radman_colori_500.jpg\",\"contentUrl\":\"https:\/\/staging.varesenews.it\/wp-content\/uploads\/2020\/12\/stefania_radman_colori_500.jpg\",\"caption\":\"Stefania Radman\"},\"description\":\"Varesina dal 1991, lavoro dal 2000 per Varesenews.it, prima come responsabile della pagina dell&rsquo;economia, poi della pagina life, ora della citt&agrave; di Varese.Ma sono (e sono stata) anche altro: per esempio, agli albori delle radio private ero dj in una radio milanese, Onda Radio. Da 20 anni sono corrispondente da Varese di Radio Popolare e ho collaborato con Espresso, Repubblica, Diario della Settimana, Italia Oggi. &ldquo;Smanettona&rdquo; da sempre, ho aperto il mio primo sito personale con Geocities nei primi anni novanta (chi se lo ricorda?) e i miei primi blog in Splinder all&rsquo;inizio del 2000. Ora sono sui social: qui quasi sempre sono semplicemente \\\"LaRadman&rdquo;.\",\"sameAs\":[\"http:\/\/laradman.blogspot.it\",\"https:\/\/www.facebook.com\/stefaniaradman\",\"@LaRadman\",\"https:\/\/www.linkedin.com\/in\/stefaniaradman\",\"https:\/\/twitter.com\/LaRadman\"],\"url\":\"https:\/\/staging.varesenews.it\/persona\/stefania-radman1\/\"}]}<\/script>\n<!-- \/ Yoast SEO plugin. -->","yoast_head_json":{"title":"Spazio Yak, dai Quartieri alla Cultura","description":"Non \u00e8 un caso se la commissione cultura del 5 si \u00e8 tenuta nella \"residenza artistica\" delle Bustecche: il primo punto all\u2019ordine del giorno era quello di presentare il luogo alla commissione e al suo assessore","robots":{"index":"noindex","follow":"follow","max-snippet":"max-snippet:-1","max-image-preview":"max-image-preview:large","max-video-preview":"max-video-preview:-1"},"og_locale":"it_IT","og_type":"article","og_title":"Spazio Yak, dai Quartieri alla Cultura","og_description":"Non \u00e8 un caso se la commissione cultura del 5 si \u00e8 tenuta nella \"residenza artistica\" delle Bustecche: il primo punto all\u2019ordine del giorno era quello di presentare il luogo alla commissione e al suo assessore","og_url":"https:\/\/staging.varesenews.it\/2019\/02\/spazio-yak-dai-quartieri-alla-cultura\/791833\/","og_site_name":"VareseNews","article_publisher":"https:\/\/www.facebook.com\/varesenews","article_author":"https:\/\/www.facebook.com\/stefaniaradman","article_published_time":"2019-02-06T18:36:43+00:00","article_modified_time":"2019-02-06T18:39:46+00:00","author":"Stefania Radman","twitter_card":"summary_large_image","twitter_creator":"@LaRadman","twitter_site":"@varesenews","twitter_misc":{"Scritto da":"Stefania Radman","Tempo di lettura stimato":"5 minuti"},"schema":{"@context":"https:\/\/schema.org","@graph":[{"@type":"WebPage","@id":"https:\/\/staging.varesenews.it\/2019\/02\/spazio-yak-dai-quartieri-alla-cultura\/791833\/","url":"https:\/\/staging.varesenews.it\/2019\/02\/spazio-yak-dai-quartieri-alla-cultura\/791833\/","name":"Spazio Yak, dai Quartieri alla Cultura","isPartOf":{"@id":"https:\/\/staging.varesenews.it\/#website"},"datePublished":"2019-02-06T18:36:43+00:00","dateModified":"2019-02-06T18:39:46+00:00","author":{"@id":"https:\/\/staging.varesenews.it\/#\/schema\/person\/995d2e6a31c67237a9a1bc1f0079f3aa"},"description":"Non \u00e8 un caso se la commissione cultura del 5 si \u00e8 tenuta nella \"residenza artistica\" delle Bustecche: il primo punto all\u2019ordine del giorno era quello di presentare il luogo alla commissione e al suo assessore","breadcrumb":{"@id":"https:\/\/staging.varesenews.it\/2019\/02\/spazio-yak-dai-quartieri-alla-cultura\/791833\/#breadcrumb"},"inLanguage":"it-IT","potentialAction":[{"@type":"ReadAction","target":["https:\/\/staging.varesenews.it\/2019\/02\/spazio-yak-dai-quartieri-alla-cultura\/791833\/"]}]},{"@type":"BreadcrumbList","@id":"https:\/\/staging.varesenews.it\/2019\/02\/spazio-yak-dai-quartieri-alla-cultura\/791833\/#breadcrumb","itemListElement":[{"@type":"ListItem","position":1,"name":"Home","item":"https:\/\/www.varesenews.it\/"},{"@type":"ListItem","position":2,"name":"Spazio Yak, dai Quartieri alla Cultura"}]},{"@type":"WebSite","@id":"https:\/\/staging.varesenews.it\/#website","url":"https:\/\/staging.varesenews.it\/","name":"VareseNews","description":"","potentialAction":[{"@type":"SearchAction","target":{"@type":"EntryPoint","urlTemplate":"https:\/\/staging.varesenews.it\/?s={search_term_string}"},"query-input":"required name=search_term_string"}],"inLanguage":"it-IT"},{"@type":"Person","@id":"https:\/\/staging.varesenews.it\/#\/schema\/person\/995d2e6a31c67237a9a1bc1f0079f3aa","name":"Stefania Radman","image":{"@type":"ImageObject","inLanguage":"it-IT","@id":"https:\/\/staging.varesenews.it\/#\/schema\/person\/image\/","url":"https:\/\/staging.varesenews.it\/wp-content\/uploads\/2020\/12\/stefania_radman_colori_500.jpg","contentUrl":"https:\/\/staging.varesenews.it\/wp-content\/uploads\/2020\/12\/stefania_radman_colori_500.jpg","caption":"Stefania Radman"},"description":"Varesina dal 1991, lavoro dal 2000 per Varesenews.it, prima come responsabile della pagina dell&rsquo;economia, poi della pagina life, ora della citt&agrave; di Varese.Ma sono (e sono stata) anche altro: per esempio, agli albori delle radio private ero dj in una radio milanese, Onda Radio. Da 20 anni sono corrispondente da Varese di Radio Popolare e ho collaborato con Espresso, Repubblica, Diario della Settimana, Italia Oggi. &ldquo;Smanettona&rdquo; da sempre, ho aperto il mio primo sito personale con Geocities nei primi anni novanta (chi se lo ricorda?) e i miei primi blog in Splinder all&rsquo;inizio del 2000. Ora sono sui social: qui quasi sempre sono semplicemente \"LaRadman&rdquo;.","sameAs":["http:\/\/laradman.blogspot.it","https:\/\/www.facebook.com\/stefaniaradman","@LaRadman","https:\/\/www.linkedin.com\/in\/stefaniaradman","https:\/\/twitter.com\/LaRadman"],"url":"https:\/\/staging.varesenews.it\/persona\/stefania-radman1\/"}]}},"post_meta":{"_edit_lock":"1549478266:48","_edit_last":"48","_category_permalink":"a:1:{s:8:\"category\";s:0:\"\";}","argomento":"Varese","_yoast_wpseo_focuskw_text_input":"yak","_yoast_wpseo_focuskw":"yak","_yoast_wpseo_linkdex":"68","_yoast_wpseo_content_score":"30","_jd_tweet_this":"yes","ratings_users":"0","ratings_score":"0","ratings_average":"0","id_leggi_anche":"677045,667845","foto":"721373","_wpt_short_url":"https:\/\/www.varesenews.it\/2019\/02\/spazio-yak-dai-quartieri-alla-cultura\/791833\/","_wp_jd_target":"https:\/\/www.varesenews.it\/2019\/02\/spazio-yak-dai-quartieri-alla-cultura\/791833\/","_jd_wp_twitter":"a:1:{i:0;s:140:\"Spazio Yak, dai Quartieri alla Cultura https:\/\/www.varesenews.it\/2019\/02\/spazio-yak-dai-quartieri-alla-cultura\/791833\/ #bustecche #spazioyak\";}","_wpt_status_message":"Tweet inviato con successo."},"photos":[{"original":"https:\/\/staging.varesenews.it\/photogallery_new\/images\/2019\/02\/consiglio-comunale-varese-721373.jpg","full":"https:\/\/staging.varesenews.it\/photogallery_new\/images\/2019\/02\/consiglio-comunale-varese-721373.1024x768.jpg","large":"https:\/\/staging.varesenews.it\/photogallery_new\/images\/2019\/02\/consiglio-comunale-varese-721373.610x431.jpg"}],"_links":{"self":[{"href":"https:\/\/staging.varesenews.it\/swgapi\/v1\/wp\/v2\/posts\/791833"}],"collection":[{"href":"https:\/\/staging.varesenews.it\/swgapi\/v1\/wp\/v2\/posts"}],"about":[{"href":"https:\/\/staging.varesenews.it\/swgapi\/v1\/wp\/v2\/types\/post"}],"author":[{"embeddable":true,"href":"https:\/\/staging.varesenews.it\/swgapi\/v1\/wp\/v2\/users\/48"}],"replies":[{"embeddable":true,"href":"https:\/\/staging.varesenews.it\/swgapi\/v1\/wp\/v2\/comments?post=791833"}],"version-history":[{"count":0,"href":"https:\/\/staging.varesenews.it\/swgapi\/v1\/wp\/v2\/posts\/791833\/revisions"}],"wp:attachment":[{"href":"https:\/\/staging.varesenews.it\/swgapi\/v1\/wp\/v2\/media?parent=791833"}],"wp:term":[{"taxonomy":"category","embeddable":true,"href":"https:\/\/staging.varesenews.it\/swgapi\/v1\/wp\/v2\/categories?post=791833"},{"taxonomy":"post_tag","embeddable":true,"href":"https:\/\/staging.varesenews.it\/swgapi\/v1\/wp\/v2\/tags?post=791833"}],"curies":[{"name":"wp","href":"https:\/\/api.w.org\/{rel}","templated":true}]}}