{"id":792882,"date":"2019-02-10T22:35:21","date_gmt":"2019-02-10T21:35:21","guid":{"rendered":"https:\/\/www.varesenews.it\/?p=792882"},"modified":"2019-02-10T22:39:25","modified_gmt":"2019-02-10T21:39:25","slug":"purtroppo-ai-sinti-non-fracassato-cranio","status":"publish","type":"post","link":"https:\/\/staging.varesenews.it\/2019\/02\/purtroppo-ai-sinti-non-fracassato-cranio\/792882\/","title":{"rendered":"&#8220;Purtroppo ai sinti non hanno fracassato il cranio&#8221;"},"content":{"rendered":"<p>\u00abPurtroppo non spuntano oggetti a fracassare i loro sudici crani e lasciarli stesi al sole\u00bb. L&#8217;auspicio di una violenza mortale contro i sinti di <a href=\"https:\/\/it.wikipedia.org\/wiki\/Gallarate\" target=\"_blank\" rel=\"noopener\">Gallarate<\/a> \u00e8 solo uno dei post che <strong>hanno fatto saltare l&#8217;intervento<\/strong> del <strong>professor Stefano Doroni<\/strong>, che l&#8217;amministrazione comunale di <strong>Pisa<\/strong> aveva scelto come studioso per introdurre il Giorno del Ricordo.<\/p>\n<p>Il caso ha creato molta polemica nella citt\u00e0 sull&#8217;Arno, dove forte \u00e8 la conflittualit\u00e0 tra centrodestra e centrosinistra. Il commento sui sinti di Gallarate \u00e8 solo uno dei post di Doroni, professore di scuola superiore, scrittore e amico dell&#8217;assessore alla cultura<strong> Andrea Buscemi<\/strong>. A recuperare i post Facebook di Doroni \u00e8 stata la lista di sinistra <a href=\"https:\/\/www.facebook.com\/unacittaincomunepisa\/\" target=\"_blank\" rel=\"noopener\">&#8220;Una citt\u00e0 in comune&#8221;<\/a>, che ha selezionato una collezione di post in cui compare anche la definizione di <strong>\u00abscimmia berciante\u00bb rivolta a Cecile Kyenge<\/strong>, accanto a insulti all&#8217;Anpi (\u00abun bubbone\u00bb) e ai \u00absinistronzi\u00bb, con scarsa variet\u00e0 di scelta degli insulti, nel torpiloquio.<\/p>\n<p>Alla fine l&#8217;assessore Buscemi ha preso le distanze e il professor Doroni si \u00e8 dato \u00a0per \u00abindisposto\u00bb &#8211; per usare termini da scuola superiore &#8211; e quindi ha<a href=\"https:\/\/www.controradio.it\/pisa-foibe-rimandato-appuntamento-dopo-polemiche\/\" target=\"_blank\" rel=\"noopener\"> saltato<\/a> la celebrazione del Giorno del ricordo a Palazzo Gambacorti. Lo stesso sindaco leghista ha definito \u00abinaccettabili\u00bb le parole del professore.<\/p>\n<p>Il post sui sinti di Doroni su Gallarate rilanciava un contributo su Facebook della milanese Silvia Sardone, sulla protesta (con momenti violenti) del 31 dicembre a Gallarate. Un piccolo caso che conferma\u00a0come il caso gallaratese sia diventata battaglia simbolica della destra, conosciuta a livello nazionale.<\/p>\n<p>&nbsp;<\/p>\n","protected":false},"excerpt":{"rendered":"<p>Era l&#8217;auspicio del relatore del Giorno del Ricordo a Pisa: insieme ad altri post ha creato un caso nella giornata del 10 febbraio sulle sponde dell&#8217;Arno<\/p>\n","protected":false},"author":46,"featured_media":0,"comment_status":"open","ping_status":"open","sticky":false,"template":"","format":"standard","meta":{"footnotes":""},"categories":[3],"tags":[88088,273],"acf":[],"yoast_head":"<!-- This site is optimized with the Yoast SEO plugin v20.1 - https:\/\/yoast.com\/wordpress\/plugins\/seo\/ -->\n<title>&quot;Purtroppo ai sinti non hanno fracassato il cranio&quot;<\/title>\n<meta name=\"description\" content=\"Era l&#039;auspicio del relatore del Giorno del Ricordo a Pisa: insieme ad altri post ha creato un caso nella giornata del 10 febbraio sulle sponde dell&#039;Arno\" \/>\n<meta name=\"robots\" content=\"noindex, follow, max-snippet:-1, max-image-preview:large, max-video-preview:-1\" \/>\n<meta property=\"og:locale\" content=\"it_IT\" \/>\n<meta property=\"og:type\" content=\"article\" \/>\n<meta property=\"og:title\" content=\"&quot;Purtroppo ai sinti non hanno fracassato il cranio&quot;\" \/>\n<meta property=\"og:description\" content=\"Era l&#039;auspicio del relatore del Giorno del Ricordo a Pisa: insieme ad altri post ha creato un caso nella giornata del 10 febbraio sulle sponde dell&#039;Arno\" \/>\n<meta property=\"og:url\" content=\"https:\/\/staging.varesenews.it\/2019\/02\/purtroppo-ai-sinti-non-fracassato-cranio\/792882\/\" \/>\n<meta property=\"og:site_name\" content=\"VareseNews\" \/>\n<meta property=\"article:publisher\" content=\"https:\/\/www.facebook.com\/varesenews\" \/>\n<meta property=\"article:published_time\" content=\"2019-02-10T21:35:21+00:00\" \/>\n<meta property=\"article:modified_time\" content=\"2019-02-10T21:39:25+00:00\" \/>\n<meta name=\"author\" content=\"Roberto Morandi\" \/>\n<meta name=\"twitter:card\" content=\"summary_large_image\" \/>\n<meta name=\"twitter:creator\" content=\"@ilmorands\" \/>\n<meta name=\"twitter:site\" content=\"@varesenews\" \/>\n<meta name=\"twitter:label1\" content=\"Scritto da\" \/>\n\t<meta name=\"twitter:data1\" content=\"Roberto Morandi\" \/>\n\t<meta name=\"twitter:label2\" content=\"Tempo di lettura stimato\" \/>\n\t<meta name=\"twitter:data2\" content=\"1 minuto\" \/>\n<script type=\"application\/ld+json\" class=\"yoast-schema-graph\">{\"@context\":\"https:\/\/schema.org\",\"@graph\":[{\"@type\":\"WebPage\",\"@id\":\"https:\/\/staging.varesenews.it\/2019\/02\/purtroppo-ai-sinti-non-fracassato-cranio\/792882\/\",\"url\":\"https:\/\/staging.varesenews.it\/2019\/02\/purtroppo-ai-sinti-non-fracassato-cranio\/792882\/\",\"name\":\"\\\"Purtroppo ai sinti non hanno fracassato il cranio\\\"\",\"isPartOf\":{\"@id\":\"https:\/\/staging.varesenews.it\/#website\"},\"datePublished\":\"2019-02-10T21:35:21+00:00\",\"dateModified\":\"2019-02-10T21:39:25+00:00\",\"author\":{\"@id\":\"https:\/\/staging.varesenews.it\/#\/schema\/person\/efe592ae4c76536b551f89d8b6674bc3\"},\"description\":\"Era l'auspicio del relatore del Giorno del Ricordo a Pisa: insieme ad altri post ha creato un caso nella giornata del 10 febbraio sulle sponde dell'Arno\",\"breadcrumb\":{\"@id\":\"https:\/\/staging.varesenews.it\/2019\/02\/purtroppo-ai-sinti-non-fracassato-cranio\/792882\/#breadcrumb\"},\"inLanguage\":\"it-IT\",\"potentialAction\":[{\"@type\":\"ReadAction\",\"target\":[\"https:\/\/staging.varesenews.it\/2019\/02\/purtroppo-ai-sinti-non-fracassato-cranio\/792882\/\"]}]},{\"@type\":\"BreadcrumbList\",\"@id\":\"https:\/\/staging.varesenews.it\/2019\/02\/purtroppo-ai-sinti-non-fracassato-cranio\/792882\/#breadcrumb\",\"itemListElement\":[{\"@type\":\"ListItem\",\"position\":1,\"name\":\"Home\",\"item\":\"https:\/\/www.varesenews.it\/\"},{\"@type\":\"ListItem\",\"position\":2,\"name\":\"&#8220;Purtroppo ai sinti non hanno fracassato il cranio&#8221;\"}]},{\"@type\":\"WebSite\",\"@id\":\"https:\/\/staging.varesenews.it\/#website\",\"url\":\"https:\/\/staging.varesenews.it\/\",\"name\":\"VareseNews\",\"description\":\"\",\"potentialAction\":[{\"@type\":\"SearchAction\",\"target\":{\"@type\":\"EntryPoint\",\"urlTemplate\":\"https:\/\/staging.varesenews.it\/?s={search_term_string}\"},\"query-input\":\"required name=search_term_string\"}],\"inLanguage\":\"it-IT\"},{\"@type\":\"Person\",\"@id\":\"https:\/\/staging.varesenews.it\/#\/schema\/person\/efe592ae4c76536b551f89d8b6674bc3\",\"name\":\"Roberto Morandi\",\"image\":{\"@type\":\"ImageObject\",\"inLanguage\":\"it-IT\",\"@id\":\"https:\/\/staging.varesenews.it\/#\/schema\/person\/image\/\",\"url\":\"https:\/\/staging.varesenews.it\/wp-content\/uploads\/2020\/12\/roberto_morandi_colori_500.jpg\",\"contentUrl\":\"https:\/\/staging.varesenews.it\/wp-content\/uploads\/2020\/12\/roberto_morandi_colori_500.jpg\",\"caption\":\"Roberto Morandi\"},\"description\":\"Classe 1980, laureato in storia, mi occupo dell&rsquo;area di Gallarate e di Malpensa, di trasporti e mobilit&agrave;. Amo molto la dimensione della citt&agrave;, come luogo d&rsquo;incontro di persone diverse e come organismo che si trasforma costantemente. Mi piace anche raccontare le piccole e grandi vicende, anche locali, che compongono la Storia con la S maiuscola. Appassionato di bicicletta: la macchina perfetta per muoversi in citt&agrave; e per viaggiare.\",\"sameAs\":[\"https:\/\/twitter.com\/ilmorands\"],\"url\":\"https:\/\/staging.varesenews.it\/persona\/roberto-morandi1\/\"}]}<\/script>\n<!-- \/ Yoast SEO plugin. -->","yoast_head_json":{"title":"\"Purtroppo ai sinti non hanno fracassato il cranio\"","description":"Era l'auspicio del relatore del Giorno del Ricordo a Pisa: insieme ad altri post ha creato un caso nella giornata del 10 febbraio sulle sponde dell'Arno","robots":{"index":"noindex","follow":"follow","max-snippet":"max-snippet:-1","max-image-preview":"max-image-preview:large","max-video-preview":"max-video-preview:-1"},"og_locale":"it_IT","og_type":"article","og_title":"\"Purtroppo ai sinti non hanno fracassato il cranio\"","og_description":"Era l'auspicio del relatore del Giorno del Ricordo a Pisa: insieme ad altri post ha creato un caso nella giornata del 10 febbraio sulle sponde dell'Arno","og_url":"https:\/\/staging.varesenews.it\/2019\/02\/purtroppo-ai-sinti-non-fracassato-cranio\/792882\/","og_site_name":"VareseNews","article_publisher":"https:\/\/www.facebook.com\/varesenews","article_published_time":"2019-02-10T21:35:21+00:00","article_modified_time":"2019-02-10T21:39:25+00:00","author":"Roberto Morandi","twitter_card":"summary_large_image","twitter_creator":"@ilmorands","twitter_site":"@varesenews","twitter_misc":{"Scritto da":"Roberto Morandi","Tempo di lettura stimato":"1 minuto"},"schema":{"@context":"https:\/\/schema.org","@graph":[{"@type":"WebPage","@id":"https:\/\/staging.varesenews.it\/2019\/02\/purtroppo-ai-sinti-non-fracassato-cranio\/792882\/","url":"https:\/\/staging.varesenews.it\/2019\/02\/purtroppo-ai-sinti-non-fracassato-cranio\/792882\/","name":"\"Purtroppo ai sinti non hanno fracassato il cranio\"","isPartOf":{"@id":"https:\/\/staging.varesenews.it\/#website"},"datePublished":"2019-02-10T21:35:21+00:00","dateModified":"2019-02-10T21:39:25+00:00","author":{"@id":"https:\/\/staging.varesenews.it\/#\/schema\/person\/efe592ae4c76536b551f89d8b6674bc3"},"description":"Era l'auspicio del relatore del Giorno del Ricordo a Pisa: insieme ad altri post ha creato un caso nella giornata del 10 febbraio sulle sponde dell'Arno","breadcrumb":{"@id":"https:\/\/staging.varesenews.it\/2019\/02\/purtroppo-ai-sinti-non-fracassato-cranio\/792882\/#breadcrumb"},"inLanguage":"it-IT","potentialAction":[{"@type":"ReadAction","target":["https:\/\/staging.varesenews.it\/2019\/02\/purtroppo-ai-sinti-non-fracassato-cranio\/792882\/"]}]},{"@type":"BreadcrumbList","@id":"https:\/\/staging.varesenews.it\/2019\/02\/purtroppo-ai-sinti-non-fracassato-cranio\/792882\/#breadcrumb","itemListElement":[{"@type":"ListItem","position":1,"name":"Home","item":"https:\/\/www.varesenews.it\/"},{"@type":"ListItem","position":2,"name":"&#8220;Purtroppo ai sinti non hanno fracassato il cranio&#8221;"}]},{"@type":"WebSite","@id":"https:\/\/staging.varesenews.it\/#website","url":"https:\/\/staging.varesenews.it\/","name":"VareseNews","description":"","potentialAction":[{"@type":"SearchAction","target":{"@type":"EntryPoint","urlTemplate":"https:\/\/staging.varesenews.it\/?s={search_term_string}"},"query-input":"required name=search_term_string"}],"inLanguage":"it-IT"},{"@type":"Person","@id":"https:\/\/staging.varesenews.it\/#\/schema\/person\/efe592ae4c76536b551f89d8b6674bc3","name":"Roberto Morandi","image":{"@type":"ImageObject","inLanguage":"it-IT","@id":"https:\/\/staging.varesenews.it\/#\/schema\/person\/image\/","url":"https:\/\/staging.varesenews.it\/wp-content\/uploads\/2020\/12\/roberto_morandi_colori_500.jpg","contentUrl":"https:\/\/staging.varesenews.it\/wp-content\/uploads\/2020\/12\/roberto_morandi_colori_500.jpg","caption":"Roberto Morandi"},"description":"Classe 1980, laureato in storia, mi occupo dell&rsquo;area di Gallarate e di Malpensa, di trasporti e mobilit&agrave;. Amo molto la dimensione della citt&agrave;, come luogo d&rsquo;incontro di persone diverse e come organismo che si trasforma costantemente. Mi piace anche raccontare le piccole e grandi vicende, anche locali, che compongono la Storia con la S maiuscola. Appassionato di bicicletta: la macchina perfetta per muoversi in citt&agrave; e per viaggiare.","sameAs":["https:\/\/twitter.com\/ilmorands"],"url":"https:\/\/staging.varesenews.it\/persona\/roberto-morandi1\/"}]}},"post_meta":{"_edit_lock":"1549841180:46","_edit_last":"46","_category_permalink":"a:1:{s:8:\"category\";s:1:\"3\";}","ratings_users":"0","ratings_score":"0","ratings_average":"0","foto":"721991","argomento":"Gallarate-Pisa","_yoast_wpseo_content_score":"30","_jd_tweet_this":"yes","_wpt_short_url":"https:\/\/www.varesenews.it\/2019\/02\/purtroppo-ai-sinti-non-fracassato-cranio\/792882\/","_wp_jd_target":"https:\/\/www.varesenews.it\/2019\/02\/purtroppo-ai-sinti-non-fracassato-cranio\/792882\/","_jd_wp_twitter":"a:1:{i:0;s:157:\"\u201cPurtroppo ai sinti non hanno fracassato il cranio\u201d https:\/\/www.varesenews.it\/2019\/02\/purtroppo-ai-sinti-non-fracassato-cranio\/792882\/ #camposinti #sinti\";}","_wpt_status_message":"Tweet inviato con successo.","id_leggi_anche":"795808"},"photos":[{"original":"https:\/\/staging.varesenews.it\/photogallery_new\/images\/2019\/02\/gallarate-generico-721991.jpg","full":"https:\/\/staging.varesenews.it\/photogallery_new\/images\/2019\/02\/gallarate-generico-721991.1024x768.jpg","large":"https:\/\/staging.varesenews.it\/photogallery_new\/images\/2019\/02\/gallarate-generico-721991.610x431.jpg"}],"_links":{"self":[{"href":"https:\/\/staging.varesenews.it\/swgapi\/v1\/wp\/v2\/posts\/792882"}],"collection":[{"href":"https:\/\/staging.varesenews.it\/swgapi\/v1\/wp\/v2\/posts"}],"about":[{"href":"https:\/\/staging.varesenews.it\/swgapi\/v1\/wp\/v2\/types\/post"}],"author":[{"embeddable":true,"href":"https:\/\/staging.varesenews.it\/swgapi\/v1\/wp\/v2\/users\/46"}],"replies":[{"embeddable":true,"href":"https:\/\/staging.varesenews.it\/swgapi\/v1\/wp\/v2\/comments?post=792882"}],"version-history":[{"count":0,"href":"https:\/\/staging.varesenews.it\/swgapi\/v1\/wp\/v2\/posts\/792882\/revisions"}],"wp:attachment":[{"href":"https:\/\/staging.varesenews.it\/swgapi\/v1\/wp\/v2\/media?parent=792882"}],"wp:term":[{"taxonomy":"category","embeddable":true,"href":"https:\/\/staging.varesenews.it\/swgapi\/v1\/wp\/v2\/categories?post=792882"},{"taxonomy":"post_tag","embeddable":true,"href":"https:\/\/staging.varesenews.it\/swgapi\/v1\/wp\/v2\/tags?post=792882"}],"curies":[{"name":"wp","href":"https:\/\/api.w.org\/{rel}","templated":true}]}}