{"id":793176,"date":"2019-02-11T17:48:38","date_gmt":"2019-02-11T16:48:38","guid":{"rendered":"https:\/\/www.varesenews.it\/?p=793176"},"modified":"2019-02-11T17:50:43","modified_gmt":"2019-02-11T16:50:43","slug":"5-stelle-vendiamo-le-quote-accam","status":"publish","type":"post","link":"https:\/\/staging.varesenews.it\/2019\/02\/5-stelle-vendiamo-le-quote-accam\/793176\/","title":{"rendered":"I 5 Stelle: &#8220;Vendiamo le quote di Accam&#8221;"},"content":{"rendered":"<p><strong>Consiglio comunale<\/strong> un po\u2019 pi\u00f9 tecnico del solito quello che si \u00e8 svolto sabato mattina in municipio, a <strong>Marnate<\/strong>. Si \u00e8 parlato di <strong>Pgt<\/strong> con l&#8217;adozione delle varianti ai piani delle regole ma si \u00e8 anche tornati a discutere di <strong>Accam<\/strong> con i <strong>5 Stelle<\/strong> che hanno chiesto all&#8217;amministrazione di vendere le quote della societ\u00e0, sulla scia di quanto stanno facendo altre amministrazioni che fanno parte della compagine societaria.<\/p>\n<p>Primo punto all\u2019ordine del giorno \u00e8 stato infatti adottare delle varianti ai piani delle regole e dei servizi del PGT: con il supporto dell\u2019architetto dell\u2019ufficio tecnico <strong>Roberto Ferioli<\/strong>, si sono derubricate le rettifiche fatte al precedente documento per errori tecnici o vere e proprie variazioni puntuali per aggiornarsi a normative pi\u00f9 recenti. Tra le altre cose si \u00e8 andati a dare la possibilit\u00e0 ad edificare sui confini di propriet\u00e0 (previo accordo con il vicino) e di inserire l\u2019artigianato di servizio nel tessuto urbano, adeguandosi con le norme europee e nazionali gi\u00e0 precedentemente approvate in sede di Consiglio.<\/p>\n<p>A seguire l\u2019ormai gi\u00e0 <strong>consolidato screzio tra maggioranza e opposizione su Accam<\/strong>. Le perplessit\u00e0 dei consiglieri Fernando Morandi i e Tatiana Spirito si esprimono nell\u2019incertezza sul futuro dell\u2019azienda, suggerendo l\u2019ipotesi di lasciare il consorzio che ne regge le sorti. Per rispondere il consigliere <strong>Celestino Cerana<\/strong> ricorda le responsabilit\u00e0 del Comune davanti agli impegni presi e l\u2019ottimo servizio svolto a basse emissioni ambientali.<\/p>\n<p>Approvate infine le variazioni all\u2019imposta unica comunale, di particolare interesse i <strong>70mila euro erogati dallo Stato per la messa in sicurezza del patrimonio comunale<\/strong>, che saranno utilizzati entro maggio per rimettere in sesto strade e effettuare alcuni interventi anti-incendio in strutture pubbliche.<\/p>\n","protected":false},"excerpt":{"rendered":"<p>La proposta della consigliera Sprito, con l&#8217;appoggio di Fernando Morandi, in consiglio comunale. Cerana: &#8220;Non lo faremo per senso di responsabilit\u00e0 e perch\u00e8 funziona&#8221;<\/p>\n","protected":false},"author":47,"featured_media":0,"comment_status":"open","ping_status":"open","sticky":false,"template":"","format":"standard","meta":{"footnotes":""},"categories":[4],"tags":[66327,93940],"acf":[],"yoast_head":"<!-- This site is optimized with the Yoast SEO plugin v20.1 - https:\/\/yoast.com\/wordpress\/plugins\/seo\/ -->\n<title>I 5 Stelle: &quot;Vendiamo le quote di Accam&quot;<\/title>\n<meta name=\"description\" content=\"La proposta della consigliera Sprito, con l&#039;appoggio di Fernando Morandi, in consiglio comunale. Cerana: &quot;Non lo faremo per senso di responsabilit\u00e0 e perch\u00e8 funziona&quot;\" \/>\n<meta name=\"robots\" content=\"noindex, follow, max-snippet:-1, max-image-preview:large, max-video-preview:-1\" \/>\n<meta property=\"og:locale\" content=\"it_IT\" \/>\n<meta property=\"og:type\" content=\"article\" \/>\n<meta property=\"og:title\" content=\"I 5 Stelle: &quot;Vendiamo le quote di Accam&quot;\" \/>\n<meta property=\"og:description\" content=\"La proposta della consigliera Sprito, con l&#039;appoggio di Fernando Morandi, in consiglio comunale. Cerana: &quot;Non lo faremo per senso di responsabilit\u00e0 e perch\u00e8 funziona&quot;\" \/>\n<meta property=\"og:url\" content=\"https:\/\/staging.varesenews.it\/2019\/02\/5-stelle-vendiamo-le-quote-accam\/793176\/\" \/>\n<meta property=\"og:site_name\" content=\"VareseNews\" \/>\n<meta property=\"article:publisher\" content=\"https:\/\/www.facebook.com\/varesenews\" \/>\n<meta property=\"article:published_time\" content=\"2019-02-11T16:48:38+00:00\" \/>\n<meta property=\"article:modified_time\" content=\"2019-02-11T16:50:43+00:00\" \/>\n<meta name=\"author\" content=\"Orlando Mastrillo\" \/>\n<meta name=\"twitter:card\" content=\"summary_large_image\" \/>\n<meta name=\"twitter:creator\" content=\"@nando_mastrillo\" \/>\n<meta name=\"twitter:site\" content=\"@varesenews\" \/>\n<meta name=\"twitter:label1\" content=\"Scritto da\" \/>\n\t<meta name=\"twitter:data1\" content=\"Orlando Mastrillo\" \/>\n\t<meta name=\"twitter:label2\" content=\"Tempo di lettura stimato\" \/>\n\t<meta name=\"twitter:data2\" content=\"1 minuto\" \/>\n<script type=\"application\/ld+json\" class=\"yoast-schema-graph\">{\"@context\":\"https:\/\/schema.org\",\"@graph\":[{\"@type\":\"WebPage\",\"@id\":\"https:\/\/staging.varesenews.it\/2019\/02\/5-stelle-vendiamo-le-quote-accam\/793176\/\",\"url\":\"https:\/\/staging.varesenews.it\/2019\/02\/5-stelle-vendiamo-le-quote-accam\/793176\/\",\"name\":\"I 5 Stelle: \\\"Vendiamo le quote di Accam\\\"\",\"isPartOf\":{\"@id\":\"https:\/\/staging.varesenews.it\/#website\"},\"datePublished\":\"2019-02-11T16:48:38+00:00\",\"dateModified\":\"2019-02-11T16:50:43+00:00\",\"author\":{\"@id\":\"https:\/\/staging.varesenews.it\/#\/schema\/person\/14c47ccce537a9058dddce296f10b296\"},\"description\":\"La proposta della consigliera Sprito, con l'appoggio di Fernando Morandi, in consiglio comunale. Cerana: \\\"Non lo faremo per senso di responsabilit\u00e0 e perch\u00e8 funziona\\\"\",\"breadcrumb\":{\"@id\":\"https:\/\/staging.varesenews.it\/2019\/02\/5-stelle-vendiamo-le-quote-accam\/793176\/#breadcrumb\"},\"inLanguage\":\"it-IT\",\"potentialAction\":[{\"@type\":\"ReadAction\",\"target\":[\"https:\/\/staging.varesenews.it\/2019\/02\/5-stelle-vendiamo-le-quote-accam\/793176\/\"]}]},{\"@type\":\"BreadcrumbList\",\"@id\":\"https:\/\/staging.varesenews.it\/2019\/02\/5-stelle-vendiamo-le-quote-accam\/793176\/#breadcrumb\",\"itemListElement\":[{\"@type\":\"ListItem\",\"position\":1,\"name\":\"Home\",\"item\":\"https:\/\/www.varesenews.it\/\"},{\"@type\":\"ListItem\",\"position\":2,\"name\":\"I 5 Stelle: &#8220;Vendiamo le quote di Accam&#8221;\"}]},{\"@type\":\"WebSite\",\"@id\":\"https:\/\/staging.varesenews.it\/#website\",\"url\":\"https:\/\/staging.varesenews.it\/\",\"name\":\"VareseNews\",\"description\":\"\",\"potentialAction\":[{\"@type\":\"SearchAction\",\"target\":{\"@type\":\"EntryPoint\",\"urlTemplate\":\"https:\/\/staging.varesenews.it\/?s={search_term_string}\"},\"query-input\":\"required name=search_term_string\"}],\"inLanguage\":\"it-IT\"},{\"@type\":\"Person\",\"@id\":\"https:\/\/staging.varesenews.it\/#\/schema\/person\/14c47ccce537a9058dddce296f10b296\",\"name\":\"Orlando Mastrillo\",\"image\":{\"@type\":\"ImageObject\",\"inLanguage\":\"it-IT\",\"@id\":\"https:\/\/staging.varesenews.it\/#\/schema\/person\/image\/\",\"url\":\"https:\/\/staging.varesenews.it\/wp-content\/uploads\/2020\/12\/orlando_mastrillo_colori_500.jpg\",\"contentUrl\":\"https:\/\/staging.varesenews.it\/wp-content\/uploads\/2020\/12\/orlando_mastrillo_colori_500.jpg\",\"caption\":\"Orlando Mastrillo\"},\"description\":\"Nasco a Luino nel 1981, ho iniziato questo lavoro nell'estate del 2003 nella redazione de Il Giorno di Varese e dall'anno successivo ho intrapreso la collaborazione con VareseNews. Dopo anni nell'Alto Varesotto mi sono trasferito a Busto Arsizio nel 2007, territorio che ho iniziato a seguire e che seguo tutt'oggi. Nel 2013 sono diventato giornalista professionista. Mi occupo di cronaca politica, giudiziaria e nera in una vasta area che comprende anche parte della Valle Olona e il Legnanese. Sono sposato con Valeria Arini e ho due splendide figlie.\",\"sameAs\":[\"or_ma\",\"https:\/\/twitter.com\/nando_mastrillo\"],\"url\":\"https:\/\/staging.varesenews.it\/persona\/orlando-mastrillo1\/\"}]}<\/script>\n<!-- \/ Yoast SEO plugin. -->","yoast_head_json":{"title":"I 5 Stelle: \"Vendiamo le quote di Accam\"","description":"La proposta della consigliera Sprito, con l'appoggio di Fernando Morandi, in consiglio comunale. Cerana: \"Non lo faremo per senso di responsabilit\u00e0 e perch\u00e8 funziona\"","robots":{"index":"noindex","follow":"follow","max-snippet":"max-snippet:-1","max-image-preview":"max-image-preview:large","max-video-preview":"max-video-preview:-1"},"og_locale":"it_IT","og_type":"article","og_title":"I 5 Stelle: \"Vendiamo le quote di Accam\"","og_description":"La proposta della consigliera Sprito, con l'appoggio di Fernando Morandi, in consiglio comunale. Cerana: \"Non lo faremo per senso di responsabilit\u00e0 e perch\u00e8 funziona\"","og_url":"https:\/\/staging.varesenews.it\/2019\/02\/5-stelle-vendiamo-le-quote-accam\/793176\/","og_site_name":"VareseNews","article_publisher":"https:\/\/www.facebook.com\/varesenews","article_published_time":"2019-02-11T16:48:38+00:00","article_modified_time":"2019-02-11T16:50:43+00:00","author":"Orlando Mastrillo","twitter_card":"summary_large_image","twitter_creator":"@nando_mastrillo","twitter_site":"@varesenews","twitter_misc":{"Scritto da":"Orlando Mastrillo","Tempo di lettura stimato":"1 minuto"},"schema":{"@context":"https:\/\/schema.org","@graph":[{"@type":"WebPage","@id":"https:\/\/staging.varesenews.it\/2019\/02\/5-stelle-vendiamo-le-quote-accam\/793176\/","url":"https:\/\/staging.varesenews.it\/2019\/02\/5-stelle-vendiamo-le-quote-accam\/793176\/","name":"I 5 Stelle: \"Vendiamo le quote di Accam\"","isPartOf":{"@id":"https:\/\/staging.varesenews.it\/#website"},"datePublished":"2019-02-11T16:48:38+00:00","dateModified":"2019-02-11T16:50:43+00:00","author":{"@id":"https:\/\/staging.varesenews.it\/#\/schema\/person\/14c47ccce537a9058dddce296f10b296"},"description":"La proposta della consigliera Sprito, con l'appoggio di Fernando Morandi, in consiglio comunale. Cerana: \"Non lo faremo per senso di responsabilit\u00e0 e perch\u00e8 funziona\"","breadcrumb":{"@id":"https:\/\/staging.varesenews.it\/2019\/02\/5-stelle-vendiamo-le-quote-accam\/793176\/#breadcrumb"},"inLanguage":"it-IT","potentialAction":[{"@type":"ReadAction","target":["https:\/\/staging.varesenews.it\/2019\/02\/5-stelle-vendiamo-le-quote-accam\/793176\/"]}]},{"@type":"BreadcrumbList","@id":"https:\/\/staging.varesenews.it\/2019\/02\/5-stelle-vendiamo-le-quote-accam\/793176\/#breadcrumb","itemListElement":[{"@type":"ListItem","position":1,"name":"Home","item":"https:\/\/www.varesenews.it\/"},{"@type":"ListItem","position":2,"name":"I 5 Stelle: &#8220;Vendiamo le quote di Accam&#8221;"}]},{"@type":"WebSite","@id":"https:\/\/staging.varesenews.it\/#website","url":"https:\/\/staging.varesenews.it\/","name":"VareseNews","description":"","potentialAction":[{"@type":"SearchAction","target":{"@type":"EntryPoint","urlTemplate":"https:\/\/staging.varesenews.it\/?s={search_term_string}"},"query-input":"required name=search_term_string"}],"inLanguage":"it-IT"},{"@type":"Person","@id":"https:\/\/staging.varesenews.it\/#\/schema\/person\/14c47ccce537a9058dddce296f10b296","name":"Orlando Mastrillo","image":{"@type":"ImageObject","inLanguage":"it-IT","@id":"https:\/\/staging.varesenews.it\/#\/schema\/person\/image\/","url":"https:\/\/staging.varesenews.it\/wp-content\/uploads\/2020\/12\/orlando_mastrillo_colori_500.jpg","contentUrl":"https:\/\/staging.varesenews.it\/wp-content\/uploads\/2020\/12\/orlando_mastrillo_colori_500.jpg","caption":"Orlando Mastrillo"},"description":"Nasco a Luino nel 1981, ho iniziato questo lavoro nell'estate del 2003 nella redazione de Il Giorno di Varese e dall'anno successivo ho intrapreso la collaborazione con VareseNews. Dopo anni nell'Alto Varesotto mi sono trasferito a Busto Arsizio nel 2007, territorio che ho iniziato a seguire e che seguo tutt'oggi. Nel 2013 sono diventato giornalista professionista. Mi occupo di cronaca politica, giudiziaria e nera in una vasta area che comprende anche parte della Valle Olona e il Legnanese. Sono sposato con Valeria Arini e ho due splendide figlie.","sameAs":["or_ma","https:\/\/twitter.com\/nando_mastrillo"],"url":"https:\/\/staging.varesenews.it\/persona\/orlando-mastrillo1\/"}]}},"post_meta":{"_edit_lock":"1549904009:47","_edit_last":"47","_category_permalink":"a:1:{s:8:\"category\";s:0:\"\";}","ratings_users":"0","ratings_score":"0","ratings_average":"0","foto":"704575","argomento":"Marnate","_yoast_wpseo_content_score":"30","_jd_tweet_this":"yes","_wpt_short_url":"https:\/\/www.varesenews.it\/2019\/02\/5-stelle-vendiamo-le-quote-accam\/793176\/","_wp_jd_target":"https:\/\/www.varesenews.it\/2019\/02\/5-stelle-vendiamo-le-quote-accam\/793176\/","_jd_wp_twitter":"a:1:{i:0;s:120:\"I 5 Stelle: \u201cVendiamo le quote di Accam\u201d https:\/\/www.varesenews.it\/2019\/02\/5-stelle-vendiamo-le-quote-accam\/793176\/ \";}","_wpt_status_message":"Tweet inviato con successo.","firma-personalizzata":"Francesco Castiglioni","_yoast_wpseo_focuskw_text_input":"accam","_yoast_wpseo_focuskw":"accam","_yoast_wpseo_linkdex":"62"},"photos":[{"original":"https:\/\/staging.varesenews.it\/photogallery_new\/images\/2018\/10\/consiglio-comunale-marnate-704575.jpg","full":"https:\/\/staging.varesenews.it\/photogallery_new\/images\/2018\/10\/consiglio-comunale-marnate-704575.1024x768.jpg","large":"https:\/\/staging.varesenews.it\/photogallery_new\/images\/2018\/10\/consiglio-comunale-marnate-704575.610x431.jpg"}],"_links":{"self":[{"href":"https:\/\/staging.varesenews.it\/swgapi\/v1\/wp\/v2\/posts\/793176"}],"collection":[{"href":"https:\/\/staging.varesenews.it\/swgapi\/v1\/wp\/v2\/posts"}],"about":[{"href":"https:\/\/staging.varesenews.it\/swgapi\/v1\/wp\/v2\/types\/post"}],"author":[{"embeddable":true,"href":"https:\/\/staging.varesenews.it\/swgapi\/v1\/wp\/v2\/users\/47"}],"replies":[{"embeddable":true,"href":"https:\/\/staging.varesenews.it\/swgapi\/v1\/wp\/v2\/comments?post=793176"}],"version-history":[{"count":0,"href":"https:\/\/staging.varesenews.it\/swgapi\/v1\/wp\/v2\/posts\/793176\/revisions"}],"wp:attachment":[{"href":"https:\/\/staging.varesenews.it\/swgapi\/v1\/wp\/v2\/media?parent=793176"}],"wp:term":[{"taxonomy":"category","embeddable":true,"href":"https:\/\/staging.varesenews.it\/swgapi\/v1\/wp\/v2\/categories?post=793176"},{"taxonomy":"post_tag","embeddable":true,"href":"https:\/\/staging.varesenews.it\/swgapi\/v1\/wp\/v2\/tags?post=793176"}],"curies":[{"name":"wp","href":"https:\/\/api.w.org\/{rel}","templated":true}]}}