{"id":793609,"date":"2019-02-13T10:56:19","date_gmt":"2019-02-13T09:56:19","guid":{"rendered":"https:\/\/www.varesenews.it\/?p=793609"},"modified":"2019-02-13T17:18:30","modified_gmt":"2019-02-13T16:18:30","slug":"venturini-replica-fratus-cacciata-far-spazio-alla-lazzarini","status":"publish","type":"post","link":"https:\/\/staging.varesenews.it\/2019\/02\/venturini-replica-fratus-cacciata-far-spazio-alla-lazzarini\/793609\/","title":{"rendered":"Venturini replica a Fratus: &#8220;Cacciata per far spazio alla Lazzarini&#8221;"},"content":{"rendered":"<p>Mentre il sindaco ha completato il rimpasto di giunta nominando la consigliera leghista <strong>Daniela Laffusa allo Sport<\/strong> e<strong> Chiara Lazzarini alle opere pubbliche<\/strong> (nomine avvenute in sordina, senza comunicazioni ufficiali), l&#8217;assessore silurato senza troppi complimenti, Laura Venturini, ha scritto una lettera in cui chiarisce cosa \u00e8 accaduto nei giorni scorsi.<\/p>\n<blockquote><p>Con questa breve missiva mi trovo mio malgrado a dover replicare alle affermazioni del Sindaco Fratus relative alla revoca del mandato Assessorile dimostrando l\u2019infondatezza delle argomentazioni utilizzate per giustificare la mia uscita forzata da palazzo Malinverni, visto che quanto dichiarato non regge alla prova dei fatti realmente accaduti e qui di seguito riscontrabili.<\/p>\n<p>Venerd\u00ec 8 febbraio<strong> il Sindaco revoca le deleghe all\u2019Assessore alle Opere Pubbliche con motivazioni differenti rispetto a quelle registrate mercoled\u00ec 6 febbraio<\/strong> <a href=\"https:\/\/www.varesenews.it\/2019\/02\/giunta-fratus-colombo-cultura-venturini-opere-pubbliche-lasciano-lincarico\/792110\/\">nell\u2019apposita conferenza stampa tenutasi, diretta video, in sala Giunta<\/a>. In questa occasione, infatti, Fratus dichiara che il venir meno della fiducia nei confronti della sottoscritta fosse derivato da alcuni miei comportamenti tenuti qualche giorno prima: uscita dalla chat del gruppo di maggioranza e l\u2019aver disdetto due appuntamenti solo per indiscrezioni giornalistiche (Sic!).<\/p>\n<p>Il Primo Cittadino di Legnano nell\u2019atto di revoca assessorile, non trova per\u00f2 motivazioni proprie e al pari di uno scolaretto impreparato copia esattamente le frasi gi\u00e0 usate, in analoga circostanza, dal suo Collega del Comune di Rogolo \u201cConsiderato: &#8211; che in questo ultimo periodo, \u00e8 venuto meno il corretto rapporto collaborativo con il predetto Assessore e che tale circostanza ha, quindi, talora impedito il sereno raggiungimento degli obiettivi di programma di governo del Sindaco;- che, nonostante i diversi tentativi di conciliazione, il contrasto \u00e8 divenuto ingiustificabile e, di conseguenza, insostenibile; &#8211; che i fatti di cui sopra hanno oggettivamente determinato il venir meno del rapporto fiduciario tra delegante e delegato; &#8211; che \u00e8 quindi necessario eliminare detta situazione di conflittualit\u00e0, essendo la stessa ostacolo alla serena e compiuta prosecuzione dell&#8217;attivit\u00e0 di governo della Giunta Comunale\u201d, motivazioni che tra l\u2019altro resistettero al ricorso di cui alla sentenza n.01263 del TAR Milano, S.3 del 15\/05\/2014, dimostrando cos\u00ec di non avere argomenti propri.<\/p>\n<p>In questa circostanza il Sindaco di Legnano dimostra di poter essere un perfetto protagonista da commedia goldoniana: dalle dichiarazioni rilasciate da Fratus i problemi con la sottoscritta sarebbero emersi successivamente alla giunta del giorno 29 gennaio in quanto come da lui dichiarato \u201c\u2026 io non ho mai incontrato questa persona da marted\u00ec\u201d dimenticando per\u00f2 che nella mattinata di gioved\u00ec 31 gennaio ero con lui in ZTL per verificare dei lavori, con la presenza dei tecnici, e in tale occasione il Sindaco avrebbe potuto benissimo parlarmi, ma questo non \u00e8 avvenuto, anzi l\u2019incontro \u00e8 stato cordiale e collaborativo come sempre sino ad allora.<\/p>\n<p>Venerd\u00ec primo febbraio alle ore 14.30 sono stata convocata a palazzo Malinverni dal Vice Sindaco Cozzi, il quale, senza alcun convenevole e motivazione, mi ha chiesto di rassegnare le dimissioni; contrariamente, se non l\u2019avessi fatto, disse che avrebbe provveduto a far sottoscrivere\u00a0al Sindaco il decreto di revoca.<\/p>\n<p>Nell\u2019occasione dissi a Cozzi che avrei voluto un contraddittorio guardando negli occhi il Sindaco; gli<br \/>\ndissi che avrei lasciato la delega Assessorile solo se il Sindaco mi avesse revocato l\u2019incarico<br \/>\nricordandogli il fatto che, oltre a non essere mai venuta meno a miei impegni di Assessore, in soli<br \/>\n18 mesi ho portato avanti tutti i pi\u00f9 importanti obiettivi di mandato, approvando interventi, forse<br \/>\nnon da tutti condivisi, per oltre 23 milioni di euro (record storico per il Comune di Legnano).<\/p>\n<p>Infatti in occasione della conferenza stampa di fine anno la scrivente elenc\u00f2 gli interventi<br \/>\nfatti e quelli futuri gi\u00e0 programmati e il Sindaco, incontrando il presidente di Confindustria<br \/>\nLombardia e il presidente di Confindustria Alto Milanese per gli auguri di Natale, ribad\u00ec che: \u201cPer<br \/>\nogni mese di mandato abbiamo investito un milione di euro\u201d, di fatto lodando la scrivente.<br \/>\nPer completezza d\u2019informazione, comunico che la stessa richiesta di rassegnare le<br \/>\ndimissioni fatta da Cozzi il primo febbraio, mi era stata precedentemente anticipata da Chiara<br \/>\nLazzarini (nominata in data odierna dal Sindaco assessore ai Lavori Pubblici) alle ore 12 di marted\u00ec<br \/>\n29 gennaio: entrata per la prima volta nel mio ufficio a palazzo Malinverni, mi disse che la rinuncia<br \/>\nall\u2019incarico di assessore era un atto dovuto visto che il Sindaco aveva dato il benestare ad un suo<br \/>\nimminente ingresso in Giunta.<br \/>\nCome gli addetti ai lavori sapranno, la mia uscita da palazzo Malinverni, voluta dalla coppia<br \/>\nCozzi\/Lazzarini con la benedizione di Fratus, alla luce dei fatti \u00e8 risultata essere la naturale<br \/>\nconclusione di una manovra \u2013 di bieca politica nostrana autoreferenziale &#8211; che nulla ha a che<br \/>\nvedere con competenza e meritocrazia tanto che non ho mai avuto nessun richiamo e\/o<br \/>\nosservazione dai Direttivi Politici del mio Partito.<br \/>\nContinuando su quanto dichiarato dal Sindaco posso tranquillamente confermare che<br \/>\nsabato 2 febbraio alle ore 15,30 ci siamo sentiti telefonicamente in quanto lo stesso mi ha chiesto<br \/>\npersonalmente un incontro per il giorno di luned\u00ec 4 febbraio, appuntamento questo che sono stata<br \/>\ncostretta a rinviare per motivi personali.<br \/>\nIl giorno seguente mi sono presentata in Giunta, portando tra l\u2019altro una Delibera e a<br \/>\ndifferenza di quanto dichiarato da Fratus che \u201c\u2026 se non l\u2019avessi fermata io se ne sarebbe andata<br \/>\nsenza parlarmi\u201d posso dimostrare che non stavo scappando e in risposta al suo invito a restare ho<br \/>\ndetto \u201d&#8230; sono venuta apposta\u201d.<br \/>\nUltima precisazione riguardo a questa misera storia di provincia; la decisione di<br \/>\nuscire dalla chat (forse che WhatsApp sia divenuto un organo ufficiale?) \u00e8 avvenuta solo domenica<br \/>\n3 febbraio e il rinvio di appuntamenti precedentemente fissati a seguire, quale logica conseguenza<br \/>\nin attesa di un confronto con il Sindaco visto l\u2019articolo pubblicato sul quotidiano Il Giorno di sabato<br \/>\n2 febbraio e le dichiarazioni del giorno seguente dello stesso Fratus in cui dichiarava a<br \/>\nLegnanonews: \u201cIl rimpasto in Giunta ci sar\u00e0. Assumo io tutta questa responsabilit\u00e0, sempre per il<br \/>\nbene della citt\u00e0\u201d. &#8230; Gli esclusi? Secondo i beninformati, Franco Colombo e Laura Venturini.\u201d<br \/>\nEntrambe le affermazioni non sono mai state smentite dallo stesso Sindaco ed era solo domenica!<br \/>\nLascio con un meraviglioso ricordo della mission istituzionale che ho avuto l\u2019onore di<br \/>\nesercitare per circa un anno e mezzo: questa esperienza mi ha permesso di conoscere, da un<br \/>\npulpito privilegiato, l\u2019enorme potenziale e le vere problematiche della Citt\u00e0 in cui vivo.<br \/>\nIl mio impegno personale per Legnano e per i miei concittadini continuer\u00e0 per sempre.<\/p><\/blockquote>\n","protected":false},"excerpt":{"rendered":"<p>Laura Venturini spiega come sono andate le cose in merito alla decisione del sindaco Fratus di toglierle le deleghe di assessore alle Opere Pubbliche: &#8220;Mandata via per far spazio a Chiara Lazzarini, su richiesta di Cozzi&#8221;<\/p>\n","protected":false},"author":47,"featured_media":0,"comment_status":"open","ping_status":"open","sticky":false,"template":"","format":"standard","meta":{"footnotes":""},"categories":[4],"tags":[71334],"acf":[],"yoast_head":"<!-- This site is optimized with the Yoast SEO plugin v20.1 - https:\/\/yoast.com\/wordpress\/plugins\/seo\/ -->\n<title>Venturini replica a Fratus: &quot;Cacciata per far spazio alla Lazzarini&quot;<\/title>\n<meta name=\"description\" content=\"Laura Venturini spiega come sono andate le cose in merito alla decisione del sindaco Fratus di toglierle le deleghe di assessore alle Opere Pubbliche: &quot;Mandata via per far spazio a Chiara Lazzarini, su richiesta di Cozzi&quot;\" \/>\n<meta name=\"robots\" content=\"noindex, follow, max-snippet:-1, max-image-preview:large, max-video-preview:-1\" \/>\n<meta property=\"og:locale\" content=\"it_IT\" \/>\n<meta property=\"og:type\" content=\"article\" \/>\n<meta property=\"og:title\" content=\"Venturini replica a Fratus: &quot;Cacciata per far spazio alla Lazzarini&quot;\" \/>\n<meta property=\"og:description\" content=\"Laura Venturini spiega come sono andate le cose in merito alla decisione del sindaco Fratus di toglierle le deleghe di assessore alle Opere Pubbliche: &quot;Mandata via per far spazio a Chiara Lazzarini, su richiesta di Cozzi&quot;\" \/>\n<meta property=\"og:url\" content=\"https:\/\/www.varesenews.it\/2019\/02\/venturini-replica-fratus-cacciata-far-spazio-alla-lazzarini\/793609\/\" \/>\n<meta property=\"og:site_name\" content=\"VareseNews\" \/>\n<meta property=\"article:publisher\" content=\"https:\/\/www.facebook.com\/varesenews\" \/>\n<meta property=\"article:published_time\" content=\"2019-02-13T09:56:19+00:00\" \/>\n<meta property=\"article:modified_time\" content=\"2019-02-13T16:18:30+00:00\" \/>\n<meta name=\"author\" content=\"Orlando Mastrillo\" \/>\n<meta name=\"twitter:card\" content=\"summary_large_image\" \/>\n<meta name=\"twitter:creator\" content=\"@nando_mastrillo\" \/>\n<meta name=\"twitter:site\" content=\"@varesenews\" \/>\n<meta name=\"twitter:label1\" content=\"Scritto da\" \/>\n\t<meta name=\"twitter:data1\" content=\"Orlando Mastrillo\" \/>\n\t<meta name=\"twitter:label2\" content=\"Tempo di lettura stimato\" \/>\n\t<meta name=\"twitter:data2\" content=\"5 minuti\" \/>\n<script type=\"application\/ld+json\" class=\"yoast-schema-graph\">{\"@context\":\"https:\/\/schema.org\",\"@graph\":[{\"@type\":\"WebPage\",\"@id\":\"https:\/\/www.varesenews.it\/2019\/02\/venturini-replica-fratus-cacciata-far-spazio-alla-lazzarini\/793609\/\",\"url\":\"https:\/\/www.varesenews.it\/2019\/02\/venturini-replica-fratus-cacciata-far-spazio-alla-lazzarini\/793609\/\",\"name\":\"Venturini replica a Fratus: \\\"Cacciata per far spazio alla Lazzarini\\\"\",\"isPartOf\":{\"@id\":\"https:\/\/staging.varesenews.it\/#website\"},\"datePublished\":\"2019-02-13T09:56:19+00:00\",\"dateModified\":\"2019-02-13T16:18:30+00:00\",\"author\":{\"@id\":\"https:\/\/staging.varesenews.it\/#\/schema\/person\/14c47ccce537a9058dddce296f10b296\"},\"description\":\"Laura Venturini spiega come sono andate le cose in merito alla decisione del sindaco Fratus di toglierle le deleghe di assessore alle Opere Pubbliche: \\\"Mandata via per far spazio a Chiara Lazzarini, su richiesta di Cozzi\\\"\",\"breadcrumb\":{\"@id\":\"https:\/\/www.varesenews.it\/2019\/02\/venturini-replica-fratus-cacciata-far-spazio-alla-lazzarini\/793609\/#breadcrumb\"},\"inLanguage\":\"it-IT\",\"potentialAction\":[{\"@type\":\"ReadAction\",\"target\":[\"https:\/\/www.varesenews.it\/2019\/02\/venturini-replica-fratus-cacciata-far-spazio-alla-lazzarini\/793609\/\"]}]},{\"@type\":\"BreadcrumbList\",\"@id\":\"https:\/\/www.varesenews.it\/2019\/02\/venturini-replica-fratus-cacciata-far-spazio-alla-lazzarini\/793609\/#breadcrumb\",\"itemListElement\":[{\"@type\":\"ListItem\",\"position\":1,\"name\":\"Home\",\"item\":\"https:\/\/www.varesenews.it\/\"},{\"@type\":\"ListItem\",\"position\":2,\"name\":\"Venturini replica a Fratus: &#8220;Cacciata per far spazio alla Lazzarini&#8221;\"}]},{\"@type\":\"WebSite\",\"@id\":\"https:\/\/staging.varesenews.it\/#website\",\"url\":\"https:\/\/staging.varesenews.it\/\",\"name\":\"VareseNews\",\"description\":\"\",\"potentialAction\":[{\"@type\":\"SearchAction\",\"target\":{\"@type\":\"EntryPoint\",\"urlTemplate\":\"https:\/\/staging.varesenews.it\/?s={search_term_string}\"},\"query-input\":\"required name=search_term_string\"}],\"inLanguage\":\"it-IT\"},{\"@type\":\"Person\",\"@id\":\"https:\/\/staging.varesenews.it\/#\/schema\/person\/14c47ccce537a9058dddce296f10b296\",\"name\":\"Orlando Mastrillo\",\"image\":{\"@type\":\"ImageObject\",\"inLanguage\":\"it-IT\",\"@id\":\"https:\/\/staging.varesenews.it\/#\/schema\/person\/image\/\",\"url\":\"https:\/\/staging.varesenews.it\/wp-content\/uploads\/2020\/12\/orlando_mastrillo_colori_500.jpg\",\"contentUrl\":\"https:\/\/staging.varesenews.it\/wp-content\/uploads\/2020\/12\/orlando_mastrillo_colori_500.jpg\",\"caption\":\"Orlando Mastrillo\"},\"description\":\"Nasco a Luino nel 1981, ho iniziato questo lavoro nell'estate del 2003 nella redazione de Il Giorno di Varese e dall'anno successivo ho intrapreso la collaborazione con VareseNews. Dopo anni nell'Alto Varesotto mi sono trasferito a Busto Arsizio nel 2007, territorio che ho iniziato a seguire e che seguo tutt'oggi. Nel 2013 sono diventato giornalista professionista. Mi occupo di cronaca politica, giudiziaria e nera in una vasta area che comprende anche parte della Valle Olona e il Legnanese. Sono sposato con Valeria Arini e ho due splendide figlie.\",\"sameAs\":[\"or_ma\",\"https:\/\/twitter.com\/nando_mastrillo\"],\"url\":\"https:\/\/staging.varesenews.it\/persona\/orlando-mastrillo1\/\"}]}<\/script>\n<!-- \/ Yoast SEO plugin. -->","yoast_head_json":{"title":"Venturini replica a Fratus: \"Cacciata per far spazio alla Lazzarini\"","description":"Laura Venturini spiega come sono andate le cose in merito alla decisione del sindaco Fratus di toglierle le deleghe di assessore alle Opere Pubbliche: \"Mandata via per far spazio a Chiara Lazzarini, su richiesta di Cozzi\"","robots":{"index":"noindex","follow":"follow","max-snippet":"max-snippet:-1","max-image-preview":"max-image-preview:large","max-video-preview":"max-video-preview:-1"},"og_locale":"it_IT","og_type":"article","og_title":"Venturini replica a Fratus: \"Cacciata per far spazio alla Lazzarini\"","og_description":"Laura Venturini spiega come sono andate le cose in merito alla decisione del sindaco Fratus di toglierle le deleghe di assessore alle Opere Pubbliche: \"Mandata via per far spazio a Chiara Lazzarini, su richiesta di Cozzi\"","og_url":"https:\/\/www.varesenews.it\/2019\/02\/venturini-replica-fratus-cacciata-far-spazio-alla-lazzarini\/793609\/","og_site_name":"VareseNews","article_publisher":"https:\/\/www.facebook.com\/varesenews","article_published_time":"2019-02-13T09:56:19+00:00","article_modified_time":"2019-02-13T16:18:30+00:00","author":"Orlando Mastrillo","twitter_card":"summary_large_image","twitter_creator":"@nando_mastrillo","twitter_site":"@varesenews","twitter_misc":{"Scritto da":"Orlando Mastrillo","Tempo di lettura stimato":"5 minuti"},"schema":{"@context":"https:\/\/schema.org","@graph":[{"@type":"WebPage","@id":"https:\/\/www.varesenews.it\/2019\/02\/venturini-replica-fratus-cacciata-far-spazio-alla-lazzarini\/793609\/","url":"https:\/\/www.varesenews.it\/2019\/02\/venturini-replica-fratus-cacciata-far-spazio-alla-lazzarini\/793609\/","name":"Venturini replica a Fratus: \"Cacciata per far spazio alla Lazzarini\"","isPartOf":{"@id":"https:\/\/staging.varesenews.it\/#website"},"datePublished":"2019-02-13T09:56:19+00:00","dateModified":"2019-02-13T16:18:30+00:00","author":{"@id":"https:\/\/staging.varesenews.it\/#\/schema\/person\/14c47ccce537a9058dddce296f10b296"},"description":"Laura Venturini spiega come sono andate le cose in merito alla decisione del sindaco Fratus di toglierle le deleghe di assessore alle Opere Pubbliche: \"Mandata via per far spazio a Chiara Lazzarini, su richiesta di Cozzi\"","breadcrumb":{"@id":"https:\/\/www.varesenews.it\/2019\/02\/venturini-replica-fratus-cacciata-far-spazio-alla-lazzarini\/793609\/#breadcrumb"},"inLanguage":"it-IT","potentialAction":[{"@type":"ReadAction","target":["https:\/\/www.varesenews.it\/2019\/02\/venturini-replica-fratus-cacciata-far-spazio-alla-lazzarini\/793609\/"]}]},{"@type":"BreadcrumbList","@id":"https:\/\/www.varesenews.it\/2019\/02\/venturini-replica-fratus-cacciata-far-spazio-alla-lazzarini\/793609\/#breadcrumb","itemListElement":[{"@type":"ListItem","position":1,"name":"Home","item":"https:\/\/www.varesenews.it\/"},{"@type":"ListItem","position":2,"name":"Venturini replica a Fratus: &#8220;Cacciata per far spazio alla Lazzarini&#8221;"}]},{"@type":"WebSite","@id":"https:\/\/staging.varesenews.it\/#website","url":"https:\/\/staging.varesenews.it\/","name":"VareseNews","description":"","potentialAction":[{"@type":"SearchAction","target":{"@type":"EntryPoint","urlTemplate":"https:\/\/staging.varesenews.it\/?s={search_term_string}"},"query-input":"required name=search_term_string"}],"inLanguage":"it-IT"},{"@type":"Person","@id":"https:\/\/staging.varesenews.it\/#\/schema\/person\/14c47ccce537a9058dddce296f10b296","name":"Orlando Mastrillo","image":{"@type":"ImageObject","inLanguage":"it-IT","@id":"https:\/\/staging.varesenews.it\/#\/schema\/person\/image\/","url":"https:\/\/staging.varesenews.it\/wp-content\/uploads\/2020\/12\/orlando_mastrillo_colori_500.jpg","contentUrl":"https:\/\/staging.varesenews.it\/wp-content\/uploads\/2020\/12\/orlando_mastrillo_colori_500.jpg","caption":"Orlando Mastrillo"},"description":"Nasco a Luino nel 1981, ho iniziato questo lavoro nell'estate del 2003 nella redazione de Il Giorno di Varese e dall'anno successivo ho intrapreso la collaborazione con VareseNews. Dopo anni nell'Alto Varesotto mi sono trasferito a Busto Arsizio nel 2007, territorio che ho iniziato a seguire e che seguo tutt'oggi. Nel 2013 sono diventato giornalista professionista. Mi occupo di cronaca politica, giudiziaria e nera in una vasta area che comprende anche parte della Valle Olona e il Legnanese. Sono sposato con Valeria Arini e ho due splendide figlie.","sameAs":["or_ma","https:\/\/twitter.com\/nando_mastrillo"],"url":"https:\/\/staging.varesenews.it\/persona\/orlando-mastrillo1\/"}]}},"post_meta":{"_edit_lock":"1550083159:42","_edit_last":"42","_category_permalink":"a:1:{s:8:\"category\";s:0:\"\";}","ratings_users":"0","ratings_score":"0","ratings_average":"0","_yoast_wpseo_content_score":"30","_jd_tweet_this":"yes","_wpt_short_url":"https:\/\/www.varesenews.it\/2019\/02\/venturini-replica-fratus-cacciata-far-spazio-alla-lazzarini\/793609\/","_wp_jd_target":"https:\/\/www.varesenews.it\/2019\/02\/venturini-replica-fratus-cacciata-far-spazio-alla-lazzarini\/793609\/","_jd_wp_twitter":"a:1:{i:0;s:188:\"Venturini replica a Fratus: \u201cCacciata per far spazio alla Lazzarini\u201d https:\/\/www.varesenews.it\/2019\/02\/venturini-replica-fratus-cacciata-far-spazio-alla-lazzarini\/793609\/ #giuntafratus\";}","_wpt_status_message":"Tweet inviato con successo.","foto":"604275","id_leggi_anche":"854044"},"photos":[{"original":"https:\/\/staging.varesenews.it\/photogallery_new\/images\/2017\/04\/palazzo-malinverni-comune-municipio-legnano-604275.jpg","full":"https:\/\/staging.varesenews.it\/photogallery_new\/images\/2017\/04\/palazzo-malinverni-comune-municipio-legnano-604275.1024x768.jpg","large":"https:\/\/staging.varesenews.it\/photogallery_new\/images\/2017\/04\/palazzo-malinverni-comune-municipio-legnano-604275.610x431.jpg"}],"_links":{"self":[{"href":"https:\/\/staging.varesenews.it\/swgapi\/v1\/wp\/v2\/posts\/793609"}],"collection":[{"href":"https:\/\/staging.varesenews.it\/swgapi\/v1\/wp\/v2\/posts"}],"about":[{"href":"https:\/\/staging.varesenews.it\/swgapi\/v1\/wp\/v2\/types\/post"}],"author":[{"embeddable":true,"href":"https:\/\/staging.varesenews.it\/swgapi\/v1\/wp\/v2\/users\/47"}],"replies":[{"embeddable":true,"href":"https:\/\/staging.varesenews.it\/swgapi\/v1\/wp\/v2\/comments?post=793609"}],"version-history":[{"count":0,"href":"https:\/\/staging.varesenews.it\/swgapi\/v1\/wp\/v2\/posts\/793609\/revisions"}],"wp:attachment":[{"href":"https:\/\/staging.varesenews.it\/swgapi\/v1\/wp\/v2\/media?parent=793609"}],"wp:term":[{"taxonomy":"category","embeddable":true,"href":"https:\/\/staging.varesenews.it\/swgapi\/v1\/wp\/v2\/categories?post=793609"},{"taxonomy":"post_tag","embeddable":true,"href":"https:\/\/staging.varesenews.it\/swgapi\/v1\/wp\/v2\/tags?post=793609"}],"curies":[{"name":"wp","href":"https:\/\/api.w.org\/{rel}","templated":true}]}}