{"id":794293,"date":"2019-02-15T11:07:19","date_gmt":"2019-02-15T10:07:19","guid":{"rendered":"https:\/\/www.varesenews.it\/?p=794293"},"modified":"2019-02-15T11:39:18","modified_gmt":"2019-02-15T10:39:18","slug":"danzare-arisa-sanremo-stata-grandissima-emozione","status":"publish","type":"post","link":"https:\/\/staging.varesenews.it\/2019\/02\/danzare-arisa-sanremo-stata-grandissima-emozione\/794293\/","title":{"rendered":"&#8220;Danzare per Arisa a Sanremo \u00e8 stata una grandissima emozione&#8221;"},"content":{"rendered":"<p><strong>&#8220;Se non ballo mi sento infelicissimo&#8221; diceva Rudol&#8217;f Nureev<\/strong> e chi ama la danza sa bene quanta felicit\u00e0 possano regalare, non solo il movimento ma anche il percorso di studio e di preparazione che essa richiede.<\/p>\n<p>\u00c8 stato, ed \u00e8, un cammino alla ricerca della felicit\u00e0 anche quello che ha spinto il giovane ballerino sestese\u00a0<strong>Stefano Ruffato<\/strong>\u00a0a dedicarsi a tempo pieno alla sua vocazione che lo ha portato a danzare in alcuni dei pi\u00f9 famosi teatri del mondo, dal Municipal di Rio de Janeiro al\u00a0Nederlands Dans Theater di Den Haag con la compagnia dei <strong>Katakl\u00f2<\/strong>. Proprio con loro, pochissimi giorni fa, <strong>Stefano ha danzato anche all&#8217;Ariston<\/strong> di Sanremo accompagnando, nella serata dei duetti, <strong>Arisa e Tony Hadley <\/strong>nella coreografia del brano &#8220;Mi sento bene&#8221;. <em>(La foto in alto \u00e8 di Gabriele Ruffato @462 studio, show ROLLING IDOLS della compagnia Susanna Beltrami).<\/em><\/p>\n<p><iframe loading=\"lazy\" src=\"https:\/\/www.youtube.com\/embed\/BfESonwjdgw\" width=\"560\" height=\"315\" frameborder=\"0\" allowfullscreen=\"allowfullscreen\"><\/iframe><\/p>\n<p><strong>Ruffato, quello a cui ha partecipato \u00e8 stato uno dei momenti pi\u00f9 ricercati del Festival. La scelta di Arisa di duettare con l&#8217;ex frontman degli Spandau Ballet \u00e8 stata accolta con entusiasmo e la performance dei Katakl\u00f2 l&#8217;ha resa ancora pi\u00f9 particolare. Cosa pu\u00f2 raccontarci di questa esperienza?<br \/>\n<\/strong>\u00abLa collaborazione con Arisa \u00e8 nata a met\u00e0 gennaio quando abbiamo iniziato a lavorare con il suo team per accompagnare la sua canzone. La coreografia \u00e8 stata elaborata insieme, passo dopo passo. I tempi erano stretti e perci\u00f2 abbiamo lavorato molto. Arisa \u00e8 sempre stata molto gentile e disponibile e ha apprezzato l&#8217;impegno e il nostro lavoro. Tony Hadley invece l&#8217;abbiamo conosciuto in occasione delle prove finali e ci \u00e8 sembrato molto colpito ed entusiasta del risultato finale\u00bb.<\/p>\n<p><strong>Quanto \u00e8 stato emozionante ballare a Sanremo?<\/strong><br \/>\n\u00abNon \u00e8 la prima volta che balliamo su un palcoscenico importante ma nonostante questo, l&#8217;emozione \u00e8 stata grandissima. La televisione \u00e8 un mondo diverso dal teatro. Avevamo a disposizione pochissimi minuti per dare il meglio di noi e tutto doveva essere perfetto, dai passi all&#8217;espressione. E poi sapere che ci sono milioni di persone che ti stanno guardando in diretta \u00e8 anche una responsabilit\u00e0. Dopotutto Sanremo \u00e8 il santuario della musica italiana\u00bb.<\/p>\n<div class=\"photo-inside-post\"><img decoding=\"async\" loading=\"lazy\" fetchpriority=\"low\" width=\"610\" height=\"431\" src=\"https:\/\/staging.varesenews.it\/photogallery_new\/images\/2019\/02\/stefano-ruffato-sesto-calende-danza-kataklo-722694.610x431.jpg\" alt=\"stefano ruffato sesto calende danza katakl\u00f2\"><\/div>\n<p><strong>Quella dei Katakl\u00f2 non \u00e8 semplicemente danza, ma un&#8217;insieme di pi\u00f9 discipline che richiede una notevole preparazione anche atletica e fisica. Come ti sei avvicinato a loro e che tipo di competenze ha richiesto entrare nella compagnia?<br \/>\n<\/strong>\u00abSono entrato nell&#8217;accademia Katakl\u00f2 nel 2012 dopo aver deciso di seguire la mia grande passione, la ginnastica. Lo sport, anche grazie a mia madre, Carmela Valenti, che insegna educazione fisica, ha sempre fatto parte della mia vita. Ho provato un po&#8217; di tutto ma sentivo che la ginnastica era il mio mondo. Ho mosso i primi passi con la Sesto 76 e Valeria Spinelli e poi nella Pro Patria Bustese. Dopo aver iniziato gli studi di ingegneria ho capito che quello che volevo era continuare a seguire questa mia attitudine e sono giunto ai Katakl\u00f2. L&#8217;esperienza con loro mi ha portato in giro per il mondo e mi ha insegnato lo stile che li caratterizza e che unisce il gesto acrobatico a quello coreutico della danza\u00bb.<\/p>\n<p><strong>Com&#8217;\u00e8 la vita del danzatore professionista?<br \/>\n<\/strong>\u00ab\u00c8 una vita con le valigie sempre pronte e anche il fisico lo deve essere. Io sono un danzatore <em>freelance<\/em> e in pi\u00f9 porto avanti altre esperienze lavorative, insegno danza, pilates e altre discipline. A livello di allenamento, l&#8217;attivit\u00e0 di insegnamento da sola non basta, a ognuno sta il compito di programmare la propria preparazione e il potenziamento. Ci sono periodi che mi alleno un paio d&#8217;ore ma altri molto pi\u00f9 intensi in cui il tempo richiesto \u00e8 di otto o dieci ore al giorno\u00bb.<\/p>\n<p><strong>Quali sono i tuoi programmi e i tuoi desideri per il futuro?<\/strong><br \/>\n\u00abNon amo programmare troppo. L&#8217;esperienza finora mi ha insegnato a saper cogliere i momenti. Sono pronto e speranzoso verso tutte le possibilit\u00e0 che mi si apriranno\u00bb.<\/p>\n","protected":false},"excerpt":{"rendered":"<p>Intervista a Stefano Ruffato, ballerino sestese che con i Katakl\u00f2 ha accompagnato la cantante e Tony Hadely nella serata dei duetti, uno dei momenti pi\u00f9 particolari dell&#8217;ultimo festival<\/p>\n","protected":false},"author":43,"featured_media":0,"comment_status":"open","ping_status":"open","sticky":false,"template":"","format":"standard","meta":{"footnotes":""},"categories":[18,26,14,2],"tags":[8115,5672,93761,6271,94051],"acf":[],"yoast_head":"<!-- This site is optimized with the Yoast SEO plugin v20.1 - https:\/\/yoast.com\/wordpress\/plugins\/seo\/ -->\n<title>&quot;Danzare per Arisa a Sanremo \u00e8 stata una grandissima emozione&quot;<\/title>\n<meta name=\"description\" content=\"Intervista a Stefano Ruffato, ballerino sestese che con i Katakl\u00f2 ha accompagnato la cantante e Tony Hadely nella serata dei duetti, uno dei momenti pi\u00f9 particolari dell&#039;ultimo festival\" \/>\n<meta name=\"robots\" content=\"noindex, follow, max-snippet:-1, max-image-preview:large, max-video-preview:-1\" \/>\n<meta property=\"og:locale\" content=\"it_IT\" \/>\n<meta property=\"og:type\" content=\"article\" \/>\n<meta property=\"og:title\" content=\"&quot;Danzare per Arisa a Sanremo \u00e8 stata una grandissima emozione&quot;\" \/>\n<meta property=\"og:description\" content=\"Intervista a Stefano Ruffato, ballerino sestese che con i Katakl\u00f2 ha accompagnato la cantante e Tony Hadely nella serata dei duetti, uno dei momenti pi\u00f9 particolari dell&#039;ultimo festival\" \/>\n<meta property=\"og:url\" content=\"https:\/\/staging.varesenews.it\/2019\/02\/danzare-arisa-sanremo-stata-grandissima-emozione\/794293\/\" \/>\n<meta property=\"og:site_name\" content=\"VareseNews\" \/>\n<meta property=\"article:publisher\" content=\"https:\/\/www.facebook.com\/varesenews\" \/>\n<meta property=\"article:author\" content=\"https:\/\/www.facebook.com\/mariacarla.cebrelli\" \/>\n<meta property=\"article:published_time\" content=\"2019-02-15T10:07:19+00:00\" \/>\n<meta property=\"article:modified_time\" content=\"2019-02-15T10:39:18+00:00\" \/>\n<meta name=\"author\" content=\"Maria Carla Cebrelli\" \/>\n<meta name=\"twitter:card\" content=\"summary_large_image\" \/>\n<meta name=\"twitter:creator\" content=\"@pikapiketti\" \/>\n<meta name=\"twitter:site\" content=\"@varesenews\" \/>\n<meta name=\"twitter:label1\" content=\"Scritto da\" \/>\n\t<meta name=\"twitter:data1\" content=\"Maria Carla Cebrelli\" \/>\n\t<meta name=\"twitter:label2\" content=\"Tempo di lettura stimato\" \/>\n\t<meta name=\"twitter:data2\" content=\"3 minuti\" \/>\n<script type=\"application\/ld+json\" class=\"yoast-schema-graph\">{\"@context\":\"https:\/\/schema.org\",\"@graph\":[{\"@type\":\"WebPage\",\"@id\":\"https:\/\/staging.varesenews.it\/2019\/02\/danzare-arisa-sanremo-stata-grandissima-emozione\/794293\/\",\"url\":\"https:\/\/staging.varesenews.it\/2019\/02\/danzare-arisa-sanremo-stata-grandissima-emozione\/794293\/\",\"name\":\"\\\"Danzare per Arisa a Sanremo \u00e8 stata una grandissima emozione\\\"\",\"isPartOf\":{\"@id\":\"https:\/\/staging.varesenews.it\/#website\"},\"datePublished\":\"2019-02-15T10:07:19+00:00\",\"dateModified\":\"2019-02-15T10:39:18+00:00\",\"author\":{\"@id\":\"https:\/\/staging.varesenews.it\/#\/schema\/person\/5bf790e99d7ec50061119cc825c454de\"},\"description\":\"Intervista a Stefano Ruffato, ballerino sestese che con i Katakl\u00f2 ha accompagnato la cantante e Tony Hadely nella serata dei duetti, uno dei momenti pi\u00f9 particolari dell'ultimo festival\",\"breadcrumb\":{\"@id\":\"https:\/\/staging.varesenews.it\/2019\/02\/danzare-arisa-sanremo-stata-grandissima-emozione\/794293\/#breadcrumb\"},\"inLanguage\":\"it-IT\",\"potentialAction\":[{\"@type\":\"ReadAction\",\"target\":[\"https:\/\/staging.varesenews.it\/2019\/02\/danzare-arisa-sanremo-stata-grandissima-emozione\/794293\/\"]}]},{\"@type\":\"BreadcrumbList\",\"@id\":\"https:\/\/staging.varesenews.it\/2019\/02\/danzare-arisa-sanremo-stata-grandissima-emozione\/794293\/#breadcrumb\",\"itemListElement\":[{\"@type\":\"ListItem\",\"position\":1,\"name\":\"Home\",\"item\":\"https:\/\/www.varesenews.it\/\"},{\"@type\":\"ListItem\",\"position\":2,\"name\":\"&#8220;Danzare per Arisa a Sanremo \u00e8 stata una grandissima emozione&#8221;\"}]},{\"@type\":\"WebSite\",\"@id\":\"https:\/\/staging.varesenews.it\/#website\",\"url\":\"https:\/\/staging.varesenews.it\/\",\"name\":\"VareseNews\",\"description\":\"\",\"potentialAction\":[{\"@type\":\"SearchAction\",\"target\":{\"@type\":\"EntryPoint\",\"urlTemplate\":\"https:\/\/staging.varesenews.it\/?s={search_term_string}\"},\"query-input\":\"required name=search_term_string\"}],\"inLanguage\":\"it-IT\"},{\"@type\":\"Person\",\"@id\":\"https:\/\/staging.varesenews.it\/#\/schema\/person\/5bf790e99d7ec50061119cc825c454de\",\"name\":\"Maria Carla Cebrelli\",\"image\":{\"@type\":\"ImageObject\",\"inLanguage\":\"it-IT\",\"@id\":\"https:\/\/staging.varesenews.it\/#\/schema\/person\/image\/\",\"url\":\"https:\/\/staging.varesenews.it\/wp-content\/uploads\/2020\/12\/mariacarla_cebrelli_colori_500-1.jpg\",\"contentUrl\":\"https:\/\/staging.varesenews.it\/wp-content\/uploads\/2020\/12\/mariacarla_cebrelli_colori_500-1.jpg\",\"caption\":\"Maria Carla Cebrelli\"},\"description\":\"Economista di formazione, giornalista per passione. A VareseNews dal 2005, mi sono occupata negli anni di universit&agrave;, tematiche di confine, news locali e comunicazione nel settore sociale. Attualmente sono responsabile di VerbanoNews, del canale di VareseNews dedicato al Turismo e seguo i social dell'area business.\",\"sameAs\":[\"https:\/\/www.facebook.com\/mariacarla.cebrelli\",\"pikapiketti\",\"https:\/\/twitter.com\/pikapiketti\"],\"url\":\"https:\/\/staging.varesenews.it\/persona\/mariacarla-cebrelli1\/\"}]}<\/script>\n<!-- \/ Yoast SEO plugin. -->","yoast_head_json":{"title":"\"Danzare per Arisa a Sanremo \u00e8 stata una grandissima emozione\"","description":"Intervista a Stefano Ruffato, ballerino sestese che con i Katakl\u00f2 ha accompagnato la cantante e Tony Hadely nella serata dei duetti, uno dei momenti pi\u00f9 particolari dell'ultimo festival","robots":{"index":"noindex","follow":"follow","max-snippet":"max-snippet:-1","max-image-preview":"max-image-preview:large","max-video-preview":"max-video-preview:-1"},"og_locale":"it_IT","og_type":"article","og_title":"\"Danzare per Arisa a Sanremo \u00e8 stata una grandissima emozione\"","og_description":"Intervista a Stefano Ruffato, ballerino sestese che con i Katakl\u00f2 ha accompagnato la cantante e Tony Hadely nella serata dei duetti, uno dei momenti pi\u00f9 particolari dell'ultimo festival","og_url":"https:\/\/staging.varesenews.it\/2019\/02\/danzare-arisa-sanremo-stata-grandissima-emozione\/794293\/","og_site_name":"VareseNews","article_publisher":"https:\/\/www.facebook.com\/varesenews","article_author":"https:\/\/www.facebook.com\/mariacarla.cebrelli","article_published_time":"2019-02-15T10:07:19+00:00","article_modified_time":"2019-02-15T10:39:18+00:00","author":"Maria Carla Cebrelli","twitter_card":"summary_large_image","twitter_creator":"@pikapiketti","twitter_site":"@varesenews","twitter_misc":{"Scritto da":"Maria Carla Cebrelli","Tempo di lettura stimato":"3 minuti"},"schema":{"@context":"https:\/\/schema.org","@graph":[{"@type":"WebPage","@id":"https:\/\/staging.varesenews.it\/2019\/02\/danzare-arisa-sanremo-stata-grandissima-emozione\/794293\/","url":"https:\/\/staging.varesenews.it\/2019\/02\/danzare-arisa-sanremo-stata-grandissima-emozione\/794293\/","name":"\"Danzare per Arisa a Sanremo \u00e8 stata una grandissima emozione\"","isPartOf":{"@id":"https:\/\/staging.varesenews.it\/#website"},"datePublished":"2019-02-15T10:07:19+00:00","dateModified":"2019-02-15T10:39:18+00:00","author":{"@id":"https:\/\/staging.varesenews.it\/#\/schema\/person\/5bf790e99d7ec50061119cc825c454de"},"description":"Intervista a Stefano Ruffato, ballerino sestese che con i Katakl\u00f2 ha accompagnato la cantante e Tony Hadely nella serata dei duetti, uno dei momenti pi\u00f9 particolari dell'ultimo festival","breadcrumb":{"@id":"https:\/\/staging.varesenews.it\/2019\/02\/danzare-arisa-sanremo-stata-grandissima-emozione\/794293\/#breadcrumb"},"inLanguage":"it-IT","potentialAction":[{"@type":"ReadAction","target":["https:\/\/staging.varesenews.it\/2019\/02\/danzare-arisa-sanremo-stata-grandissima-emozione\/794293\/"]}]},{"@type":"BreadcrumbList","@id":"https:\/\/staging.varesenews.it\/2019\/02\/danzare-arisa-sanremo-stata-grandissima-emozione\/794293\/#breadcrumb","itemListElement":[{"@type":"ListItem","position":1,"name":"Home","item":"https:\/\/www.varesenews.it\/"},{"@type":"ListItem","position":2,"name":"&#8220;Danzare per Arisa a Sanremo \u00e8 stata una grandissima emozione&#8221;"}]},{"@type":"WebSite","@id":"https:\/\/staging.varesenews.it\/#website","url":"https:\/\/staging.varesenews.it\/","name":"VareseNews","description":"","potentialAction":[{"@type":"SearchAction","target":{"@type":"EntryPoint","urlTemplate":"https:\/\/staging.varesenews.it\/?s={search_term_string}"},"query-input":"required name=search_term_string"}],"inLanguage":"it-IT"},{"@type":"Person","@id":"https:\/\/staging.varesenews.it\/#\/schema\/person\/5bf790e99d7ec50061119cc825c454de","name":"Maria Carla Cebrelli","image":{"@type":"ImageObject","inLanguage":"it-IT","@id":"https:\/\/staging.varesenews.it\/#\/schema\/person\/image\/","url":"https:\/\/staging.varesenews.it\/wp-content\/uploads\/2020\/12\/mariacarla_cebrelli_colori_500-1.jpg","contentUrl":"https:\/\/staging.varesenews.it\/wp-content\/uploads\/2020\/12\/mariacarla_cebrelli_colori_500-1.jpg","caption":"Maria Carla Cebrelli"},"description":"Economista di formazione, giornalista per passione. A VareseNews dal 2005, mi sono occupata negli anni di universit&agrave;, tematiche di confine, news locali e comunicazione nel settore sociale. Attualmente sono responsabile di VerbanoNews, del canale di VareseNews dedicato al Turismo e seguo i social dell'area business.","sameAs":["https:\/\/www.facebook.com\/mariacarla.cebrelli","pikapiketti","https:\/\/twitter.com\/pikapiketti"],"url":"https:\/\/staging.varesenews.it\/persona\/mariacarla-cebrelli1\/"}]}},"post_meta":{"_edit_lock":"1550248777:43","_edit_last":"43","_category_permalink":"a:1:{s:8:\"category\";s:2:\"18\";}","ratings_users":"0","ratings_score":"0","ratings_average":"0","foto":"722696","argomento":"Sesto Calende","_yoast_wpseo_content_score":"30","_jd_tweet_this":"yes","_wpt_short_url":"https:\/\/www.varesenews.it\/2019\/02\/danzare-arisa-sanremo-stata-grandissima-emozione\/794293\/","_wp_jd_target":"https:\/\/www.varesenews.it\/2019\/02\/danzare-arisa-sanremo-stata-grandissima-emozione\/794293\/","_jd_wp_twitter":"a:1:{i:0;s:188:\"\u201cDanzare per Arisa a Sanremo \u00e8 stata una grandissima emozione\u201d https:\/\/www.varesenews.it\/2019\/02\/danzare-arisa-sanremo-stata-grandissima-emozione\/794293\/ #arisa #danza #stefanoruffato\";}","_wpt_status_message":"Tweet inviato con successo.","nascondi_adsense":"1"},"photos":[{"original":"https:\/\/staging.varesenews.it\/photogallery_new\/images\/2019\/02\/stefano-ruffato-sesto-calende-danza-kataklo-722696.jpg","full":"https:\/\/staging.varesenews.it\/photogallery_new\/images\/2019\/02\/stefano-ruffato-sesto-calende-danza-kataklo-722696.1024x768.jpg","large":"https:\/\/staging.varesenews.it\/photogallery_new\/images\/2019\/02\/stefano-ruffato-sesto-calende-danza-kataklo-722696.610x431.jpg"}],"_links":{"self":[{"href":"https:\/\/staging.varesenews.it\/swgapi\/v1\/wp\/v2\/posts\/794293"}],"collection":[{"href":"https:\/\/staging.varesenews.it\/swgapi\/v1\/wp\/v2\/posts"}],"about":[{"href":"https:\/\/staging.varesenews.it\/swgapi\/v1\/wp\/v2\/types\/post"}],"author":[{"embeddable":true,"href":"https:\/\/staging.varesenews.it\/swgapi\/v1\/wp\/v2\/users\/43"}],"replies":[{"embeddable":true,"href":"https:\/\/staging.varesenews.it\/swgapi\/v1\/wp\/v2\/comments?post=794293"}],"version-history":[{"count":0,"href":"https:\/\/staging.varesenews.it\/swgapi\/v1\/wp\/v2\/posts\/794293\/revisions"}],"wp:attachment":[{"href":"https:\/\/staging.varesenews.it\/swgapi\/v1\/wp\/v2\/media?parent=794293"}],"wp:term":[{"taxonomy":"category","embeddable":true,"href":"https:\/\/staging.varesenews.it\/swgapi\/v1\/wp\/v2\/categories?post=794293"},{"taxonomy":"post_tag","embeddable":true,"href":"https:\/\/staging.varesenews.it\/swgapi\/v1\/wp\/v2\/tags?post=794293"}],"curies":[{"name":"wp","href":"https:\/\/api.w.org\/{rel}","templated":true}]}}