{"id":796162,"date":"2019-02-21T17:22:55","date_gmt":"2019-02-21T16:22:55","guid":{"rendered":"https:\/\/www.varesenews.it\/?p=796162"},"modified":"2019-02-21T17:22:55","modified_gmt":"2019-02-21T16:22:55","slug":"regione-campo-salvare-carpione-del-garda","status":"publish","type":"post","link":"https:\/\/staging.varesenews.it\/2019\/02\/regione-campo-salvare-carpione-del-garda\/796162\/","title":{"rendered":"Regione in campo per salvare il Carpione del Garda"},"content":{"rendered":"<p>L&#8217;assessore all&#8217;Agricoltura, Alimentazione e Sistemi verdi della Regione Lombardia <strong>Fabio Rolfi<\/strong> ha presentato oggi a Sal\u00f2 il progetto dedicato al ripopolamento del carpione nel Lago di Garda.<\/p>\n<p>Il progetto denominato Life Carpione \u00e8 stato consegnato alla commissione europea e ha gi\u00e0 superato la valutazione di qualit\u00e0.<br \/>\nHa un costo complessivo di \u20ac 2.254.313 e prevede un contributo EU di \u20ac 1.259.313. La risposta della Commissione Europea dovrebbe arrivare entro il mese di giugno 2019.<br \/>\nLe azioni di progetto possono avere inizio gi\u00e0 a partire da settembre\/ottobre 2019.<\/p>\n<p>&#8220;Il Carpione \u00e8 a rischio estinzione. <strong>Vogliamo intervenire &#8211; ha spiegato l&#8217;assessore Rolfi &#8211; per salvare questa specie autoctona esclusiva del Lago di Garda<\/strong>. Abbiamo gi\u00e0 fatto passi importanti coinvolgendo la Provincia di Trento nel divieto di pesca della specie&#8221;.<\/p>\n<p>&#8220;Regione Lombardia &#8211; ha continuato Rolfi &#8211; sta proseguendo con le attivit\u00e0 di allevamento del Carpione: al centro ittiogenico di Desenzano sono stabulate circa 8.000 uova di Carpione e in un<br \/>\nimpianto privato di Ponte Caffaro \u00e8 stabulato uno stock di circa 2500 Carpioni per un peso di circa 500 Kg. Ora aspettiamo la risposta della comunit\u00e0 europea sul progetto Life, ma siamo fiduciosi&#8221;.<\/p>\n<p>I partner del progetto sono Regione Lombardia in qualit\u00e0 di capofila; Fondazione Edmund Mach; Parco Alto Garda Bresciano; Sea Life &#8211; Gardaland; Graia srl e Foglio S.S. ma ha anche<br \/>\ndiversi sostenitori tra gli enti territoriali.<\/p>\n<p><strong>Le azioni previste sono:<\/strong><br \/>\n&#8211; le attivit\u00e0 di allevamento e ripopolamento con l&#8217;obiettivo della selezione e miglioramento genetico degli stock allevati;<br \/>\n&#8211; la mappatura e caratterizzazione delle aree di fondale profondo idonee alla riproduzione di Salmo carpio;<br \/>\n&#8211; la verifica del livello di minaccia derivante dal siluro, relativo piano di controllo e monitoraggio degli effetti;<br \/>\n&#8211; riproduzione artificiale, primo accrescimento e ripopolamento di Salmo carpio nel Lago di Garda e monitoraggio dell&#8217;efficacia dei ripopolamenti;<br \/>\n&#8211; Creazione e ripristino di aree di fondale sommerso idonee alla riproduzione naturale di Salmo carpio e relativo monitoraggio;<br \/>\n&#8211; attivit\u00e0 di informazione, sensibilizzazione e divulgazione.<\/p>\n","protected":false},"excerpt":{"rendered":"<p>Il pesce a rischio estinzione. L&#8217;assessore Rolfi: \u201cVogliamo intervenire per salvare questa specie autoctona esclusiva del Benaco&#8221;<\/p>\n","protected":false},"author":34,"featured_media":0,"comment_status":"open","ping_status":"open","sticky":false,"template":"","format":"standard","meta":{"footnotes":""},"categories":[7],"tags":[94238,532],"acf":[],"yoast_head":"<!-- This site is optimized with the Yoast SEO plugin v20.1 - https:\/\/yoast.com\/wordpress\/plugins\/seo\/ -->\n<title>Regione in campo per salvare il Carpione del Garda<\/title>\n<meta name=\"description\" content=\"Il pesce a rischio estinzione. L&#039;assessore Rolfi: \u201cVogliamo intervenire per salvare questa specie autoctona esclusiva del Benaco&quot;\" \/>\n<meta name=\"robots\" content=\"noindex, follow, max-snippet:-1, max-image-preview:large, max-video-preview:-1\" \/>\n<meta property=\"og:locale\" content=\"it_IT\" \/>\n<meta property=\"og:type\" content=\"article\" \/>\n<meta property=\"og:title\" content=\"Regione in campo per salvare il Carpione del Garda\" \/>\n<meta property=\"og:description\" content=\"Il pesce a rischio estinzione. L&#039;assessore Rolfi: \u201cVogliamo intervenire per salvare questa specie autoctona esclusiva del Benaco&quot;\" \/>\n<meta property=\"og:url\" content=\"https:\/\/staging.varesenews.it\/2019\/02\/regione-campo-salvare-carpione-del-garda\/796162\/\" \/>\n<meta property=\"og:site_name\" content=\"VareseNews\" \/>\n<meta property=\"article:publisher\" content=\"https:\/\/www.facebook.com\/varesenews\" \/>\n<meta property=\"article:author\" content=\"https:\/\/www.facebook.com\/andrea.camurani?fref=photo\" \/>\n<meta property=\"article:published_time\" content=\"2019-02-21T16:22:55+00:00\" \/>\n<meta name=\"author\" content=\"Andrea Camurani\" \/>\n<meta name=\"twitter:card\" content=\"summary_large_image\" \/>\n<meta name=\"twitter:creator\" content=\"@AndreaCamurani\" \/>\n<meta name=\"twitter:site\" content=\"@varesenews\" \/>\n<meta name=\"twitter:label1\" content=\"Scritto da\" \/>\n\t<meta name=\"twitter:data1\" content=\"Andrea Camurani\" \/>\n\t<meta name=\"twitter:label2\" content=\"Tempo di lettura stimato\" \/>\n\t<meta name=\"twitter:data2\" content=\"2 minuti\" \/>\n<script type=\"application\/ld+json\" class=\"yoast-schema-graph\">{\"@context\":\"https:\/\/schema.org\",\"@graph\":[{\"@type\":\"WebPage\",\"@id\":\"https:\/\/staging.varesenews.it\/2019\/02\/regione-campo-salvare-carpione-del-garda\/796162\/\",\"url\":\"https:\/\/staging.varesenews.it\/2019\/02\/regione-campo-salvare-carpione-del-garda\/796162\/\",\"name\":\"Regione in campo per salvare il Carpione del Garda\",\"isPartOf\":{\"@id\":\"https:\/\/staging.varesenews.it\/#website\"},\"datePublished\":\"2019-02-21T16:22:55+00:00\",\"dateModified\":\"2019-02-21T16:22:55+00:00\",\"author\":{\"@id\":\"https:\/\/staging.varesenews.it\/#\/schema\/person\/3eb5832c6beae763de8d9596fdbe8c49\"},\"description\":\"Il pesce a rischio estinzione. L'assessore Rolfi: \u201cVogliamo intervenire per salvare questa specie autoctona esclusiva del Benaco\\\"\",\"breadcrumb\":{\"@id\":\"https:\/\/staging.varesenews.it\/2019\/02\/regione-campo-salvare-carpione-del-garda\/796162\/#breadcrumb\"},\"inLanguage\":\"it-IT\",\"potentialAction\":[{\"@type\":\"ReadAction\",\"target\":[\"https:\/\/staging.varesenews.it\/2019\/02\/regione-campo-salvare-carpione-del-garda\/796162\/\"]}]},{\"@type\":\"BreadcrumbList\",\"@id\":\"https:\/\/staging.varesenews.it\/2019\/02\/regione-campo-salvare-carpione-del-garda\/796162\/#breadcrumb\",\"itemListElement\":[{\"@type\":\"ListItem\",\"position\":1,\"name\":\"Home\",\"item\":\"https:\/\/www.varesenews.it\/\"},{\"@type\":\"ListItem\",\"position\":2,\"name\":\"Regione in campo per salvare il Carpione del Garda\"}]},{\"@type\":\"WebSite\",\"@id\":\"https:\/\/staging.varesenews.it\/#website\",\"url\":\"https:\/\/staging.varesenews.it\/\",\"name\":\"VareseNews\",\"description\":\"\",\"potentialAction\":[{\"@type\":\"SearchAction\",\"target\":{\"@type\":\"EntryPoint\",\"urlTemplate\":\"https:\/\/staging.varesenews.it\/?s={search_term_string}\"},\"query-input\":\"required name=search_term_string\"}],\"inLanguage\":\"it-IT\"},{\"@type\":\"Person\",\"@id\":\"https:\/\/staging.varesenews.it\/#\/schema\/person\/3eb5832c6beae763de8d9596fdbe8c49\",\"name\":\"Andrea Camurani\",\"image\":{\"@type\":\"ImageObject\",\"inLanguage\":\"it-IT\",\"@id\":\"https:\/\/staging.varesenews.it\/#\/schema\/person\/image\/\",\"url\":\"https:\/\/staging.varesenews.it\/wp-content\/uploads\/2020\/12\/andrea_camurani_colori_500.jpg\",\"contentUrl\":\"https:\/\/staging.varesenews.it\/wp-content\/uploads\/2020\/12\/andrea_camurani_colori_500.jpg\",\"caption\":\"Andrea Camurani\"},\"description\":\"Sono figlio degli anni Settanta e di Milano, dove ho imparato a riconoscere buoni e cattivi. Laurea in scienze politiche, lavoro a VareseNews dal 2000. Racconto quel che trovo quando incontro chi vuole lasciare al mondo un pezzetto di vita, che si chiama cronaca. &ldquo;...perch&eacute; &egrave; la gente il pi&ugrave; grande spettacolo del mondo. E non si paga il biglietto...&rdquo; (Charles Bukowsky)\",\"sameAs\":[\"https:\/\/www.facebook.com\/andrea.camurani?fref=photo\",\"andreacamurani\",\"https:\/\/www.linkedin.com\/hp\/?dnr=A9a84RfzsLdo9xg4NcGV4dLiMknoc9ms4WM\",\"https:\/\/twitter.com\/AndreaCamurani\"],\"url\":\"https:\/\/staging.varesenews.it\/persona\/andrea_camurani\/\"}]}<\/script>\n<!-- \/ Yoast SEO plugin. -->","yoast_head_json":{"title":"Regione in campo per salvare il Carpione del Garda","description":"Il pesce a rischio estinzione. L'assessore Rolfi: \u201cVogliamo intervenire per salvare questa specie autoctona esclusiva del Benaco\"","robots":{"index":"noindex","follow":"follow","max-snippet":"max-snippet:-1","max-image-preview":"max-image-preview:large","max-video-preview":"max-video-preview:-1"},"og_locale":"it_IT","og_type":"article","og_title":"Regione in campo per salvare il Carpione del Garda","og_description":"Il pesce a rischio estinzione. L'assessore Rolfi: \u201cVogliamo intervenire per salvare questa specie autoctona esclusiva del Benaco\"","og_url":"https:\/\/staging.varesenews.it\/2019\/02\/regione-campo-salvare-carpione-del-garda\/796162\/","og_site_name":"VareseNews","article_publisher":"https:\/\/www.facebook.com\/varesenews","article_author":"https:\/\/www.facebook.com\/andrea.camurani?fref=photo","article_published_time":"2019-02-21T16:22:55+00:00","author":"Andrea Camurani","twitter_card":"summary_large_image","twitter_creator":"@AndreaCamurani","twitter_site":"@varesenews","twitter_misc":{"Scritto da":"Andrea Camurani","Tempo di lettura stimato":"2 minuti"},"schema":{"@context":"https:\/\/schema.org","@graph":[{"@type":"WebPage","@id":"https:\/\/staging.varesenews.it\/2019\/02\/regione-campo-salvare-carpione-del-garda\/796162\/","url":"https:\/\/staging.varesenews.it\/2019\/02\/regione-campo-salvare-carpione-del-garda\/796162\/","name":"Regione in campo per salvare il Carpione del Garda","isPartOf":{"@id":"https:\/\/staging.varesenews.it\/#website"},"datePublished":"2019-02-21T16:22:55+00:00","dateModified":"2019-02-21T16:22:55+00:00","author":{"@id":"https:\/\/staging.varesenews.it\/#\/schema\/person\/3eb5832c6beae763de8d9596fdbe8c49"},"description":"Il pesce a rischio estinzione. L'assessore Rolfi: \u201cVogliamo intervenire per salvare questa specie autoctona esclusiva del Benaco\"","breadcrumb":{"@id":"https:\/\/staging.varesenews.it\/2019\/02\/regione-campo-salvare-carpione-del-garda\/796162\/#breadcrumb"},"inLanguage":"it-IT","potentialAction":[{"@type":"ReadAction","target":["https:\/\/staging.varesenews.it\/2019\/02\/regione-campo-salvare-carpione-del-garda\/796162\/"]}]},{"@type":"BreadcrumbList","@id":"https:\/\/staging.varesenews.it\/2019\/02\/regione-campo-salvare-carpione-del-garda\/796162\/#breadcrumb","itemListElement":[{"@type":"ListItem","position":1,"name":"Home","item":"https:\/\/www.varesenews.it\/"},{"@type":"ListItem","position":2,"name":"Regione in campo per salvare il Carpione del Garda"}]},{"@type":"WebSite","@id":"https:\/\/staging.varesenews.it\/#website","url":"https:\/\/staging.varesenews.it\/","name":"VareseNews","description":"","potentialAction":[{"@type":"SearchAction","target":{"@type":"EntryPoint","urlTemplate":"https:\/\/staging.varesenews.it\/?s={search_term_string}"},"query-input":"required name=search_term_string"}],"inLanguage":"it-IT"},{"@type":"Person","@id":"https:\/\/staging.varesenews.it\/#\/schema\/person\/3eb5832c6beae763de8d9596fdbe8c49","name":"Andrea Camurani","image":{"@type":"ImageObject","inLanguage":"it-IT","@id":"https:\/\/staging.varesenews.it\/#\/schema\/person\/image\/","url":"https:\/\/staging.varesenews.it\/wp-content\/uploads\/2020\/12\/andrea_camurani_colori_500.jpg","contentUrl":"https:\/\/staging.varesenews.it\/wp-content\/uploads\/2020\/12\/andrea_camurani_colori_500.jpg","caption":"Andrea Camurani"},"description":"Sono figlio degli anni Settanta e di Milano, dove ho imparato a riconoscere buoni e cattivi. Laurea in scienze politiche, lavoro a VareseNews dal 2000. Racconto quel che trovo quando incontro chi vuole lasciare al mondo un pezzetto di vita, che si chiama cronaca. &ldquo;...perch&eacute; &egrave; la gente il pi&ugrave; grande spettacolo del mondo. E non si paga il biglietto...&rdquo; (Charles Bukowsky)","sameAs":["https:\/\/www.facebook.com\/andrea.camurani?fref=photo","andreacamurani","https:\/\/www.linkedin.com\/hp\/?dnr=A9a84RfzsLdo9xg4NcGV4dLiMknoc9ms4WM","https:\/\/twitter.com\/AndreaCamurani"],"url":"https:\/\/staging.varesenews.it\/persona\/andrea_camurani\/"}]}},"post_meta":{"_edit_lock":"1550767808:34","_edit_last":"34","_category_permalink":"a:1:{s:8:\"category\";s:0:\"\";}","ratings_users":"0","ratings_score":"0","ratings_average":"0","foto":"723605","firma_come_redazione":"1","argomento":"Milano","_yoast_wpseo_content_score":"30","_jd_tweet_this":"yes","_wpt_short_url":"https:\/\/www.varesenews.it\/2019\/02\/regione-campo-salvare-carpione-del-garda\/796162\/","_wp_jd_target":"https:\/\/www.varesenews.it\/2019\/02\/regione-campo-salvare-carpione-del-garda\/796162\/","_jd_wp_twitter":"a:1:{i:0;s:143:\"Regione in campo per salvare il Carpione del Garda https:\/\/www.varesenews.it\/2019\/02\/regione-campo-salvare-carpione-del-garda\/796162\/ #carpione\";}","_wpt_status_message":"Tweet inviato con successo."},"photos":[{"original":"https:\/\/staging.varesenews.it\/photogallery_new\/images\/2019\/02\/avarie-723605.jpg","full":"https:\/\/staging.varesenews.it\/photogallery_new\/images\/2019\/02\/avarie-723605.1024x768.jpg","large":"https:\/\/staging.varesenews.it\/photogallery_new\/images\/2019\/02\/avarie-723605.610x431.jpg"}],"_links":{"self":[{"href":"https:\/\/staging.varesenews.it\/swgapi\/v1\/wp\/v2\/posts\/796162"}],"collection":[{"href":"https:\/\/staging.varesenews.it\/swgapi\/v1\/wp\/v2\/posts"}],"about":[{"href":"https:\/\/staging.varesenews.it\/swgapi\/v1\/wp\/v2\/types\/post"}],"author":[{"embeddable":true,"href":"https:\/\/staging.varesenews.it\/swgapi\/v1\/wp\/v2\/users\/34"}],"replies":[{"embeddable":true,"href":"https:\/\/staging.varesenews.it\/swgapi\/v1\/wp\/v2\/comments?post=796162"}],"version-history":[{"count":0,"href":"https:\/\/staging.varesenews.it\/swgapi\/v1\/wp\/v2\/posts\/796162\/revisions"}],"wp:attachment":[{"href":"https:\/\/staging.varesenews.it\/swgapi\/v1\/wp\/v2\/media?parent=796162"}],"wp:term":[{"taxonomy":"category","embeddable":true,"href":"https:\/\/staging.varesenews.it\/swgapi\/v1\/wp\/v2\/categories?post=796162"},{"taxonomy":"post_tag","embeddable":true,"href":"https:\/\/staging.varesenews.it\/swgapi\/v1\/wp\/v2\/tags?post=796162"}],"curies":[{"name":"wp","href":"https:\/\/api.w.org\/{rel}","templated":true}]}}