{"id":796709,"date":"2019-02-24T11:00:12","date_gmt":"2019-02-24T10:00:12","guid":{"rendered":"https:\/\/www.varesenews.it\/?p=796709"},"modified":"2019-02-24T11:00:12","modified_gmt":"2019-02-24T10:00:12","slug":"varese-calcio-giocatori-tornano-campo","status":"publish","type":"post","link":"https:\/\/staging.varesenews.it\/2019\/02\/varese-calcio-giocatori-tornano-campo\/796709\/","title":{"rendered":"Varese Calcio, i giocatori tornano in campo"},"content":{"rendered":"<p><strong>Tutto \u00e8 pronto perch\u00e9 il Varese torni a giocare<\/strong>. Nel pomeriggio di domenica 24 febbraio si rivedr\u00e0 la squadra biancorossa in campo per il campionato di Eccellenza contro il Ferrera Erbognone dopo due rinunce.<\/p>\n<p>Dopo le convocazioni arrivate nella serata di sabato, \u00e8 arrivato anche il comunicato dei giocatori, che tramite una <strong>nota firmata dall&#8217;avvocato Marina Manfredi &#8211; portavoce dei calciatori in questo momento delicato<\/strong> &#8211; espongono la propria volont\u00e0 di scendere in campo a Viggi\u00f9.<\/p>\n<p>Ricordiamo che la prima squadra unita, lo scorso 7 febbraio ha deciso la <a href=\"https:\/\/www.varesenews.it\/2019\/02\/varese-sospende-lattivita\/792134\/\">\u00absospensione dell\u2019attivit\u00e0 agonistica fino a che\u00a0la situazione sar\u00e0 sistemata\u00bb<\/a><em>.<\/em><\/p>\n<p><strong>Questo il comunicato:<\/strong><\/p>\n<blockquote><p>&#8220;Ricevuta la convocazione ufficiale dalla societ\u00e0 per l&#8217;incontro di oggi in casa presso lo stadio comunale di Viggi\u00f9 per la gara di campionato contro il Ferrera Erbognone, ricevuto dalla societ\u00e0 il rimborso spese per il trasferimento odierno, avuta notizia di trattative ben avviate e in via di definizione riscontrate con le controparti interessate, la squadra del Calcio Varese, tutto lo staff tecnico e sanitario hanno deciso di disputare l&#8217;incontro di oggi, confidando che finalmente la situazione si sblocchi definitivamente&#8221;.<\/p><\/blockquote>\n<p>Tutto sembra quindi tornare alla normalit\u00e0, sperando che questa volta alle parole possano seguire i fatti e di conseguenza il calcio giocato.<\/p>\n<p>Appuntamento quindi per le ore 14.30 al cento sportivo di Viggi\u00f9: <strong>c&#8217;\u00e8 una partita da giocare.<\/strong><\/p>\n","protected":false},"excerpt":{"rendered":"<p>Con un comunicato firmato dall&#8217;avvocato Marina Manfredi i biancorossi comunicano che oggi saranno in campo a Viggi\u00f9<\/p>\n","protected":false},"author":37,"featured_media":0,"comment_status":"open","ping_status":"open","sticky":false,"template":"","format":"standard","meta":{"footnotes":""},"categories":[14,2],"tags":[144,9192],"acf":[],"yoast_head":"<!-- This site is optimized with the Yoast SEO plugin v20.1 - https:\/\/yoast.com\/wordpress\/plugins\/seo\/ -->\n<title>Varese Calcio, i giocatori tornano in campo<\/title>\n<meta name=\"description\" content=\"Con un comunicato firmato dall&#039;avvocato Marina Manfredi i biancorossi comunicano che oggi saranno in campo a Viggi\u00f9\" \/>\n<meta name=\"robots\" content=\"noindex, follow, max-snippet:-1, max-image-preview:large, max-video-preview:-1\" \/>\n<meta property=\"og:locale\" content=\"it_IT\" \/>\n<meta property=\"og:type\" content=\"article\" \/>\n<meta property=\"og:title\" content=\"Varese Calcio, i giocatori tornano in campo\" \/>\n<meta property=\"og:description\" content=\"Con un comunicato firmato dall&#039;avvocato Marina Manfredi i biancorossi comunicano che oggi saranno in campo a Viggi\u00f9\" \/>\n<meta property=\"og:url\" content=\"https:\/\/staging.varesenews.it\/2019\/02\/varese-calcio-giocatori-tornano-campo\/796709\/\" \/>\n<meta property=\"og:site_name\" content=\"VareseNews\" \/>\n<meta property=\"article:publisher\" content=\"https:\/\/www.facebook.com\/varesenews\" \/>\n<meta property=\"article:published_time\" content=\"2019-02-24T10:00:12+00:00\" \/>\n<meta name=\"author\" content=\"Francesco Mazzoleni\" \/>\n<meta name=\"twitter:card\" content=\"summary_large_image\" \/>\n<meta name=\"twitter:creator\" content=\"@fmazzof\" \/>\n<meta name=\"twitter:site\" content=\"@varesenews\" \/>\n<meta name=\"twitter:label1\" content=\"Scritto da\" \/>\n\t<meta name=\"twitter:data1\" content=\"Francesco Mazzoleni\" \/>\n\t<meta name=\"twitter:label2\" content=\"Tempo di lettura stimato\" \/>\n\t<meta name=\"twitter:data2\" content=\"1 minuto\" \/>\n<script type=\"application\/ld+json\" class=\"yoast-schema-graph\">{\"@context\":\"https:\/\/schema.org\",\"@graph\":[{\"@type\":\"WebPage\",\"@id\":\"https:\/\/staging.varesenews.it\/2019\/02\/varese-calcio-giocatori-tornano-campo\/796709\/\",\"url\":\"https:\/\/staging.varesenews.it\/2019\/02\/varese-calcio-giocatori-tornano-campo\/796709\/\",\"name\":\"Varese Calcio, i giocatori tornano in campo\",\"isPartOf\":{\"@id\":\"https:\/\/staging.varesenews.it\/#website\"},\"datePublished\":\"2019-02-24T10:00:12+00:00\",\"dateModified\":\"2019-02-24T10:00:12+00:00\",\"author\":{\"@id\":\"https:\/\/staging.varesenews.it\/#\/schema\/person\/e82236e79160d30d4e1f942004ac3038\"},\"description\":\"Con un comunicato firmato dall'avvocato Marina Manfredi i biancorossi comunicano che oggi saranno in campo a Viggi\u00f9\",\"breadcrumb\":{\"@id\":\"https:\/\/staging.varesenews.it\/2019\/02\/varese-calcio-giocatori-tornano-campo\/796709\/#breadcrumb\"},\"inLanguage\":\"it-IT\",\"potentialAction\":[{\"@type\":\"ReadAction\",\"target\":[\"https:\/\/staging.varesenews.it\/2019\/02\/varese-calcio-giocatori-tornano-campo\/796709\/\"]}]},{\"@type\":\"BreadcrumbList\",\"@id\":\"https:\/\/staging.varesenews.it\/2019\/02\/varese-calcio-giocatori-tornano-campo\/796709\/#breadcrumb\",\"itemListElement\":[{\"@type\":\"ListItem\",\"position\":1,\"name\":\"Home\",\"item\":\"https:\/\/www.varesenews.it\/\"},{\"@type\":\"ListItem\",\"position\":2,\"name\":\"Varese Calcio, i giocatori tornano in campo\"}]},{\"@type\":\"WebSite\",\"@id\":\"https:\/\/staging.varesenews.it\/#website\",\"url\":\"https:\/\/staging.varesenews.it\/\",\"name\":\"VareseNews\",\"description\":\"\",\"potentialAction\":[{\"@type\":\"SearchAction\",\"target\":{\"@type\":\"EntryPoint\",\"urlTemplate\":\"https:\/\/staging.varesenews.it\/?s={search_term_string}\"},\"query-input\":\"required name=search_term_string\"}],\"inLanguage\":\"it-IT\"},{\"@type\":\"Person\",\"@id\":\"https:\/\/staging.varesenews.it\/#\/schema\/person\/e82236e79160d30d4e1f942004ac3038\",\"name\":\"Francesco Mazzoleni\",\"image\":{\"@type\":\"ImageObject\",\"inLanguage\":\"it-IT\",\"@id\":\"https:\/\/staging.varesenews.it\/#\/schema\/person\/image\/\",\"url\":\"https:\/\/staging.varesenews.it\/wp-content\/uploads\/2020\/12\/francesco_mazzoleni_colori_500-1.jpg\",\"contentUrl\":\"https:\/\/staging.varesenews.it\/wp-content\/uploads\/2020\/12\/francesco_mazzoleni_colori_500-1.jpg\",\"caption\":\"Francesco Mazzoleni\"},\"description\":\"\\\"Uomo di campo\\\" della redazione sportiva. Nutro una vera passione per il calcio, che sia ad alti livelli, sui campi di provincia o in altri continenti. Sono nato a Varese nel 1984, vivo da sempre a Malnate e ho una laurea in Scienze Motorie. Ho mosso i primi passi a VareseNews da stagista nel 2002; nel 2008 ho iniziato a collaborare con maggiore continuit\u00e0 e dal 2018 sono giornalista professionista. Orgoglioso pap\u00e0 di Federico e Adelaide.\",\"sameAs\":[\"fmazzof\",\"it.linkedin.com\/in\/francescomazzolenif\",\"https:\/\/twitter.com\/fmazzof\"],\"url\":\"https:\/\/staging.varesenews.it\/persona\/francesco_mazzoleniferracini\/\"}]}<\/script>\n<!-- \/ Yoast SEO plugin. -->","yoast_head_json":{"title":"Varese Calcio, i giocatori tornano in campo","description":"Con un comunicato firmato dall'avvocato Marina Manfredi i biancorossi comunicano che oggi saranno in campo a Viggi\u00f9","robots":{"index":"noindex","follow":"follow","max-snippet":"max-snippet:-1","max-image-preview":"max-image-preview:large","max-video-preview":"max-video-preview:-1"},"og_locale":"it_IT","og_type":"article","og_title":"Varese Calcio, i giocatori tornano in campo","og_description":"Con un comunicato firmato dall'avvocato Marina Manfredi i biancorossi comunicano che oggi saranno in campo a Viggi\u00f9","og_url":"https:\/\/staging.varesenews.it\/2019\/02\/varese-calcio-giocatori-tornano-campo\/796709\/","og_site_name":"VareseNews","article_publisher":"https:\/\/www.facebook.com\/varesenews","article_published_time":"2019-02-24T10:00:12+00:00","author":"Francesco Mazzoleni","twitter_card":"summary_large_image","twitter_creator":"@fmazzof","twitter_site":"@varesenews","twitter_misc":{"Scritto da":"Francesco Mazzoleni","Tempo di lettura stimato":"1 minuto"},"schema":{"@context":"https:\/\/schema.org","@graph":[{"@type":"WebPage","@id":"https:\/\/staging.varesenews.it\/2019\/02\/varese-calcio-giocatori-tornano-campo\/796709\/","url":"https:\/\/staging.varesenews.it\/2019\/02\/varese-calcio-giocatori-tornano-campo\/796709\/","name":"Varese Calcio, i giocatori tornano in campo","isPartOf":{"@id":"https:\/\/staging.varesenews.it\/#website"},"datePublished":"2019-02-24T10:00:12+00:00","dateModified":"2019-02-24T10:00:12+00:00","author":{"@id":"https:\/\/staging.varesenews.it\/#\/schema\/person\/e82236e79160d30d4e1f942004ac3038"},"description":"Con un comunicato firmato dall'avvocato Marina Manfredi i biancorossi comunicano che oggi saranno in campo a Viggi\u00f9","breadcrumb":{"@id":"https:\/\/staging.varesenews.it\/2019\/02\/varese-calcio-giocatori-tornano-campo\/796709\/#breadcrumb"},"inLanguage":"it-IT","potentialAction":[{"@type":"ReadAction","target":["https:\/\/staging.varesenews.it\/2019\/02\/varese-calcio-giocatori-tornano-campo\/796709\/"]}]},{"@type":"BreadcrumbList","@id":"https:\/\/staging.varesenews.it\/2019\/02\/varese-calcio-giocatori-tornano-campo\/796709\/#breadcrumb","itemListElement":[{"@type":"ListItem","position":1,"name":"Home","item":"https:\/\/www.varesenews.it\/"},{"@type":"ListItem","position":2,"name":"Varese Calcio, i giocatori tornano in campo"}]},{"@type":"WebSite","@id":"https:\/\/staging.varesenews.it\/#website","url":"https:\/\/staging.varesenews.it\/","name":"VareseNews","description":"","potentialAction":[{"@type":"SearchAction","target":{"@type":"EntryPoint","urlTemplate":"https:\/\/staging.varesenews.it\/?s={search_term_string}"},"query-input":"required name=search_term_string"}],"inLanguage":"it-IT"},{"@type":"Person","@id":"https:\/\/staging.varesenews.it\/#\/schema\/person\/e82236e79160d30d4e1f942004ac3038","name":"Francesco Mazzoleni","image":{"@type":"ImageObject","inLanguage":"it-IT","@id":"https:\/\/staging.varesenews.it\/#\/schema\/person\/image\/","url":"https:\/\/staging.varesenews.it\/wp-content\/uploads\/2020\/12\/francesco_mazzoleni_colori_500-1.jpg","contentUrl":"https:\/\/staging.varesenews.it\/wp-content\/uploads\/2020\/12\/francesco_mazzoleni_colori_500-1.jpg","caption":"Francesco Mazzoleni"},"description":"\"Uomo di campo\" della redazione sportiva. Nutro una vera passione per il calcio, che sia ad alti livelli, sui campi di provincia o in altri continenti. Sono nato a Varese nel 1984, vivo da sempre a Malnate e ho una laurea in Scienze Motorie. Ho mosso i primi passi a VareseNews da stagista nel 2002; nel 2008 ho iniziato a collaborare con maggiore continuit\u00e0 e dal 2018 sono giornalista professionista. Orgoglioso pap\u00e0 di Federico e Adelaide.","sameAs":["fmazzof","it.linkedin.com\/in\/francescomazzolenif","https:\/\/twitter.com\/fmazzof"],"url":"https:\/\/staging.varesenews.it\/persona\/francesco_mazzoleniferracini\/"}]}},"post_meta":{"_edit_lock":"1551025234:37","_edit_last":"37","_category_permalink":"a:1:{s:8:\"category\";s:2:\"14\";}","ratings_users":"0","ratings_score":"0","ratings_average":"0","id_leggi_anche":"794786,796677,794923,794662,796762","foto":"694699","firma-personalizzata":"fmf","argomento":"Calcio","_yoast_wpseo_focuskw_text_input":"varese calcio calciatori","_yoast_wpseo_focuskw":"varese calcio calciatori","_yoast_wpseo_linkdex":"55","_yoast_wpseo_content_score":"30","_jd_tweet_this":"yes","_wpt_short_url":"https:\/\/www.varesenews.it\/2019\/02\/varese-calcio-giocatori-tornano-campo\/796709\/","_wp_jd_target":"https:\/\/www.varesenews.it\/2019\/02\/varese-calcio-giocatori-tornano-campo\/796709\/","_jd_wp_twitter":"a:1:{i:0;s:145:\"Varese Calcio, i giocatori tornano in campo https:\/\/www.varesenews.it\/2019\/02\/varese-calcio-giocatori-tornano-campo\/796709\/ #calcio #varesecalcio\";}","_wpt_status_message":"Tweet inviato con successo."},"photos":[{"original":"https:\/\/staging.varesenews.it\/photogallery_new\/images\/2018\/09\/varese-vigevano-foto-di-maurizio-borserini-694699.jpg","full":"https:\/\/staging.varesenews.it\/photogallery_new\/images\/2018\/09\/varese-vigevano-foto-di-maurizio-borserini-694699.1024x768.jpg","large":"https:\/\/staging.varesenews.it\/photogallery_new\/images\/2018\/09\/varese-vigevano-foto-di-maurizio-borserini-694699.610x431.jpg"}],"_links":{"self":[{"href":"https:\/\/staging.varesenews.it\/swgapi\/v1\/wp\/v2\/posts\/796709"}],"collection":[{"href":"https:\/\/staging.varesenews.it\/swgapi\/v1\/wp\/v2\/posts"}],"about":[{"href":"https:\/\/staging.varesenews.it\/swgapi\/v1\/wp\/v2\/types\/post"}],"author":[{"embeddable":true,"href":"https:\/\/staging.varesenews.it\/swgapi\/v1\/wp\/v2\/users\/37"}],"replies":[{"embeddable":true,"href":"https:\/\/staging.varesenews.it\/swgapi\/v1\/wp\/v2\/comments?post=796709"}],"version-history":[{"count":0,"href":"https:\/\/staging.varesenews.it\/swgapi\/v1\/wp\/v2\/posts\/796709\/revisions"}],"wp:attachment":[{"href":"https:\/\/staging.varesenews.it\/swgapi\/v1\/wp\/v2\/media?parent=796709"}],"wp:term":[{"taxonomy":"category","embeddable":true,"href":"https:\/\/staging.varesenews.it\/swgapi\/v1\/wp\/v2\/categories?post=796709"},{"taxonomy":"post_tag","embeddable":true,"href":"https:\/\/staging.varesenews.it\/swgapi\/v1\/wp\/v2\/tags?post=796709"}],"curies":[{"name":"wp","href":"https:\/\/api.w.org\/{rel}","templated":true}]}}