{"id":797009,"date":"2019-02-25T15:48:54","date_gmt":"2019-02-25T14:48:54","guid":{"rendered":"https:\/\/www.varesenews.it\/?p=797009"},"modified":"2019-02-25T16:30:15","modified_gmt":"2019-02-25T15:30:15","slug":"conforama-sciopero","status":"publish","type":"post","link":"https:\/\/staging.varesenews.it\/2019\/02\/conforama-sciopero\/797009\/","title":{"rendered":"Conforama licenzia 30 persone, i dipendenti scioperano"},"content":{"rendered":"<p>I lavoratori della\u00a0<strong>Conforama di Vergiate<\/strong>, azienda che commercia mobili, hanno scioperato per protestare contro la la decisione della societ\u00e0 di licenziare\u00a0<strong>30 lavoratori<\/strong>\u00a0del comparto amministrativo della sede centrale. Secondo i delegati sindacali<strong>,<\/strong>\u00a0l\u2019azienda avrebbe preso questa decisione senza spiegare n\u00e9 ai lavoratori n\u00e9 alle parti sociali le ragioni che la motivano. \u00abVeniamo da due pesanti ristrutturazioni degli anni passati &#8211; sottolinea <strong>Simona Menegale<\/strong> della <strong>Fisascat Cisl<\/strong> &#8211; che sono costate quasi duecento posti di lavoro. I tagli sul personale sono gi\u00e0 stati fatti, ora se ne fanno degli altri senza\u00a0pensare ad alcuna misura di salvaguardia dell&#8217;occupazione e senza nessuna azione di sostegno al reddito\u00bb.<\/p>\n<p>La decisione\u00a0 di dichiarare l&#8217;esubero del personale della sede di <strong>Conforama Italia<\/strong> \u00e8 stata resa nota nell&#8217;incontro nazionale del <strong>5 febbraio<\/strong>. Contemporaneamente la societ\u00e0 ha deciso di\u00a0 spostare\u00a0il personale amministrativo di\u00a0<strong>Emmezeta\u00a0<\/strong><strong>Moda<\/strong>\u00a0dagli uffici di\u00a0<strong>Vergiate<\/strong>\u00a0a quelli di <strong>Milano, <\/strong>anche in questo caso . secondo il sindacato, enza dare giustificazioni di carattere produttivo e tecnico-organizzativo. \u00abPer quanto riguarda Emmezeta moda sede e negozi sono stati aperti degli ammortizzatori sociali &#8211; spiega Menegale &#8211; i lavoratori hanno una <strong>cassa di solidariet\u00e0<\/strong> che scadr\u00e0 il trentun marzo. Per quanto riguarda la parte di <strong>Conforama Italia<\/strong> \u00e8 stata aperta solo in 5 punti vendita, in tutta Italia. L&#8217;azienda pretende di estenderla ad altri due punti vendita ma non vuole inglobare le unit\u00e0 della sede si parla unicamente di tagli di persone. Riducendo di trenta persone la sede centrale si rischia l&#8217;implosione di tutto il sistema Conforama\u00bb.<\/p>\n<p>\u00abPartire da Vergiate con la protesta &#8211; conclude la\u00a0delegata sindacale\u00a0<strong>Violet Lanzarini<\/strong>\u00a0&#8211; ha un significato simbolico perch\u00e9 questo \u00e8 il primo punto vendita storico e se non c&#8217;\u00e8 una sede non ci sono nemmeno i punti di vendita. A questo punto ci dicano con chiarezza perch\u00e9 il nostro posto \u00e8 a rischio\u00bb<\/p>\n","protected":false},"excerpt":{"rendered":"<p>I dipendenti del punto vendita di Vergiate hanno scioperato contro il taglio di 30 lavoratori\u00a0del comparto amministrativo della sede centrale. Simona Menegale (Fisascat Cisl dei Laghi): \u00abRiducendo il personale della sede si rischia l&#8217;implosione di tutto il sistema Conforama\u00bb<\/p>\n","protected":false},"author":45,"featured_media":0,"comment_status":"open","ping_status":"open","sticky":false,"template":"","format":"standard","meta":{"footnotes":""},"categories":[3],"tags":[16288,94307],"acf":[],"yoast_head":"<!-- This site is optimized with the Yoast SEO plugin v20.1 - https:\/\/yoast.com\/wordpress\/plugins\/seo\/ -->\n<title>Conforama licenzia 30 persone, i dipendenti scioperano<\/title>\n<meta name=\"description\" content=\"I dipendenti del punto vendita di Vergiate hanno scioperato contro il taglio di 30 lavoratori\u00a0del comparto amministrativo della sede centrale. Simona Menegale (Fisascat Cisl dei Laghi): \u00abRiducendo il personale della sede si rischia l&#039;implosione di tutto il sistema Conforama\u00bb\" \/>\n<meta name=\"robots\" content=\"noindex, follow, max-snippet:-1, max-image-preview:large, max-video-preview:-1\" \/>\n<meta property=\"og:locale\" content=\"it_IT\" \/>\n<meta property=\"og:type\" content=\"article\" \/>\n<meta property=\"og:title\" content=\"Conforama licenzia 30 persone, i dipendenti scioperano\" \/>\n<meta property=\"og:description\" content=\"I dipendenti del punto vendita di Vergiate hanno scioperato contro il taglio di 30 lavoratori\u00a0del comparto amministrativo della sede centrale. Simona Menegale (Fisascat Cisl dei Laghi): \u00abRiducendo il personale della sede si rischia l&#039;implosione di tutto il sistema Conforama\u00bb\" \/>\n<meta property=\"og:url\" content=\"https:\/\/staging.varesenews.it\/2019\/02\/conforama-sciopero\/797009\/\" \/>\n<meta property=\"og:site_name\" content=\"VareseNews\" \/>\n<meta property=\"article:publisher\" content=\"https:\/\/www.facebook.com\/varesenews\" \/>\n<meta property=\"article:author\" content=\"https:\/\/www.facebook.com\/michele.mancino.5\" \/>\n<meta property=\"article:published_time\" content=\"2019-02-25T14:48:54+00:00\" \/>\n<meta property=\"article:modified_time\" content=\"2019-02-25T15:30:15+00:00\" \/>\n<meta name=\"author\" content=\"Michele Mancino\" \/>\n<meta name=\"twitter:card\" content=\"summary_large_image\" \/>\n<meta name=\"twitter:creator\" content=\"@micmancio\" \/>\n<meta name=\"twitter:site\" content=\"@varesenews\" \/>\n<meta name=\"twitter:label1\" content=\"Scritto da\" \/>\n\t<meta name=\"twitter:data1\" content=\"Michele Mancino\" \/>\n\t<meta name=\"twitter:label2\" content=\"Tempo di lettura stimato\" \/>\n\t<meta name=\"twitter:data2\" content=\"2 minuti\" \/>\n<script type=\"application\/ld+json\" class=\"yoast-schema-graph\">{\"@context\":\"https:\/\/schema.org\",\"@graph\":[{\"@type\":\"WebPage\",\"@id\":\"https:\/\/staging.varesenews.it\/2019\/02\/conforama-sciopero\/797009\/\",\"url\":\"https:\/\/staging.varesenews.it\/2019\/02\/conforama-sciopero\/797009\/\",\"name\":\"Conforama licenzia 30 persone, i dipendenti scioperano\",\"isPartOf\":{\"@id\":\"https:\/\/staging.varesenews.it\/#website\"},\"datePublished\":\"2019-02-25T14:48:54+00:00\",\"dateModified\":\"2019-02-25T15:30:15+00:00\",\"author\":{\"@id\":\"https:\/\/staging.varesenews.it\/#\/schema\/person\/308b491d3cb680ead199e5ff6c6ce540\"},\"description\":\"I dipendenti del punto vendita di Vergiate hanno scioperato contro il taglio di 30 lavoratori\u00a0del comparto amministrativo della sede centrale. Simona Menegale (Fisascat Cisl dei Laghi): \u00abRiducendo il personale della sede si rischia l'implosione di tutto il sistema Conforama\u00bb\",\"breadcrumb\":{\"@id\":\"https:\/\/staging.varesenews.it\/2019\/02\/conforama-sciopero\/797009\/#breadcrumb\"},\"inLanguage\":\"it-IT\",\"potentialAction\":[{\"@type\":\"ReadAction\",\"target\":[\"https:\/\/staging.varesenews.it\/2019\/02\/conforama-sciopero\/797009\/\"]}]},{\"@type\":\"BreadcrumbList\",\"@id\":\"https:\/\/staging.varesenews.it\/2019\/02\/conforama-sciopero\/797009\/#breadcrumb\",\"itemListElement\":[{\"@type\":\"ListItem\",\"position\":1,\"name\":\"Home\",\"item\":\"https:\/\/www.varesenews.it\/\"},{\"@type\":\"ListItem\",\"position\":2,\"name\":\"Conforama licenzia 30 persone, i dipendenti scioperano\"}]},{\"@type\":\"WebSite\",\"@id\":\"https:\/\/staging.varesenews.it\/#website\",\"url\":\"https:\/\/staging.varesenews.it\/\",\"name\":\"VareseNews\",\"description\":\"\",\"potentialAction\":[{\"@type\":\"SearchAction\",\"target\":{\"@type\":\"EntryPoint\",\"urlTemplate\":\"https:\/\/staging.varesenews.it\/?s={search_term_string}\"},\"query-input\":\"required name=search_term_string\"}],\"inLanguage\":\"it-IT\"},{\"@type\":\"Person\",\"@id\":\"https:\/\/staging.varesenews.it\/#\/schema\/person\/308b491d3cb680ead199e5ff6c6ce540\",\"name\":\"Michele Mancino\",\"image\":{\"@type\":\"ImageObject\",\"inLanguage\":\"it-IT\",\"@id\":\"https:\/\/staging.varesenews.it\/#\/schema\/person\/image\/\",\"url\":\"https:\/\/staging.varesenews.it\/wp-content\/uploads\/2020\/12\/michele_mancino_colori_500.jpg\",\"contentUrl\":\"https:\/\/staging.varesenews.it\/wp-content\/uploads\/2020\/12\/michele_mancino_colori_500.jpg\",\"caption\":\"Michele Mancino\"},\"description\":\"Sono a VareseNews da prima che nascesse. Ho inserito le prime notizie in una stringa di codice html, la lingua di internet. Aprivo i computer, cambiavo schede di rete e portavo i server dal provider. A met&agrave; degli anni &rsquo;90 il giornalista online doveva saper fare anche questo. Ho vissuto gli anni drammatici della bolla speculativa di Internet e quelli entusiastici della crescita, anni in cui VareseNews era un Davide in mezzo a tanti Golia. Poi sono arrivati i social, le nuove piattaforme e soprattutto gli smartphone, una postazione di lavoro racchiusa in una mano. Una nuova rivoluzione. Insomma, &egrave; stata, ed &egrave; ancora, un&rsquo;avventura entusiasmante perch&eacute; mi insegna giorno dopo giorno che il cambiamento &egrave; l&rsquo;unica certezza di questa fragile esistenza.\",\"sameAs\":[\"https:\/\/www.facebook.com\/michele.mancino.5\",\"micmancio\",\"Aggiorna le impostazioni del tuo profilo pubblicoit.linkedin.com\/pub\/michele-mancino\/28\/b71\/890\/it\",\"https:\/\/twitter.com\/micmancio\"],\"url\":\"https:\/\/staging.varesenews.it\/persona\/michele_mancino\/\"}]}<\/script>\n<!-- \/ Yoast SEO plugin. -->","yoast_head_json":{"title":"Conforama licenzia 30 persone, i dipendenti scioperano","description":"I dipendenti del punto vendita di Vergiate hanno scioperato contro il taglio di 30 lavoratori\u00a0del comparto amministrativo della sede centrale. Simona Menegale (Fisascat Cisl dei Laghi): \u00abRiducendo il personale della sede si rischia l'implosione di tutto il sistema Conforama\u00bb","robots":{"index":"noindex","follow":"follow","max-snippet":"max-snippet:-1","max-image-preview":"max-image-preview:large","max-video-preview":"max-video-preview:-1"},"og_locale":"it_IT","og_type":"article","og_title":"Conforama licenzia 30 persone, i dipendenti scioperano","og_description":"I dipendenti del punto vendita di Vergiate hanno scioperato contro il taglio di 30 lavoratori\u00a0del comparto amministrativo della sede centrale. Simona Menegale (Fisascat Cisl dei Laghi): \u00abRiducendo il personale della sede si rischia l'implosione di tutto il sistema Conforama\u00bb","og_url":"https:\/\/staging.varesenews.it\/2019\/02\/conforama-sciopero\/797009\/","og_site_name":"VareseNews","article_publisher":"https:\/\/www.facebook.com\/varesenews","article_author":"https:\/\/www.facebook.com\/michele.mancino.5","article_published_time":"2019-02-25T14:48:54+00:00","article_modified_time":"2019-02-25T15:30:15+00:00","author":"Michele Mancino","twitter_card":"summary_large_image","twitter_creator":"@micmancio","twitter_site":"@varesenews","twitter_misc":{"Scritto da":"Michele Mancino","Tempo di lettura stimato":"2 minuti"},"schema":{"@context":"https:\/\/schema.org","@graph":[{"@type":"WebPage","@id":"https:\/\/staging.varesenews.it\/2019\/02\/conforama-sciopero\/797009\/","url":"https:\/\/staging.varesenews.it\/2019\/02\/conforama-sciopero\/797009\/","name":"Conforama licenzia 30 persone, i dipendenti scioperano","isPartOf":{"@id":"https:\/\/staging.varesenews.it\/#website"},"datePublished":"2019-02-25T14:48:54+00:00","dateModified":"2019-02-25T15:30:15+00:00","author":{"@id":"https:\/\/staging.varesenews.it\/#\/schema\/person\/308b491d3cb680ead199e5ff6c6ce540"},"description":"I dipendenti del punto vendita di Vergiate hanno scioperato contro il taglio di 30 lavoratori\u00a0del comparto amministrativo della sede centrale. Simona Menegale (Fisascat Cisl dei Laghi): \u00abRiducendo il personale della sede si rischia l'implosione di tutto il sistema Conforama\u00bb","breadcrumb":{"@id":"https:\/\/staging.varesenews.it\/2019\/02\/conforama-sciopero\/797009\/#breadcrumb"},"inLanguage":"it-IT","potentialAction":[{"@type":"ReadAction","target":["https:\/\/staging.varesenews.it\/2019\/02\/conforama-sciopero\/797009\/"]}]},{"@type":"BreadcrumbList","@id":"https:\/\/staging.varesenews.it\/2019\/02\/conforama-sciopero\/797009\/#breadcrumb","itemListElement":[{"@type":"ListItem","position":1,"name":"Home","item":"https:\/\/www.varesenews.it\/"},{"@type":"ListItem","position":2,"name":"Conforama licenzia 30 persone, i dipendenti scioperano"}]},{"@type":"WebSite","@id":"https:\/\/staging.varesenews.it\/#website","url":"https:\/\/staging.varesenews.it\/","name":"VareseNews","description":"","potentialAction":[{"@type":"SearchAction","target":{"@type":"EntryPoint","urlTemplate":"https:\/\/staging.varesenews.it\/?s={search_term_string}"},"query-input":"required name=search_term_string"}],"inLanguage":"it-IT"},{"@type":"Person","@id":"https:\/\/staging.varesenews.it\/#\/schema\/person\/308b491d3cb680ead199e5ff6c6ce540","name":"Michele Mancino","image":{"@type":"ImageObject","inLanguage":"it-IT","@id":"https:\/\/staging.varesenews.it\/#\/schema\/person\/image\/","url":"https:\/\/staging.varesenews.it\/wp-content\/uploads\/2020\/12\/michele_mancino_colori_500.jpg","contentUrl":"https:\/\/staging.varesenews.it\/wp-content\/uploads\/2020\/12\/michele_mancino_colori_500.jpg","caption":"Michele Mancino"},"description":"Sono a VareseNews da prima che nascesse. Ho inserito le prime notizie in una stringa di codice html, la lingua di internet. Aprivo i computer, cambiavo schede di rete e portavo i server dal provider. A met&agrave; degli anni &rsquo;90 il giornalista online doveva saper fare anche questo. Ho vissuto gli anni drammatici della bolla speculativa di Internet e quelli entusiastici della crescita, anni in cui VareseNews era un Davide in mezzo a tanti Golia. Poi sono arrivati i social, le nuove piattaforme e soprattutto gli smartphone, una postazione di lavoro racchiusa in una mano. Una nuova rivoluzione. Insomma, &egrave; stata, ed &egrave; ancora, un&rsquo;avventura entusiasmante perch&eacute; mi insegna giorno dopo giorno che il cambiamento &egrave; l&rsquo;unica certezza di questa fragile esistenza.","sameAs":["https:\/\/www.facebook.com\/michele.mancino.5","micmancio","Aggiorna le impostazioni del tuo profilo pubblicoit.linkedin.com\/pub\/michele-mancino\/28\/b71\/890\/it","https:\/\/twitter.com\/micmancio"],"url":"https:\/\/staging.varesenews.it\/persona\/michele_mancino\/"}]}},"post_meta":{"_edit_lock":"1551108575:45","_edit_last":"45","_category_permalink":"a:1:{s:8:\"category\";s:0:\"\";}","ratings_users":"0","ratings_score":"0","ratings_average":"0","argomento":"Vergiate","_yoast_wpseo_focuskw_text_input":"conforama","_yoast_wpseo_focuskw":"conforama","_yoast_wpseo_linkdex":"76","_yoast_wpseo_content_score":"30","_jd_tweet_this":"yes","_wpt_short_url":"https:\/\/www.varesenews.it\/2019\/02\/conforama-sciopero\/797009\/","_wp_jd_target":"https:\/\/www.varesenews.it\/2019\/02\/conforama-sciopero\/797009\/","_jd_wp_twitter":"a:1:{i:0;s:140:\"Conforama licenzia 30 persone, i dipendenti scioperano https:\/\/www.varesenews.it\/2019\/02\/conforama-sciopero\/797009\/ #conforama #emmezetamoda\";}","_wpt_status_message":"Tweet inviato con successo.","id_video_vzaar":"19768566","foto":"724102","id_link_fotogallery":"797051"},"photos":[{"original":"https:\/\/staging.varesenews.it\/photogallery_new\/images\/2019\/02\/conforama-sciopero-724102.jpg","full":"https:\/\/staging.varesenews.it\/photogallery_new\/images\/2019\/02\/conforama-sciopero-724102.1024x768.jpg","large":"https:\/\/staging.varesenews.it\/photogallery_new\/images\/2019\/02\/conforama-sciopero-724102.610x431.jpg"}],"_links":{"self":[{"href":"https:\/\/staging.varesenews.it\/swgapi\/v1\/wp\/v2\/posts\/797009"}],"collection":[{"href":"https:\/\/staging.varesenews.it\/swgapi\/v1\/wp\/v2\/posts"}],"about":[{"href":"https:\/\/staging.varesenews.it\/swgapi\/v1\/wp\/v2\/types\/post"}],"author":[{"embeddable":true,"href":"https:\/\/staging.varesenews.it\/swgapi\/v1\/wp\/v2\/users\/45"}],"replies":[{"embeddable":true,"href":"https:\/\/staging.varesenews.it\/swgapi\/v1\/wp\/v2\/comments?post=797009"}],"version-history":[{"count":0,"href":"https:\/\/staging.varesenews.it\/swgapi\/v1\/wp\/v2\/posts\/797009\/revisions"}],"wp:attachment":[{"href":"https:\/\/staging.varesenews.it\/swgapi\/v1\/wp\/v2\/media?parent=797009"}],"wp:term":[{"taxonomy":"category","embeddable":true,"href":"https:\/\/staging.varesenews.it\/swgapi\/v1\/wp\/v2\/categories?post=797009"},{"taxonomy":"post_tag","embeddable":true,"href":"https:\/\/staging.varesenews.it\/swgapi\/v1\/wp\/v2\/tags?post=797009"}],"curies":[{"name":"wp","href":"https:\/\/api.w.org\/{rel}","templated":true}]}}