{"id":79765,"date":"2012-09-18T00:00:00","date_gmt":"2012-09-18T00:00:00","guid":{"rendered":""},"modified":"2012-09-18T00:00:00","modified_gmt":"2012-09-18T00:00:00","slug":"un-nuovo-centro-per-gli-anziani-apre-il-grilli","status":"publish","type":"post","link":"https:\/\/staging.varesenews.it\/2012\/09\/un-nuovo-centro-per-gli-anziani-apre-il-grilli\/79765\/","title":{"rendered":"Un nuovo centro per gli anziani, apre il &#8220;Grilli&#8221;"},"content":{"rendered":"<p><img loading=\"lazy\" decoding=\"async\" src=\"https:\/\/www3.varesenews.it\/immagini_articoli\/201209\/2839219338_Immagine_002.jpg\" width=\"300\" height=\"225\" vspace=\"5\" hspace=\"5\" border=\"1\" align=\"right\" alt=\"\" \/><strong>Un nuovo centro d&rsquo;incontro nel quartiere di San Fermo.<\/strong> Il Grilli da oggi, marted&igrave; 18 settembre, <strong>apre ufficialmente le sue porte agli anziani,<\/strong> trasformandosi in un luogo dove poter trascorrere le giornate, con diverse attivit&agrave; e con servizi di assistenza. Inaugurato davanti ad una sala piena, va ad aggiungersi agli ormai noti e frequentati centri di Via Maspero, di Sangallo, di Biumo Inferiore e di Avigno, ampliando il progetto di sostegno rivolto agli anziani dell&rsquo;amministrazione comunale.<\/p>\n<div><strong>&nbsp;&laquo;&Egrave; molto bello essere qui &ndash; ha spiegato l&rsquo;assessore alla famiglia Enrico Angelini -. <\/strong>Questo centro dimostra che anche le cose difficili possono essere realizzate grazie alla collaborazione che si crea tra le diverse realt&agrave; del territorio. Questo centro vede al centro la persona umana e vuole essere un luogo d&rsquo;incontro e di solidariet&agrave;&raquo;.&nbsp;<\/div>\n<div>Gi&agrave; sede di diverse attivit&agrave;, in passato il Grilli era gestito dalla circoscrizione N.5. Una volta eliminate le circoscrizioni, lo stabile &egrave; passato in gestione ai servizi sociali che hanno deciso di <strong>&laquo;arricchire l&rsquo;offerta del luogo&raquo;, come spiegato dal dirigente Francesco Spatola<\/strong>. Al suo interno continuano ad esserci la sede della biblioteca rionale e dei Messi Notificatori della Polizia Locale ma le attivit&agrave; rivolte agli anziani saranno molte di pi&ugrave;.&nbsp;<\/div>\n<div><strong>In via Marzoli 9 infatti, il marted&igrave; e il gioved&igrave;, dalle 9 alle 16.30 (con orari sperimentali)<\/strong> si potranno <img loading=\"lazy\" decoding=\"async\" src=\"https:\/\/www3.varesenews.it\/immagini_articoli\/201209\/59955413_Immagine_017.jpg\" width=\"300\" height=\"225\" vspace=\"5\" hspace=\"5\" border=\"1\" align=\"right\" alt=\"\" \/>trovare corsi come il ballo country, il ballo liscio, la musicoterapia, il ballo di gruppo, camputer, disegno e tanto altro. Il tutto accompagnato da servizi di trasporto, di accadimento, servizio infermieristico e pranzo. &laquo;Abbiamo ottimizzato le risorse a nostra disposizione &ndash; spiega Spatola -. Il personale di Via Maspero verr&agrave; anche in questa sede. I volontari inoltre, sono moltissimi e possono aiutare gli anziani malati&raquo;.&nbsp;<\/div>\n<div><strong>I lavori di adeguamento dei locali sono stati fatti grazie ad un contributo di 29.000 euro, lasciati dalla circoscrizione N.5 e di 10.000 euro investiti dalla Fondazione Cariplo.<\/strong> Un contributo notevole invece, &egrave; arrivato direttamente dal lavoro dei centri diurni per anziani gi&agrave; esistenti. Come spiegato dalla direttrice Maria Albanese infatti, <strong>16.000 euro sono stati raccolti durante tre anni di attivit&agrave;, <\/strong>grazie a mercatini ed iniziative. Quest&rsquo;ultimi sono serviti per comprare l&rsquo;arredamento necessario per ospitare gli anziani e per altri beni necessari al buon funzionamento della struttura. Un luogo che gi&agrave; oggi, all&rsquo;ora di pranzo, vedeva un centinaio di persone sedute al tavolo e pronte a gustare il pranzo, con una rosa accanto al piatto, omaggio lasciato alle donne che hanno partecipato all&rsquo;inaugurazione.&nbsp;Le iscrizioni sono gi&agrave; aperte e si riceveranno al Centro di Via Maspero 20 (Tel. 0332\/286390). I corsi invece, avranno il costo di 12 euro.<\/div>\n","protected":false},"excerpt":{"rendered":"<p>\u00c9 stato inaugurato questa mattina, marted\u00ec 18 settembre, e sar\u00e0 una nuova struttura di accoglienza diurna per le persone anziane. In programma corsi dal ballo al computer <\/p>\n","protected":false},"author":10,"featured_media":0,"comment_status":"open","ping_status":"open","sticky":false,"template":"","format":"standard","meta":{"footnotes":""},"categories":[2],"tags":[2698,9211,2227],"acf":[],"yoast_head":"<!-- This site is optimized with the Yoast SEO plugin v20.1 - https:\/\/yoast.com\/wordpress\/plugins\/seo\/ -->\n<title>Un nuovo centro per gli anziani, apre il &quot;Grilli&quot;<\/title>\n<meta name=\"description\" content=\"\u00c9 stato inaugurato questa mattina, marted\u00ec 18 settembre, e sar\u00e0 una nuova struttura di accoglienza diurna per le persone anziane. In programma corsi dal ballo al computer\" \/>\n<meta name=\"robots\" content=\"noindex, follow, max-snippet:-1, max-image-preview:large, max-video-preview:-1\" \/>\n<meta property=\"og:locale\" content=\"it_IT\" \/>\n<meta property=\"og:type\" content=\"article\" \/>\n<meta property=\"og:title\" content=\"Un nuovo centro per gli anziani, apre il &quot;Grilli&quot;\" \/>\n<meta property=\"og:description\" content=\"\u00c9 stato inaugurato questa mattina, marted\u00ec 18 settembre, e sar\u00e0 una nuova struttura di accoglienza diurna per le persone anziane. In programma corsi dal ballo al computer\" \/>\n<meta property=\"og:url\" content=\"https:\/\/www.varesenews.it\/2012\/09\/un-nuovo-centro-per-gli-anziani-apre-il-grilli\/79765\/\" \/>\n<meta property=\"og:site_name\" content=\"VareseNews\" \/>\n<meta property=\"article:publisher\" content=\"https:\/\/www.facebook.com\/varesenews\" \/>\n<meta property=\"article:published_time\" content=\"2012-09-18T00:00:00+00:00\" \/>\n<meta property=\"og:image\" content=\"https:\/\/www3.varesenews.it\/immagini_articoli\/201209\/2839219338_Immagine_002.jpg\" \/>\n<meta name=\"author\" content=\"Redazione VareseNews\" \/>\n<meta name=\"twitter:card\" content=\"summary_large_image\" \/>\n<meta name=\"twitter:creator\" content=\"@varesenews\" \/>\n<meta name=\"twitter:site\" content=\"@varesenews\" \/>\n<meta name=\"twitter:label1\" content=\"Scritto da\" \/>\n\t<meta name=\"twitter:data1\" content=\"Redazione VareseNews\" \/>\n\t<meta name=\"twitter:label2\" content=\"Tempo di lettura stimato\" \/>\n\t<meta name=\"twitter:data2\" content=\"2 minuti\" \/>\n<script type=\"application\/ld+json\" class=\"yoast-schema-graph\">{\"@context\":\"https:\/\/schema.org\",\"@graph\":[{\"@type\":\"WebPage\",\"@id\":\"https:\/\/www.varesenews.it\/2012\/09\/un-nuovo-centro-per-gli-anziani-apre-il-grilli\/79765\/\",\"url\":\"https:\/\/www.varesenews.it\/2012\/09\/un-nuovo-centro-per-gli-anziani-apre-il-grilli\/79765\/\",\"name\":\"Un nuovo centro per gli anziani, apre il \\\"Grilli\\\"\",\"isPartOf\":{\"@id\":\"https:\/\/staging.varesenews.it\/#website\"},\"datePublished\":\"2012-09-18T00:00:00+00:00\",\"dateModified\":\"2012-09-18T00:00:00+00:00\",\"author\":{\"@id\":\"https:\/\/staging.varesenews.it\/#\/schema\/person\/fb20c4da0b7b16c291707a20db73e169\"},\"description\":\"\u00c9 stato inaugurato questa mattina, marted\u00ec 18 settembre, e sar\u00e0 una nuova struttura di accoglienza diurna per le persone anziane. In programma corsi dal ballo al computer\",\"breadcrumb\":{\"@id\":\"https:\/\/www.varesenews.it\/2012\/09\/un-nuovo-centro-per-gli-anziani-apre-il-grilli\/79765\/#breadcrumb\"},\"inLanguage\":\"it-IT\",\"potentialAction\":[{\"@type\":\"ReadAction\",\"target\":[\"https:\/\/www.varesenews.it\/2012\/09\/un-nuovo-centro-per-gli-anziani-apre-il-grilli\/79765\/\"]}]},{\"@type\":\"BreadcrumbList\",\"@id\":\"https:\/\/www.varesenews.it\/2012\/09\/un-nuovo-centro-per-gli-anziani-apre-il-grilli\/79765\/#breadcrumb\",\"itemListElement\":[{\"@type\":\"ListItem\",\"position\":1,\"name\":\"Home\",\"item\":\"https:\/\/www.varesenews.it\/\"},{\"@type\":\"ListItem\",\"position\":2,\"name\":\"Un nuovo centro per gli anziani, apre il &#8220;Grilli&#8221;\"}]},{\"@type\":\"WebSite\",\"@id\":\"https:\/\/staging.varesenews.it\/#website\",\"url\":\"https:\/\/staging.varesenews.it\/\",\"name\":\"VareseNews\",\"description\":\"\",\"potentialAction\":[{\"@type\":\"SearchAction\",\"target\":{\"@type\":\"EntryPoint\",\"urlTemplate\":\"https:\/\/staging.varesenews.it\/?s={search_term_string}\"},\"query-input\":\"required name=search_term_string\"}],\"inLanguage\":\"it-IT\"},{\"@type\":\"Person\",\"@id\":\"https:\/\/staging.varesenews.it\/#\/schema\/person\/fb20c4da0b7b16c291707a20db73e169\",\"name\":\"Redazione VareseNews\",\"image\":{\"@type\":\"ImageObject\",\"inLanguage\":\"it-IT\",\"@id\":\"https:\/\/staging.varesenews.it\/#\/schema\/person\/image\/\",\"url\":\"https:\/\/staging.varesenews.it\/wp-content\/uploads\/2020\/12\/logo_VN_colori_500.png\",\"contentUrl\":\"https:\/\/staging.varesenews.it\/wp-content\/uploads\/2020\/12\/logo_VN_colori_500.png\",\"caption\":\"Redazione VareseNews\"},\"url\":\"https:\/\/staging.varesenews.it\/persona\/redazione1\/\"}]}<\/script>\n<!-- \/ Yoast SEO plugin. -->","yoast_head_json":{"title":"Un nuovo centro per gli anziani, apre il \"Grilli\"","description":"\u00c9 stato inaugurato questa mattina, marted\u00ec 18 settembre, e sar\u00e0 una nuova struttura di accoglienza diurna per le persone anziane. In programma corsi dal ballo al computer","robots":{"index":"noindex","follow":"follow","max-snippet":"max-snippet:-1","max-image-preview":"max-image-preview:large","max-video-preview":"max-video-preview:-1"},"og_locale":"it_IT","og_type":"article","og_title":"Un nuovo centro per gli anziani, apre il \"Grilli\"","og_description":"\u00c9 stato inaugurato questa mattina, marted\u00ec 18 settembre, e sar\u00e0 una nuova struttura di accoglienza diurna per le persone anziane. In programma corsi dal ballo al computer","og_url":"https:\/\/www.varesenews.it\/2012\/09\/un-nuovo-centro-per-gli-anziani-apre-il-grilli\/79765\/","og_site_name":"VareseNews","article_publisher":"https:\/\/www.facebook.com\/varesenews","article_published_time":"2012-09-18T00:00:00+00:00","og_image":[{"url":"https:\/\/www3.varesenews.it\/immagini_articoli\/201209\/2839219338_Immagine_002.jpg"}],"author":"Redazione VareseNews","twitter_card":"summary_large_image","twitter_creator":"@varesenews","twitter_site":"@varesenews","twitter_misc":{"Scritto da":"Redazione VareseNews","Tempo di lettura stimato":"2 minuti"},"schema":{"@context":"https:\/\/schema.org","@graph":[{"@type":"WebPage","@id":"https:\/\/www.varesenews.it\/2012\/09\/un-nuovo-centro-per-gli-anziani-apre-il-grilli\/79765\/","url":"https:\/\/www.varesenews.it\/2012\/09\/un-nuovo-centro-per-gli-anziani-apre-il-grilli\/79765\/","name":"Un nuovo centro per gli anziani, apre il \"Grilli\"","isPartOf":{"@id":"https:\/\/staging.varesenews.it\/#website"},"datePublished":"2012-09-18T00:00:00+00:00","dateModified":"2012-09-18T00:00:00+00:00","author":{"@id":"https:\/\/staging.varesenews.it\/#\/schema\/person\/fb20c4da0b7b16c291707a20db73e169"},"description":"\u00c9 stato inaugurato questa mattina, marted\u00ec 18 settembre, e sar\u00e0 una nuova struttura di accoglienza diurna per le persone anziane. In programma corsi dal ballo al computer","breadcrumb":{"@id":"https:\/\/www.varesenews.it\/2012\/09\/un-nuovo-centro-per-gli-anziani-apre-il-grilli\/79765\/#breadcrumb"},"inLanguage":"it-IT","potentialAction":[{"@type":"ReadAction","target":["https:\/\/www.varesenews.it\/2012\/09\/un-nuovo-centro-per-gli-anziani-apre-il-grilli\/79765\/"]}]},{"@type":"BreadcrumbList","@id":"https:\/\/www.varesenews.it\/2012\/09\/un-nuovo-centro-per-gli-anziani-apre-il-grilli\/79765\/#breadcrumb","itemListElement":[{"@type":"ListItem","position":1,"name":"Home","item":"https:\/\/www.varesenews.it\/"},{"@type":"ListItem","position":2,"name":"Un nuovo centro per gli anziani, apre il &#8220;Grilli&#8221;"}]},{"@type":"WebSite","@id":"https:\/\/staging.varesenews.it\/#website","url":"https:\/\/staging.varesenews.it\/","name":"VareseNews","description":"","potentialAction":[{"@type":"SearchAction","target":{"@type":"EntryPoint","urlTemplate":"https:\/\/staging.varesenews.it\/?s={search_term_string}"},"query-input":"required name=search_term_string"}],"inLanguage":"it-IT"},{"@type":"Person","@id":"https:\/\/staging.varesenews.it\/#\/schema\/person\/fb20c4da0b7b16c291707a20db73e169","name":"Redazione VareseNews","image":{"@type":"ImageObject","inLanguage":"it-IT","@id":"https:\/\/staging.varesenews.it\/#\/schema\/person\/image\/","url":"https:\/\/staging.varesenews.it\/wp-content\/uploads\/2020\/12\/logo_VN_colori_500.png","contentUrl":"https:\/\/staging.varesenews.it\/wp-content\/uploads\/2020\/12\/logo_VN_colori_500.png","caption":"Redazione VareseNews"},"url":"https:\/\/staging.varesenews.it\/persona\/redazione1\/"}]}},"post_meta":{"id_old":"243134","argomento":"San Fermo ","autore_old":"Adelia Brigo ","id_link_fotogallery":"302297"},"photos":[],"_links":{"self":[{"href":"https:\/\/staging.varesenews.it\/swgapi\/v1\/wp\/v2\/posts\/79765"}],"collection":[{"href":"https:\/\/staging.varesenews.it\/swgapi\/v1\/wp\/v2\/posts"}],"about":[{"href":"https:\/\/staging.varesenews.it\/swgapi\/v1\/wp\/v2\/types\/post"}],"author":[{"embeddable":true,"href":"https:\/\/staging.varesenews.it\/swgapi\/v1\/wp\/v2\/users\/10"}],"replies":[{"embeddable":true,"href":"https:\/\/staging.varesenews.it\/swgapi\/v1\/wp\/v2\/comments?post=79765"}],"version-history":[{"count":0,"href":"https:\/\/staging.varesenews.it\/swgapi\/v1\/wp\/v2\/posts\/79765\/revisions"}],"wp:attachment":[{"href":"https:\/\/staging.varesenews.it\/swgapi\/v1\/wp\/v2\/media?parent=79765"}],"wp:term":[{"taxonomy":"category","embeddable":true,"href":"https:\/\/staging.varesenews.it\/swgapi\/v1\/wp\/v2\/categories?post=79765"},{"taxonomy":"post_tag","embeddable":true,"href":"https:\/\/staging.varesenews.it\/swgapi\/v1\/wp\/v2\/tags?post=79765"}],"curies":[{"name":"wp","href":"https:\/\/api.w.org\/{rel}","templated":true}]}}