{"id":797815,"date":"2019-02-27T16:56:45","date_gmt":"2019-02-27T15:56:45","guid":{"rendered":"https:\/\/www.varesenews.it\/?p=797815"},"modified":"2019-03-29T12:46:09","modified_gmt":"2019-03-29T11:46:09","slug":"varese-ritrova-la-vittoria","status":"publish","type":"post","link":"https:\/\/staging.varesenews.it\/2019\/02\/varese-ritrova-la-vittoria\/797815\/","title":{"rendered":"Il Varese ritrova la vittoria"},"content":{"rendered":"<p><strong>Il Varese vince 2-0 a Cassano Magnago contro l&#8217;Union Villa<\/strong> e ritrova il gusto della vittoria dopo pi\u00f9 di un mese. Era infatti il <a href=\"https:\/\/www.varesenews.it\/2019\/01\/varese-rischia-successo-2-1-vigevano\/786968\/\">20 gennaio quando i biancorossi vinsero a Vigevano. <\/a>In mezzo due rinunce, una sconfitta della Juniores e una contro il <a href=\"https:\/\/www.varesenews.it\/2019\/02\/varese-calcio-sconfitta-figlia-dei-problemi-societari\/796762\/\">Ferrera Erbognone<\/a> ultimo in classifica.<\/p>\n<p>Gara ben giocata dai biancorossi, che ritrovano <strong>due pedine fondamentali come il centrocampista Marinali e la punta Moceri<\/strong> e &#8211; seppur privi di Travaglini in difesa &#8211; non soffrono le velleit\u00e0 dei cassanesi.<\/p>\n<p>Un gol per tempo per decidere la sfida: <strong>Gestra al 13&#8242; del primo tempo per sbloccare il match, Silla al 28&#8242; della ripresa per chiudere i conti<\/strong>. In mezzo un buon Varese, con personalit\u00e0 ma ancora con scorie di condizione che andranno via con qualche partita in pi\u00f9.<\/p>\n<p><strong>Union Villa che con questa sconfitta rimane &#8220;cornuto e mazziato&#8221;<\/strong>; non solo non riesce a strappare punti ai biancorossi, ma nelle formazioni di fondo classifica \u00e8 <strong>l&#8217;unica che non ha sfruttato la crisi societaria biancorossa.<\/strong> La Castanese aveva di fatti battuto la Juniores, mentre il Ferrera Erbognone si \u00e8 portato a casa i tre punti da Viggi\u00f9 domenica scorsa.<\/p>\n<p>Domenica il Varese affronter\u00e0 la<strong> trasferta di Milano contro l&#8217;Alcione<\/strong>, mentre mercoled\u00ec prossimo &#8211; 6 marzo &#8211; inizier\u00e0 il turno nazionale di Coppa Italia. Primo avversario il Finale &#8211; squadra di Finale Ligure &#8211; che \u00e8 stato sconfitto oggi 2-0 in casa dal Canelli e giocher\u00e0 a Viggi\u00f9. Da definire l&#8217;orario.<\/p>\n<p>Un&#8217;alta cosa da definire, e non \u00e8 da poco, \u00e8 l&#8217;assetto societario. Rispetto a domenica e alle parole di <a href=\"https:\/\/www.varesenews.it\/2019\/02\/benecchi-varese-un-futuro\/796783\/\">Claudio Benecchi<\/a>, la situazione non ha subito variazioni, n\u00e9 in positivo, n\u00e9 in negativo.<\/p>\n","protected":false},"excerpt":{"rendered":"<p>i biancorossi battono 2-0 l&#8217;Union Villa a Cassano Magnago con le reti di Gestra e Silla. Stallo sulla situazione societaria<\/p>\n","protected":false},"author":37,"featured_media":0,"comment_status":"open","ping_status":"open","sticky":false,"template":"","format":"standard","meta":{"footnotes":""},"categories":[14,2],"tags":[144,208,8541,9192],"acf":[],"yoast_head":"<!-- This site is optimized with the Yoast SEO plugin v20.1 - https:\/\/yoast.com\/wordpress\/plugins\/seo\/ -->\n<title>Il Varese ritrova la vittoria<\/title>\n<meta name=\"description\" content=\"i biancorossi battono 2-0 l&#039;Union Villa a Cassano Magnago con le reti di Gestra e Silla. Stallo sulla situazione societaria\" \/>\n<meta name=\"robots\" content=\"noindex, follow, max-snippet:-1, max-image-preview:large, max-video-preview:-1\" \/>\n<meta property=\"og:locale\" content=\"it_IT\" \/>\n<meta property=\"og:type\" content=\"article\" \/>\n<meta property=\"og:title\" content=\"Il Varese ritrova la vittoria\" \/>\n<meta property=\"og:description\" content=\"i biancorossi battono 2-0 l&#039;Union Villa a Cassano Magnago con le reti di Gestra e Silla. Stallo sulla situazione societaria\" \/>\n<meta property=\"og:url\" content=\"https:\/\/staging.varesenews.it\/2019\/02\/varese-ritrova-la-vittoria\/797815\/\" \/>\n<meta property=\"og:site_name\" content=\"VareseNews\" \/>\n<meta property=\"article:publisher\" content=\"https:\/\/www.facebook.com\/varesenews\" \/>\n<meta property=\"article:published_time\" content=\"2019-02-27T15:56:45+00:00\" \/>\n<meta property=\"article:modified_time\" content=\"2019-03-29T11:46:09+00:00\" \/>\n<meta name=\"author\" content=\"Francesco Mazzoleni\" \/>\n<meta name=\"twitter:card\" content=\"summary_large_image\" \/>\n<meta name=\"twitter:creator\" content=\"@fmazzof\" \/>\n<meta name=\"twitter:site\" content=\"@varesenews\" \/>\n<meta name=\"twitter:label1\" content=\"Scritto da\" \/>\n\t<meta name=\"twitter:data1\" content=\"Francesco Mazzoleni\" \/>\n\t<meta name=\"twitter:label2\" content=\"Tempo di lettura stimato\" \/>\n\t<meta name=\"twitter:data2\" content=\"1 minuto\" \/>\n<script type=\"application\/ld+json\" class=\"yoast-schema-graph\">{\"@context\":\"https:\/\/schema.org\",\"@graph\":[{\"@type\":\"WebPage\",\"@id\":\"https:\/\/staging.varesenews.it\/2019\/02\/varese-ritrova-la-vittoria\/797815\/\",\"url\":\"https:\/\/staging.varesenews.it\/2019\/02\/varese-ritrova-la-vittoria\/797815\/\",\"name\":\"Il Varese ritrova la vittoria\",\"isPartOf\":{\"@id\":\"https:\/\/staging.varesenews.it\/#website\"},\"datePublished\":\"2019-02-27T15:56:45+00:00\",\"dateModified\":\"2019-03-29T11:46:09+00:00\",\"author\":{\"@id\":\"https:\/\/staging.varesenews.it\/#\/schema\/person\/e82236e79160d30d4e1f942004ac3038\"},\"description\":\"i biancorossi battono 2-0 l'Union Villa a Cassano Magnago con le reti di Gestra e Silla. Stallo sulla situazione societaria\",\"breadcrumb\":{\"@id\":\"https:\/\/staging.varesenews.it\/2019\/02\/varese-ritrova-la-vittoria\/797815\/#breadcrumb\"},\"inLanguage\":\"it-IT\",\"potentialAction\":[{\"@type\":\"ReadAction\",\"target\":[\"https:\/\/staging.varesenews.it\/2019\/02\/varese-ritrova-la-vittoria\/797815\/\"]}]},{\"@type\":\"BreadcrumbList\",\"@id\":\"https:\/\/staging.varesenews.it\/2019\/02\/varese-ritrova-la-vittoria\/797815\/#breadcrumb\",\"itemListElement\":[{\"@type\":\"ListItem\",\"position\":1,\"name\":\"Home\",\"item\":\"https:\/\/www.varesenews.it\/\"},{\"@type\":\"ListItem\",\"position\":2,\"name\":\"Il Varese ritrova la vittoria\"}]},{\"@type\":\"WebSite\",\"@id\":\"https:\/\/staging.varesenews.it\/#website\",\"url\":\"https:\/\/staging.varesenews.it\/\",\"name\":\"VareseNews\",\"description\":\"\",\"potentialAction\":[{\"@type\":\"SearchAction\",\"target\":{\"@type\":\"EntryPoint\",\"urlTemplate\":\"https:\/\/staging.varesenews.it\/?s={search_term_string}\"},\"query-input\":\"required name=search_term_string\"}],\"inLanguage\":\"it-IT\"},{\"@type\":\"Person\",\"@id\":\"https:\/\/staging.varesenews.it\/#\/schema\/person\/e82236e79160d30d4e1f942004ac3038\",\"name\":\"Francesco Mazzoleni\",\"image\":{\"@type\":\"ImageObject\",\"inLanguage\":\"it-IT\",\"@id\":\"https:\/\/staging.varesenews.it\/#\/schema\/person\/image\/\",\"url\":\"https:\/\/staging.varesenews.it\/wp-content\/uploads\/2020\/12\/francesco_mazzoleni_colori_500-1.jpg\",\"contentUrl\":\"https:\/\/staging.varesenews.it\/wp-content\/uploads\/2020\/12\/francesco_mazzoleni_colori_500-1.jpg\",\"caption\":\"Francesco Mazzoleni\"},\"description\":\"\\\"Uomo di campo\\\" della redazione sportiva. Nutro una vera passione per il calcio, che sia ad alti livelli, sui campi di provincia o in altri continenti. Sono nato a Varese nel 1984, vivo da sempre a Malnate e ho una laurea in Scienze Motorie. Ho mosso i primi passi a VareseNews da stagista nel 2002; nel 2008 ho iniziato a collaborare con maggiore continuit\u00e0 e dal 2018 sono giornalista professionista. Orgoglioso pap\u00e0 di Federico e Adelaide.\",\"sameAs\":[\"fmazzof\",\"it.linkedin.com\/in\/francescomazzolenif\",\"https:\/\/twitter.com\/fmazzof\"],\"url\":\"https:\/\/staging.varesenews.it\/persona\/francesco_mazzoleniferracini\/\"}]}<\/script>\n<!-- \/ Yoast SEO plugin. -->","yoast_head_json":{"title":"Il Varese ritrova la vittoria","description":"i biancorossi battono 2-0 l'Union Villa a Cassano Magnago con le reti di Gestra e Silla. Stallo sulla situazione societaria","robots":{"index":"noindex","follow":"follow","max-snippet":"max-snippet:-1","max-image-preview":"max-image-preview:large","max-video-preview":"max-video-preview:-1"},"og_locale":"it_IT","og_type":"article","og_title":"Il Varese ritrova la vittoria","og_description":"i biancorossi battono 2-0 l'Union Villa a Cassano Magnago con le reti di Gestra e Silla. Stallo sulla situazione societaria","og_url":"https:\/\/staging.varesenews.it\/2019\/02\/varese-ritrova-la-vittoria\/797815\/","og_site_name":"VareseNews","article_publisher":"https:\/\/www.facebook.com\/varesenews","article_published_time":"2019-02-27T15:56:45+00:00","article_modified_time":"2019-03-29T11:46:09+00:00","author":"Francesco Mazzoleni","twitter_card":"summary_large_image","twitter_creator":"@fmazzof","twitter_site":"@varesenews","twitter_misc":{"Scritto da":"Francesco Mazzoleni","Tempo di lettura stimato":"1 minuto"},"schema":{"@context":"https:\/\/schema.org","@graph":[{"@type":"WebPage","@id":"https:\/\/staging.varesenews.it\/2019\/02\/varese-ritrova-la-vittoria\/797815\/","url":"https:\/\/staging.varesenews.it\/2019\/02\/varese-ritrova-la-vittoria\/797815\/","name":"Il Varese ritrova la vittoria","isPartOf":{"@id":"https:\/\/staging.varesenews.it\/#website"},"datePublished":"2019-02-27T15:56:45+00:00","dateModified":"2019-03-29T11:46:09+00:00","author":{"@id":"https:\/\/staging.varesenews.it\/#\/schema\/person\/e82236e79160d30d4e1f942004ac3038"},"description":"i biancorossi battono 2-0 l'Union Villa a Cassano Magnago con le reti di Gestra e Silla. Stallo sulla situazione societaria","breadcrumb":{"@id":"https:\/\/staging.varesenews.it\/2019\/02\/varese-ritrova-la-vittoria\/797815\/#breadcrumb"},"inLanguage":"it-IT","potentialAction":[{"@type":"ReadAction","target":["https:\/\/staging.varesenews.it\/2019\/02\/varese-ritrova-la-vittoria\/797815\/"]}]},{"@type":"BreadcrumbList","@id":"https:\/\/staging.varesenews.it\/2019\/02\/varese-ritrova-la-vittoria\/797815\/#breadcrumb","itemListElement":[{"@type":"ListItem","position":1,"name":"Home","item":"https:\/\/www.varesenews.it\/"},{"@type":"ListItem","position":2,"name":"Il Varese ritrova la vittoria"}]},{"@type":"WebSite","@id":"https:\/\/staging.varesenews.it\/#website","url":"https:\/\/staging.varesenews.it\/","name":"VareseNews","description":"","potentialAction":[{"@type":"SearchAction","target":{"@type":"EntryPoint","urlTemplate":"https:\/\/staging.varesenews.it\/?s={search_term_string}"},"query-input":"required name=search_term_string"}],"inLanguage":"it-IT"},{"@type":"Person","@id":"https:\/\/staging.varesenews.it\/#\/schema\/person\/e82236e79160d30d4e1f942004ac3038","name":"Francesco Mazzoleni","image":{"@type":"ImageObject","inLanguage":"it-IT","@id":"https:\/\/staging.varesenews.it\/#\/schema\/person\/image\/","url":"https:\/\/staging.varesenews.it\/wp-content\/uploads\/2020\/12\/francesco_mazzoleni_colori_500-1.jpg","contentUrl":"https:\/\/staging.varesenews.it\/wp-content\/uploads\/2020\/12\/francesco_mazzoleni_colori_500-1.jpg","caption":"Francesco Mazzoleni"},"description":"\"Uomo di campo\" della redazione sportiva. Nutro una vera passione per il calcio, che sia ad alti livelli, sui campi di provincia o in altri continenti. Sono nato a Varese nel 1984, vivo da sempre a Malnate e ho una laurea in Scienze Motorie. Ho mosso i primi passi a VareseNews da stagista nel 2002; nel 2008 ho iniziato a collaborare con maggiore continuit\u00e0 e dal 2018 sono giornalista professionista. Orgoglioso pap\u00e0 di Federico e Adelaide.","sameAs":["fmazzof","it.linkedin.com\/in\/francescomazzolenif","https:\/\/twitter.com\/fmazzof"],"url":"https:\/\/staging.varesenews.it\/persona\/francesco_mazzoleniferracini\/"}]}},"post_meta":{"_edit_lock":"1553859974:37","_edit_last":"37","_category_permalink":"a:1:{s:8:\"category\";s:2:\"14\";}","ratings_users":"0","ratings_score":"0","ratings_average":"0","foto":"724545","argomento":"Calcio","_yoast_wpseo_focuskw_text_input":"varese union villa","_yoast_wpseo_focuskw":"varese union villa","_yoast_wpseo_linkdex":"60","_yoast_wpseo_content_score":"60","_jd_tweet_this":"yes","_wpt_short_url":"https:\/\/www.varesenews.it\/2019\/02\/varese-ritrova-la-vittoria\/797815\/","_wp_jd_target":"https:\/\/www.varesenews.it\/2019\/02\/varese-ritrova-la-vittoria\/797815\/","_jd_wp_twitter":"a:1:{i:0;s:132:\"Il Varese ritrova la vittoria https:\/\/www.varesenews.it\/2019\/02\/varese-ritrova-la-vittoria\/797815\/ #calcio #eccellenza #unioncassano\";}","_wpt_status_message":"Tweet inviato con successo.","id_leggi_anche":"797862,800960"},"photos":[{"original":"https:\/\/staging.varesenews.it\/photogallery_new\/images\/2019\/02\/varese-union-villa-724545.jpg","full":"https:\/\/staging.varesenews.it\/photogallery_new\/images\/2019\/02\/varese-union-villa-724545.1024x768.jpg","large":"https:\/\/staging.varesenews.it\/photogallery_new\/images\/2019\/02\/varese-union-villa-724545.610x431.jpg"}],"_links":{"self":[{"href":"https:\/\/staging.varesenews.it\/swgapi\/v1\/wp\/v2\/posts\/797815"}],"collection":[{"href":"https:\/\/staging.varesenews.it\/swgapi\/v1\/wp\/v2\/posts"}],"about":[{"href":"https:\/\/staging.varesenews.it\/swgapi\/v1\/wp\/v2\/types\/post"}],"author":[{"embeddable":true,"href":"https:\/\/staging.varesenews.it\/swgapi\/v1\/wp\/v2\/users\/37"}],"replies":[{"embeddable":true,"href":"https:\/\/staging.varesenews.it\/swgapi\/v1\/wp\/v2\/comments?post=797815"}],"version-history":[{"count":0,"href":"https:\/\/staging.varesenews.it\/swgapi\/v1\/wp\/v2\/posts\/797815\/revisions"}],"wp:attachment":[{"href":"https:\/\/staging.varesenews.it\/swgapi\/v1\/wp\/v2\/media?parent=797815"}],"wp:term":[{"taxonomy":"category","embeddable":true,"href":"https:\/\/staging.varesenews.it\/swgapi\/v1\/wp\/v2\/categories?post=797815"},{"taxonomy":"post_tag","embeddable":true,"href":"https:\/\/staging.varesenews.it\/swgapi\/v1\/wp\/v2\/tags?post=797815"}],"curies":[{"name":"wp","href":"https:\/\/api.w.org\/{rel}","templated":true}]}}