{"id":79875,"date":"2012-09-17T00:00:00","date_gmt":"2012-09-17T00:00:00","guid":{"rendered":""},"modified":"2012-09-17T00:00:00","modified_gmt":"2012-09-17T00:00:00","slug":"il-sindaco-risponda-che-fine-hanno-fatto-le-interrogazioni","status":"publish","type":"post","link":"https:\/\/staging.varesenews.it\/2012\/09\/il-sindaco-risponda-che-fine-hanno-fatto-le-interrogazioni\/79875\/","title":{"rendered":"&#8220;Il sindaco risponda, che fine hanno fatto le interrogazioni?&#8221;"},"content":{"rendered":"<p><img loading=\"lazy\" decoding=\"async\" width=\"300\" vspace=\"5\" hspace=\"5\" height=\"225\" border=\"1\" align=\"right\" src=\"https:\/\/www3.varesenews.it\/immagini_articoli\/201204\/rocca_angera.jpg\" alt=\"\" \/>&laquo;Il consiglio comunale non &egrave; pi&ugrave; un democratico luogo di incontro e discussione dei temi di interesse cittadino tra rappresentanti eletti dagli angeresi ma &egrave; diventato <strong>la fastidiosa incombenza che la legge impone<\/strong> per ratificare solo le cose che servono alla maggioranza per galleggiare: un consigliere che possa alzare la mano e qualcuno a cui rifilare la  responsabilit&agrave; per i bilanci che continuano a non quadrare e all&rsquo;aumento  di tasse che dovr&agrave; imporre agli angeresi&raquo;. I consiglieri <strong>Molgora<\/strong> (Cambiangera) e <strong>Oggioni<\/strong> (Lega Nord) spiegano le ragioni che li hanno spinti ad abbandonare la seduta di <a href=\"http:\/\/www3.varesenews.it\/comuni\/angera\/articolo.php?id=242840\" target=\"_blank\">gioved&igrave; 13 settembre in segno di protesta<\/a>. &laquo;La nostra maggioranza &#8211; proseguono i rappresentanti della minoranza &#8211; pensa solo a come amministrarsi piuttosto che ad amministrare Angera. Le defezioni si susseguono a ritmo incalzante e loro sono preoccupati solo a come fare a conservare lo scranno (e il compenso mensile che da tempo si chiede che venga ridotto?)&raquo;. Ma ad irritare i due consiglieri &egrave; stata in particolare la mancata opportunit&agrave; di intervenire: &laquo;Hanno vietato il giusto diritto di fare una comunicazione a uno di noi (Oggioni). Come ha fatto notare il dottor Vittorio Ponti, la norma del consiglio prevede che si debba iniziare il consiglio con la <strong>lettura ed approvazione dei verbali del consiglio precedente<\/strong> e a settembre, dopo tre consigli, non sappiamo ancora nulla dei verbali di giugno, dove sono stati discussi due bilanci contestatissimi. Da mesi e mesi presentiamo<strong> interrogazioni e mozioni<\/strong> che per regolamento dovrebbero essere discusse al primo consiglio utile (o al massimo dopo 45 giorni) e il sindaco se le nasconde nel cassetto, non portandole in assemblea. Cos&igrave; anche le interrogazioni urgenti che dovrebbero venir discusse subito vengono dimenticate chiss&agrave; dove. Per concludere il Consiglio in bellezza hanno impedito di parlare anche ad un loro ex-alleato, Alessandrini&raquo;. <br \/>\nA commento della seduta &egrave; intervenuto anche un altro esponente della minoranza, <strong>Marco Brovelli<\/strong>, di &quot;A come Angera&quot;, che motiva il voto contrario alla sostituzione del consigliere dimissionario Franca Ingignoli: &laquo;Le ragioni &#8211; spiega Brovelli &#8211; sono da ricondurre all&#8217;errata gestione dell&#8217;intera questione da parte della Maggioranza Consiliare, la quale per ben due volte non &egrave; stata in grado di assicurare sia il numero legale che politico per una mera presa d&#8217;atto, imputando poi alle Minoranze e allo scrivente, di mancare di senso civico impedendo al nuovo Consigliere Comunale di poter esercitare il mandato conferitogli dagli elettori. Tale inerzia e superficialit&agrave; politica,&nbsp; <strong>ha bloccato l&#8217;attivit&agrave; del Consiglio Comunale<\/strong> che, invece si sarebbe potuto occupare di argomenti e di tematiche che meritano ancora numerose risposte da parte di chi &egrave; stato chiamato a governare la nostra Citt&agrave;; pensiamo ad esempio alle Interrogazioni inerenti la questione della Tribuna del campo sportivo, alla gestione dei fondi assegnati per la presenza&nbsp; del nucleare, agli incidenti di ordine pubblico in alcune feste e manifestazioni del mese di Giugno e altre ancora presentate da questa Forza di Minoranza. L&#8217;invito che abbiamo formulato all&#8217;attuale Maggioranza &egrave; quindi ancora pi&ugrave; pressante ora, e in questa sede lo rimarchiamo ancora in maniera pi&ugrave; evidente, ovvero la Giunta deve dimostrare di saper e di voler lavorare nell&#8217;interesse di tutti i cittadini angeresi , altrimenti &egrave; meglio che l&#8217;esperienza politico &#8211; amministrativa di questa Maggioranza venga nuovamente&nbsp; giudicata dagli elettori&raquo;.<br \/>\n&nbsp;<\/p>\n<p>Tutti gli articoli su <a href=\"http:\/\/www3.varesenews.it\/comuni\/angera\/index.php\" target=\"_blank\"><strong>Angera<\/strong><\/a><\/p>\n","protected":false},"excerpt":{"rendered":"<p>Minoranze critiche al termine del consiglio comunale di gioved\u00ec 13 settembre: &#8220;In questo modo il consiglio comunale non \u00e8 pi\u00f9 democratico&#8221; <\/p>\n","protected":false},"author":10,"featured_media":0,"comment_status":"open","ping_status":"open","sticky":false,"template":"","format":"standard","meta":{"footnotes":""},"categories":[2],"tags":[4452,1065,21627,17449],"acf":[],"yoast_head":"<!-- This site is optimized with the Yoast SEO plugin v20.1 - https:\/\/yoast.com\/wordpress\/plugins\/seo\/ -->\n<title>&quot;Il sindaco risponda, che fine hanno fatto le interrogazioni?&quot;<\/title>\n<meta name=\"description\" content=\"Minoranze critiche al termine del consiglio comunale di gioved\u00ec 13 settembre: &quot;In questo modo il consiglio comunale non \u00e8 pi\u00f9 democratico&quot;\" \/>\n<meta name=\"robots\" content=\"noindex, follow, max-snippet:-1, max-image-preview:large, max-video-preview:-1\" \/>\n<meta property=\"og:locale\" content=\"it_IT\" \/>\n<meta property=\"og:type\" content=\"article\" \/>\n<meta property=\"og:title\" content=\"&quot;Il sindaco risponda, che fine hanno fatto le interrogazioni?&quot;\" \/>\n<meta property=\"og:description\" content=\"Minoranze critiche al termine del consiglio comunale di gioved\u00ec 13 settembre: &quot;In questo modo il consiglio comunale non \u00e8 pi\u00f9 democratico&quot;\" \/>\n<meta property=\"og:url\" content=\"https:\/\/staging.varesenews.it\/2012\/09\/il-sindaco-risponda-che-fine-hanno-fatto-le-interrogazioni\/79875\/\" \/>\n<meta property=\"og:site_name\" content=\"VareseNews\" \/>\n<meta property=\"article:publisher\" content=\"https:\/\/www.facebook.com\/varesenews\" \/>\n<meta property=\"article:published_time\" content=\"2012-09-17T00:00:00+00:00\" \/>\n<meta property=\"og:image\" content=\"https:\/\/www3.varesenews.it\/immagini_articoli\/201204\/rocca_angera.jpg\" \/>\n<meta name=\"author\" content=\"Redazione VareseNews\" \/>\n<meta name=\"twitter:card\" content=\"summary_large_image\" \/>\n<meta name=\"twitter:creator\" content=\"@varesenews\" \/>\n<meta name=\"twitter:site\" content=\"@varesenews\" \/>\n<meta name=\"twitter:label1\" content=\"Scritto da\" \/>\n\t<meta name=\"twitter:data1\" content=\"Redazione VareseNews\" \/>\n\t<meta name=\"twitter:label2\" content=\"Tempo di lettura stimato\" \/>\n\t<meta name=\"twitter:data2\" content=\"3 minuti\" \/>\n<script type=\"application\/ld+json\" class=\"yoast-schema-graph\">{\"@context\":\"https:\/\/schema.org\",\"@graph\":[{\"@type\":\"WebPage\",\"@id\":\"https:\/\/staging.varesenews.it\/2012\/09\/il-sindaco-risponda-che-fine-hanno-fatto-le-interrogazioni\/79875\/\",\"url\":\"https:\/\/staging.varesenews.it\/2012\/09\/il-sindaco-risponda-che-fine-hanno-fatto-le-interrogazioni\/79875\/\",\"name\":\"\\\"Il sindaco risponda, che fine hanno fatto le interrogazioni?\\\"\",\"isPartOf\":{\"@id\":\"https:\/\/staging.varesenews.it\/#website\"},\"datePublished\":\"2012-09-17T00:00:00+00:00\",\"dateModified\":\"2012-09-17T00:00:00+00:00\",\"author\":{\"@id\":\"https:\/\/staging.varesenews.it\/#\/schema\/person\/fb20c4da0b7b16c291707a20db73e169\"},\"description\":\"Minoranze critiche al termine del consiglio comunale di gioved\u00ec 13 settembre: \\\"In questo modo il consiglio comunale non \u00e8 pi\u00f9 democratico\\\"\",\"breadcrumb\":{\"@id\":\"https:\/\/staging.varesenews.it\/2012\/09\/il-sindaco-risponda-che-fine-hanno-fatto-le-interrogazioni\/79875\/#breadcrumb\"},\"inLanguage\":\"it-IT\",\"potentialAction\":[{\"@type\":\"ReadAction\",\"target\":[\"https:\/\/staging.varesenews.it\/2012\/09\/il-sindaco-risponda-che-fine-hanno-fatto-le-interrogazioni\/79875\/\"]}]},{\"@type\":\"BreadcrumbList\",\"@id\":\"https:\/\/staging.varesenews.it\/2012\/09\/il-sindaco-risponda-che-fine-hanno-fatto-le-interrogazioni\/79875\/#breadcrumb\",\"itemListElement\":[{\"@type\":\"ListItem\",\"position\":1,\"name\":\"Home\",\"item\":\"https:\/\/www.varesenews.it\/\"},{\"@type\":\"ListItem\",\"position\":2,\"name\":\"&#8220;Il sindaco risponda, che fine hanno fatto le interrogazioni?&#8221;\"}]},{\"@type\":\"WebSite\",\"@id\":\"https:\/\/staging.varesenews.it\/#website\",\"url\":\"https:\/\/staging.varesenews.it\/\",\"name\":\"VareseNews\",\"description\":\"\",\"potentialAction\":[{\"@type\":\"SearchAction\",\"target\":{\"@type\":\"EntryPoint\",\"urlTemplate\":\"https:\/\/staging.varesenews.it\/?s={search_term_string}\"},\"query-input\":\"required name=search_term_string\"}],\"inLanguage\":\"it-IT\"},{\"@type\":\"Person\",\"@id\":\"https:\/\/staging.varesenews.it\/#\/schema\/person\/fb20c4da0b7b16c291707a20db73e169\",\"name\":\"Redazione VareseNews\",\"image\":{\"@type\":\"ImageObject\",\"inLanguage\":\"it-IT\",\"@id\":\"https:\/\/staging.varesenews.it\/#\/schema\/person\/image\/\",\"url\":\"https:\/\/staging.varesenews.it\/wp-content\/uploads\/2020\/12\/logo_VN_colori_500.png\",\"contentUrl\":\"https:\/\/staging.varesenews.it\/wp-content\/uploads\/2020\/12\/logo_VN_colori_500.png\",\"caption\":\"Redazione VareseNews\"},\"url\":\"https:\/\/staging.varesenews.it\/persona\/redazione1\/\"}]}<\/script>\n<!-- \/ Yoast SEO plugin. -->","yoast_head_json":{"title":"\"Il sindaco risponda, che fine hanno fatto le interrogazioni?\"","description":"Minoranze critiche al termine del consiglio comunale di gioved\u00ec 13 settembre: \"In questo modo il consiglio comunale non \u00e8 pi\u00f9 democratico\"","robots":{"index":"noindex","follow":"follow","max-snippet":"max-snippet:-1","max-image-preview":"max-image-preview:large","max-video-preview":"max-video-preview:-1"},"og_locale":"it_IT","og_type":"article","og_title":"\"Il sindaco risponda, che fine hanno fatto le interrogazioni?\"","og_description":"Minoranze critiche al termine del consiglio comunale di gioved\u00ec 13 settembre: \"In questo modo il consiglio comunale non \u00e8 pi\u00f9 democratico\"","og_url":"https:\/\/staging.varesenews.it\/2012\/09\/il-sindaco-risponda-che-fine-hanno-fatto-le-interrogazioni\/79875\/","og_site_name":"VareseNews","article_publisher":"https:\/\/www.facebook.com\/varesenews","article_published_time":"2012-09-17T00:00:00+00:00","og_image":[{"url":"https:\/\/www3.varesenews.it\/immagini_articoli\/201204\/rocca_angera.jpg"}],"author":"Redazione VareseNews","twitter_card":"summary_large_image","twitter_creator":"@varesenews","twitter_site":"@varesenews","twitter_misc":{"Scritto da":"Redazione VareseNews","Tempo di lettura stimato":"3 minuti"},"schema":{"@context":"https:\/\/schema.org","@graph":[{"@type":"WebPage","@id":"https:\/\/staging.varesenews.it\/2012\/09\/il-sindaco-risponda-che-fine-hanno-fatto-le-interrogazioni\/79875\/","url":"https:\/\/staging.varesenews.it\/2012\/09\/il-sindaco-risponda-che-fine-hanno-fatto-le-interrogazioni\/79875\/","name":"\"Il sindaco risponda, che fine hanno fatto le interrogazioni?\"","isPartOf":{"@id":"https:\/\/staging.varesenews.it\/#website"},"datePublished":"2012-09-17T00:00:00+00:00","dateModified":"2012-09-17T00:00:00+00:00","author":{"@id":"https:\/\/staging.varesenews.it\/#\/schema\/person\/fb20c4da0b7b16c291707a20db73e169"},"description":"Minoranze critiche al termine del consiglio comunale di gioved\u00ec 13 settembre: \"In questo modo il consiglio comunale non \u00e8 pi\u00f9 democratico\"","breadcrumb":{"@id":"https:\/\/staging.varesenews.it\/2012\/09\/il-sindaco-risponda-che-fine-hanno-fatto-le-interrogazioni\/79875\/#breadcrumb"},"inLanguage":"it-IT","potentialAction":[{"@type":"ReadAction","target":["https:\/\/staging.varesenews.it\/2012\/09\/il-sindaco-risponda-che-fine-hanno-fatto-le-interrogazioni\/79875\/"]}]},{"@type":"BreadcrumbList","@id":"https:\/\/staging.varesenews.it\/2012\/09\/il-sindaco-risponda-che-fine-hanno-fatto-le-interrogazioni\/79875\/#breadcrumb","itemListElement":[{"@type":"ListItem","position":1,"name":"Home","item":"https:\/\/www.varesenews.it\/"},{"@type":"ListItem","position":2,"name":"&#8220;Il sindaco risponda, che fine hanno fatto le interrogazioni?&#8221;"}]},{"@type":"WebSite","@id":"https:\/\/staging.varesenews.it\/#website","url":"https:\/\/staging.varesenews.it\/","name":"VareseNews","description":"","potentialAction":[{"@type":"SearchAction","target":{"@type":"EntryPoint","urlTemplate":"https:\/\/staging.varesenews.it\/?s={search_term_string}"},"query-input":"required name=search_term_string"}],"inLanguage":"it-IT"},{"@type":"Person","@id":"https:\/\/staging.varesenews.it\/#\/schema\/person\/fb20c4da0b7b16c291707a20db73e169","name":"Redazione VareseNews","image":{"@type":"ImageObject","inLanguage":"it-IT","@id":"https:\/\/staging.varesenews.it\/#\/schema\/person\/image\/","url":"https:\/\/staging.varesenews.it\/wp-content\/uploads\/2020\/12\/logo_VN_colori_500.png","contentUrl":"https:\/\/staging.varesenews.it\/wp-content\/uploads\/2020\/12\/logo_VN_colori_500.png","caption":"Redazione VareseNews"},"url":"https:\/\/staging.varesenews.it\/persona\/redazione1\/"}]}},"post_meta":{"id_old":"243022","argomento":"Angera"},"photos":[],"_links":{"self":[{"href":"https:\/\/staging.varesenews.it\/swgapi\/v1\/wp\/v2\/posts\/79875"}],"collection":[{"href":"https:\/\/staging.varesenews.it\/swgapi\/v1\/wp\/v2\/posts"}],"about":[{"href":"https:\/\/staging.varesenews.it\/swgapi\/v1\/wp\/v2\/types\/post"}],"author":[{"embeddable":true,"href":"https:\/\/staging.varesenews.it\/swgapi\/v1\/wp\/v2\/users\/10"}],"replies":[{"embeddable":true,"href":"https:\/\/staging.varesenews.it\/swgapi\/v1\/wp\/v2\/comments?post=79875"}],"version-history":[{"count":0,"href":"https:\/\/staging.varesenews.it\/swgapi\/v1\/wp\/v2\/posts\/79875\/revisions"}],"wp:attachment":[{"href":"https:\/\/staging.varesenews.it\/swgapi\/v1\/wp\/v2\/media?parent=79875"}],"wp:term":[{"taxonomy":"category","embeddable":true,"href":"https:\/\/staging.varesenews.it\/swgapi\/v1\/wp\/v2\/categories?post=79875"},{"taxonomy":"post_tag","embeddable":true,"href":"https:\/\/staging.varesenews.it\/swgapi\/v1\/wp\/v2\/tags?post=79875"}],"curies":[{"name":"wp","href":"https:\/\/api.w.org\/{rel}","templated":true}]}}