{"id":798990,"date":"2019-03-03T21:23:47","date_gmt":"2019-03-03T20:23:47","guid":{"rendered":"https:\/\/www.varesenews.it\/?p=798990"},"modified":"2019-03-04T17:24:21","modified_gmt":"2019-03-04T16:24:21","slug":"zingaretti-segretario-del-partito-democratico","status":"publish","type":"post","link":"https:\/\/staging.varesenews.it\/2019\/03\/zingaretti-segretario-del-partito-democratico\/798990\/","title":{"rendered":"Zingaretti \u00e8 il nuovo segretario del PD, in provincia di Varese hanno votato in 14mila"},"content":{"rendered":"<p>Nicola Zingaretti \u00e8 il nuovo segretario del Partito Democratico, il governatore del Lazio ha ottenuto pi\u00f9 voti degli sfidanti Maurizio Martina e Roberto Giachetti.<\/p>\n<p>Un risultato in parte annunciato, visto che Zingaretti aveva gi\u00e0 ottenuto un successo nel voto che aveva coinvolto gli iscritti, anche se la percentuale di vittoria potrebbe essere superiore al 60%.<\/p>\n<p>Di sicuro \u00e8 stato un successo, per molti inaspettato, il dato relativo all\u2019affluenza che, secondo i primi dati a livello nazionale, ha raggiunto il milione e mezzo di voti.<\/p>\n<p>In provincia di Varese il dato definitivo sull\u2019affluenza alle primarie del Partito Democratico \u00e8 di <strong>14.213,<\/strong> un dato considerato molto positivo dal partito. Alle primarie del 2017, quando il Pd viaggiava su percentuali di voto alle politiche molto diverse, votarono 15.619 persone. In tutta la <strong>Lombardia hanno votato in 223.123.<\/strong><\/p>\n<p>Una prima suddivisione geografica dei dati sull\u2019affluenza segna 4.688 voti nel collegio di Busto Arsizio, 5.251 in quello di Gallarate e 4.274 in quello di Varese.<\/p>\n<p>Su base provinciale <strong>Nicola Zingaretti ha ottenuto il 65,76%<\/strong> dei consensi con 9.347 voti, <strong>Martina il 21,64%<\/strong> con 3.076 voti e <strong>Giachetti il 12,56%<\/strong> con 1790 voti.<\/p>\n<p>I VOTI SEGGIO PER SEGGIO<\/p>\n<div id=\"viz1551697072553\" class=\"tableauPlaceholder\" style=\"position: relative;\"><noscript><a href='#'><img alt=' ' src='https:&#47;&#47;public.tableau.com&#47;static&#47;images&#47;Ri&#47;RisultatiprimariePd2019seggiprovinciadiVarese&#47;Dashboard1&#47;1_rss.png' style='border: none' \/><\/a><\/noscript><object class=\"tableauViz\" style=\"display: none;\" width=\"300\" height=\"150\"><param name=\"host_url\" value=\"https%3A%2F%2Fpublic.tableau.com%2F\" \/><param name=\"embed_code_version\" value=\"3\" \/><param name=\"site_root\" value=\"\" \/><param name=\"name\" value=\"RisultatiprimariePd2019seggiprovinciadiVarese\/Dashboard1\" \/><param name=\"tabs\" value=\"no\" \/><param name=\"toolbar\" value=\"yes\" \/><param name=\"static_image\" value=\"https:\/\/public.tableau.com\/static\/images\/Ri\/RisultatiprimariePd2019seggiprovinciadiVarese\/Dashboard1\/1.png\" \/><param name=\"animate_transition\" value=\"yes\" \/><param name=\"display_static_image\" value=\"yes\" \/><param name=\"display_spinner\" value=\"yes\" \/><param name=\"display_overlay\" value=\"yes\" \/><param name=\"display_count\" value=\"yes\" \/><\/object><\/div>\n<p><script type='text\/javascript'>                    var divElement = document.getElementById('viz1551697072553');                    var vizElement = divElement.getElementsByTagName('object')[0];                    vizElement.style.minWidth='200px';vizElement.style.maxWidth='610px';vizElement.style.width='100%';vizElement.style.height='487px';                    var scriptElement = document.createElement('script');                    scriptElement.src = 'https:\/\/public.tableau.com\/javascripts\/api\/viz_v1.js';                    vizElement.parentNode.insertBefore(scriptElement, vizElement);                <\/script><\/p>\n<p>Fin dall\u2019inizio dello scrutinio il vantaggio di Zingaretti \u00e8 parso netto e i primi complimenti per la vittoria gli sono arrivati dagli sfidanti Maurizio Martina e Roberto Giachetti.<\/p>\n<p>\u00abIl dato \u00e8 significativo e confortante &#8211; <strong>dice il segretario provinciale di Varese Giovanni Corbo<\/strong> -. Con circa 14mila voti abbiamo superato le aspettative iniziali, che erano quelle di attestarsi a 10mila voti, con file in molti seggi e molte persone che hanno chiesto tesserarsi. Questo significa che c\u2019\u00e8 una grande ricerca di una nuova proposta politica e il Pd ha la responsabilit\u00e0 di dare una risposta alla domanda arrivata attraverso questa grande partecipazione. A livello provinciale questo grande risultato ci d\u00e0 la forza per sederci ai tavoli locali delle amministrative con un maggior spessore politico\u00bb.<\/p>\n<p>Soddisfatto anche <strong>Matteo Capriolo, segretario dei Giovani Democratici<\/strong>. \u00abSiamo molto contenti del risultato. Io stesso oggi ho potuto verificare nei seggi la partecipazione che c\u2019\u00e8 stata e ho notato una bella presenza di giovani. Un dato importante perch\u00e9 in questo momento storico, con questo Governo, quella dei giovani \u00e8 una generazione dimenticata. La partecipazione di oggi \u00e8 quella di giovani che vogliono farsi sentire e dire la loro\u00bb.<\/p>\n<p>\u00ab\u00c8 stata una giornata di grande partecipazione &#8211; <strong>ha dichiarato per il comitato Martina la consigliera provinciale Martina Cao<\/strong> -. A Nicola Zingaretti vanno i nostri complimenti e un augurio di buon lavoro. Un ringraziamento particolare a chi nella nostra provincia si \u00e8 speso a sostegno di Maurizio Martina e si \u00e8 impegnato per la riuscita di questa bella giornata di democrazia\u00bb.<\/p>\n<p>A commentare il risultato \u00e8 anche <strong>Roberto Adamoli, coordinatore della mozione a sostegno di Roberto Giachetti<\/strong>: \u00abil primo dato da evidenziare \u00e8 la grande partecipazione in tutta Italia e a Varese, da leggere anche sulla scia della bellissima manifestazione di sabato a Milano. Un dato per niente scontato e molto importante. \u00c8 stata molto netta l\u2019affermazione di Zingaretti. Si conferma la tendenza &#8211; emersa anche nelle scorse primarie &#8211; che vede premiato il vincitore annunciato. In provincia di Varese Roberto Giachetti ha raggiunto una percentuale di voti vicina a quella di Maurizio Martina, pur con meno visibilit\u00e0. Questo dimostra che ha dato rappresentanza a una posizione con un suo radicamento nell\u2019elettorato del PD\u00bb.<\/p>\n<p>Il comitato varesino a sostegno di Zingaretti ha annunciato una conferenza stampa prevista per luned\u00ec mattina.<\/p>\n","protected":false},"excerpt":{"rendered":"<p>Su base provinciale Nicola Zingaretti ha ottenuto il 65,76% dei consensi con 9.347 voti, Martina il 21,64% con 3.076 voti e Giachetti il 12,56% con 1790 voti<\/p>\n","protected":false},"author":52,"featured_media":0,"comment_status":"open","ping_status":"open","sticky":false,"template":"","format":"standard","meta":{"footnotes":""},"categories":[16,2],"tags":[1981,10111],"acf":[],"yoast_head":"<!-- This site is optimized with the Yoast SEO plugin v20.1 - https:\/\/yoast.com\/wordpress\/plugins\/seo\/ -->\n<title>Zingaretti \u00e8 il nuovo segretario del PD, in provincia di Varese hanno votato in 14mila<\/title>\n<meta name=\"description\" content=\"Su base provinciale Nicola Zingaretti ha ottenuto il 65,76% dei consensi con 9.347 voti, Martina il 21,64% con 3.076 voti e Giachetti il 12,56% con 1790 voti\" \/>\n<meta name=\"robots\" content=\"noindex, follow, max-snippet:-1, max-image-preview:large, max-video-preview:-1\" \/>\n<meta property=\"og:locale\" content=\"it_IT\" \/>\n<meta property=\"og:type\" content=\"article\" \/>\n<meta property=\"og:title\" content=\"Zingaretti \u00e8 il nuovo segretario del PD, in provincia di Varese hanno votato in 14mila\" \/>\n<meta property=\"og:description\" content=\"Su base provinciale Nicola Zingaretti ha ottenuto il 65,76% dei consensi con 9.347 voti, Martina il 21,64% con 3.076 voti e Giachetti il 12,56% con 1790 voti\" \/>\n<meta property=\"og:url\" content=\"https:\/\/www.varesenews.it\/2019\/03\/zingaretti-segretario-del-partito-democratico\/798990\/\" \/>\n<meta property=\"og:site_name\" content=\"VareseNews\" \/>\n<meta property=\"article:publisher\" content=\"https:\/\/www.facebook.com\/varesenews\" \/>\n<meta property=\"article:published_time\" content=\"2019-03-03T20:23:47+00:00\" \/>\n<meta property=\"article:modified_time\" content=\"2019-03-04T16:24:21+00:00\" \/>\n<meta name=\"author\" content=\"Tomaso Bassani\" \/>\n<meta name=\"twitter:card\" content=\"summary_large_image\" \/>\n<meta name=\"twitter:creator\" content=\"@varesenews\" \/>\n<meta name=\"twitter:site\" content=\"@varesenews\" \/>\n<meta name=\"twitter:label1\" content=\"Scritto da\" \/>\n\t<meta name=\"twitter:data1\" content=\"Tomaso Bassani\" \/>\n\t<meta name=\"twitter:label2\" content=\"Tempo di lettura stimato\" \/>\n\t<meta name=\"twitter:data2\" content=\"3 minuti\" \/>\n<script type=\"application\/ld+json\" class=\"yoast-schema-graph\">{\"@context\":\"https:\/\/schema.org\",\"@graph\":[{\"@type\":\"WebPage\",\"@id\":\"https:\/\/www.varesenews.it\/2019\/03\/zingaretti-segretario-del-partito-democratico\/798990\/\",\"url\":\"https:\/\/www.varesenews.it\/2019\/03\/zingaretti-segretario-del-partito-democratico\/798990\/\",\"name\":\"Zingaretti \u00e8 il nuovo segretario del PD, in provincia di Varese hanno votato in 14mila\",\"isPartOf\":{\"@id\":\"https:\/\/staging.varesenews.it\/#website\"},\"datePublished\":\"2019-03-03T20:23:47+00:00\",\"dateModified\":\"2019-03-04T16:24:21+00:00\",\"author\":{\"@id\":\"https:\/\/staging.varesenews.it\/#\/schema\/person\/f8cc543029c96c954a35c042e01892bb\"},\"description\":\"Su base provinciale Nicola Zingaretti ha ottenuto il 65,76% dei consensi con 9.347 voti, Martina il 21,64% con 3.076 voti e Giachetti il 12,56% con 1790 voti\",\"breadcrumb\":{\"@id\":\"https:\/\/www.varesenews.it\/2019\/03\/zingaretti-segretario-del-partito-democratico\/798990\/#breadcrumb\"},\"inLanguage\":\"it-IT\",\"potentialAction\":[{\"@type\":\"ReadAction\",\"target\":[\"https:\/\/www.varesenews.it\/2019\/03\/zingaretti-segretario-del-partito-democratico\/798990\/\"]}]},{\"@type\":\"BreadcrumbList\",\"@id\":\"https:\/\/www.varesenews.it\/2019\/03\/zingaretti-segretario-del-partito-democratico\/798990\/#breadcrumb\",\"itemListElement\":[{\"@type\":\"ListItem\",\"position\":1,\"name\":\"Home\",\"item\":\"https:\/\/www.varesenews.it\/\"},{\"@type\":\"ListItem\",\"position\":2,\"name\":\"Zingaretti \u00e8 il nuovo segretario del PD, in provincia di Varese hanno votato in 14mila\"}]},{\"@type\":\"WebSite\",\"@id\":\"https:\/\/staging.varesenews.it\/#website\",\"url\":\"https:\/\/staging.varesenews.it\/\",\"name\":\"VareseNews\",\"description\":\"\",\"potentialAction\":[{\"@type\":\"SearchAction\",\"target\":{\"@type\":\"EntryPoint\",\"urlTemplate\":\"https:\/\/staging.varesenews.it\/?s={search_term_string}\"},\"query-input\":\"required name=search_term_string\"}],\"inLanguage\":\"it-IT\"},{\"@type\":\"Person\",\"@id\":\"https:\/\/staging.varesenews.it\/#\/schema\/person\/f8cc543029c96c954a35c042e01892bb\",\"name\":\"Tomaso Bassani\",\"image\":{\"@type\":\"ImageObject\",\"inLanguage\":\"it-IT\",\"@id\":\"https:\/\/staging.varesenews.it\/#\/schema\/person\/image\/\",\"url\":\"https:\/\/staging.varesenews.it\/wp-content\/uploads\/2020\/12\/tomaso_bassani_colori_500.jpg\",\"contentUrl\":\"https:\/\/staging.varesenews.it\/wp-content\/uploads\/2020\/12\/tomaso_bassani_colori_500.jpg\",\"caption\":\"Tomaso Bassani\"},\"description\":\"Sono nato nel 1988 e questo ha fatto s&igrave; che la mia vita sia coincisa con l'epoca di pi&ugrave; grande e veloce cambiamento della storia. Sono giornalista e caporedattore di Varesenews. Ho un master in data analysis, una laurea in storia e una formazione superiore commerciale. Sono cresciuto tra scout, tavola a rotelle, impegno associativo (in quella grande esperienza giovanile che &egrave; stato l&rsquo;Albizzate Valley Festival) e cooperativo (Circolo The Family di Albizzate). Per passione mi occupo di dati, videomaking, fotografia, scrittura e web. Per lavoro anche.&nbsp;\",\"sameAs\":[\"tomasobassani\",\"https:\/\/www.linkedin.com\/profile\/view?id=102759293&trk=nav_responsive_tab_profile\"],\"url\":\"https:\/\/staging.varesenews.it\/persona\/tomaso-bassani\/\"}]}<\/script>\n<!-- \/ Yoast SEO plugin. -->","yoast_head_json":{"title":"Zingaretti \u00e8 il nuovo segretario del PD, in provincia di Varese hanno votato in 14mila","description":"Su base provinciale Nicola Zingaretti ha ottenuto il 65,76% dei consensi con 9.347 voti, Martina il 21,64% con 3.076 voti e Giachetti il 12,56% con 1790 voti","robots":{"index":"noindex","follow":"follow","max-snippet":"max-snippet:-1","max-image-preview":"max-image-preview:large","max-video-preview":"max-video-preview:-1"},"og_locale":"it_IT","og_type":"article","og_title":"Zingaretti \u00e8 il nuovo segretario del PD, in provincia di Varese hanno votato in 14mila","og_description":"Su base provinciale Nicola Zingaretti ha ottenuto il 65,76% dei consensi con 9.347 voti, Martina il 21,64% con 3.076 voti e Giachetti il 12,56% con 1790 voti","og_url":"https:\/\/www.varesenews.it\/2019\/03\/zingaretti-segretario-del-partito-democratico\/798990\/","og_site_name":"VareseNews","article_publisher":"https:\/\/www.facebook.com\/varesenews","article_published_time":"2019-03-03T20:23:47+00:00","article_modified_time":"2019-03-04T16:24:21+00:00","author":"Tomaso Bassani","twitter_card":"summary_large_image","twitter_creator":"@varesenews","twitter_site":"@varesenews","twitter_misc":{"Scritto da":"Tomaso Bassani","Tempo di lettura stimato":"3 minuti"},"schema":{"@context":"https:\/\/schema.org","@graph":[{"@type":"WebPage","@id":"https:\/\/www.varesenews.it\/2019\/03\/zingaretti-segretario-del-partito-democratico\/798990\/","url":"https:\/\/www.varesenews.it\/2019\/03\/zingaretti-segretario-del-partito-democratico\/798990\/","name":"Zingaretti \u00e8 il nuovo segretario del PD, in provincia di Varese hanno votato in 14mila","isPartOf":{"@id":"https:\/\/staging.varesenews.it\/#website"},"datePublished":"2019-03-03T20:23:47+00:00","dateModified":"2019-03-04T16:24:21+00:00","author":{"@id":"https:\/\/staging.varesenews.it\/#\/schema\/person\/f8cc543029c96c954a35c042e01892bb"},"description":"Su base provinciale Nicola Zingaretti ha ottenuto il 65,76% dei consensi con 9.347 voti, Martina il 21,64% con 3.076 voti e Giachetti il 12,56% con 1790 voti","breadcrumb":{"@id":"https:\/\/www.varesenews.it\/2019\/03\/zingaretti-segretario-del-partito-democratico\/798990\/#breadcrumb"},"inLanguage":"it-IT","potentialAction":[{"@type":"ReadAction","target":["https:\/\/www.varesenews.it\/2019\/03\/zingaretti-segretario-del-partito-democratico\/798990\/"]}]},{"@type":"BreadcrumbList","@id":"https:\/\/www.varesenews.it\/2019\/03\/zingaretti-segretario-del-partito-democratico\/798990\/#breadcrumb","itemListElement":[{"@type":"ListItem","position":1,"name":"Home","item":"https:\/\/www.varesenews.it\/"},{"@type":"ListItem","position":2,"name":"Zingaretti \u00e8 il nuovo segretario del PD, in provincia di Varese hanno votato in 14mila"}]},{"@type":"WebSite","@id":"https:\/\/staging.varesenews.it\/#website","url":"https:\/\/staging.varesenews.it\/","name":"VareseNews","description":"","potentialAction":[{"@type":"SearchAction","target":{"@type":"EntryPoint","urlTemplate":"https:\/\/staging.varesenews.it\/?s={search_term_string}"},"query-input":"required name=search_term_string"}],"inLanguage":"it-IT"},{"@type":"Person","@id":"https:\/\/staging.varesenews.it\/#\/schema\/person\/f8cc543029c96c954a35c042e01892bb","name":"Tomaso Bassani","image":{"@type":"ImageObject","inLanguage":"it-IT","@id":"https:\/\/staging.varesenews.it\/#\/schema\/person\/image\/","url":"https:\/\/staging.varesenews.it\/wp-content\/uploads\/2020\/12\/tomaso_bassani_colori_500.jpg","contentUrl":"https:\/\/staging.varesenews.it\/wp-content\/uploads\/2020\/12\/tomaso_bassani_colori_500.jpg","caption":"Tomaso Bassani"},"description":"Sono nato nel 1988 e questo ha fatto s&igrave; che la mia vita sia coincisa con l'epoca di pi&ugrave; grande e veloce cambiamento della storia. Sono giornalista e caporedattore di Varesenews. Ho un master in data analysis, una laurea in storia e una formazione superiore commerciale. Sono cresciuto tra scout, tavola a rotelle, impegno associativo (in quella grande esperienza giovanile che &egrave; stato l&rsquo;Albizzate Valley Festival) e cooperativo (Circolo The Family di Albizzate). Per passione mi occupo di dati, videomaking, fotografia, scrittura e web. Per lavoro anche.&nbsp;","sameAs":["tomasobassani","https:\/\/www.linkedin.com\/profile\/view?id=102759293&trk=nav_responsive_tab_profile"],"url":"https:\/\/staging.varesenews.it\/persona\/tomaso-bassani\/"}]}},"post_meta":{"_edit_lock":"1551716636:52","_edit_last":"52","_category_permalink":"a:1:{s:8:\"category\";s:0:\"\";}","foto":"719945","argomento":"Politica","_yoast_wpseo_content_score":"30","_jd_tweet_this":"yes","ratings_users":"0","ratings_score":"0","ratings_average":"0","_wpt_short_url":"https:\/\/www.varesenews.it\/2019\/03\/zingaretti-segretario-del-partito-democratico\/798990\/","_wp_jd_target":"https:\/\/www.varesenews.it\/2019\/03\/zingaretti-segretario-del-partito-democratico\/798990\/","_jd_wp_twitter":"a:1:{i:0;s:157:\"Zingaretti \u00e8 il nuovo segretario del Partito Democratico https:\/\/www.varesenews.it\/2019\/03\/zingaretti-segretario-del-partito-democratico\/798990\/ #primariepd\";}","_wpt_status_message":"Tweet inviato con successo."},"photos":[{"original":"https:\/\/staging.varesenews.it\/photogallery_new\/images\/2019\/01\/nicola-zingaretti-a-varese-719945.jpg","full":"https:\/\/staging.varesenews.it\/photogallery_new\/images\/2019\/01\/nicola-zingaretti-a-varese-719945.1024x768.jpg","large":"https:\/\/staging.varesenews.it\/photogallery_new\/images\/2019\/01\/nicola-zingaretti-a-varese-719945.610x431.jpg"}],"_links":{"self":[{"href":"https:\/\/staging.varesenews.it\/swgapi\/v1\/wp\/v2\/posts\/798990"}],"collection":[{"href":"https:\/\/staging.varesenews.it\/swgapi\/v1\/wp\/v2\/posts"}],"about":[{"href":"https:\/\/staging.varesenews.it\/swgapi\/v1\/wp\/v2\/types\/post"}],"author":[{"embeddable":true,"href":"https:\/\/staging.varesenews.it\/swgapi\/v1\/wp\/v2\/users\/52"}],"replies":[{"embeddable":true,"href":"https:\/\/staging.varesenews.it\/swgapi\/v1\/wp\/v2\/comments?post=798990"}],"version-history":[{"count":0,"href":"https:\/\/staging.varesenews.it\/swgapi\/v1\/wp\/v2\/posts\/798990\/revisions"}],"wp:attachment":[{"href":"https:\/\/staging.varesenews.it\/swgapi\/v1\/wp\/v2\/media?parent=798990"}],"wp:term":[{"taxonomy":"category","embeddable":true,"href":"https:\/\/staging.varesenews.it\/swgapi\/v1\/wp\/v2\/categories?post=798990"},{"taxonomy":"post_tag","embeddable":true,"href":"https:\/\/staging.varesenews.it\/swgapi\/v1\/wp\/v2\/tags?post=798990"}],"curies":[{"name":"wp","href":"https:\/\/api.w.org\/{rel}","templated":true}]}}