{"id":799549,"date":"2019-03-05T14:19:16","date_gmt":"2019-03-05T13:19:16","guid":{"rendered":"https:\/\/www.varesenews.it\/?p=799549"},"modified":"2019-03-05T15:06:51","modified_gmt":"2019-03-05T14:06:51","slug":"nella-casa-della-dama-lermellino","status":"publish","type":"post","link":"https:\/\/staging.varesenews.it\/2019\/03\/nella-casa-della-dama-lermellino\/799549\/","title":{"rendered":"Nella casa della Dama con l&#8217;Ermellino"},"content":{"rendered":"<p>Rub\u00f2 il cuore di <strong>Ludovico il Moro<\/strong> e <strong>Leonardo Da Vinci<\/strong>, che ne fece il soggetto di uno dei suoi pi\u00f9 celebri dipinti, la rese immortale.<\/p>\n<p><strong>Cecilia Gallerani<\/strong>,<strong> &#8220;La Dama con l&#8217;Ermellino&#8221;<\/strong>, \u00e8 oggi, nell&#8217;anno che celebra i cinquecento anni dalla morte di Leonardo, la protagonista di <strong>un itinerario <\/strong>dedicato alla sua figura, all&#8217;interno della <a href=\"http:\/\/www.villamedicidelvascello.it\/villa\/storia\/\" target=\"_blank\" rel=\"noopener\"><strong>Villa Medici del Vascello<\/strong><\/a> del comune di <strong>San Giovanni in Croce<\/strong>, in provincia di Cremona.<\/p>\n<p><strong>UNA DAMA BELLA, INTELLIGENTE E COLTA<br \/>\nContessa di Saronno<\/strong> e moglie\u00a0del conte <strong>Ludovico Carminati de&#8217; Brambilla<\/strong>, detto &#8220;il Bergamino&#8221;, feudatario del castello di San Giovanni in Croce, Cecilia Gallerani \u00e8 una delle figure femminili pi\u00f9 interessanti e affascinanti del Rinascimento milanese, non solo per la sua straordinaria bellezza: \u00abEra nota per essere una donna intelligente e colta &#8211; racconta\u00a0<strong>Laura Nardi<\/strong>, responsabile delle attivit\u00e0 di Villa Medici del Vascello &#8211; e il suo ritratto \u00e8 oggi una delle opere pi\u00f9 celebri che identificano Leonardo Da Vinci, al pari della Gioconda. &#8220;<em>Amantissima mia diva&#8221;<\/em> \u00e8 l&#8217;appellativo con cui Leonardo si rivolgeva a Cecilia, a dimostrazione dell&#8217;affetto e dell&#8217;amicizia che li legavano\u00bb.<\/p>\n<div class=\"photo-inside-post\"><img decoding=\"async\" loading=\"lazy\" fetchpriority=\"low\" width=\"610\" height=\"431\" src=\"https:\/\/staging.varesenews.it\/photogallery_new\/images\/2019\/03\/villa-medici-del-vascello-dama-con-l-ermellino-leonardo-725649.610x431.jpg\" alt=\"villa Medici del Vascello Dama con l'Ermellino Leonardo\"><\/div>\n<p><strong>TRASFORMO&#8217; LA DIMORA IN UNA RESIDENZA SIGNORILE<\/strong><br \/>\nAmante di Ludovico il Moro e a lungo tra le sue favorite, fu allontanata dalla corte milanese a seguito delle nozze del Duca con Beatrice D&#8217;Este: \u00abLudovico teneva molto alla Gallerani e probabilmente era ancora innamorato, per questo<strong> cerc\u00f2 per lei un buon partito<\/strong>, offrendola in sposa a un feudatario di San Giovanni in Croce. Cecilia ricevette in dono (oltre al feudo di Saronno e ad altri possedimenti, ndr)\u00a0anche il castello, oggi Villa Medici del Vascello che divenne la sua residenza nei mesi estivi in cui si trovava lontano da Milano. Il tocco della Gallerani fu evidente: fu colei che trasform\u00f2 la dimora, originariamente a vocazione militare, in una residenza signorile ingentilendo e decorando la struttura. La sua villa divenne anche il centro degli interessi della dama che, proprio per la sua passione per la cultura, radunava artisti, poeti e intellettuali. Era inoltre a poca distanza da Mantova e questo le permetteva di mantenere i suoi rapporti con i Gonzaga e i D&#8217;Este\u00bb.<\/p>\n<div class=\"photo-inside-post\"><img decoding=\"async\" loading=\"lazy\" fetchpriority=\"low\" width=\"610\" height=\"431\" src=\"https:\/\/staging.varesenews.it\/photogallery_new\/images\/2019\/03\/villa-medici-del-vascello-dama-con-l-ermellino-leonardo-725659.610x431.jpg\" alt=\"villa Medici del Vascello Dama con l'Ermellino Leonardo\"><\/div>\n<p><strong>IL GIARDINO BOTANICO<\/strong><br \/>\nNell&#8217;Ottocento, la villa si arricch\u00ec di un grande parco di dodici ettari: un giardino all\u2019inglese che ospita un laghetto panoramico e vari edifici in stili differenti. Il parco \u00e8 un vero gioiello per gli appassionati di botanica e non solo: molteplici sono infatti le specie arboree e arbustive presenti, tra cui alcune piante esotiche tra le prime importate in Europa, che hanno saputo creare l\u2019habitat ideale per una fauna variegata tra cui tassi, volpi e aironi.<\/p>\n<p><b>IL RECUPERO DELLA VILLA E IL PERCORSO DEDICATO ALLA DAMA CON L&#8217;ERMELLINO<br \/>\n<\/b>Come molte residenze storiche private, anche la Villa nel Cremonese visse momenti di splendore e altri di declino. \u00abNel Novecento &#8211; sottolinea Laura Nardi &#8211; la dimora attravers\u00f2 un periodo di decadenza e nella seconda parte del secolo rischi\u00f2 anche il crollo. <strong>Nel 2005 venne per\u00f2 acquistata dal Comune<\/strong> che inizi\u00f2 un lungo e importante lavoro di restauro e recupero che portar\u00f2 alla sua riapertura al pubblico nel 2014\u00bb. Oggi la proposta che viene offerta ai visitatori riunisce quelle che sono state le diverse anime del luogo ma la vita di Cecilia Gallerani ne \u00e8 senza dubbio il cuore. \u00abLa storia della villa \u00e8 soprattutto la storia di Cecilia Gallerani e per questo abbiamo ideato <strong>il nuovo percorso multimediale dedicato alla Dama con l&#8217;ermellino<\/strong>, un itinerario che va anche a indagare la sua vita, le passioni, gli amori, l&#8217;attenzione per la moda, la sua grande cultura\u00bb.<\/p>\n<p><strong>IL SOGNO DI OSPITARE L&#8217;OPERA DI LEONARDO<br \/>\n<\/strong>La Dama con l&#8217;Ermellino \u00e8 esposta oggi a Cracovia, al Museo Nazionale, e quello di vederla tornare &#8220;a casa&#8221; \u00e8 solo un sogno nel cassetto: \u00abSappiamo cosa comporta a livello di costi e di impegno ospitare un&#8217;opera come quella &#8211; conclude Nardi &#8211; ma sarebbe meraviglioso e si sa, i sogni per essere tali devono essere in grande\u00bb.<\/p>\n","protected":false},"excerpt":{"rendered":"<p>A Villa Medici del Vascello visse la musa di Leonardo, Cecilia Galleani (fu anche contessa di Saronno). Alla sua figura \u00e8 dedicato oggi un percorso multimediale nella residenza recuperata dall&#8217;abbandono<\/p>\n","protected":false},"author":43,"featured_media":0,"comment_status":"open","ping_status":"open","sticky":false,"template":"","format":"standard","meta":{"footnotes":""},"categories":[18,7,21,46],"tags":[94538,16031,93349,89931],"acf":[],"yoast_head":"<!-- This site is optimized with the Yoast SEO plugin v20.1 - https:\/\/yoast.com\/wordpress\/plugins\/seo\/ -->\n<title>Nella casa della Dama con l&#039;Ermellino<\/title>\n<meta name=\"description\" content=\"A Villa Medici del Vascello visse la musa di Leonardo, Cecilia Galleani (fu anche contessa di Saronno). Alla sua figura \u00e8 dedicato oggi un percorso multimediale nella residenza recuperata dall&#039;abbandono\" \/>\n<meta name=\"robots\" content=\"noindex, follow, max-snippet:-1, max-image-preview:large, max-video-preview:-1\" \/>\n<meta property=\"og:locale\" content=\"it_IT\" \/>\n<meta property=\"og:type\" content=\"article\" \/>\n<meta property=\"og:title\" content=\"Nella casa della Dama con l&#039;Ermellino\" \/>\n<meta property=\"og:description\" content=\"A Villa Medici del Vascello visse la musa di Leonardo, Cecilia Galleani (fu anche contessa di Saronno). Alla sua figura \u00e8 dedicato oggi un percorso multimediale nella residenza recuperata dall&#039;abbandono\" \/>\n<meta property=\"og:url\" content=\"https:\/\/www.varesenews.it\/2019\/03\/nella-casa-della-dama-lermellino\/799549\/\" \/>\n<meta property=\"og:site_name\" content=\"VareseNews\" \/>\n<meta property=\"article:publisher\" content=\"https:\/\/www.facebook.com\/varesenews\" \/>\n<meta property=\"article:author\" content=\"https:\/\/www.facebook.com\/mariacarla.cebrelli\" \/>\n<meta property=\"article:published_time\" content=\"2019-03-05T13:19:16+00:00\" \/>\n<meta property=\"article:modified_time\" content=\"2019-03-05T14:06:51+00:00\" \/>\n<meta name=\"author\" content=\"Maria Carla Cebrelli\" \/>\n<meta name=\"twitter:card\" content=\"summary_large_image\" \/>\n<meta name=\"twitter:creator\" content=\"@pikapiketti\" \/>\n<meta name=\"twitter:site\" content=\"@varesenews\" \/>\n<meta name=\"twitter:label1\" content=\"Scritto da\" \/>\n\t<meta name=\"twitter:data1\" content=\"Maria Carla Cebrelli\" \/>\n\t<meta name=\"twitter:label2\" content=\"Tempo di lettura stimato\" \/>\n\t<meta name=\"twitter:data2\" content=\"3 minuti\" \/>\n<script type=\"application\/ld+json\" class=\"yoast-schema-graph\">{\"@context\":\"https:\/\/schema.org\",\"@graph\":[{\"@type\":\"WebPage\",\"@id\":\"https:\/\/www.varesenews.it\/2019\/03\/nella-casa-della-dama-lermellino\/799549\/\",\"url\":\"https:\/\/www.varesenews.it\/2019\/03\/nella-casa-della-dama-lermellino\/799549\/\",\"name\":\"Nella casa della Dama con l'Ermellino\",\"isPartOf\":{\"@id\":\"https:\/\/staging.varesenews.it\/#website\"},\"datePublished\":\"2019-03-05T13:19:16+00:00\",\"dateModified\":\"2019-03-05T14:06:51+00:00\",\"author\":{\"@id\":\"https:\/\/staging.varesenews.it\/#\/schema\/person\/5bf790e99d7ec50061119cc825c454de\"},\"description\":\"A Villa Medici del Vascello visse la musa di Leonardo, Cecilia Galleani (fu anche contessa di Saronno). Alla sua figura \u00e8 dedicato oggi un percorso multimediale nella residenza recuperata dall'abbandono\",\"breadcrumb\":{\"@id\":\"https:\/\/www.varesenews.it\/2019\/03\/nella-casa-della-dama-lermellino\/799549\/#breadcrumb\"},\"inLanguage\":\"it-IT\",\"potentialAction\":[{\"@type\":\"ReadAction\",\"target\":[\"https:\/\/www.varesenews.it\/2019\/03\/nella-casa-della-dama-lermellino\/799549\/\"]}]},{\"@type\":\"BreadcrumbList\",\"@id\":\"https:\/\/www.varesenews.it\/2019\/03\/nella-casa-della-dama-lermellino\/799549\/#breadcrumb\",\"itemListElement\":[{\"@type\":\"ListItem\",\"position\":1,\"name\":\"Home\",\"item\":\"https:\/\/www.varesenews.it\/\"},{\"@type\":\"ListItem\",\"position\":2,\"name\":\"Nella casa della Dama con l&#8217;Ermellino\"}]},{\"@type\":\"WebSite\",\"@id\":\"https:\/\/staging.varesenews.it\/#website\",\"url\":\"https:\/\/staging.varesenews.it\/\",\"name\":\"VareseNews\",\"description\":\"\",\"potentialAction\":[{\"@type\":\"SearchAction\",\"target\":{\"@type\":\"EntryPoint\",\"urlTemplate\":\"https:\/\/staging.varesenews.it\/?s={search_term_string}\"},\"query-input\":\"required name=search_term_string\"}],\"inLanguage\":\"it-IT\"},{\"@type\":\"Person\",\"@id\":\"https:\/\/staging.varesenews.it\/#\/schema\/person\/5bf790e99d7ec50061119cc825c454de\",\"name\":\"Maria Carla Cebrelli\",\"image\":{\"@type\":\"ImageObject\",\"inLanguage\":\"it-IT\",\"@id\":\"https:\/\/staging.varesenews.it\/#\/schema\/person\/image\/\",\"url\":\"https:\/\/staging.varesenews.it\/wp-content\/uploads\/2020\/12\/mariacarla_cebrelli_colori_500-1.jpg\",\"contentUrl\":\"https:\/\/staging.varesenews.it\/wp-content\/uploads\/2020\/12\/mariacarla_cebrelli_colori_500-1.jpg\",\"caption\":\"Maria Carla Cebrelli\"},\"description\":\"Economista di formazione, giornalista per passione. A VareseNews dal 2005, mi sono occupata negli anni di universit&agrave;, tematiche di confine, news locali e comunicazione nel settore sociale. Attualmente sono responsabile di VerbanoNews, del canale di VareseNews dedicato al Turismo e seguo i social dell'area business.\",\"sameAs\":[\"https:\/\/www.facebook.com\/mariacarla.cebrelli\",\"pikapiketti\",\"https:\/\/twitter.com\/pikapiketti\"],\"url\":\"https:\/\/staging.varesenews.it\/persona\/mariacarla-cebrelli1\/\"}]}<\/script>\n<!-- \/ Yoast SEO plugin. -->","yoast_head_json":{"title":"Nella casa della Dama con l'Ermellino","description":"A Villa Medici del Vascello visse la musa di Leonardo, Cecilia Galleani (fu anche contessa di Saronno). Alla sua figura \u00e8 dedicato oggi un percorso multimediale nella residenza recuperata dall'abbandono","robots":{"index":"noindex","follow":"follow","max-snippet":"max-snippet:-1","max-image-preview":"max-image-preview:large","max-video-preview":"max-video-preview:-1"},"og_locale":"it_IT","og_type":"article","og_title":"Nella casa della Dama con l'Ermellino","og_description":"A Villa Medici del Vascello visse la musa di Leonardo, Cecilia Galleani (fu anche contessa di Saronno). Alla sua figura \u00e8 dedicato oggi un percorso multimediale nella residenza recuperata dall'abbandono","og_url":"https:\/\/www.varesenews.it\/2019\/03\/nella-casa-della-dama-lermellino\/799549\/","og_site_name":"VareseNews","article_publisher":"https:\/\/www.facebook.com\/varesenews","article_author":"https:\/\/www.facebook.com\/mariacarla.cebrelli","article_published_time":"2019-03-05T13:19:16+00:00","article_modified_time":"2019-03-05T14:06:51+00:00","author":"Maria Carla Cebrelli","twitter_card":"summary_large_image","twitter_creator":"@pikapiketti","twitter_site":"@varesenews","twitter_misc":{"Scritto da":"Maria Carla Cebrelli","Tempo di lettura stimato":"3 minuti"},"schema":{"@context":"https:\/\/schema.org","@graph":[{"@type":"WebPage","@id":"https:\/\/www.varesenews.it\/2019\/03\/nella-casa-della-dama-lermellino\/799549\/","url":"https:\/\/www.varesenews.it\/2019\/03\/nella-casa-della-dama-lermellino\/799549\/","name":"Nella casa della Dama con l'Ermellino","isPartOf":{"@id":"https:\/\/staging.varesenews.it\/#website"},"datePublished":"2019-03-05T13:19:16+00:00","dateModified":"2019-03-05T14:06:51+00:00","author":{"@id":"https:\/\/staging.varesenews.it\/#\/schema\/person\/5bf790e99d7ec50061119cc825c454de"},"description":"A Villa Medici del Vascello visse la musa di Leonardo, Cecilia Galleani (fu anche contessa di Saronno). Alla sua figura \u00e8 dedicato oggi un percorso multimediale nella residenza recuperata dall'abbandono","breadcrumb":{"@id":"https:\/\/www.varesenews.it\/2019\/03\/nella-casa-della-dama-lermellino\/799549\/#breadcrumb"},"inLanguage":"it-IT","potentialAction":[{"@type":"ReadAction","target":["https:\/\/www.varesenews.it\/2019\/03\/nella-casa-della-dama-lermellino\/799549\/"]}]},{"@type":"BreadcrumbList","@id":"https:\/\/www.varesenews.it\/2019\/03\/nella-casa-della-dama-lermellino\/799549\/#breadcrumb","itemListElement":[{"@type":"ListItem","position":1,"name":"Home","item":"https:\/\/www.varesenews.it\/"},{"@type":"ListItem","position":2,"name":"Nella casa della Dama con l&#8217;Ermellino"}]},{"@type":"WebSite","@id":"https:\/\/staging.varesenews.it\/#website","url":"https:\/\/staging.varesenews.it\/","name":"VareseNews","description":"","potentialAction":[{"@type":"SearchAction","target":{"@type":"EntryPoint","urlTemplate":"https:\/\/staging.varesenews.it\/?s={search_term_string}"},"query-input":"required name=search_term_string"}],"inLanguage":"it-IT"},{"@type":"Person","@id":"https:\/\/staging.varesenews.it\/#\/schema\/person\/5bf790e99d7ec50061119cc825c454de","name":"Maria Carla Cebrelli","image":{"@type":"ImageObject","inLanguage":"it-IT","@id":"https:\/\/staging.varesenews.it\/#\/schema\/person\/image\/","url":"https:\/\/staging.varesenews.it\/wp-content\/uploads\/2020\/12\/mariacarla_cebrelli_colori_500-1.jpg","contentUrl":"https:\/\/staging.varesenews.it\/wp-content\/uploads\/2020\/12\/mariacarla_cebrelli_colori_500-1.jpg","caption":"Maria Carla Cebrelli"},"description":"Economista di formazione, giornalista per passione. A VareseNews dal 2005, mi sono occupata negli anni di universit&agrave;, tematiche di confine, news locali e comunicazione nel settore sociale. Attualmente sono responsabile di VerbanoNews, del canale di VareseNews dedicato al Turismo e seguo i social dell'area business.","sameAs":["https:\/\/www.facebook.com\/mariacarla.cebrelli","pikapiketti","https:\/\/twitter.com\/pikapiketti"],"url":"https:\/\/staging.varesenews.it\/persona\/mariacarla-cebrelli1\/"}]}},"post_meta":{"_edit_lock":"1551794737:45","_edit_last":"45","_category_permalink":"a:1:{s:8:\"category\";s:2:\"46\";}","ratings_users":"0","ratings_score":"0","ratings_average":"0","id_leggi_anche":"149649,560650,558259,60384,67166,67582,857006","foto":"725649","_yoast_wpseo_content_score":"30","_jd_tweet_this":"yes","_wpt_short_url":"https:\/\/www.varesenews.it\/2019\/03\/nella-casa-della-dama-lermellino\/799549\/","_wp_jd_target":"https:\/\/www.varesenews.it\/2019\/03\/nella-casa-della-dama-lermellino\/799549\/","_jd_wp_twitter":"a:1:{i:0;s:154:\"Nella casa della Dama con l\u2019Ermellino https:\/\/www.varesenews.it\/2019\/03\/nella-casa-della-dama-lermellino\/799549\/ #Itinerari #leonardo500 #villeegiardini\";}","_wpt_status_message":"Tweet inviato con successo.","id_link_fotogallery":"799576","id_video_vzaar":"19829787","argomento":"Turismo","nascondi_adsense":"1"},"photos":[{"original":"https:\/\/staging.varesenews.it\/photogallery_new\/images\/2019\/03\/villa-medici-del-vascello-dama-con-l-ermellino-leonardo-725649.jpg","full":"https:\/\/staging.varesenews.it\/photogallery_new\/images\/2019\/03\/villa-medici-del-vascello-dama-con-l-ermellino-leonardo-725649.1024x768.jpg","large":"https:\/\/staging.varesenews.it\/photogallery_new\/images\/2019\/03\/villa-medici-del-vascello-dama-con-l-ermellino-leonardo-725649.610x431.jpg"}],"_links":{"self":[{"href":"https:\/\/staging.varesenews.it\/swgapi\/v1\/wp\/v2\/posts\/799549"}],"collection":[{"href":"https:\/\/staging.varesenews.it\/swgapi\/v1\/wp\/v2\/posts"}],"about":[{"href":"https:\/\/staging.varesenews.it\/swgapi\/v1\/wp\/v2\/types\/post"}],"author":[{"embeddable":true,"href":"https:\/\/staging.varesenews.it\/swgapi\/v1\/wp\/v2\/users\/43"}],"replies":[{"embeddable":true,"href":"https:\/\/staging.varesenews.it\/swgapi\/v1\/wp\/v2\/comments?post=799549"}],"version-history":[{"count":0,"href":"https:\/\/staging.varesenews.it\/swgapi\/v1\/wp\/v2\/posts\/799549\/revisions"}],"wp:attachment":[{"href":"https:\/\/staging.varesenews.it\/swgapi\/v1\/wp\/v2\/media?parent=799549"}],"wp:term":[{"taxonomy":"category","embeddable":true,"href":"https:\/\/staging.varesenews.it\/swgapi\/v1\/wp\/v2\/categories?post=799549"},{"taxonomy":"post_tag","embeddable":true,"href":"https:\/\/staging.varesenews.it\/swgapi\/v1\/wp\/v2\/tags?post=799549"}],"curies":[{"name":"wp","href":"https:\/\/api.w.org\/{rel}","templated":true}]}}