{"id":800105,"date":"2019-03-06T19:03:11","date_gmt":"2019-03-06T18:03:11","guid":{"rendered":"https:\/\/www.varesenews.it\/?p=800105"},"modified":"2019-03-06T19:04:03","modified_gmt":"2019-03-06T18:04:03","slug":"funivia-silvano-morto-schiacciamento","status":"publish","type":"post","link":"https:\/\/staging.varesenews.it\/2019\/03\/funivia-silvano-morto-schiacciamento\/800105\/","title":{"rendered":"Funivia, Silvano Dellea morto per schiacciamento"},"content":{"rendered":"<p>I soccorritori, quel pomeriggio del <a href=\"https:\/\/www.varesenews.it\/2018\/11\/incidente-alla-funivia-monteviasco-un-morto\/767624\/\"><strong>12 novembre 2018<\/strong><\/a> arrivarono alla stazione di valle della funivia \u201cPonte di Piero-Monteviasco\u201c <strong>alle 15.45 e Silvano Dellea, 60 anni, storico manutentore dell\u2019impianto, era gi\u00e0 privo di vita<\/strong>.<\/p>\n<p>Ripercorrere quegli attimi \u00e8 un atto di dolore per un\u2019intera comunit\u00e0 poich\u00e9 l\u2019uomo era amato e conosciuto. Ma risulta necessario per sapere la verit\u00e0 su come andarono i fatti. Per questo <strong>le indagini sono ancora in corso<\/strong> e uno dei primi atti disposti dalla Procura fu l\u2019<strong>autopsia<\/strong>, che venne fatta <strong>il 16 novembre scorso<\/strong>.<\/p>\n<p><strong>I risultati di quell\u2019esame<\/strong> sono in mano alle parti di quelle che per ora sono solo le indagini preliminari con diversi indagati per omicidio colposo, indagini che dovranno fare chiarezza e acclarare le eventuali responsabilit\u00e0 penali.<br \/>\nLe conclusioni del referto autoptico parlano di <strong>\u201cmorte esclusivamente violenta, verosimilmente accidentale, avvenuta in occasione di lavoro\u201c<\/strong>.<\/p>\n<div class=\"related-posts related-01\"><h4>Leggi anche<\/h4><ul><li><a title=\"Funivia di Monteviasco, sopralluogo del sindaco di Varese\" target=\"_blank\" href=\"https:\/\/staging.varesenews.it\/2019\/01\/funivia-monteviasco-sopralluogo-del-sindaco-varese\/787939\/\"><strong>Curiglia con Monteviasco <\/strong> - Funivia di Monteviasco, sopralluogo del sindaco di Varese<\/a><\/li><li><a title=\"Funivia di Monteviasco, in Regione la &#8220;road map&#8221;\" target=\"_blank\" href=\"https:\/\/staging.varesenews.it\/2018\/12\/funivia-monteviasco-regione-la-road-map\/778940\/\"><strong>Varese <\/strong> - Funivia di Monteviasco, in Regione la &#8220;road map&#8221;<\/a><\/li><li><a title=\"Monteviasco, carabinieri &#8220;postini&#8221;. Ancora perizie sulla funivia\" target=\"_blank\" href=\"https:\/\/staging.varesenews.it\/2018\/11\/monteviasco-carabinieri-postini-ancora-perizie-sulla-funivia\/773013\/\"><strong>Curiglia con Monteviasco <\/strong> - Monteviasco, carabinieri &#8220;postini&#8221;. Ancora perizie sulla funivia<\/a><\/li><li><a title=\"Incidente alla funivia di Monteviasco, un morto\" target=\"_blank\" href=\"https:\/\/staging.varesenews.it\/2018\/11\/incidente-alla-funivia-monteviasco-un-morto\/767624\/\"><strong>Curiglia con Monteviasco <\/strong> - Incidente alla funivia di Monteviasco, un morto<\/a><\/li><li><a title=\"Silvano Dellea, il vigile urbano che amava la funivia\" target=\"_blank\" href=\"https:\/\/staging.varesenews.it\/2018\/11\/silvano-dellea-vita-al-lavoro-sulla-funivia\/767791\/\"><strong>Curiglia con Monteviasco <\/strong> - Silvano Dellea, il vigile urbano che amava la funivia<\/a><\/li><li><a title=\"Funivia di Monteviasco, incidente probatorio prima dell\u2019inizio dei lavori\" target=\"_blank\" href=\"https:\/\/staging.varesenews.it\/2021\/04\/funivia-monteviasco-altri-accertamenti-sullimpianto-dellinizio-dei-lavori\/1330421\/\"><strong>Varese <\/strong> - Funivia di Monteviasco, incidente probatorio prima dell\u2019inizio dei lavori<\/a><\/li><\/ul><\/div>\n<p>Viene inoltre descritta la scena del rinvenimento: l\u2019uomo era sospeso tra una pedana di ispezione metallica sporgente orizzontalmente dal muro dell\u2019edificio e la cabina del mezzo di trasporto,<strong> vincolato al montante di quest\u2019ultima con una fune di sicurezza agganciata ad una imbracatura indossata dalla vittima<\/strong>.<\/p>\n<p>Fuori dai dettagli dell\u2019esame autoptico, l\u2019esperto incaricato dal pubblico ministero ritiene essere difficile determinare con assoluta esattezza la dinamica che ha portato all\u2019evento mortale ma \u201c\u00e8 ragionevole ipotizzare che<strong> l\u2019imbracatura<\/strong> indossata\u201c <strong>dal povero Silvano Dellea \u201csi sarebbe impigliata nella ringhiera della pedana di ispezione<\/strong>, e il movimento della cabina avrebbe provocato la caduta\u201c dell\u2019uomo \u201cdeterminando l\u2019urto contro qualche struttura dotata di spigolo vivo, nonch\u00e9 l\u2019imbrigliamento delle \u2018bretella\u2019 sinistra dell\u2019imbracatura e degli altri indumenti al bordo del predellino posto in cima alla scaletta\u201c. In pratica la trazione esercitata dal movimento della cabina \u201cavrebbe prodotto una violenta compressione del torace, proseguita fino al cedimento strutturale della ringhiera\u201c.<\/p>\n<p>L\u2019impianto ad oggi non \u00e8 pi\u00f9 sotto sequestro ma \u00e8 fermo. <a href=\"https:\/\/www.varesenews.it\/2018\/12\/monteviasco-si-indaga-omicidio-impianto-fermo\/776032\/\"><strong>La Procura ravvis\u00f2 sull\u2019impianto \u201cgravi carenze strutturali e procedurali\u201c<\/strong><\/a> che avrebbero causato la morte del manovratore Dellea e che hanno spinto l\u2019Ufficio Speciale Trasporti Impianti Fissi a prendere la decisione di sospendere il \u201cnulla osta\u201d per il trasporto pubblico.<\/p>\n","protected":false},"excerpt":{"rendered":"<p>I risultati dell\u2019autopsia eseguita lo scorso 16 novembre. L\u2019ipotesi sulla dinamica. Impianto ancora fermo<\/p>\n","protected":false},"author":34,"featured_media":0,"comment_status":"open","ping_status":"open","sticky":false,"template":"","format":"standard","meta":{"footnotes":""},"categories":[2],"tags":[1036,22906,67137,94579],"acf":[],"yoast_head":"<!-- This site is optimized with the Yoast SEO plugin v20.1 - https:\/\/yoast.com\/wordpress\/plugins\/seo\/ -->\n<title>Funivia, Silvano Dellea morto per schiacciamento<\/title>\n<meta name=\"description\" content=\"I risultati dell\u2019autopsia eseguita lo scorso 16 novembre. L\u2019ipotesi sulla dinamica. Impianto ancora fermo\" \/>\n<meta name=\"robots\" content=\"noindex, follow, max-snippet:-1, max-image-preview:large, max-video-preview:-1\" \/>\n<meta property=\"og:locale\" content=\"it_IT\" \/>\n<meta property=\"og:type\" content=\"article\" \/>\n<meta property=\"og:title\" content=\"Funivia, Silvano Dellea morto per schiacciamento\" \/>\n<meta property=\"og:description\" content=\"I risultati dell\u2019autopsia eseguita lo scorso 16 novembre. L\u2019ipotesi sulla dinamica. Impianto ancora fermo\" \/>\n<meta property=\"og:url\" content=\"https:\/\/staging.varesenews.it\/2019\/03\/funivia-silvano-morto-schiacciamento\/800105\/\" \/>\n<meta property=\"og:site_name\" content=\"VareseNews\" \/>\n<meta property=\"article:publisher\" content=\"https:\/\/www.facebook.com\/varesenews\" \/>\n<meta property=\"article:author\" content=\"https:\/\/www.facebook.com\/andrea.camurani?fref=photo\" \/>\n<meta property=\"article:published_time\" content=\"2019-03-06T18:03:11+00:00\" \/>\n<meta property=\"article:modified_time\" content=\"2019-03-06T18:04:03+00:00\" \/>\n<meta name=\"author\" content=\"Andrea Camurani\" \/>\n<meta name=\"twitter:card\" content=\"summary_large_image\" \/>\n<meta name=\"twitter:creator\" content=\"@AndreaCamurani\" \/>\n<meta name=\"twitter:site\" content=\"@varesenews\" \/>\n<meta name=\"twitter:label1\" content=\"Scritto da\" \/>\n\t<meta name=\"twitter:data1\" content=\"Andrea Camurani\" \/>\n\t<meta name=\"twitter:label2\" content=\"Tempo di lettura stimato\" \/>\n\t<meta name=\"twitter:data2\" content=\"2 minuti\" \/>\n<script type=\"application\/ld+json\" class=\"yoast-schema-graph\">{\"@context\":\"https:\/\/schema.org\",\"@graph\":[{\"@type\":\"WebPage\",\"@id\":\"https:\/\/staging.varesenews.it\/2019\/03\/funivia-silvano-morto-schiacciamento\/800105\/\",\"url\":\"https:\/\/staging.varesenews.it\/2019\/03\/funivia-silvano-morto-schiacciamento\/800105\/\",\"name\":\"Funivia, Silvano Dellea morto per schiacciamento\",\"isPartOf\":{\"@id\":\"https:\/\/staging.varesenews.it\/#website\"},\"datePublished\":\"2019-03-06T18:03:11+00:00\",\"dateModified\":\"2019-03-06T18:04:03+00:00\",\"author\":{\"@id\":\"https:\/\/staging.varesenews.it\/#\/schema\/person\/3eb5832c6beae763de8d9596fdbe8c49\"},\"description\":\"I risultati dell\u2019autopsia eseguita lo scorso 16 novembre. L\u2019ipotesi sulla dinamica. Impianto ancora fermo\",\"breadcrumb\":{\"@id\":\"https:\/\/staging.varesenews.it\/2019\/03\/funivia-silvano-morto-schiacciamento\/800105\/#breadcrumb\"},\"inLanguage\":\"it-IT\",\"potentialAction\":[{\"@type\":\"ReadAction\",\"target\":[\"https:\/\/staging.varesenews.it\/2019\/03\/funivia-silvano-morto-schiacciamento\/800105\/\"]}]},{\"@type\":\"BreadcrumbList\",\"@id\":\"https:\/\/staging.varesenews.it\/2019\/03\/funivia-silvano-morto-schiacciamento\/800105\/#breadcrumb\",\"itemListElement\":[{\"@type\":\"ListItem\",\"position\":1,\"name\":\"Home\",\"item\":\"https:\/\/www.varesenews.it\/\"},{\"@type\":\"ListItem\",\"position\":2,\"name\":\"Funivia, Silvano Dellea morto per schiacciamento\"}]},{\"@type\":\"WebSite\",\"@id\":\"https:\/\/staging.varesenews.it\/#website\",\"url\":\"https:\/\/staging.varesenews.it\/\",\"name\":\"VareseNews\",\"description\":\"\",\"potentialAction\":[{\"@type\":\"SearchAction\",\"target\":{\"@type\":\"EntryPoint\",\"urlTemplate\":\"https:\/\/staging.varesenews.it\/?s={search_term_string}\"},\"query-input\":\"required name=search_term_string\"}],\"inLanguage\":\"it-IT\"},{\"@type\":\"Person\",\"@id\":\"https:\/\/staging.varesenews.it\/#\/schema\/person\/3eb5832c6beae763de8d9596fdbe8c49\",\"name\":\"Andrea Camurani\",\"image\":{\"@type\":\"ImageObject\",\"inLanguage\":\"it-IT\",\"@id\":\"https:\/\/staging.varesenews.it\/#\/schema\/person\/image\/\",\"url\":\"https:\/\/staging.varesenews.it\/wp-content\/uploads\/2020\/12\/andrea_camurani_colori_500.jpg\",\"contentUrl\":\"https:\/\/staging.varesenews.it\/wp-content\/uploads\/2020\/12\/andrea_camurani_colori_500.jpg\",\"caption\":\"Andrea Camurani\"},\"description\":\"Sono figlio degli anni Settanta e di Milano, dove ho imparato a riconoscere buoni e cattivi. Laurea in scienze politiche, lavoro a VareseNews dal 2000. Racconto quel che trovo quando incontro chi vuole lasciare al mondo un pezzetto di vita, che si chiama cronaca. &ldquo;...perch&eacute; &egrave; la gente il pi&ugrave; grande spettacolo del mondo. E non si paga il biglietto...&rdquo; (Charles Bukowsky)\",\"sameAs\":[\"https:\/\/www.facebook.com\/andrea.camurani?fref=photo\",\"andreacamurani\",\"https:\/\/www.linkedin.com\/hp\/?dnr=A9a84RfzsLdo9xg4NcGV4dLiMknoc9ms4WM\",\"https:\/\/twitter.com\/AndreaCamurani\"],\"url\":\"https:\/\/staging.varesenews.it\/persona\/andrea_camurani\/\"}]}<\/script>\n<!-- \/ Yoast SEO plugin. -->","yoast_head_json":{"title":"Funivia, Silvano Dellea morto per schiacciamento","description":"I risultati dell\u2019autopsia eseguita lo scorso 16 novembre. L\u2019ipotesi sulla dinamica. Impianto ancora fermo","robots":{"index":"noindex","follow":"follow","max-snippet":"max-snippet:-1","max-image-preview":"max-image-preview:large","max-video-preview":"max-video-preview:-1"},"og_locale":"it_IT","og_type":"article","og_title":"Funivia, Silvano Dellea morto per schiacciamento","og_description":"I risultati dell\u2019autopsia eseguita lo scorso 16 novembre. L\u2019ipotesi sulla dinamica. Impianto ancora fermo","og_url":"https:\/\/staging.varesenews.it\/2019\/03\/funivia-silvano-morto-schiacciamento\/800105\/","og_site_name":"VareseNews","article_publisher":"https:\/\/www.facebook.com\/varesenews","article_author":"https:\/\/www.facebook.com\/andrea.camurani?fref=photo","article_published_time":"2019-03-06T18:03:11+00:00","article_modified_time":"2019-03-06T18:04:03+00:00","author":"Andrea Camurani","twitter_card":"summary_large_image","twitter_creator":"@AndreaCamurani","twitter_site":"@varesenews","twitter_misc":{"Scritto da":"Andrea Camurani","Tempo di lettura stimato":"2 minuti"},"schema":{"@context":"https:\/\/schema.org","@graph":[{"@type":"WebPage","@id":"https:\/\/staging.varesenews.it\/2019\/03\/funivia-silvano-morto-schiacciamento\/800105\/","url":"https:\/\/staging.varesenews.it\/2019\/03\/funivia-silvano-morto-schiacciamento\/800105\/","name":"Funivia, Silvano Dellea morto per schiacciamento","isPartOf":{"@id":"https:\/\/staging.varesenews.it\/#website"},"datePublished":"2019-03-06T18:03:11+00:00","dateModified":"2019-03-06T18:04:03+00:00","author":{"@id":"https:\/\/staging.varesenews.it\/#\/schema\/person\/3eb5832c6beae763de8d9596fdbe8c49"},"description":"I risultati dell\u2019autopsia eseguita lo scorso 16 novembre. L\u2019ipotesi sulla dinamica. Impianto ancora fermo","breadcrumb":{"@id":"https:\/\/staging.varesenews.it\/2019\/03\/funivia-silvano-morto-schiacciamento\/800105\/#breadcrumb"},"inLanguage":"it-IT","potentialAction":[{"@type":"ReadAction","target":["https:\/\/staging.varesenews.it\/2019\/03\/funivia-silvano-morto-schiacciamento\/800105\/"]}]},{"@type":"BreadcrumbList","@id":"https:\/\/staging.varesenews.it\/2019\/03\/funivia-silvano-morto-schiacciamento\/800105\/#breadcrumb","itemListElement":[{"@type":"ListItem","position":1,"name":"Home","item":"https:\/\/www.varesenews.it\/"},{"@type":"ListItem","position":2,"name":"Funivia, Silvano Dellea morto per schiacciamento"}]},{"@type":"WebSite","@id":"https:\/\/staging.varesenews.it\/#website","url":"https:\/\/staging.varesenews.it\/","name":"VareseNews","description":"","potentialAction":[{"@type":"SearchAction","target":{"@type":"EntryPoint","urlTemplate":"https:\/\/staging.varesenews.it\/?s={search_term_string}"},"query-input":"required name=search_term_string"}],"inLanguage":"it-IT"},{"@type":"Person","@id":"https:\/\/staging.varesenews.it\/#\/schema\/person\/3eb5832c6beae763de8d9596fdbe8c49","name":"Andrea Camurani","image":{"@type":"ImageObject","inLanguage":"it-IT","@id":"https:\/\/staging.varesenews.it\/#\/schema\/person\/image\/","url":"https:\/\/staging.varesenews.it\/wp-content\/uploads\/2020\/12\/andrea_camurani_colori_500.jpg","contentUrl":"https:\/\/staging.varesenews.it\/wp-content\/uploads\/2020\/12\/andrea_camurani_colori_500.jpg","caption":"Andrea Camurani"},"description":"Sono figlio degli anni Settanta e di Milano, dove ho imparato a riconoscere buoni e cattivi. Laurea in scienze politiche, lavoro a VareseNews dal 2000. Racconto quel che trovo quando incontro chi vuole lasciare al mondo un pezzetto di vita, che si chiama cronaca. &ldquo;...perch&eacute; &egrave; la gente il pi&ugrave; grande spettacolo del mondo. E non si paga il biglietto...&rdquo; (Charles Bukowsky)","sameAs":["https:\/\/www.facebook.com\/andrea.camurani?fref=photo","andreacamurani","https:\/\/www.linkedin.com\/hp\/?dnr=A9a84RfzsLdo9xg4NcGV4dLiMknoc9ms4WM","https:\/\/twitter.com\/AndreaCamurani"],"url":"https:\/\/staging.varesenews.it\/persona\/andrea_camurani\/"}]}},"post_meta":{"_edit_lock":"1551895309:34","_edit_last":"34","_category_permalink":"a:1:{s:8:\"category\";s:0:\"\";}","ratings_users":"0","ratings_score":"0","ratings_average":"0","id_leggi_anche":"787939,778940,773013,767624,767791,1330421","foto":"709404","argomento":"Curiglia con Monteviasco","_yoast_wpseo_content_score":"30","_jd_tweet_this":"yes","_wpt_short_url":"https:\/\/www.varesenews.it\/2019\/03\/funivia-silvano-morto-schiacciamento\/800105\/","_wp_jd_target":"https:\/\/www.varesenews.it\/2019\/03\/funivia-silvano-morto-schiacciamento\/800105\/","_jd_wp_twitter":"a:1:{i:0;s:154:\"Funivia, Silvano morto per schiacciamento https:\/\/www.varesenews.it\/2019\/03\/funivia-silvano-morto-schiacciamento\/800105\/ #monteviasco #piero #pontedipiero\";}","_wpt_status_message":"Tweet inviato con successo."},"photos":[{"original":"https:\/\/staging.varesenews.it\/photogallery_new\/images\/2018\/11\/funivia-monteviasco-709404.jpg","full":"https:\/\/staging.varesenews.it\/photogallery_new\/images\/2018\/11\/funivia-monteviasco-709404.1024x768.jpg","large":"https:\/\/staging.varesenews.it\/photogallery_new\/images\/2018\/11\/funivia-monteviasco-709404.610x431.jpg"}],"_links":{"self":[{"href":"https:\/\/staging.varesenews.it\/swgapi\/v1\/wp\/v2\/posts\/800105"}],"collection":[{"href":"https:\/\/staging.varesenews.it\/swgapi\/v1\/wp\/v2\/posts"}],"about":[{"href":"https:\/\/staging.varesenews.it\/swgapi\/v1\/wp\/v2\/types\/post"}],"author":[{"embeddable":true,"href":"https:\/\/staging.varesenews.it\/swgapi\/v1\/wp\/v2\/users\/34"}],"replies":[{"embeddable":true,"href":"https:\/\/staging.varesenews.it\/swgapi\/v1\/wp\/v2\/comments?post=800105"}],"version-history":[{"count":0,"href":"https:\/\/staging.varesenews.it\/swgapi\/v1\/wp\/v2\/posts\/800105\/revisions"}],"wp:attachment":[{"href":"https:\/\/staging.varesenews.it\/swgapi\/v1\/wp\/v2\/media?parent=800105"}],"wp:term":[{"taxonomy":"category","embeddable":true,"href":"https:\/\/staging.varesenews.it\/swgapi\/v1\/wp\/v2\/categories?post=800105"},{"taxonomy":"post_tag","embeddable":true,"href":"https:\/\/staging.varesenews.it\/swgapi\/v1\/wp\/v2\/tags?post=800105"}],"curies":[{"name":"wp","href":"https:\/\/api.w.org\/{rel}","templated":true}]}}