{"id":801096,"date":"2019-03-10T16:45:43","date_gmt":"2019-03-10T15:45:43","guid":{"rendered":"https:\/\/www.varesenews.it\/?p=801096"},"modified":"2019-03-10T16:45:43","modified_gmt":"2019-03-10T15:45:43","slug":"la-osa-saronno-ricorda-la-sciura-luigia-gritti","status":"publish","type":"post","link":"https:\/\/staging.varesenews.it\/2019\/03\/la-osa-saronno-ricorda-la-sciura-luigia-gritti\/801096\/","title":{"rendered":"La Osa Saronno ricorda la &#8220;sciura&#8221; Luigia Gritti"},"content":{"rendered":"<p>La societ\u00e0 di atletica Osa Saronno dedica a Luigia Gritti (nota come la sciura Morandi) un ricordo in occasione della sua scomparsa. L&#8217;ultimo saluto domani mattina alle 10 alla chiesa della Sacra Famiglia al quartiere Prealpi.<\/p>\n<p>&nbsp;<\/p>\n<blockquote><p>Le ultime tre generazioni di saronnesi che hanno calcato lo storico campo di atletica Colombo &#8211; Gianetti hanno avuto a che fare con Luigia Gritti. Un nome che magari a tanti di questi non direbbe poi molto perch\u00e9 Luigia &#8211; in arte &#8211; era per tutti \u00abLa Sciura Morandi\u00bb o anche pi\u00f9 semplicemente \u00abLa Sciura\u00bb.<\/p>\n<p>Una specie d&#8217;istituzione, un vero presidio permanente. Una presenza costante e continua che \u00e8 stata per decenni, all&#8217;interno della grande famiglia dell&#8217;atletica saronnese, il volto delle societ\u00e0 a cui Luigia ha dedicato gran parte della propria vita. Oggi questa societ\u00e0 si chiama OSA Saronno e anche se dirigenti, staff tecnico e atleti sono cambiati e cresciuti mano a mano che le stagioni si sono susseguite, la sciura Morandi \u00e8 rimasta sempre l\u00ec, a fare da trait d&#8217;union tra passato e futuro, senza che nemmeno fosse chiarissimo il suo ruolo ma rappresentando chiaramente i valori sportivi, sociali e agonistici che l&#8217;atletica si propone di trasmettere.<\/p>\n<p>Luigia \u00e8 stata per tutti un grandissimo esempio da seguire. Una figura in grado d&#8217;ispirare le generazioni future a impegnarsi nel volontariato sportivo con spirito di servizio, mettendosi sempre a disposizione della societ\u00e0 nella buona e nella cattiva sorte, come si fa in tutti i matrimoni destinati a durare per sempre. Non \u00e8 un caso che, per questo suo impegno, la citt\u00e0 le abbia conferito il prestigioso &#8211; e meritatissimo &#8211; premio della Ciocchina.<\/p>\n<p>Non era un tecnico, la sciura Morandi, ma ha contribuito a forgiare centinaia di atleti soprattutto dal punto di vista etico e caratteriale, insegnando valori che vanno al di l\u00e0 della vittoria sportiva come la costanza nell&#8217;impegno, la volont\u00e0 di dare il massimo, l&#8217;importanza di far parte di un gruppo in cui tutti contribuiscono al risultato finale, come accade nei campionati di societ\u00e0.<\/p>\n<p>In tantissimi la ricorderanno incitare le atlete e gli atleti, motivarli, abbracciarli dopo una gara in cui si era fatto tutto il possibile per cercare di migliorarsi. Sempre presente, sempre attiva, sempre avanti e indietro dal campo con la sua bicicletta, almeno fin quando ha potuto.<\/p>\n<p>Con la sciura Morandi se ne va una parte importantissima dello sport e della societ\u00e0 civile di Saronno ma siamo certi che il suo esempio non verr\u00e0 dimenticato e che proprio dal suo impegno gli atleti, i tecnici e i dirigenti di oggi e di domani troveranno l&#8217;energia per continuare il bellissimo percorso dell&#8217;atletica leggera nella nostra citt\u00e0.<\/p>\n<p>Luigia oggi dobbiamo salutarla e ringraziarla per tutto ma lo sappiamo bene che non \u00e8 un addio, bens\u00ec un arrivederci. Come sempre, la troveremo al traguardo, alla fine della corsa, l\u00ec che ci aspetta per abbracciarci e accoglierci con un sorriso.<\/p><\/blockquote>\n","protected":false},"excerpt":{"rendered":"<p>Per decenni \u00e8 stata punto di riferimento per l&#8217;atletica saronnese: &#8220;Anche senza ruolo ha rappresentato chiaramente i valori sportivi, sociali e agonistici dell&#8217;atletica<\/p>\n","protected":false},"author":47,"featured_media":0,"comment_status":"open","ping_status":"open","sticky":false,"template":"","format":"standard","meta":{"footnotes":""},"categories":[5],"tags":[2945,93514,6092],"acf":[],"yoast_head":"<!-- This site is optimized with the Yoast SEO plugin v20.1 - https:\/\/yoast.com\/wordpress\/plugins\/seo\/ -->\n<title>La Osa Saronno ricorda la &quot;sciura&quot; Luigia Gritti<\/title>\n<meta name=\"description\" content=\"Per decenni \u00e8 stata punto di riferimento per l&#039;atletica saronnese: &quot;Anche senza ruolo ha rappresentato chiaramente i valori sportivi, sociali e agonistici dell&#039;atletica\" \/>\n<meta name=\"robots\" content=\"noindex, follow, max-snippet:-1, max-image-preview:large, max-video-preview:-1\" \/>\n<meta property=\"og:locale\" content=\"it_IT\" \/>\n<meta property=\"og:type\" content=\"article\" \/>\n<meta property=\"og:title\" content=\"La Osa Saronno ricorda la &quot;sciura&quot; Luigia Gritti\" \/>\n<meta property=\"og:description\" content=\"Per decenni \u00e8 stata punto di riferimento per l&#039;atletica saronnese: &quot;Anche senza ruolo ha rappresentato chiaramente i valori sportivi, sociali e agonistici dell&#039;atletica\" \/>\n<meta property=\"og:url\" content=\"https:\/\/staging.varesenews.it\/2019\/03\/la-osa-saronno-ricorda-la-sciura-luigia-gritti\/801096\/\" \/>\n<meta property=\"og:site_name\" content=\"VareseNews\" \/>\n<meta property=\"article:publisher\" content=\"https:\/\/www.facebook.com\/varesenews\" \/>\n<meta property=\"article:published_time\" content=\"2019-03-10T15:45:43+00:00\" \/>\n<meta name=\"author\" content=\"Orlando Mastrillo\" \/>\n<meta name=\"twitter:card\" content=\"summary_large_image\" \/>\n<meta name=\"twitter:creator\" content=\"@nando_mastrillo\" \/>\n<meta name=\"twitter:site\" content=\"@varesenews\" \/>\n<meta name=\"twitter:label1\" content=\"Scritto da\" \/>\n\t<meta name=\"twitter:data1\" content=\"Orlando Mastrillo\" \/>\n\t<meta name=\"twitter:label2\" content=\"Tempo di lettura stimato\" \/>\n\t<meta name=\"twitter:data2\" content=\"2 minuti\" \/>\n<script type=\"application\/ld+json\" class=\"yoast-schema-graph\">{\"@context\":\"https:\/\/schema.org\",\"@graph\":[{\"@type\":\"WebPage\",\"@id\":\"https:\/\/staging.varesenews.it\/2019\/03\/la-osa-saronno-ricorda-la-sciura-luigia-gritti\/801096\/\",\"url\":\"https:\/\/staging.varesenews.it\/2019\/03\/la-osa-saronno-ricorda-la-sciura-luigia-gritti\/801096\/\",\"name\":\"La Osa Saronno ricorda la \\\"sciura\\\" Luigia Gritti\",\"isPartOf\":{\"@id\":\"https:\/\/staging.varesenews.it\/#website\"},\"datePublished\":\"2019-03-10T15:45:43+00:00\",\"dateModified\":\"2019-03-10T15:45:43+00:00\",\"author\":{\"@id\":\"https:\/\/staging.varesenews.it\/#\/schema\/person\/14c47ccce537a9058dddce296f10b296\"},\"description\":\"Per decenni \u00e8 stata punto di riferimento per l'atletica saronnese: \\\"Anche senza ruolo ha rappresentato chiaramente i valori sportivi, sociali e agonistici dell'atletica\",\"breadcrumb\":{\"@id\":\"https:\/\/staging.varesenews.it\/2019\/03\/la-osa-saronno-ricorda-la-sciura-luigia-gritti\/801096\/#breadcrumb\"},\"inLanguage\":\"it-IT\",\"potentialAction\":[{\"@type\":\"ReadAction\",\"target\":[\"https:\/\/staging.varesenews.it\/2019\/03\/la-osa-saronno-ricorda-la-sciura-luigia-gritti\/801096\/\"]}]},{\"@type\":\"BreadcrumbList\",\"@id\":\"https:\/\/staging.varesenews.it\/2019\/03\/la-osa-saronno-ricorda-la-sciura-luigia-gritti\/801096\/#breadcrumb\",\"itemListElement\":[{\"@type\":\"ListItem\",\"position\":1,\"name\":\"Home\",\"item\":\"https:\/\/www.varesenews.it\/\"},{\"@type\":\"ListItem\",\"position\":2,\"name\":\"La Osa Saronno ricorda la &#8220;sciura&#8221; Luigia Gritti\"}]},{\"@type\":\"WebSite\",\"@id\":\"https:\/\/staging.varesenews.it\/#website\",\"url\":\"https:\/\/staging.varesenews.it\/\",\"name\":\"VareseNews\",\"description\":\"\",\"potentialAction\":[{\"@type\":\"SearchAction\",\"target\":{\"@type\":\"EntryPoint\",\"urlTemplate\":\"https:\/\/staging.varesenews.it\/?s={search_term_string}\"},\"query-input\":\"required name=search_term_string\"}],\"inLanguage\":\"it-IT\"},{\"@type\":\"Person\",\"@id\":\"https:\/\/staging.varesenews.it\/#\/schema\/person\/14c47ccce537a9058dddce296f10b296\",\"name\":\"Orlando Mastrillo\",\"image\":{\"@type\":\"ImageObject\",\"inLanguage\":\"it-IT\",\"@id\":\"https:\/\/staging.varesenews.it\/#\/schema\/person\/image\/\",\"url\":\"https:\/\/staging.varesenews.it\/wp-content\/uploads\/2020\/12\/orlando_mastrillo_colori_500.jpg\",\"contentUrl\":\"https:\/\/staging.varesenews.it\/wp-content\/uploads\/2020\/12\/orlando_mastrillo_colori_500.jpg\",\"caption\":\"Orlando Mastrillo\"},\"description\":\"Nasco a Luino nel 1981, ho iniziato questo lavoro nell'estate del 2003 nella redazione de Il Giorno di Varese e dall'anno successivo ho intrapreso la collaborazione con VareseNews. Dopo anni nell'Alto Varesotto mi sono trasferito a Busto Arsizio nel 2007, territorio che ho iniziato a seguire e che seguo tutt'oggi. Nel 2013 sono diventato giornalista professionista. Mi occupo di cronaca politica, giudiziaria e nera in una vasta area che comprende anche parte della Valle Olona e il Legnanese. Sono sposato con Valeria Arini e ho due splendide figlie.\",\"sameAs\":[\"or_ma\",\"https:\/\/twitter.com\/nando_mastrillo\"],\"url\":\"https:\/\/staging.varesenews.it\/persona\/orlando-mastrillo1\/\"}]}<\/script>\n<!-- \/ Yoast SEO plugin. -->","yoast_head_json":{"title":"La Osa Saronno ricorda la \"sciura\" Luigia Gritti","description":"Per decenni \u00e8 stata punto di riferimento per l'atletica saronnese: \"Anche senza ruolo ha rappresentato chiaramente i valori sportivi, sociali e agonistici dell'atletica","robots":{"index":"noindex","follow":"follow","max-snippet":"max-snippet:-1","max-image-preview":"max-image-preview:large","max-video-preview":"max-video-preview:-1"},"og_locale":"it_IT","og_type":"article","og_title":"La Osa Saronno ricorda la \"sciura\" Luigia Gritti","og_description":"Per decenni \u00e8 stata punto di riferimento per l'atletica saronnese: \"Anche senza ruolo ha rappresentato chiaramente i valori sportivi, sociali e agonistici dell'atletica","og_url":"https:\/\/staging.varesenews.it\/2019\/03\/la-osa-saronno-ricorda-la-sciura-luigia-gritti\/801096\/","og_site_name":"VareseNews","article_publisher":"https:\/\/www.facebook.com\/varesenews","article_published_time":"2019-03-10T15:45:43+00:00","author":"Orlando Mastrillo","twitter_card":"summary_large_image","twitter_creator":"@nando_mastrillo","twitter_site":"@varesenews","twitter_misc":{"Scritto da":"Orlando Mastrillo","Tempo di lettura stimato":"2 minuti"},"schema":{"@context":"https:\/\/schema.org","@graph":[{"@type":"WebPage","@id":"https:\/\/staging.varesenews.it\/2019\/03\/la-osa-saronno-ricorda-la-sciura-luigia-gritti\/801096\/","url":"https:\/\/staging.varesenews.it\/2019\/03\/la-osa-saronno-ricorda-la-sciura-luigia-gritti\/801096\/","name":"La Osa Saronno ricorda la \"sciura\" Luigia Gritti","isPartOf":{"@id":"https:\/\/staging.varesenews.it\/#website"},"datePublished":"2019-03-10T15:45:43+00:00","dateModified":"2019-03-10T15:45:43+00:00","author":{"@id":"https:\/\/staging.varesenews.it\/#\/schema\/person\/14c47ccce537a9058dddce296f10b296"},"description":"Per decenni \u00e8 stata punto di riferimento per l'atletica saronnese: \"Anche senza ruolo ha rappresentato chiaramente i valori sportivi, sociali e agonistici dell'atletica","breadcrumb":{"@id":"https:\/\/staging.varesenews.it\/2019\/03\/la-osa-saronno-ricorda-la-sciura-luigia-gritti\/801096\/#breadcrumb"},"inLanguage":"it-IT","potentialAction":[{"@type":"ReadAction","target":["https:\/\/staging.varesenews.it\/2019\/03\/la-osa-saronno-ricorda-la-sciura-luigia-gritti\/801096\/"]}]},{"@type":"BreadcrumbList","@id":"https:\/\/staging.varesenews.it\/2019\/03\/la-osa-saronno-ricorda-la-sciura-luigia-gritti\/801096\/#breadcrumb","itemListElement":[{"@type":"ListItem","position":1,"name":"Home","item":"https:\/\/www.varesenews.it\/"},{"@type":"ListItem","position":2,"name":"La Osa Saronno ricorda la &#8220;sciura&#8221; Luigia Gritti"}]},{"@type":"WebSite","@id":"https:\/\/staging.varesenews.it\/#website","url":"https:\/\/staging.varesenews.it\/","name":"VareseNews","description":"","potentialAction":[{"@type":"SearchAction","target":{"@type":"EntryPoint","urlTemplate":"https:\/\/staging.varesenews.it\/?s={search_term_string}"},"query-input":"required name=search_term_string"}],"inLanguage":"it-IT"},{"@type":"Person","@id":"https:\/\/staging.varesenews.it\/#\/schema\/person\/14c47ccce537a9058dddce296f10b296","name":"Orlando Mastrillo","image":{"@type":"ImageObject","inLanguage":"it-IT","@id":"https:\/\/staging.varesenews.it\/#\/schema\/person\/image\/","url":"https:\/\/staging.varesenews.it\/wp-content\/uploads\/2020\/12\/orlando_mastrillo_colori_500.jpg","contentUrl":"https:\/\/staging.varesenews.it\/wp-content\/uploads\/2020\/12\/orlando_mastrillo_colori_500.jpg","caption":"Orlando Mastrillo"},"description":"Nasco a Luino nel 1981, ho iniziato questo lavoro nell'estate del 2003 nella redazione de Il Giorno di Varese e dall'anno successivo ho intrapreso la collaborazione con VareseNews. Dopo anni nell'Alto Varesotto mi sono trasferito a Busto Arsizio nel 2007, territorio che ho iniziato a seguire e che seguo tutt'oggi. Nel 2013 sono diventato giornalista professionista. Mi occupo di cronaca politica, giudiziaria e nera in una vasta area che comprende anche parte della Valle Olona e il Legnanese. Sono sposato con Valeria Arini e ho due splendide figlie.","sameAs":["or_ma","https:\/\/twitter.com\/nando_mastrillo"],"url":"https:\/\/staging.varesenews.it\/persona\/orlando-mastrillo1\/"}]}},"post_meta":{"_edit_lock":"1552233084:47","_edit_last":"47","_category_permalink":"a:1:{s:8:\"category\";s:0:\"\";}","ratings_users":"0","ratings_score":"0","ratings_average":"0","foto":"726606","argomento":"Saronno","_yoast_wpseo_focuskw_text_input":"luigia gritti","_yoast_wpseo_focuskw":"luigia gritti","_yoast_wpseo_linkdex":"65","_yoast_wpseo_content_score":"30","_jd_tweet_this":"yes","_wpt_short_url":"https:\/\/www.varesenews.it\/2019\/03\/la-osa-saronno-ricorda-la-sciura-luigia-gritti\/801096\/","_wp_jd_target":"https:\/\/www.varesenews.it\/2019\/03\/la-osa-saronno-ricorda-la-sciura-luigia-gritti\/801096\/","_jd_wp_twitter":"a:1:{i:0;s:179:\"La Osa Saronno ricorda la \u201csciura\u201d Luigia Gritti https:\/\/www.varesenews.it\/2019\/03\/la-osa-saronno-ricorda-la-sciura-luigia-gritti\/801096\/ #atletica #necrologie2019 #OsaSaronno\";}","_wpt_status_message":"Tweet inviato con successo."},"photos":[{"original":"https:\/\/staging.varesenews.it\/photogallery_new\/images\/2019\/03\/luigia-gritti-726606.jpg","full":"https:\/\/staging.varesenews.it\/photogallery_new\/images\/2019\/03\/luigia-gritti-726606.1024x768.jpg","large":"https:\/\/staging.varesenews.it\/photogallery_new\/images\/2019\/03\/luigia-gritti-726606.610x431.jpg"}],"_links":{"self":[{"href":"https:\/\/staging.varesenews.it\/swgapi\/v1\/wp\/v2\/posts\/801096"}],"collection":[{"href":"https:\/\/staging.varesenews.it\/swgapi\/v1\/wp\/v2\/posts"}],"about":[{"href":"https:\/\/staging.varesenews.it\/swgapi\/v1\/wp\/v2\/types\/post"}],"author":[{"embeddable":true,"href":"https:\/\/staging.varesenews.it\/swgapi\/v1\/wp\/v2\/users\/47"}],"replies":[{"embeddable":true,"href":"https:\/\/staging.varesenews.it\/swgapi\/v1\/wp\/v2\/comments?post=801096"}],"version-history":[{"count":0,"href":"https:\/\/staging.varesenews.it\/swgapi\/v1\/wp\/v2\/posts\/801096\/revisions"}],"wp:attachment":[{"href":"https:\/\/staging.varesenews.it\/swgapi\/v1\/wp\/v2\/media?parent=801096"}],"wp:term":[{"taxonomy":"category","embeddable":true,"href":"https:\/\/staging.varesenews.it\/swgapi\/v1\/wp\/v2\/categories?post=801096"},{"taxonomy":"post_tag","embeddable":true,"href":"https:\/\/staging.varesenews.it\/swgapi\/v1\/wp\/v2\/tags?post=801096"}],"curies":[{"name":"wp","href":"https:\/\/api.w.org\/{rel}","templated":true}]}}