{"id":801320,"date":"2019-03-11T14:17:47","date_gmt":"2019-03-11T13:17:47","guid":{"rendered":"https:\/\/www.varesenews.it\/?p=801320"},"modified":"2019-03-11T14:17:47","modified_gmt":"2019-03-11T13:17:47","slug":"rinnovato-parcheggio-via-pola","status":"publish","type":"post","link":"https:\/\/staging.varesenews.it\/2019\/03\/rinnovato-parcheggio-via-pola\/801320\/","title":{"rendered":"Rinnovato il parcheggio di via Pola"},"content":{"rendered":"<p>Prosegue anche su via Pola,<strong> il progetto di miglioramento dei parcheggi cittadini portato avanti da Saronno Servizi S.p.A<\/strong>., che risponde agli obiettivi di intervenire sulle aree di sosta della citt\u00e0 al fine di migliorare la sicurezza e il servizio reso a residenti e pendolari. Dopo gli interventi effettuati<strong> in differenti aree strategiche della citt\u00e0<\/strong>, come per esempio nel parcheggio di <strong>Piazza Saragat adiacente all\u2019Ospedale<\/strong>, Saronno Servizi S.p.A. ha sviluppato un progetto di rilievo anche nell\u2019area cruciale di via Pola: tutte<strong> le vecchie luci al neon sono state infatti sostituite da un impianto moderno con luci al LED<\/strong> dotate di sensori con temporizzatori del movimento. Una tecnologia che ha consentito di potenziare l\u2019illuminazione fornita con un impianto disposto su ben tre file di pannelli e permettere un notevole risparmio energetico attraverso il sistema di accensione automatica delle luci in presenza di passaggio di un pedone.<\/p>\n<p>Questo intervento ha migliorato anche<strong> l\u2019efficacia del sistema di video-sorveglianza interno,<\/strong> rendendo maggiormente riconoscibili gli utenti e le targhe delle vetture in sosta per i controlli sulla sicurezza cittadina, furti e anti-scippo effettuati dai Vigili Urbani e Polizia Locale. Ricordiamo inoltre gli interventi realizzati sul parcheggio di via Pola, in gestione di Saronno Servizi S.p.A. dal 2006,<strong> hanno consentito la copertura del transito pedonale con un sistema di tettoie<\/strong>, che consente di uscire dal parcheggio direttamente sotto il porticato della Piazza adiacente senza bagnarsi in caso di pioggia o intemperie. Un progetto realizzato anche in ottica di favorire le attivit\u00e0 commerciali del centro storico di Saronno, se pensiamo che il parcheggio \u00e8 infatti situato all\u2019interno del <strong>Distretto Urbano del Commercio,<\/strong> dove ci sono il maggior numero di negozi e attivit\u00e0, e presenta pertanto un indice di rotazione molto elevato: dislocato su due livellI &#8211; piano terra e area sotterranea &#8211; complessivamente ospita 100 posti auto.<\/p>\n<p>\u00abIn una fase di forte cambiamento delle nostre citt\u00e0 \u00e8 importante adottare nuove infrastrutture e soluzioni che siano al passo con i tempi. Puntiamo a migliorare il servizio pubblico della nostra citt\u00e0, in modo che sia pi\u00f9 efficiente e conveniente, e fornire strumenti adeguati a garantire migliore qualit\u00e0 della vita e maggior sicurezza ai cittadini\u00bb ha commentato <strong>Alberto Canciani, Presidente Saronno Servizi S.p.A<\/strong>. -.<\/p>\n<p>\u00abIl progetto di via Pola segue una serie di interventi svolti su tutto il sistema di parcheggi cittadini &#8211; ha commentato <strong>Giordano Romano, Direttore Generale della Societ\u00e0 .\u00a0<\/strong>Ricordiamo che Saronno \u00e8 gi\u00e0 dotata di sistemi di App Mobile di Urban Intelligence come \u201cEASY PARK\u201d, che consente ai cittadini di gestire e pagare la propria sosta tramite cellulare e \u201cTELEPASS PYNG\u201d, applicazione che integra il pagamento del pedaggio direttamente sul conto Telepass dell\u2019utente. Gli interventi che stiamo realizzando in ambito Parcheggi e Mobilit\u00e0 vanno letti nell\u2019ottica di fare di Saronno una citt\u00e0 sempre pi\u00f9 tecnologica, dove tematiche come il risparmio energetico e la sicurezza non possono essere ignorate\u00bb.<\/p>\n","protected":false},"excerpt":{"rendered":"<p>Interventi migliorativi realizzati dalla Saronno Servizi sul fronte della sicurezza e del risparmio energetico<\/p>\n","protected":false},"author":51,"featured_media":0,"comment_status":"open","ping_status":"open","sticky":false,"template":"","format":"standard","meta":{"footnotes":""},"categories":[5],"tags":[649,4275],"acf":[],"yoast_head":"<!-- This site is optimized with the Yoast SEO plugin v20.1 - https:\/\/yoast.com\/wordpress\/plugins\/seo\/ -->\n<title>Rinnovato il parcheggio di via Pola<\/title>\n<meta name=\"description\" content=\"Interventi migliorativi realizzati dalla Saronno Servizi sul fronte della sicurezza e del risparmio energetico\" \/>\n<meta name=\"robots\" content=\"noindex, follow, max-snippet:-1, max-image-preview:large, max-video-preview:-1\" \/>\n<meta property=\"og:locale\" content=\"it_IT\" \/>\n<meta property=\"og:type\" content=\"article\" \/>\n<meta property=\"og:title\" content=\"Rinnovato il parcheggio di via Pola\" \/>\n<meta property=\"og:description\" content=\"Interventi migliorativi realizzati dalla Saronno Servizi sul fronte della sicurezza e del risparmio energetico\" \/>\n<meta property=\"og:url\" content=\"https:\/\/staging.varesenews.it\/2019\/03\/rinnovato-parcheggio-via-pola\/801320\/\" \/>\n<meta property=\"og:site_name\" content=\"VareseNews\" \/>\n<meta property=\"article:publisher\" content=\"https:\/\/www.facebook.com\/varesenews\" \/>\n<meta property=\"article:author\" content=\"https:\/\/www.facebook.com\/manuel.sgarella\" \/>\n<meta property=\"article:published_time\" content=\"2019-03-11T13:17:47+00:00\" \/>\n<meta name=\"author\" content=\"Manuel Sgarella\" \/>\n<meta name=\"twitter:card\" content=\"summary_large_image\" \/>\n<meta name=\"twitter:creator\" content=\"@Sgarel\" \/>\n<meta name=\"twitter:site\" content=\"@varesenews\" \/>\n<meta name=\"twitter:label1\" content=\"Scritto da\" \/>\n\t<meta name=\"twitter:data1\" content=\"Manuel Sgarella\" \/>\n\t<meta name=\"twitter:label2\" content=\"Tempo di lettura stimato\" \/>\n\t<meta name=\"twitter:data2\" content=\"2 minuti\" \/>\n<script type=\"application\/ld+json\" class=\"yoast-schema-graph\">{\"@context\":\"https:\/\/schema.org\",\"@graph\":[{\"@type\":\"WebPage\",\"@id\":\"https:\/\/staging.varesenews.it\/2019\/03\/rinnovato-parcheggio-via-pola\/801320\/\",\"url\":\"https:\/\/staging.varesenews.it\/2019\/03\/rinnovato-parcheggio-via-pola\/801320\/\",\"name\":\"Rinnovato il parcheggio di via Pola\",\"isPartOf\":{\"@id\":\"https:\/\/staging.varesenews.it\/#website\"},\"datePublished\":\"2019-03-11T13:17:47+00:00\",\"dateModified\":\"2019-03-11T13:17:47+00:00\",\"author\":{\"@id\":\"https:\/\/staging.varesenews.it\/#\/schema\/person\/1ec987bf360cbcf5fab38b0367dbc9d4\"},\"description\":\"Interventi migliorativi realizzati dalla Saronno Servizi sul fronte della sicurezza e del risparmio energetico\",\"breadcrumb\":{\"@id\":\"https:\/\/staging.varesenews.it\/2019\/03\/rinnovato-parcheggio-via-pola\/801320\/#breadcrumb\"},\"inLanguage\":\"it-IT\",\"potentialAction\":[{\"@type\":\"ReadAction\",\"target\":[\"https:\/\/staging.varesenews.it\/2019\/03\/rinnovato-parcheggio-via-pola\/801320\/\"]}]},{\"@type\":\"BreadcrumbList\",\"@id\":\"https:\/\/staging.varesenews.it\/2019\/03\/rinnovato-parcheggio-via-pola\/801320\/#breadcrumb\",\"itemListElement\":[{\"@type\":\"ListItem\",\"position\":1,\"name\":\"Home\",\"item\":\"https:\/\/www.varesenews.it\/\"},{\"@type\":\"ListItem\",\"position\":2,\"name\":\"Rinnovato il parcheggio di via Pola\"}]},{\"@type\":\"WebSite\",\"@id\":\"https:\/\/staging.varesenews.it\/#website\",\"url\":\"https:\/\/staging.varesenews.it\/\",\"name\":\"VareseNews\",\"description\":\"\",\"potentialAction\":[{\"@type\":\"SearchAction\",\"target\":{\"@type\":\"EntryPoint\",\"urlTemplate\":\"https:\/\/staging.varesenews.it\/?s={search_term_string}\"},\"query-input\":\"required name=search_term_string\"}],\"inLanguage\":\"it-IT\"},{\"@type\":\"Person\",\"@id\":\"https:\/\/staging.varesenews.it\/#\/schema\/person\/1ec987bf360cbcf5fab38b0367dbc9d4\",\"name\":\"Manuel Sgarella\",\"image\":{\"@type\":\"ImageObject\",\"inLanguage\":\"it-IT\",\"@id\":\"https:\/\/staging.varesenews.it\/#\/schema\/person\/image\/\",\"url\":\"https:\/\/staging.varesenews.it\/wp-content\/uploads\/2020\/12\/manuel_sgarella_colori_500.jpg\",\"contentUrl\":\"https:\/\/staging.varesenews.it\/wp-content\/uploads\/2020\/12\/manuel_sgarella_colori_500.jpg\",\"caption\":\"Manuel Sgarella\"},\"description\":\"A VareseNews dal 1999, da quando ho iniziato a collaborare per la pagina del cinema. Col tempo mi sono occupato della cronaca del territorio di Saronno-Tradate e dell'organizzazione di alcuni progetti speciali di VareseNews, tra cui la produzione del film Digitalife. Dal 2009 sono giornalista professionista. Diplomato alla Civica scuola del cinema di Milano, coltivo da sempre una passione per tutto quello che &egrave; narrazione, soprattutto per film e serie tv. Dal 2014 Pubblico romanzi come autore indipendente.&nbsp;\",\"sameAs\":[\"https:\/\/www.facebook.com\/manuel.sgarella\",\"Sgarel\",\"https:\/\/twitter.com\/Sgarel\"],\"url\":\"https:\/\/staging.varesenews.it\/persona\/manuel-sgarella1\/\"}]}<\/script>\n<!-- \/ Yoast SEO plugin. -->","yoast_head_json":{"title":"Rinnovato il parcheggio di via Pola","description":"Interventi migliorativi realizzati dalla Saronno Servizi sul fronte della sicurezza e del risparmio energetico","robots":{"index":"noindex","follow":"follow","max-snippet":"max-snippet:-1","max-image-preview":"max-image-preview:large","max-video-preview":"max-video-preview:-1"},"og_locale":"it_IT","og_type":"article","og_title":"Rinnovato il parcheggio di via Pola","og_description":"Interventi migliorativi realizzati dalla Saronno Servizi sul fronte della sicurezza e del risparmio energetico","og_url":"https:\/\/staging.varesenews.it\/2019\/03\/rinnovato-parcheggio-via-pola\/801320\/","og_site_name":"VareseNews","article_publisher":"https:\/\/www.facebook.com\/varesenews","article_author":"https:\/\/www.facebook.com\/manuel.sgarella","article_published_time":"2019-03-11T13:17:47+00:00","author":"Manuel Sgarella","twitter_card":"summary_large_image","twitter_creator":"@Sgarel","twitter_site":"@varesenews","twitter_misc":{"Scritto da":"Manuel Sgarella","Tempo di lettura stimato":"2 minuti"},"schema":{"@context":"https:\/\/schema.org","@graph":[{"@type":"WebPage","@id":"https:\/\/staging.varesenews.it\/2019\/03\/rinnovato-parcheggio-via-pola\/801320\/","url":"https:\/\/staging.varesenews.it\/2019\/03\/rinnovato-parcheggio-via-pola\/801320\/","name":"Rinnovato il parcheggio di via Pola","isPartOf":{"@id":"https:\/\/staging.varesenews.it\/#website"},"datePublished":"2019-03-11T13:17:47+00:00","dateModified":"2019-03-11T13:17:47+00:00","author":{"@id":"https:\/\/staging.varesenews.it\/#\/schema\/person\/1ec987bf360cbcf5fab38b0367dbc9d4"},"description":"Interventi migliorativi realizzati dalla Saronno Servizi sul fronte della sicurezza e del risparmio energetico","breadcrumb":{"@id":"https:\/\/staging.varesenews.it\/2019\/03\/rinnovato-parcheggio-via-pola\/801320\/#breadcrumb"},"inLanguage":"it-IT","potentialAction":[{"@type":"ReadAction","target":["https:\/\/staging.varesenews.it\/2019\/03\/rinnovato-parcheggio-via-pola\/801320\/"]}]},{"@type":"BreadcrumbList","@id":"https:\/\/staging.varesenews.it\/2019\/03\/rinnovato-parcheggio-via-pola\/801320\/#breadcrumb","itemListElement":[{"@type":"ListItem","position":1,"name":"Home","item":"https:\/\/www.varesenews.it\/"},{"@type":"ListItem","position":2,"name":"Rinnovato il parcheggio di via Pola"}]},{"@type":"WebSite","@id":"https:\/\/staging.varesenews.it\/#website","url":"https:\/\/staging.varesenews.it\/","name":"VareseNews","description":"","potentialAction":[{"@type":"SearchAction","target":{"@type":"EntryPoint","urlTemplate":"https:\/\/staging.varesenews.it\/?s={search_term_string}"},"query-input":"required name=search_term_string"}],"inLanguage":"it-IT"},{"@type":"Person","@id":"https:\/\/staging.varesenews.it\/#\/schema\/person\/1ec987bf360cbcf5fab38b0367dbc9d4","name":"Manuel Sgarella","image":{"@type":"ImageObject","inLanguage":"it-IT","@id":"https:\/\/staging.varesenews.it\/#\/schema\/person\/image\/","url":"https:\/\/staging.varesenews.it\/wp-content\/uploads\/2020\/12\/manuel_sgarella_colori_500.jpg","contentUrl":"https:\/\/staging.varesenews.it\/wp-content\/uploads\/2020\/12\/manuel_sgarella_colori_500.jpg","caption":"Manuel Sgarella"},"description":"A VareseNews dal 1999, da quando ho iniziato a collaborare per la pagina del cinema. Col tempo mi sono occupato della cronaca del territorio di Saronno-Tradate e dell'organizzazione di alcuni progetti speciali di VareseNews, tra cui la produzione del film Digitalife. Dal 2009 sono giornalista professionista. Diplomato alla Civica scuola del cinema di Milano, coltivo da sempre una passione per tutto quello che &egrave; narrazione, soprattutto per film e serie tv. Dal 2014 Pubblico romanzi come autore indipendente.&nbsp;","sameAs":["https:\/\/www.facebook.com\/manuel.sgarella","Sgarel","https:\/\/twitter.com\/Sgarel"],"url":"https:\/\/staging.varesenews.it\/persona\/manuel-sgarella1\/"}]}},"post_meta":{"_edit_lock":"1552320686:51","_edit_last":"51","_category_permalink":"a:1:{s:8:\"category\";s:0:\"\";}","ratings_users":"0","ratings_score":"0","ratings_average":"0","foto":"726776","firma_come_redazione":"1","argomento":"Saronno","_yoast_wpseo_content_score":"30","_jd_tweet_this":"yes","_wpt_short_url":"https:\/\/www.varesenews.it\/2019\/03\/rinnovato-parcheggio-via-pola\/801320\/","_wp_jd_target":"https:\/\/www.varesenews.it\/2019\/03\/rinnovato-parcheggio-via-pola\/801320\/","_jd_wp_twitter":"a:1:{i:0;s:134:\"Rinnovato il parcheggio di via Pola https:\/\/www.varesenews.it\/2019\/03\/rinnovato-parcheggio-via-pola\/801320\/ #parcheggi #saronnoservizi\";}","_wpt_status_message":"Tweet inviato con successo."},"photos":[{"original":"https:\/\/staging.varesenews.it\/photogallery_new\/images\/2019\/03\/parcheggio-via-pola-a-saronno-726776.jpg","full":"https:\/\/staging.varesenews.it\/photogallery_new\/images\/2019\/03\/parcheggio-via-pola-a-saronno-726776.1024x768.jpg","large":"https:\/\/staging.varesenews.it\/photogallery_new\/images\/2019\/03\/parcheggio-via-pola-a-saronno-726776.610x431.jpg"}],"_links":{"self":[{"href":"https:\/\/staging.varesenews.it\/swgapi\/v1\/wp\/v2\/posts\/801320"}],"collection":[{"href":"https:\/\/staging.varesenews.it\/swgapi\/v1\/wp\/v2\/posts"}],"about":[{"href":"https:\/\/staging.varesenews.it\/swgapi\/v1\/wp\/v2\/types\/post"}],"author":[{"embeddable":true,"href":"https:\/\/staging.varesenews.it\/swgapi\/v1\/wp\/v2\/users\/51"}],"replies":[{"embeddable":true,"href":"https:\/\/staging.varesenews.it\/swgapi\/v1\/wp\/v2\/comments?post=801320"}],"version-history":[{"count":0,"href":"https:\/\/staging.varesenews.it\/swgapi\/v1\/wp\/v2\/posts\/801320\/revisions"}],"wp:attachment":[{"href":"https:\/\/staging.varesenews.it\/swgapi\/v1\/wp\/v2\/media?parent=801320"}],"wp:term":[{"taxonomy":"category","embeddable":true,"href":"https:\/\/staging.varesenews.it\/swgapi\/v1\/wp\/v2\/categories?post=801320"},{"taxonomy":"post_tag","embeddable":true,"href":"https:\/\/staging.varesenews.it\/swgapi\/v1\/wp\/v2\/tags?post=801320"}],"curies":[{"name":"wp","href":"https:\/\/api.w.org\/{rel}","templated":true}]}}