{"id":80344,"date":"2012-09-11T00:00:00","date_gmt":"2012-09-11T00:00:00","guid":{"rendered":""},"modified":"2012-09-11T00:00:00","modified_gmt":"2012-09-11T00:00:00","slug":"cantele-al-mondiale-e-l-unica-varesina","status":"publish","type":"post","link":"https:\/\/staging.varesenews.it\/2012\/09\/cantele-al-mondiale-e-l-unica-varesina\/80344\/","title":{"rendered":"Cantele al mondiale, \u00e8 l&#8217;unica varesina"},"content":{"rendered":"<p><img loading=\"lazy\" decoding=\"async\" border=\"1\" hspace=\"5\" vspace=\"5\" align=\"right\" width=\"200\" height=\"309\" alt=\"\" src=\"https:\/\/www3.varesenews.it\/immagini_articoli\/200809\/cantele1.jpg\" \/>Noemi ha fatto 13. Non stiamo per&ograve; parlando di Totocalcio ma di <strong>convocazioni per i Mondiali di ciclismo: <\/strong>stamattina &#8211; marted&igrave; 11 settembre &#8211; a Milano sono infatti stati resi noti i nomi di azzurre e azzurri che gareggeranno nella corsa iridata di Valkenburg e tra questi c&#8217;&egrave; ancora una volta<strong> l&#8217;inamovibile atleta di Arcisate<\/strong>. Per Cantele si tratta appunto dell&#8217;edizione numero 13: le prime due furono ai tempi della categoria juniores (esordio proprio a Valkenburg nel 1998, l&#8217;anno dopo fu bronzo a Verona) mentre<strong> dal 2002 ha sempre disputato la prova in linea <\/strong>Elite.<br \/>\nIn Olanda, dove si correr&agrave; tra il 16 e il 23 settembre prossimi, la varesina <strong>non disputer&agrave; per&ograve; la gara a cronometro <\/strong>di cui &egrave; stata medaglia d&#8217;argento a Mendrisio 2009. I suoi sforzi saranno cos&igrave; concentrati nella prova su strada di sabato 22 (miglior risultato il bronzo in Ticino)&nbsp;anche se domenica 16, con il suo team BePink, prender&agrave; parte<strong> all&#8217;indedita cronosquadre per gruppi sportivi<\/strong>.<br \/>\nCome avvenne a Varese 2008, Cantele sar&agrave;<strong> l&#8217;unica rappresentante del pedale varesino<\/strong>. La norma federale &#8211; discussa &#8211; che vieta l&#8217;azzurro a chi ha scontato oltre sei mesi di squalifica per vicende legate al doping <strong>non permetter&agrave; di partecipare a Ivan Basso<\/strong>, che proprio a Valkenburg si rivel&ograve; al mondo vincendo nel 1998 l&#8217;iride under 23.<br \/>\nNiente convocazione invece per <strong>Valentina Carretta <\/strong>(riserva a Mendrisio, in gara a Geelong 2010) e per<strong> Eugenio Alafaci <\/strong>che poteva aspirare a un posto nella squadra under 23. Il carnaghese lo scorso anno fece una gran gara a Copenhagen ma in questa fase di stagione ha pagato dazio per una brutta caduta nella prima tappa del Giro di Padania.<br \/>\nCome previsto infine, il ct maschile Paolo Bettini ha dovuto fare a meno anche di tutti quei corridori coinvolti in qualche inchiesta (pur se non rinviati a giudizio) e dovr&agrave; cos&igrave; affidarsi a molti giovani talenti. Il capitano designato sar&agrave; Vincenzo Nibali con i veterani Paolini e Nocentini nel ruolo di &quot;registi&quot;.<\/p>\n<p><strong>Professionisti uomini: <\/strong>Capecchi, Moser, Nibali (Liquigas-Cannondale); Cataldo, Trentin (Omega Ph-Quick Step); Gatto (Farnese-Selle Italia); Marcato (Vacansoleil); Nizzolo (Radioshack-Nissan); Nocentini (Ag2r-La Mondiale); Paolini (Katusha); Ulissi (Lampre-Isd).<br \/>\n<strong>Cronometro uomini: <\/strong>Malori (Lampre-Isd), Pinotti (Bmc).<br \/>\n<strong>Under 23 uomini:<\/strong> Barbin, Bongiorno, Cattaneo, Fedi, Felline, Villella.<br \/>\n<strong>Cronometro under 23:<\/strong> Cattaneo, Martinelli.<br \/>\n<strong>Donne elite: <\/strong>Borgato, Bronzini (Diadora-Zara); CANTELE, Muccioli (BePink); Cauz (Top Girls-Fassa); Cecchini, Guderzo, Tagliaferro (MCipollini); Longo Borghini (HiTech); Ratto (Verinlegno).<\/p>\n","protected":false},"excerpt":{"rendered":"<p>L&#8217;arcisatese sar\u00e0 ancora una volta a caccia del titolo iridato sulle strade di Valkenburg. Non correr\u00e0 per\u00f2 la prova a cronometro in cui fu argento a Mendrisio<\/p>\n","protected":false},"author":10,"featured_media":0,"comment_status":"open","ping_status":"open","sticky":false,"template":"","format":"standard","meta":{"footnotes":""},"categories":[14],"tags":[398,13194],"acf":[],"yoast_head":"<!-- This site is optimized with the Yoast SEO plugin v20.1 - https:\/\/yoast.com\/wordpress\/plugins\/seo\/ -->\n<title>Cantele al mondiale, \u00e8 l&#039;unica varesina<\/title>\n<meta name=\"description\" content=\"L&#039;arcisatese sar\u00e0 ancora una volta a caccia del titolo iridato sulle strade di Valkenburg. Non correr\u00e0 per\u00f2 la prova a cronometro in cui fu argento a Mendrisio\" \/>\n<meta name=\"robots\" content=\"noindex, follow, max-snippet:-1, max-image-preview:large, max-video-preview:-1\" \/>\n<meta property=\"og:locale\" content=\"it_IT\" \/>\n<meta property=\"og:type\" content=\"article\" \/>\n<meta property=\"og:title\" content=\"Cantele al mondiale, \u00e8 l&#039;unica varesina\" \/>\n<meta property=\"og:description\" content=\"L&#039;arcisatese sar\u00e0 ancora una volta a caccia del titolo iridato sulle strade di Valkenburg. Non correr\u00e0 per\u00f2 la prova a cronometro in cui fu argento a Mendrisio\" \/>\n<meta property=\"og:url\" content=\"https:\/\/staging.varesenews.it\/2012\/09\/cantele-al-mondiale-e-l-unica-varesina\/80344\/\" \/>\n<meta property=\"og:site_name\" content=\"VareseNews\" \/>\n<meta property=\"article:publisher\" content=\"https:\/\/www.facebook.com\/varesenews\" \/>\n<meta property=\"article:published_time\" content=\"2012-09-11T00:00:00+00:00\" \/>\n<meta property=\"og:image\" content=\"https:\/\/www3.varesenews.it\/immagini_articoli\/200809\/cantele1.jpg\" \/>\n<meta name=\"author\" content=\"Redazione VareseNews\" \/>\n<meta name=\"twitter:card\" content=\"summary_large_image\" \/>\n<meta name=\"twitter:creator\" content=\"@varesenews\" \/>\n<meta name=\"twitter:site\" content=\"@varesenews\" \/>\n<meta name=\"twitter:label1\" content=\"Scritto da\" \/>\n\t<meta name=\"twitter:data1\" content=\"Redazione VareseNews\" \/>\n\t<meta name=\"twitter:label2\" content=\"Tempo di lettura stimato\" \/>\n\t<meta name=\"twitter:data2\" content=\"2 minuti\" \/>\n<script type=\"application\/ld+json\" class=\"yoast-schema-graph\">{\"@context\":\"https:\/\/schema.org\",\"@graph\":[{\"@type\":\"WebPage\",\"@id\":\"https:\/\/staging.varesenews.it\/2012\/09\/cantele-al-mondiale-e-l-unica-varesina\/80344\/\",\"url\":\"https:\/\/staging.varesenews.it\/2012\/09\/cantele-al-mondiale-e-l-unica-varesina\/80344\/\",\"name\":\"Cantele al mondiale, \u00e8 l'unica varesina\",\"isPartOf\":{\"@id\":\"https:\/\/staging.varesenews.it\/#website\"},\"datePublished\":\"2012-09-11T00:00:00+00:00\",\"dateModified\":\"2012-09-11T00:00:00+00:00\",\"author\":{\"@id\":\"https:\/\/staging.varesenews.it\/#\/schema\/person\/fb20c4da0b7b16c291707a20db73e169\"},\"description\":\"L'arcisatese sar\u00e0 ancora una volta a caccia del titolo iridato sulle strade di Valkenburg. Non correr\u00e0 per\u00f2 la prova a cronometro in cui fu argento a Mendrisio\",\"breadcrumb\":{\"@id\":\"https:\/\/staging.varesenews.it\/2012\/09\/cantele-al-mondiale-e-l-unica-varesina\/80344\/#breadcrumb\"},\"inLanguage\":\"it-IT\",\"potentialAction\":[{\"@type\":\"ReadAction\",\"target\":[\"https:\/\/staging.varesenews.it\/2012\/09\/cantele-al-mondiale-e-l-unica-varesina\/80344\/\"]}]},{\"@type\":\"BreadcrumbList\",\"@id\":\"https:\/\/staging.varesenews.it\/2012\/09\/cantele-al-mondiale-e-l-unica-varesina\/80344\/#breadcrumb\",\"itemListElement\":[{\"@type\":\"ListItem\",\"position\":1,\"name\":\"Home\",\"item\":\"https:\/\/www.varesenews.it\/\"},{\"@type\":\"ListItem\",\"position\":2,\"name\":\"Cantele al mondiale, \u00e8 l&#8217;unica varesina\"}]},{\"@type\":\"WebSite\",\"@id\":\"https:\/\/staging.varesenews.it\/#website\",\"url\":\"https:\/\/staging.varesenews.it\/\",\"name\":\"VareseNews\",\"description\":\"\",\"potentialAction\":[{\"@type\":\"SearchAction\",\"target\":{\"@type\":\"EntryPoint\",\"urlTemplate\":\"https:\/\/staging.varesenews.it\/?s={search_term_string}\"},\"query-input\":\"required name=search_term_string\"}],\"inLanguage\":\"it-IT\"},{\"@type\":\"Person\",\"@id\":\"https:\/\/staging.varesenews.it\/#\/schema\/person\/fb20c4da0b7b16c291707a20db73e169\",\"name\":\"Redazione VareseNews\",\"image\":{\"@type\":\"ImageObject\",\"inLanguage\":\"it-IT\",\"@id\":\"https:\/\/staging.varesenews.it\/#\/schema\/person\/image\/\",\"url\":\"https:\/\/staging.varesenews.it\/wp-content\/uploads\/2020\/12\/logo_VN_colori_500.png\",\"contentUrl\":\"https:\/\/staging.varesenews.it\/wp-content\/uploads\/2020\/12\/logo_VN_colori_500.png\",\"caption\":\"Redazione VareseNews\"},\"url\":\"https:\/\/staging.varesenews.it\/persona\/redazione1\/\"}]}<\/script>\n<!-- \/ Yoast SEO plugin. -->","yoast_head_json":{"title":"Cantele al mondiale, \u00e8 l'unica varesina","description":"L'arcisatese sar\u00e0 ancora una volta a caccia del titolo iridato sulle strade di Valkenburg. Non correr\u00e0 per\u00f2 la prova a cronometro in cui fu argento a Mendrisio","robots":{"index":"noindex","follow":"follow","max-snippet":"max-snippet:-1","max-image-preview":"max-image-preview:large","max-video-preview":"max-video-preview:-1"},"og_locale":"it_IT","og_type":"article","og_title":"Cantele al mondiale, \u00e8 l'unica varesina","og_description":"L'arcisatese sar\u00e0 ancora una volta a caccia del titolo iridato sulle strade di Valkenburg. Non correr\u00e0 per\u00f2 la prova a cronometro in cui fu argento a Mendrisio","og_url":"https:\/\/staging.varesenews.it\/2012\/09\/cantele-al-mondiale-e-l-unica-varesina\/80344\/","og_site_name":"VareseNews","article_publisher":"https:\/\/www.facebook.com\/varesenews","article_published_time":"2012-09-11T00:00:00+00:00","og_image":[{"url":"https:\/\/www3.varesenews.it\/immagini_articoli\/200809\/cantele1.jpg"}],"author":"Redazione VareseNews","twitter_card":"summary_large_image","twitter_creator":"@varesenews","twitter_site":"@varesenews","twitter_misc":{"Scritto da":"Redazione VareseNews","Tempo di lettura stimato":"2 minuti"},"schema":{"@context":"https:\/\/schema.org","@graph":[{"@type":"WebPage","@id":"https:\/\/staging.varesenews.it\/2012\/09\/cantele-al-mondiale-e-l-unica-varesina\/80344\/","url":"https:\/\/staging.varesenews.it\/2012\/09\/cantele-al-mondiale-e-l-unica-varesina\/80344\/","name":"Cantele al mondiale, \u00e8 l'unica varesina","isPartOf":{"@id":"https:\/\/staging.varesenews.it\/#website"},"datePublished":"2012-09-11T00:00:00+00:00","dateModified":"2012-09-11T00:00:00+00:00","author":{"@id":"https:\/\/staging.varesenews.it\/#\/schema\/person\/fb20c4da0b7b16c291707a20db73e169"},"description":"L'arcisatese sar\u00e0 ancora una volta a caccia del titolo iridato sulle strade di Valkenburg. Non correr\u00e0 per\u00f2 la prova a cronometro in cui fu argento a Mendrisio","breadcrumb":{"@id":"https:\/\/staging.varesenews.it\/2012\/09\/cantele-al-mondiale-e-l-unica-varesina\/80344\/#breadcrumb"},"inLanguage":"it-IT","potentialAction":[{"@type":"ReadAction","target":["https:\/\/staging.varesenews.it\/2012\/09\/cantele-al-mondiale-e-l-unica-varesina\/80344\/"]}]},{"@type":"BreadcrumbList","@id":"https:\/\/staging.varesenews.it\/2012\/09\/cantele-al-mondiale-e-l-unica-varesina\/80344\/#breadcrumb","itemListElement":[{"@type":"ListItem","position":1,"name":"Home","item":"https:\/\/www.varesenews.it\/"},{"@type":"ListItem","position":2,"name":"Cantele al mondiale, \u00e8 l&#8217;unica varesina"}]},{"@type":"WebSite","@id":"https:\/\/staging.varesenews.it\/#website","url":"https:\/\/staging.varesenews.it\/","name":"VareseNews","description":"","potentialAction":[{"@type":"SearchAction","target":{"@type":"EntryPoint","urlTemplate":"https:\/\/staging.varesenews.it\/?s={search_term_string}"},"query-input":"required name=search_term_string"}],"inLanguage":"it-IT"},{"@type":"Person","@id":"https:\/\/staging.varesenews.it\/#\/schema\/person\/fb20c4da0b7b16c291707a20db73e169","name":"Redazione VareseNews","image":{"@type":"ImageObject","inLanguage":"it-IT","@id":"https:\/\/staging.varesenews.it\/#\/schema\/person\/image\/","url":"https:\/\/staging.varesenews.it\/wp-content\/uploads\/2020\/12\/logo_VN_colori_500.png","contentUrl":"https:\/\/staging.varesenews.it\/wp-content\/uploads\/2020\/12\/logo_VN_colori_500.png","caption":"Redazione VareseNews"},"url":"https:\/\/staging.varesenews.it\/persona\/redazione1\/"}]}},"post_meta":{"id_old":"242544","argomento":"Ciclismo","autore_old":"d. f."},"photos":[],"_links":{"self":[{"href":"https:\/\/staging.varesenews.it\/swgapi\/v1\/wp\/v2\/posts\/80344"}],"collection":[{"href":"https:\/\/staging.varesenews.it\/swgapi\/v1\/wp\/v2\/posts"}],"about":[{"href":"https:\/\/staging.varesenews.it\/swgapi\/v1\/wp\/v2\/types\/post"}],"author":[{"embeddable":true,"href":"https:\/\/staging.varesenews.it\/swgapi\/v1\/wp\/v2\/users\/10"}],"replies":[{"embeddable":true,"href":"https:\/\/staging.varesenews.it\/swgapi\/v1\/wp\/v2\/comments?post=80344"}],"version-history":[{"count":0,"href":"https:\/\/staging.varesenews.it\/swgapi\/v1\/wp\/v2\/posts\/80344\/revisions"}],"wp:attachment":[{"href":"https:\/\/staging.varesenews.it\/swgapi\/v1\/wp\/v2\/media?parent=80344"}],"wp:term":[{"taxonomy":"category","embeddable":true,"href":"https:\/\/staging.varesenews.it\/swgapi\/v1\/wp\/v2\/categories?post=80344"},{"taxonomy":"post_tag","embeddable":true,"href":"https:\/\/staging.varesenews.it\/swgapi\/v1\/wp\/v2\/tags?post=80344"}],"curies":[{"name":"wp","href":"https:\/\/api.w.org\/{rel}","templated":true}]}}