{"id":804146,"date":"2019-03-20T09:49:06","date_gmt":"2019-03-20T08:49:06","guid":{"rendered":"https:\/\/www.varesenews.it\/?p=804146"},"modified":"2019-03-20T10:04:19","modified_gmt":"2019-03-20T09:04:19","slug":"cuveglio-tre-consiglieri-paglia-luomo-giusto","status":"publish","type":"post","link":"https:\/\/staging.varesenews.it\/2019\/03\/cuveglio-tre-consiglieri-paglia-luomo-giusto\/804146\/","title":{"rendered":"Cuveglio, tre consiglieri con Paglia: \u00ab\u00c8 l\u2019uomo giusto\u00bb"},"content":{"rendered":"<p><em>La candidatura di Francesco Paglia a Cuveglio crea dibattito. L\u2019ex sindaco di Duno ha interrotto il suo mandato amministrativo prematuramente e si \u00e8 pure dimesso da presidente di Comunit\u00e0 Montana. Un fatto che ha causato mal di pancia <a href=\"https:\/\/www.varesenews.it\/2019\/03\/comunita-montana-approvato-bilancio-dup\/801573\/\">anche nell\u2019ultima seduta dell\u2019Ente<\/a> con sede a Luino, quando venne approvato il bilancio. Oggi tre consiglieri comunali di Cuveglio escono allo scoperto con una nota di forte sostegno alla candidatura di Paglia come sindaco che- per ora &#8211; si contrappone a quella di Marco Magrini, attuale sindaco di Cassano Valcuvia e Vice Presidente della Provincia.<\/em><\/p>\n<p><strong>In relazione alle notizie diffuse ad arte sull\u2019attivit\u00e0 politica dell\u2019Architetto Francesco Paglia<\/strong> con il solo e unico scopo di metterlo in cattiva luce i sottoscritti Giuseppe <strong>Lioi<\/strong> \u2013 Marco Luca <strong>Bonvicini<\/strong> &#8211; Renato <strong>Furigo<\/strong>, come rappresentanti fiduciari e portavoci di un largo gruppo di persone precisano di aver fortemente voluto che l\u2019architetto Paglia si candidasse a Sindaco del comune di Cuveglio.<\/p>\n<p><strong>L\u2019avvicinamento all\u2019attuale candidato sindaco \u00e8 stato motivato dalla conoscenza personale<\/strong> e dell\u2019aver apprezzato nel tempo le doti di Paglia persona professionalmente e culturalmente valida, con una storia personale che mette in evidenza le radicate virt\u00f9 morali e che siamo certi possa essere un ottimo sindaco per Cuveglio, un sindaco che ricoprirebbe la propria carica con stimolo e passione e non certamente come professione o come trampolino che possa permettere l\u2019acquisizione di altre cariche amministrative.<\/p>\n<p><strong>Inoltre Paglia ha costruito nel tempo una fitta rete di rapporti nel mondo politico<\/strong>, accademico, finanziario, e professionale di cui sicuramente potr\u00e0 beneficiare nell\u2019espletamento del proprio mandato amministrativo.<\/p>\n<p><strong>Uomo di specchiata onest\u00e0 intellettuale nessuna ombra di attivit\u00e0 di indagine investigativa o processuale \u00e8 mai stata attivata sulla sua persona<\/strong> o sul suo operato amministrativo. La sua trasparenza politica \u00e8 evidente se si considera che le dimissioni da sindaco di Duno sono avvenute nel rispetto dei tempi concordati con le istituzioni, in modo tale da far coincidere la scadenza elettorale di Duno con quella della maggior parte dei Comuni della Valle. Quanto a Comunit\u00e0 Montana, Paglia ha portato a termine tutti i punti programmatici che si era impegnato a realizzare in sede di Sua elezione e, in ogni caso, l\u2019attivit\u00e0 amministrativa continua per effetto del lavoro della propria Giunta.<\/p>\n<p><strong>Per tutte queste ragioni<\/strong>, ed in particolare per la novit\u00e0 che apporterebbe siamo sinceramente orgogliosi della Sua candidatura a sindaco di Cuveglio, paese che ama e che sappiamo con certezza sapr\u00e0 amministrare con le doti del buon padre di famiglia e dal canto nostro lavoreremo sodo per ottenere la sua elezione.<br \/>\nQuanto poi alle illazioni riportate in alcuni articoli apparsi sulle testate locali, consigliamo vivamente di non guardare la pagliuzza nell\u2019occhio del vicino, ma, di guardare la trave nel proprio.<\/p>\n<p><em>Giuseppe Lioi \u2013 Marco Luca Bonvicini &#8211; Renato Furigo, consiglieri di maggioranza.<\/em><\/p>\n","protected":false},"excerpt":{"rendered":"<p>L\u2019ex sindaco di Duno ha voluto candidarsi in un comune diverso interrompendo prematuramente il mandato. \u00abEcco perch\u00e9 lo sosteniamo\u00bb<\/p>\n","protected":false},"author":34,"featured_media":0,"comment_status":"open","ping_status":"open","sticky":false,"template":"","format":"standard","meta":{"footnotes":""},"categories":[2],"tags":[90299],"acf":[],"yoast_head":"<!-- This site is optimized with the Yoast SEO plugin v20.1 - https:\/\/yoast.com\/wordpress\/plugins\/seo\/ -->\n<title>Cuveglio, tre consiglieri con Paglia: \u00ab\u00c8 l\u2019uomo giusto\u00bb<\/title>\n<meta name=\"description\" content=\"L\u2019ex sindaco di Duno ha voluto candidarsi in un comune diverso interrompendo prematuramente il mandato. \u00abEcco perch\u00e9 lo sosteniamo\u00bb\" \/>\n<meta name=\"robots\" content=\"noindex, follow, max-snippet:-1, max-image-preview:large, max-video-preview:-1\" \/>\n<meta property=\"og:locale\" content=\"it_IT\" \/>\n<meta property=\"og:type\" content=\"article\" \/>\n<meta property=\"og:title\" content=\"Cuveglio, tre consiglieri con Paglia: \u00ab\u00c8 l\u2019uomo giusto\u00bb\" \/>\n<meta property=\"og:description\" content=\"L\u2019ex sindaco di Duno ha voluto candidarsi in un comune diverso interrompendo prematuramente il mandato. \u00abEcco perch\u00e9 lo sosteniamo\u00bb\" \/>\n<meta property=\"og:url\" content=\"https:\/\/www.varesenews.it\/2019\/03\/cuveglio-tre-consiglieri-paglia-luomo-giusto\/804146\/\" \/>\n<meta property=\"og:site_name\" content=\"VareseNews\" \/>\n<meta property=\"article:publisher\" content=\"https:\/\/www.facebook.com\/varesenews\" \/>\n<meta property=\"article:author\" content=\"https:\/\/www.facebook.com\/andrea.camurani?fref=photo\" \/>\n<meta property=\"article:published_time\" content=\"2019-03-20T08:49:06+00:00\" \/>\n<meta property=\"article:modified_time\" content=\"2019-03-20T09:04:19+00:00\" \/>\n<meta name=\"author\" content=\"Andrea Camurani\" \/>\n<meta name=\"twitter:card\" content=\"summary_large_image\" \/>\n<meta name=\"twitter:creator\" content=\"@AndreaCamurani\" \/>\n<meta name=\"twitter:site\" content=\"@varesenews\" \/>\n<meta name=\"twitter:label1\" content=\"Scritto da\" \/>\n\t<meta name=\"twitter:data1\" content=\"Andrea Camurani\" \/>\n\t<meta name=\"twitter:label2\" content=\"Tempo di lettura stimato\" \/>\n\t<meta name=\"twitter:data2\" content=\"2 minuti\" \/>\n<script type=\"application\/ld+json\" class=\"yoast-schema-graph\">{\"@context\":\"https:\/\/schema.org\",\"@graph\":[{\"@type\":\"WebPage\",\"@id\":\"https:\/\/www.varesenews.it\/2019\/03\/cuveglio-tre-consiglieri-paglia-luomo-giusto\/804146\/\",\"url\":\"https:\/\/www.varesenews.it\/2019\/03\/cuveglio-tre-consiglieri-paglia-luomo-giusto\/804146\/\",\"name\":\"Cuveglio, tre consiglieri con Paglia: \u00ab\u00c8 l\u2019uomo giusto\u00bb\",\"isPartOf\":{\"@id\":\"https:\/\/staging.varesenews.it\/#website\"},\"datePublished\":\"2019-03-20T08:49:06+00:00\",\"dateModified\":\"2019-03-20T09:04:19+00:00\",\"author\":{\"@id\":\"https:\/\/staging.varesenews.it\/#\/schema\/person\/3eb5832c6beae763de8d9596fdbe8c49\"},\"description\":\"L\u2019ex sindaco di Duno ha voluto candidarsi in un comune diverso interrompendo prematuramente il mandato. \u00abEcco perch\u00e9 lo sosteniamo\u00bb\",\"breadcrumb\":{\"@id\":\"https:\/\/www.varesenews.it\/2019\/03\/cuveglio-tre-consiglieri-paglia-luomo-giusto\/804146\/#breadcrumb\"},\"inLanguage\":\"it-IT\",\"potentialAction\":[{\"@type\":\"ReadAction\",\"target\":[\"https:\/\/www.varesenews.it\/2019\/03\/cuveglio-tre-consiglieri-paglia-luomo-giusto\/804146\/\"]}]},{\"@type\":\"BreadcrumbList\",\"@id\":\"https:\/\/www.varesenews.it\/2019\/03\/cuveglio-tre-consiglieri-paglia-luomo-giusto\/804146\/#breadcrumb\",\"itemListElement\":[{\"@type\":\"ListItem\",\"position\":1,\"name\":\"Home\",\"item\":\"https:\/\/www.varesenews.it\/\"},{\"@type\":\"ListItem\",\"position\":2,\"name\":\"Cuveglio, tre consiglieri con Paglia: \u00ab\u00c8 l\u2019uomo giusto\u00bb\"}]},{\"@type\":\"WebSite\",\"@id\":\"https:\/\/staging.varesenews.it\/#website\",\"url\":\"https:\/\/staging.varesenews.it\/\",\"name\":\"VareseNews\",\"description\":\"\",\"potentialAction\":[{\"@type\":\"SearchAction\",\"target\":{\"@type\":\"EntryPoint\",\"urlTemplate\":\"https:\/\/staging.varesenews.it\/?s={search_term_string}\"},\"query-input\":\"required name=search_term_string\"}],\"inLanguage\":\"it-IT\"},{\"@type\":\"Person\",\"@id\":\"https:\/\/staging.varesenews.it\/#\/schema\/person\/3eb5832c6beae763de8d9596fdbe8c49\",\"name\":\"Andrea Camurani\",\"image\":{\"@type\":\"ImageObject\",\"inLanguage\":\"it-IT\",\"@id\":\"https:\/\/staging.varesenews.it\/#\/schema\/person\/image\/\",\"url\":\"https:\/\/staging.varesenews.it\/wp-content\/uploads\/2020\/12\/andrea_camurani_colori_500.jpg\",\"contentUrl\":\"https:\/\/staging.varesenews.it\/wp-content\/uploads\/2020\/12\/andrea_camurani_colori_500.jpg\",\"caption\":\"Andrea Camurani\"},\"description\":\"Sono figlio degli anni Settanta e di Milano, dove ho imparato a riconoscere buoni e cattivi. Laurea in scienze politiche, lavoro a VareseNews dal 2000. Racconto quel che trovo quando incontro chi vuole lasciare al mondo un pezzetto di vita, che si chiama cronaca. &ldquo;...perch&eacute; &egrave; la gente il pi&ugrave; grande spettacolo del mondo. E non si paga il biglietto...&rdquo; (Charles Bukowsky)\",\"sameAs\":[\"https:\/\/www.facebook.com\/andrea.camurani?fref=photo\",\"andreacamurani\",\"https:\/\/www.linkedin.com\/hp\/?dnr=A9a84RfzsLdo9xg4NcGV4dLiMknoc9ms4WM\",\"https:\/\/twitter.com\/AndreaCamurani\"],\"url\":\"https:\/\/staging.varesenews.it\/persona\/andrea_camurani\/\"}]}<\/script>\n<!-- \/ Yoast SEO plugin. -->","yoast_head_json":{"title":"Cuveglio, tre consiglieri con Paglia: \u00ab\u00c8 l\u2019uomo giusto\u00bb","description":"L\u2019ex sindaco di Duno ha voluto candidarsi in un comune diverso interrompendo prematuramente il mandato. \u00abEcco perch\u00e9 lo sosteniamo\u00bb","robots":{"index":"noindex","follow":"follow","max-snippet":"max-snippet:-1","max-image-preview":"max-image-preview:large","max-video-preview":"max-video-preview:-1"},"og_locale":"it_IT","og_type":"article","og_title":"Cuveglio, tre consiglieri con Paglia: \u00ab\u00c8 l\u2019uomo giusto\u00bb","og_description":"L\u2019ex sindaco di Duno ha voluto candidarsi in un comune diverso interrompendo prematuramente il mandato. \u00abEcco perch\u00e9 lo sosteniamo\u00bb","og_url":"https:\/\/www.varesenews.it\/2019\/03\/cuveglio-tre-consiglieri-paglia-luomo-giusto\/804146\/","og_site_name":"VareseNews","article_publisher":"https:\/\/www.facebook.com\/varesenews","article_author":"https:\/\/www.facebook.com\/andrea.camurani?fref=photo","article_published_time":"2019-03-20T08:49:06+00:00","article_modified_time":"2019-03-20T09:04:19+00:00","author":"Andrea Camurani","twitter_card":"summary_large_image","twitter_creator":"@AndreaCamurani","twitter_site":"@varesenews","twitter_misc":{"Scritto da":"Andrea Camurani","Tempo di lettura stimato":"2 minuti"},"schema":{"@context":"https:\/\/schema.org","@graph":[{"@type":"WebPage","@id":"https:\/\/www.varesenews.it\/2019\/03\/cuveglio-tre-consiglieri-paglia-luomo-giusto\/804146\/","url":"https:\/\/www.varesenews.it\/2019\/03\/cuveglio-tre-consiglieri-paglia-luomo-giusto\/804146\/","name":"Cuveglio, tre consiglieri con Paglia: \u00ab\u00c8 l\u2019uomo giusto\u00bb","isPartOf":{"@id":"https:\/\/staging.varesenews.it\/#website"},"datePublished":"2019-03-20T08:49:06+00:00","dateModified":"2019-03-20T09:04:19+00:00","author":{"@id":"https:\/\/staging.varesenews.it\/#\/schema\/person\/3eb5832c6beae763de8d9596fdbe8c49"},"description":"L\u2019ex sindaco di Duno ha voluto candidarsi in un comune diverso interrompendo prematuramente il mandato. \u00abEcco perch\u00e9 lo sosteniamo\u00bb","breadcrumb":{"@id":"https:\/\/www.varesenews.it\/2019\/03\/cuveglio-tre-consiglieri-paglia-luomo-giusto\/804146\/#breadcrumb"},"inLanguage":"it-IT","potentialAction":[{"@type":"ReadAction","target":["https:\/\/www.varesenews.it\/2019\/03\/cuveglio-tre-consiglieri-paglia-luomo-giusto\/804146\/"]}]},{"@type":"BreadcrumbList","@id":"https:\/\/www.varesenews.it\/2019\/03\/cuveglio-tre-consiglieri-paglia-luomo-giusto\/804146\/#breadcrumb","itemListElement":[{"@type":"ListItem","position":1,"name":"Home","item":"https:\/\/www.varesenews.it\/"},{"@type":"ListItem","position":2,"name":"Cuveglio, tre consiglieri con Paglia: \u00ab\u00c8 l\u2019uomo giusto\u00bb"}]},{"@type":"WebSite","@id":"https:\/\/staging.varesenews.it\/#website","url":"https:\/\/staging.varesenews.it\/","name":"VareseNews","description":"","potentialAction":[{"@type":"SearchAction","target":{"@type":"EntryPoint","urlTemplate":"https:\/\/staging.varesenews.it\/?s={search_term_string}"},"query-input":"required name=search_term_string"}],"inLanguage":"it-IT"},{"@type":"Person","@id":"https:\/\/staging.varesenews.it\/#\/schema\/person\/3eb5832c6beae763de8d9596fdbe8c49","name":"Andrea Camurani","image":{"@type":"ImageObject","inLanguage":"it-IT","@id":"https:\/\/staging.varesenews.it\/#\/schema\/person\/image\/","url":"https:\/\/staging.varesenews.it\/wp-content\/uploads\/2020\/12\/andrea_camurani_colori_500.jpg","contentUrl":"https:\/\/staging.varesenews.it\/wp-content\/uploads\/2020\/12\/andrea_camurani_colori_500.jpg","caption":"Andrea Camurani"},"description":"Sono figlio degli anni Settanta e di Milano, dove ho imparato a riconoscere buoni e cattivi. Laurea in scienze politiche, lavoro a VareseNews dal 2000. Racconto quel che trovo quando incontro chi vuole lasciare al mondo un pezzetto di vita, che si chiama cronaca. &ldquo;...perch&eacute; &egrave; la gente il pi&ugrave; grande spettacolo del mondo. E non si paga il biglietto...&rdquo; (Charles Bukowsky)","sameAs":["https:\/\/www.facebook.com\/andrea.camurani?fref=photo","andreacamurani","https:\/\/www.linkedin.com\/hp\/?dnr=A9a84RfzsLdo9xg4NcGV4dLiMknoc9ms4WM","https:\/\/twitter.com\/AndreaCamurani"],"url":"https:\/\/staging.varesenews.it\/persona\/andrea_camurani\/"}]}},"post_meta":{"_edit_lock":"1553073740:34","_edit_last":"34","_category_permalink":"a:1:{s:8:\"category\";s:0:\"\";}","ratings_users":"0","ratings_score":"0","ratings_average":"0","foto":"728569","firma_come_redazione":"1","argomento":"Cuveglio","_yoast_wpseo_content_score":"30","_jd_tweet_this":"yes","_wpt_short_url":"https:\/\/www.varesenews.it\/2019\/03\/cuveglio-tre-consiglieri-paglia-luomo-giusto\/804146\/","_wp_jd_target":"https:\/\/www.varesenews.it\/2019\/03\/cuveglio-tre-consiglieri-paglia-luomo-giusto\/804146\/","_jd_wp_twitter":"a:1:{i:0;s:148:\"Cuveglio, tre consiglieri con Paglia: \u00ab\u00c8 l\u2019uomo giusto\u00bb https:\/\/www.varesenews.it\/2019\/03\/cuveglio-tre-consiglieri-paglia-luomo-giusto\/804146\/ \";}","_wpt_status_message":"Tweet inviato con successo."},"photos":[{"original":"https:\/\/staging.varesenews.it\/photogallery_new\/images\/2019\/03\/avarie-728569.jpg","full":"https:\/\/staging.varesenews.it\/photogallery_new\/images\/2019\/03\/avarie-728569.1024x768.jpg","large":"https:\/\/staging.varesenews.it\/photogallery_new\/images\/2019\/03\/avarie-728569.610x431.jpg"}],"_links":{"self":[{"href":"https:\/\/staging.varesenews.it\/swgapi\/v1\/wp\/v2\/posts\/804146"}],"collection":[{"href":"https:\/\/staging.varesenews.it\/swgapi\/v1\/wp\/v2\/posts"}],"about":[{"href":"https:\/\/staging.varesenews.it\/swgapi\/v1\/wp\/v2\/types\/post"}],"author":[{"embeddable":true,"href":"https:\/\/staging.varesenews.it\/swgapi\/v1\/wp\/v2\/users\/34"}],"replies":[{"embeddable":true,"href":"https:\/\/staging.varesenews.it\/swgapi\/v1\/wp\/v2\/comments?post=804146"}],"version-history":[{"count":0,"href":"https:\/\/staging.varesenews.it\/swgapi\/v1\/wp\/v2\/posts\/804146\/revisions"}],"wp:attachment":[{"href":"https:\/\/staging.varesenews.it\/swgapi\/v1\/wp\/v2\/media?parent=804146"}],"wp:term":[{"taxonomy":"category","embeddable":true,"href":"https:\/\/staging.varesenews.it\/swgapi\/v1\/wp\/v2\/categories?post=804146"},{"taxonomy":"post_tag","embeddable":true,"href":"https:\/\/staging.varesenews.it\/swgapi\/v1\/wp\/v2\/tags?post=804146"}],"curies":[{"name":"wp","href":"https:\/\/api.w.org\/{rel}","templated":true}]}}