{"id":804750,"date":"2019-03-21T16:46:13","date_gmt":"2019-03-21T15:46:13","guid":{"rendered":"https:\/\/www.varesenews.it\/?p=804750"},"modified":"2019-03-21T16:49:44","modified_gmt":"2019-03-21T15:49:44","slug":"trattore-alto-urta-ponte-si-ribalta","status":"publish","type":"post","link":"https:\/\/staging.varesenews.it\/2019\/03\/trattore-alto-urta-ponte-si-ribalta\/804750\/","title":{"rendered":"Trattore troppo alto, urta il ponte e si ribalta"},"content":{"rendered":"<p>Chiss\u00e0 come \u00e8 accaduto, che abbia preso una strada ignota, sapendo di avere in mano un mezzo ingombrante. Chiss\u00e0 come ha fatto a infilarsi sotto al ponte troppo basso, rischiando la vita quando il trattore si \u00e8 ribaltato nell&#8217;impatto con la travata del ponte.<\/p>\n<p>\u00c8 successo oggi, gioved\u00ec 21 marzo, intorno alle ore 11:30, a <strong>Vizzola Ticino, sulla strada alzaia del canale<\/strong>. Protagonista: un <strong>agricoltore di 82 anni, alla guida di un grosso trattore<\/strong>.<\/p>\n<p>Il mezzo agricolo ha urtato l\u2019impalcato di un ponte stradale che scavalca corso d&#8217;acqua e alzaia: dopo l&#8217;urto si \u00e8 inclinato, intrappolando il conducente all\u2019interno nella cabina, deformatasi per l\u2019impatto. Ivigili del fuoco del distaccamento di Somma Lombardo, intervenuti con un\u2019autopompa, hanno liberato la persona e collaborato con il personale sanitario per soccorrere il ferito.<\/p>\n<p>L&#8217;uomo \u00e8 <strong>finito in ospedale in codice giallo, ferito ma non in immediato pericolo di vita<\/strong>.<\/p>\n","protected":false},"excerpt":{"rendered":"<p>Incidente insolito e quasi incredibile, sotto al ponte sull&#8217;alzaia del canale industriale.<\/p>\n","protected":false},"author":46,"featured_media":0,"comment_status":"open","ping_status":"open","sticky":false,"template":"","format":"standard","meta":{"footnotes":""},"categories":[3],"tags":[1039],"acf":[],"yoast_head":"<!-- This site is optimized with the Yoast SEO plugin v20.1 - https:\/\/yoast.com\/wordpress\/plugins\/seo\/ -->\n<title>Trattore troppo alto, urta il ponte e si ribalta<\/title>\n<meta name=\"description\" content=\"Incidente insolito e quasi incredibile, sotto al ponte sull&#039;alzaia del canale industriale.\" \/>\n<meta name=\"robots\" content=\"noindex, follow, max-snippet:-1, max-image-preview:large, max-video-preview:-1\" \/>\n<meta property=\"og:locale\" content=\"it_IT\" \/>\n<meta property=\"og:type\" content=\"article\" \/>\n<meta property=\"og:title\" content=\"Trattore troppo alto, urta il ponte e si ribalta\" \/>\n<meta property=\"og:description\" content=\"Incidente insolito e quasi incredibile, sotto al ponte sull&#039;alzaia del canale industriale.\" \/>\n<meta property=\"og:url\" content=\"https:\/\/staging.varesenews.it\/2019\/03\/trattore-alto-urta-ponte-si-ribalta\/804750\/\" \/>\n<meta property=\"og:site_name\" content=\"VareseNews\" \/>\n<meta property=\"article:publisher\" content=\"https:\/\/www.facebook.com\/varesenews\" \/>\n<meta property=\"article:published_time\" content=\"2019-03-21T15:46:13+00:00\" \/>\n<meta property=\"article:modified_time\" content=\"2019-03-21T15:49:44+00:00\" \/>\n<meta name=\"author\" content=\"Roberto Morandi\" \/>\n<meta name=\"twitter:card\" content=\"summary_large_image\" \/>\n<meta name=\"twitter:creator\" content=\"@ilmorands\" \/>\n<meta name=\"twitter:site\" content=\"@varesenews\" \/>\n<meta name=\"twitter:label1\" content=\"Scritto da\" \/>\n\t<meta name=\"twitter:data1\" content=\"Roberto Morandi\" \/>\n\t<meta name=\"twitter:label2\" content=\"Tempo di lettura stimato\" \/>\n\t<meta name=\"twitter:data2\" content=\"1 minuto\" \/>\n<script type=\"application\/ld+json\" class=\"yoast-schema-graph\">{\"@context\":\"https:\/\/schema.org\",\"@graph\":[{\"@type\":\"WebPage\",\"@id\":\"https:\/\/staging.varesenews.it\/2019\/03\/trattore-alto-urta-ponte-si-ribalta\/804750\/\",\"url\":\"https:\/\/staging.varesenews.it\/2019\/03\/trattore-alto-urta-ponte-si-ribalta\/804750\/\",\"name\":\"Trattore troppo alto, urta il ponte e si ribalta\",\"isPartOf\":{\"@id\":\"https:\/\/staging.varesenews.it\/#website\"},\"datePublished\":\"2019-03-21T15:46:13+00:00\",\"dateModified\":\"2019-03-21T15:49:44+00:00\",\"author\":{\"@id\":\"https:\/\/staging.varesenews.it\/#\/schema\/person\/efe592ae4c76536b551f89d8b6674bc3\"},\"description\":\"Incidente insolito e quasi incredibile, sotto al ponte sull'alzaia del canale industriale.\",\"breadcrumb\":{\"@id\":\"https:\/\/staging.varesenews.it\/2019\/03\/trattore-alto-urta-ponte-si-ribalta\/804750\/#breadcrumb\"},\"inLanguage\":\"it-IT\",\"potentialAction\":[{\"@type\":\"ReadAction\",\"target\":[\"https:\/\/staging.varesenews.it\/2019\/03\/trattore-alto-urta-ponte-si-ribalta\/804750\/\"]}]},{\"@type\":\"BreadcrumbList\",\"@id\":\"https:\/\/staging.varesenews.it\/2019\/03\/trattore-alto-urta-ponte-si-ribalta\/804750\/#breadcrumb\",\"itemListElement\":[{\"@type\":\"ListItem\",\"position\":1,\"name\":\"Home\",\"item\":\"https:\/\/www.varesenews.it\/\"},{\"@type\":\"ListItem\",\"position\":2,\"name\":\"Trattore troppo alto, urta il ponte e si ribalta\"}]},{\"@type\":\"WebSite\",\"@id\":\"https:\/\/staging.varesenews.it\/#website\",\"url\":\"https:\/\/staging.varesenews.it\/\",\"name\":\"VareseNews\",\"description\":\"\",\"potentialAction\":[{\"@type\":\"SearchAction\",\"target\":{\"@type\":\"EntryPoint\",\"urlTemplate\":\"https:\/\/staging.varesenews.it\/?s={search_term_string}\"},\"query-input\":\"required name=search_term_string\"}],\"inLanguage\":\"it-IT\"},{\"@type\":\"Person\",\"@id\":\"https:\/\/staging.varesenews.it\/#\/schema\/person\/efe592ae4c76536b551f89d8b6674bc3\",\"name\":\"Roberto Morandi\",\"image\":{\"@type\":\"ImageObject\",\"inLanguage\":\"it-IT\",\"@id\":\"https:\/\/staging.varesenews.it\/#\/schema\/person\/image\/\",\"url\":\"https:\/\/staging.varesenews.it\/wp-content\/uploads\/2020\/12\/roberto_morandi_colori_500.jpg\",\"contentUrl\":\"https:\/\/staging.varesenews.it\/wp-content\/uploads\/2020\/12\/roberto_morandi_colori_500.jpg\",\"caption\":\"Roberto Morandi\"},\"description\":\"Classe 1980, laureato in storia, mi occupo dell&rsquo;area di Gallarate e di Malpensa, di trasporti e mobilit&agrave;. Amo molto la dimensione della citt&agrave;, come luogo d&rsquo;incontro di persone diverse e come organismo che si trasforma costantemente. Mi piace anche raccontare le piccole e grandi vicende, anche locali, che compongono la Storia con la S maiuscola. Appassionato di bicicletta: la macchina perfetta per muoversi in citt&agrave; e per viaggiare.\",\"sameAs\":[\"https:\/\/twitter.com\/ilmorands\"],\"url\":\"https:\/\/staging.varesenews.it\/persona\/roberto-morandi1\/\"}]}<\/script>\n<!-- \/ Yoast SEO plugin. -->","yoast_head_json":{"title":"Trattore troppo alto, urta il ponte e si ribalta","description":"Incidente insolito e quasi incredibile, sotto al ponte sull'alzaia del canale industriale.","robots":{"index":"noindex","follow":"follow","max-snippet":"max-snippet:-1","max-image-preview":"max-image-preview:large","max-video-preview":"max-video-preview:-1"},"og_locale":"it_IT","og_type":"article","og_title":"Trattore troppo alto, urta il ponte e si ribalta","og_description":"Incidente insolito e quasi incredibile, sotto al ponte sull'alzaia del canale industriale.","og_url":"https:\/\/staging.varesenews.it\/2019\/03\/trattore-alto-urta-ponte-si-ribalta\/804750\/","og_site_name":"VareseNews","article_publisher":"https:\/\/www.facebook.com\/varesenews","article_published_time":"2019-03-21T15:46:13+00:00","article_modified_time":"2019-03-21T15:49:44+00:00","author":"Roberto Morandi","twitter_card":"summary_large_image","twitter_creator":"@ilmorands","twitter_site":"@varesenews","twitter_misc":{"Scritto da":"Roberto Morandi","Tempo di lettura stimato":"1 minuto"},"schema":{"@context":"https:\/\/schema.org","@graph":[{"@type":"WebPage","@id":"https:\/\/staging.varesenews.it\/2019\/03\/trattore-alto-urta-ponte-si-ribalta\/804750\/","url":"https:\/\/staging.varesenews.it\/2019\/03\/trattore-alto-urta-ponte-si-ribalta\/804750\/","name":"Trattore troppo alto, urta il ponte e si ribalta","isPartOf":{"@id":"https:\/\/staging.varesenews.it\/#website"},"datePublished":"2019-03-21T15:46:13+00:00","dateModified":"2019-03-21T15:49:44+00:00","author":{"@id":"https:\/\/staging.varesenews.it\/#\/schema\/person\/efe592ae4c76536b551f89d8b6674bc3"},"description":"Incidente insolito e quasi incredibile, sotto al ponte sull'alzaia del canale industriale.","breadcrumb":{"@id":"https:\/\/staging.varesenews.it\/2019\/03\/trattore-alto-urta-ponte-si-ribalta\/804750\/#breadcrumb"},"inLanguage":"it-IT","potentialAction":[{"@type":"ReadAction","target":["https:\/\/staging.varesenews.it\/2019\/03\/trattore-alto-urta-ponte-si-ribalta\/804750\/"]}]},{"@type":"BreadcrumbList","@id":"https:\/\/staging.varesenews.it\/2019\/03\/trattore-alto-urta-ponte-si-ribalta\/804750\/#breadcrumb","itemListElement":[{"@type":"ListItem","position":1,"name":"Home","item":"https:\/\/www.varesenews.it\/"},{"@type":"ListItem","position":2,"name":"Trattore troppo alto, urta il ponte e si ribalta"}]},{"@type":"WebSite","@id":"https:\/\/staging.varesenews.it\/#website","url":"https:\/\/staging.varesenews.it\/","name":"VareseNews","description":"","potentialAction":[{"@type":"SearchAction","target":{"@type":"EntryPoint","urlTemplate":"https:\/\/staging.varesenews.it\/?s={search_term_string}"},"query-input":"required name=search_term_string"}],"inLanguage":"it-IT"},{"@type":"Person","@id":"https:\/\/staging.varesenews.it\/#\/schema\/person\/efe592ae4c76536b551f89d8b6674bc3","name":"Roberto Morandi","image":{"@type":"ImageObject","inLanguage":"it-IT","@id":"https:\/\/staging.varesenews.it\/#\/schema\/person\/image\/","url":"https:\/\/staging.varesenews.it\/wp-content\/uploads\/2020\/12\/roberto_morandi_colori_500.jpg","contentUrl":"https:\/\/staging.varesenews.it\/wp-content\/uploads\/2020\/12\/roberto_morandi_colori_500.jpg","caption":"Roberto Morandi"},"description":"Classe 1980, laureato in storia, mi occupo dell&rsquo;area di Gallarate e di Malpensa, di trasporti e mobilit&agrave;. Amo molto la dimensione della citt&agrave;, come luogo d&rsquo;incontro di persone diverse e come organismo che si trasforma costantemente. Mi piace anche raccontare le piccole e grandi vicende, anche locali, che compongono la Storia con la S maiuscola. Appassionato di bicicletta: la macchina perfetta per muoversi in citt&agrave; e per viaggiare.","sameAs":["https:\/\/twitter.com\/ilmorands"],"url":"https:\/\/staging.varesenews.it\/persona\/roberto-morandi1\/"}]}},"post_meta":{"_edit_lock":"1553183518:46","_edit_last":"46","_category_permalink":"a:1:{s:8:\"category\";s:1:\"3\";}","ratings_users":"0","ratings_score":"0","ratings_average":"0","foto":"728925","firma_come_redazione":"1","argomento":"Vizzola Ticino","_yoast_wpseo_content_score":"30","_jd_tweet_this":"yes","_wpt_short_url":"https:\/\/www.varesenews.it\/2019\/03\/trattore-alto-urta-ponte-si-ribalta\/804750\/","_wp_jd_target":"https:\/\/www.varesenews.it\/2019\/03\/trattore-alto-urta-ponte-si-ribalta\/804750\/","_jd_wp_twitter":"a:1:{i:0;s:127:\"Trattore troppo alto, urta il ponte e si ribalta https:\/\/www.varesenews.it\/2019\/03\/trattore-alto-urta-ponte-si-ribalta\/804750\/ \";}","_wpt_status_message":"Tweet inviato con successo.","id_link_fotogallery":"804757"},"photos":[{"original":"https:\/\/staging.varesenews.it\/photogallery_new\/images\/2019\/03\/trattore-ribaltato-a-vizzola-ticino-728925.jpg","full":"https:\/\/staging.varesenews.it\/photogallery_new\/images\/2019\/03\/trattore-ribaltato-a-vizzola-ticino-728925.1024x768.jpg","large":"https:\/\/staging.varesenews.it\/photogallery_new\/images\/2019\/03\/trattore-ribaltato-a-vizzola-ticino-728925.610x431.jpg"}],"_links":{"self":[{"href":"https:\/\/staging.varesenews.it\/swgapi\/v1\/wp\/v2\/posts\/804750"}],"collection":[{"href":"https:\/\/staging.varesenews.it\/swgapi\/v1\/wp\/v2\/posts"}],"about":[{"href":"https:\/\/staging.varesenews.it\/swgapi\/v1\/wp\/v2\/types\/post"}],"author":[{"embeddable":true,"href":"https:\/\/staging.varesenews.it\/swgapi\/v1\/wp\/v2\/users\/46"}],"replies":[{"embeddable":true,"href":"https:\/\/staging.varesenews.it\/swgapi\/v1\/wp\/v2\/comments?post=804750"}],"version-history":[{"count":0,"href":"https:\/\/staging.varesenews.it\/swgapi\/v1\/wp\/v2\/posts\/804750\/revisions"}],"wp:attachment":[{"href":"https:\/\/staging.varesenews.it\/swgapi\/v1\/wp\/v2\/media?parent=804750"}],"wp:term":[{"taxonomy":"category","embeddable":true,"href":"https:\/\/staging.varesenews.it\/swgapi\/v1\/wp\/v2\/categories?post=804750"},{"taxonomy":"post_tag","embeddable":true,"href":"https:\/\/staging.varesenews.it\/swgapi\/v1\/wp\/v2\/tags?post=804750"}],"curies":[{"name":"wp","href":"https:\/\/api.w.org\/{rel}","templated":true}]}}