{"id":806296,"date":"2019-03-26T12:42:26","date_gmt":"2019-03-26T11:42:26","guid":{"rendered":"https:\/\/www.varesenews.it\/?p=806296"},"modified":"2019-03-26T12:42:26","modified_gmt":"2019-03-26T11:42:26","slug":"torna-vento-rischio-incendi-boschivi-codice-rosso","status":"publish","type":"post","link":"https:\/\/staging.varesenews.it\/2019\/03\/torna-vento-rischio-incendi-boschivi-codice-rosso\/806296\/","title":{"rendered":"Torna il vento, rischio incendi boschivi da &#8220;codice rosso&#8221;"},"content":{"rendered":"<p>Torner\u00e0 a soffiare, ma con meno intensit\u00e0. Tra pomeriggio e sera di marted\u00ec 26 marzo \u00e8 previsto un nuovo rinforzo del vento sulle Prealpi. \u00a0L&#8217;espansione dell&#8217;ampia area anticiclonica sull&#8217;Europa occidentale andr\u00e0 infatti a consolidare condizioni stabili sulla Lombardia e per oggi, 26 marzo, i venti rimarranno\u00a0<strong>da moderati a forti su Prealpi occidentali e Valchiavenna, con i valori pi\u00f9 intensi concentrati dalle ore pomeridiane e in attenuazione in tarda serata<\/strong>.<\/p>\n<p>Altrove sin dalle ore di questa mattina e per il corso della giornata venti da deboli a localmente moderati. Per la giornata di domani mercoled\u00ec 27 ovunque i venti saranno di debole intensit\u00e0 o al pi\u00f9 moderati sui rilievi dell&#8217;Appennino.<\/p>\n<p>&#8220;Si segnala pertanto un significativo aumento del pericolo dal pomeriggio del 26 marzo, in particolare sui rilievi alpini e prealpini centro-occidentali&#8221;, dice la Protezione Civile. Nel frattempo &#8220;<strong>Si ricorda inoltre che dal 02 gennaio \u00e8 attivo il periodo ad alto rischio di incendio boschivo.<\/strong> Vige pertanto il divieto assoluto di accendere fuochi nei boschi o a distanza da questi inferiore a cento metri, far brillare mine, usare apparecchi a fiamma o elettrici per tagliare metalli, motori, fornelli o inceneritori che producano braci o faville, gettare mozziconi accesi al suolo e compiere ogni operazione che possa creare pericolo di incendio&#8221;.<\/p>\n<p>Incendi boschivi che gi\u00e0 ieri si sono verificati nelle nostre zone con due diversi roghi tra Abbiate Guazzone e Tradate.<\/p>\n<blockquote class=\"wp-embedded-content\" data-secret=\"odBTtXPT4R\"><p><a href=\"https:\/\/www.varesenews.it\/2019\/03\/incendi-pianbosco-abbiate-vento-alimenta-le-fiamme\/806097\/\">Incendi a Pianbosco e Abbiate, il vento alimenta le fiamme<\/a><\/p><\/blockquote>\n<p><iframe class=\"wp-embedded-content\" sandbox=\"allow-scripts\" security=\"restricted\" style=\"position: absolute; clip: rect(1px, 1px, 1px, 1px);\" src=\"https:\/\/www.varesenews.it\/2019\/03\/incendi-pianbosco-abbiate-vento-alimenta-le-fiamme\/806097\/embed\/#?secret=odBTtXPT4R\" data-secret=\"odBTtXPT4R\" width=\"500\" height=\"282\" title=\"&#8220;Incendi a Pianbosco e Abbiate, il vento alimenta le fiamme&#8221; &#8212; VareseNews\" frameborder=\"0\" marginwidth=\"0\" marginheight=\"0\" scrolling=\"no\"><\/iframe><\/p>\n","protected":false},"excerpt":{"rendered":"<p>Tra pomeriggio e sera il vento torner\u00e0 a soffiare, ma con minore intensit\u00e0 rispetto a ieri. Il pericolo ora sono gli incendi boschivi<\/p>\n","protected":false},"author":42,"featured_media":0,"comment_status":"open","ping_status":"open","sticky":false,"template":"","format":"standard","meta":{"footnotes":""},"categories":[4,3,7,5,2],"tags":[1183,796],"acf":[],"yoast_head":"<!-- This site is optimized with the Yoast SEO plugin v20.1 - https:\/\/yoast.com\/wordpress\/plugins\/seo\/ -->\n<title>Torna il vento, rischio incendi boschivi da &quot;codice rosso&quot;<\/title>\n<meta name=\"description\" content=\"Tra pomeriggio e sera il vento torner\u00e0 a soffiare, ma con minore intensit\u00e0 rispetto a ieri. Il pericolo ora sono gli incendi boschivi\" \/>\n<meta name=\"robots\" content=\"noindex, follow, max-snippet:-1, max-image-preview:large, max-video-preview:-1\" \/>\n<meta property=\"og:locale\" content=\"it_IT\" \/>\n<meta property=\"og:type\" content=\"article\" \/>\n<meta property=\"og:title\" content=\"Torna il vento, rischio incendi boschivi da &quot;codice rosso&quot;\" \/>\n<meta property=\"og:description\" content=\"Tra pomeriggio e sera il vento torner\u00e0 a soffiare, ma con minore intensit\u00e0 rispetto a ieri. Il pericolo ora sono gli incendi boschivi\" \/>\n<meta property=\"og:url\" content=\"https:\/\/staging.varesenews.it\/2019\/03\/torna-vento-rischio-incendi-boschivi-codice-rosso\/806296\/\" \/>\n<meta property=\"og:site_name\" content=\"VareseNews\" \/>\n<meta property=\"article:publisher\" content=\"https:\/\/www.facebook.com\/varesenews\" \/>\n<meta property=\"article:published_time\" content=\"2019-03-26T11:42:26+00:00\" \/>\n<meta name=\"author\" content=\"Marco Corso\" \/>\n<meta name=\"twitter:card\" content=\"summary_large_image\" \/>\n<meta name=\"twitter:creator\" content=\"@varesenews\" \/>\n<meta name=\"twitter:site\" content=\"@varesenews\" \/>\n<meta name=\"twitter:label1\" content=\"Scritto da\" \/>\n\t<meta name=\"twitter:data1\" content=\"Marco Corso\" \/>\n\t<meta name=\"twitter:label2\" content=\"Tempo di lettura stimato\" \/>\n\t<meta name=\"twitter:data2\" content=\"1 minuto\" \/>\n<script type=\"application\/ld+json\" class=\"yoast-schema-graph\">{\"@context\":\"https:\/\/schema.org\",\"@graph\":[{\"@type\":\"WebPage\",\"@id\":\"https:\/\/staging.varesenews.it\/2019\/03\/torna-vento-rischio-incendi-boschivi-codice-rosso\/806296\/\",\"url\":\"https:\/\/staging.varesenews.it\/2019\/03\/torna-vento-rischio-incendi-boschivi-codice-rosso\/806296\/\",\"name\":\"Torna il vento, rischio incendi boschivi da \\\"codice rosso\\\"\",\"isPartOf\":{\"@id\":\"https:\/\/staging.varesenews.it\/#website\"},\"datePublished\":\"2019-03-26T11:42:26+00:00\",\"dateModified\":\"2019-03-26T11:42:26+00:00\",\"author\":{\"@id\":\"https:\/\/staging.varesenews.it\/#\/schema\/person\/f0b866bf1a4a7b2b1558574309a927fa\"},\"description\":\"Tra pomeriggio e sera il vento torner\u00e0 a soffiare, ma con minore intensit\u00e0 rispetto a ieri. Il pericolo ora sono gli incendi boschivi\",\"breadcrumb\":{\"@id\":\"https:\/\/staging.varesenews.it\/2019\/03\/torna-vento-rischio-incendi-boschivi-codice-rosso\/806296\/#breadcrumb\"},\"inLanguage\":\"it-IT\",\"potentialAction\":[{\"@type\":\"ReadAction\",\"target\":[\"https:\/\/staging.varesenews.it\/2019\/03\/torna-vento-rischio-incendi-boschivi-codice-rosso\/806296\/\"]}]},{\"@type\":\"BreadcrumbList\",\"@id\":\"https:\/\/staging.varesenews.it\/2019\/03\/torna-vento-rischio-incendi-boschivi-codice-rosso\/806296\/#breadcrumb\",\"itemListElement\":[{\"@type\":\"ListItem\",\"position\":1,\"name\":\"Home\",\"item\":\"https:\/\/www.varesenews.it\/\"},{\"@type\":\"ListItem\",\"position\":2,\"name\":\"Torna il vento, rischio incendi boschivi da &#8220;codice rosso&#8221;\"}]},{\"@type\":\"WebSite\",\"@id\":\"https:\/\/staging.varesenews.it\/#website\",\"url\":\"https:\/\/staging.varesenews.it\/\",\"name\":\"VareseNews\",\"description\":\"\",\"potentialAction\":[{\"@type\":\"SearchAction\",\"target\":{\"@type\":\"EntryPoint\",\"urlTemplate\":\"https:\/\/staging.varesenews.it\/?s={search_term_string}\"},\"query-input\":\"required name=search_term_string\"}],\"inLanguage\":\"it-IT\"},{\"@type\":\"Person\",\"@id\":\"https:\/\/staging.varesenews.it\/#\/schema\/person\/f0b866bf1a4a7b2b1558574309a927fa\",\"name\":\"Marco Corso\",\"image\":{\"@type\":\"ImageObject\",\"inLanguage\":\"it-IT\",\"@id\":\"https:\/\/staging.varesenews.it\/#\/schema\/person\/image\/\",\"url\":\"https:\/\/staging.varesenews.it\/wp-content\/uploads\/2020\/12\/marco_corso_colori_500.jpg\",\"contentUrl\":\"https:\/\/staging.varesenews.it\/wp-content\/uploads\/2020\/12\/marco_corso_colori_500.jpg\",\"caption\":\"Marco Corso\"},\"description\":\"Classe 91, per diversi anni mi sono fregiato del titolo di pi&ugrave; giovane della redazione, ma adesso faccio il fratello maggiore alle nuove leve. Mi sono laureato nel 2013 in Scienze Sociali per la Globalizzazione alla Statale di Milano e nel 2015 mi sono diplomato in videogiornalismo alla Civica Scuola di Cinema di Milano. A VareseNews da 10 anni, ho seguito da sempre diversi progetti, partendo dalla mia Busto Arsizio per attraversare tutta la provincia. Adesso la \\\"sorvolo\\\" anche con il mio drone, regalando alle mie riprese sempre un punto di vista emozionale e narrativo sui luoghi e le vicende che racconto, ma rimanendo fedele alla cronaca. Quando non faccio il giornalista viaggio o mi arrampico sui monti, per guardare il mondo da altri punti di vista.\",\"sameAs\":[\"mar_corso\"],\"url\":\"https:\/\/staging.varesenews.it\/persona\/marco-corso1\/\"}]}<\/script>\n<!-- \/ Yoast SEO plugin. -->","yoast_head_json":{"title":"Torna il vento, rischio incendi boschivi da \"codice rosso\"","description":"Tra pomeriggio e sera il vento torner\u00e0 a soffiare, ma con minore intensit\u00e0 rispetto a ieri. Il pericolo ora sono gli incendi boschivi","robots":{"index":"noindex","follow":"follow","max-snippet":"max-snippet:-1","max-image-preview":"max-image-preview:large","max-video-preview":"max-video-preview:-1"},"og_locale":"it_IT","og_type":"article","og_title":"Torna il vento, rischio incendi boschivi da \"codice rosso\"","og_description":"Tra pomeriggio e sera il vento torner\u00e0 a soffiare, ma con minore intensit\u00e0 rispetto a ieri. Il pericolo ora sono gli incendi boschivi","og_url":"https:\/\/staging.varesenews.it\/2019\/03\/torna-vento-rischio-incendi-boschivi-codice-rosso\/806296\/","og_site_name":"VareseNews","article_publisher":"https:\/\/www.facebook.com\/varesenews","article_published_time":"2019-03-26T11:42:26+00:00","author":"Marco Corso","twitter_card":"summary_large_image","twitter_creator":"@varesenews","twitter_site":"@varesenews","twitter_misc":{"Scritto da":"Marco Corso","Tempo di lettura stimato":"1 minuto"},"schema":{"@context":"https:\/\/schema.org","@graph":[{"@type":"WebPage","@id":"https:\/\/staging.varesenews.it\/2019\/03\/torna-vento-rischio-incendi-boschivi-codice-rosso\/806296\/","url":"https:\/\/staging.varesenews.it\/2019\/03\/torna-vento-rischio-incendi-boschivi-codice-rosso\/806296\/","name":"Torna il vento, rischio incendi boschivi da \"codice rosso\"","isPartOf":{"@id":"https:\/\/staging.varesenews.it\/#website"},"datePublished":"2019-03-26T11:42:26+00:00","dateModified":"2019-03-26T11:42:26+00:00","author":{"@id":"https:\/\/staging.varesenews.it\/#\/schema\/person\/f0b866bf1a4a7b2b1558574309a927fa"},"description":"Tra pomeriggio e sera il vento torner\u00e0 a soffiare, ma con minore intensit\u00e0 rispetto a ieri. Il pericolo ora sono gli incendi boschivi","breadcrumb":{"@id":"https:\/\/staging.varesenews.it\/2019\/03\/torna-vento-rischio-incendi-boschivi-codice-rosso\/806296\/#breadcrumb"},"inLanguage":"it-IT","potentialAction":[{"@type":"ReadAction","target":["https:\/\/staging.varesenews.it\/2019\/03\/torna-vento-rischio-incendi-boschivi-codice-rosso\/806296\/"]}]},{"@type":"BreadcrumbList","@id":"https:\/\/staging.varesenews.it\/2019\/03\/torna-vento-rischio-incendi-boschivi-codice-rosso\/806296\/#breadcrumb","itemListElement":[{"@type":"ListItem","position":1,"name":"Home","item":"https:\/\/www.varesenews.it\/"},{"@type":"ListItem","position":2,"name":"Torna il vento, rischio incendi boschivi da &#8220;codice rosso&#8221;"}]},{"@type":"WebSite","@id":"https:\/\/staging.varesenews.it\/#website","url":"https:\/\/staging.varesenews.it\/","name":"VareseNews","description":"","potentialAction":[{"@type":"SearchAction","target":{"@type":"EntryPoint","urlTemplate":"https:\/\/staging.varesenews.it\/?s={search_term_string}"},"query-input":"required name=search_term_string"}],"inLanguage":"it-IT"},{"@type":"Person","@id":"https:\/\/staging.varesenews.it\/#\/schema\/person\/f0b866bf1a4a7b2b1558574309a927fa","name":"Marco Corso","image":{"@type":"ImageObject","inLanguage":"it-IT","@id":"https:\/\/staging.varesenews.it\/#\/schema\/person\/image\/","url":"https:\/\/staging.varesenews.it\/wp-content\/uploads\/2020\/12\/marco_corso_colori_500.jpg","contentUrl":"https:\/\/staging.varesenews.it\/wp-content\/uploads\/2020\/12\/marco_corso_colori_500.jpg","caption":"Marco Corso"},"description":"Classe 91, per diversi anni mi sono fregiato del titolo di pi&ugrave; giovane della redazione, ma adesso faccio il fratello maggiore alle nuove leve. Mi sono laureato nel 2013 in Scienze Sociali per la Globalizzazione alla Statale di Milano e nel 2015 mi sono diplomato in videogiornalismo alla Civica Scuola di Cinema di Milano. A VareseNews da 10 anni, ho seguito da sempre diversi progetti, partendo dalla mia Busto Arsizio per attraversare tutta la provincia. Adesso la \"sorvolo\" anche con il mio drone, regalando alle mie riprese sempre un punto di vista emozionale e narrativo sui luoghi e le vicende che racconto, ma rimanendo fedele alla cronaca. Quando non faccio il giornalista viaggio o mi arrampico sui monti, per guardare il mondo da altri punti di vista.","sameAs":["mar_corso"],"url":"https:\/\/staging.varesenews.it\/persona\/marco-corso1\/"}]}},"post_meta":{"_edit_lock":"1553613034:42","_edit_last":"42","_category_permalink":"a:1:{s:8:\"category\";s:1:\"2\";}","foto":"729856","id_link_fotogallery":"806079","firma_come_redazione":"1","argomento":"Varese","_yoast_wpseo_content_score":"30","_jd_tweet_this":"yes","_oembed_de733e4160c231864a0f6a4c2af25040":"<blockquote class=\"wp-embedded-content\" data-secret=\"odBTtXPT4R\"><a href=\"https:\/\/www.varesenews.it\/2019\/03\/incendi-pianbosco-abbiate-vento-alimenta-le-fiamme\/806097\/\">Incendi a Pianbosco e Abbiate, il vento alimenta le fiamme<\/a><\/blockquote><iframe class=\"wp-embedded-content\" sandbox=\"allow-scripts\" security=\"restricted\" style=\"position: absolute; clip: rect(1px, 1px, 1px, 1px);\" src=\"https:\/\/www.varesenews.it\/2019\/03\/incendi-pianbosco-abbiate-vento-alimenta-le-fiamme\/806097\/embed\/#?secret=odBTtXPT4R\" data-secret=\"odBTtXPT4R\" width=\"500\" height=\"282\" title=\"&#8220;Incendi a Pianbosco e Abbiate, il vento alimenta le fiamme&#8221; &#8212; VareseNews\" frameborder=\"0\" marginwidth=\"0\" marginheight=\"0\" scrolling=\"no\"><\/iframe>","_oembed_time_de733e4160c231864a0f6a4c2af25040":"1553600511","ratings_users":"0","ratings_score":"0","ratings_average":"0","_wpt_short_url":"https:\/\/www.varesenews.it\/2019\/03\/torna-vento-rischio-incendi-boschivi-codice-rosso\/806296\/","_wp_jd_target":"https:\/\/www.varesenews.it\/2019\/03\/torna-vento-rischio-incendi-boschivi-codice-rosso\/806296\/","_jd_wp_twitter":"a:1:{i:0;s:164:\"Torna il vento, rischio incendi boschivi da \u201ccodice rosso\u201d https:\/\/www.varesenews.it\/2019\/03\/torna-vento-rischio-incendi-boschivi-codice-rosso\/806296\/ #incendio\";}","_wpt_status_message":"Tweet inviato con successo."},"photos":[{"original":"https:\/\/staging.varesenews.it\/photogallery_new\/images\/2019\/03\/incendio-abbiate-guazzone-729856.jpg","full":"https:\/\/staging.varesenews.it\/photogallery_new\/images\/2019\/03\/incendio-abbiate-guazzone-729856.1024x768.jpg","large":"https:\/\/staging.varesenews.it\/photogallery_new\/images\/2019\/03\/incendio-abbiate-guazzone-729856.610x431.jpg"}],"_links":{"self":[{"href":"https:\/\/staging.varesenews.it\/swgapi\/v1\/wp\/v2\/posts\/806296"}],"collection":[{"href":"https:\/\/staging.varesenews.it\/swgapi\/v1\/wp\/v2\/posts"}],"about":[{"href":"https:\/\/staging.varesenews.it\/swgapi\/v1\/wp\/v2\/types\/post"}],"author":[{"embeddable":true,"href":"https:\/\/staging.varesenews.it\/swgapi\/v1\/wp\/v2\/users\/42"}],"replies":[{"embeddable":true,"href":"https:\/\/staging.varesenews.it\/swgapi\/v1\/wp\/v2\/comments?post=806296"}],"version-history":[{"count":0,"href":"https:\/\/staging.varesenews.it\/swgapi\/v1\/wp\/v2\/posts\/806296\/revisions"}],"wp:attachment":[{"href":"https:\/\/staging.varesenews.it\/swgapi\/v1\/wp\/v2\/media?parent=806296"}],"wp:term":[{"taxonomy":"category","embeddable":true,"href":"https:\/\/staging.varesenews.it\/swgapi\/v1\/wp\/v2\/categories?post=806296"},{"taxonomy":"post_tag","embeddable":true,"href":"https:\/\/staging.varesenews.it\/swgapi\/v1\/wp\/v2\/tags?post=806296"}],"curies":[{"name":"wp","href":"https:\/\/api.w.org\/{rel}","templated":true}]}}