{"id":807064,"date":"2019-03-28T13:37:42","date_gmt":"2019-03-28T12:37:42","guid":{"rendered":"https:\/\/www.varesenews.it\/?p=807064"},"modified":"2019-03-28T13:37:42","modified_gmt":"2019-03-28T12:37:42","slug":"al-via-pattugliamento-confine","status":"publish","type":"post","link":"https:\/\/staging.varesenews.it\/2019\/03\/al-via-pattugliamento-confine\/807064\/","title":{"rendered":"Al via il pattugliamento di confine"},"content":{"rendered":"<p>La Polizia di Frontiera italiana comunica l\u2019avvio di una forma rafforzata di cooperazione transfrontaliera con il Corpo delle Guardie di Confine svizzere, che avverr\u00e0 attraverso la predisposizione di <strong>servizi di pattugliamento misto<\/strong>, finalizzati alla prevenzione ed al contrasto della migrazione irregolare e della criminalit\u00e0 transfrontaliera nella comune area di confine.<\/p>\n<p><strong>In base all\u2019Accordo sulla cooperazione di Polizia e Doganale tra il Governo della Repubblica Italiana<\/strong> ed il Consiglio Federale Svizzero, entrato in vigore il 1\u00b0 novembre 2016, il Direttore Centrale dell\u2019Immigrazione e della Polizia delle Frontiere Prefetto Massimo Bontempi ed il Direttore delle Dogane svizzere Christian Bock, il 18 febbraio 2019, hanno sottoscritto a Chiasso una dichiarazione congiunta per la definizione delle modalit\u00e0 operative delle pattuglie miste.<\/p>\n<p><strong>Le due Forze di Polizia coopereranno, nel quadro delle reciproche competenze nazionali, ai fini della prevenzione<\/strong> e della repressione della migrazione irregolare. Durante l\u2019esecuzione di tali servizi, gli agenti di una Parte operanti sul territorio dell\u2019altra Parte assicureranno il necessario ausilio con compiti di assistenza, osservazione e informazione.<br \/>\nGli agenti impiegati hanno seguito una specifica formazione congiunta, sia di tipo teorico che in materia di tecniche operative, con docenti di entrambe le parti.<\/p>\n<p><strong>Il pattugliamento congiunto sar\u00e0 assicurato da personale del Settore Polizia di Frontiera di Luino<\/strong>\u00a0ed avverr\u00e0 inizialmente con cadenza bi-mensile che verr\u00e0 successivamente implementata d\u2019intesa con le Autorit\u00e0 svizzere.<\/p>\n<p>Dopo l\u2019avvio del servizio congiunto in territorio elvetico lo scorso 26 marzo, l\u2019attivit\u00e0 operativa che si svolger\u00e0 il prossimo 15 aprile interesser\u00e0 la fascia di confine della provincia di Varese, alla presenza del Sottosegretario all\u2019Interno On.le Stefano Candiani.<\/p>\n","protected":false},"excerpt":{"rendered":"<p>Obiettivo: contrasto della migrazione irregolare e della criminalit\u00e0 transfrontaliera nella comune area di confine<\/p>\n","protected":false},"author":34,"featured_media":0,"comment_status":"open","ping_status":"open","sticky":false,"template":"","format":"standard","meta":{"footnotes":""},"categories":[2],"tags":[95210,3055,1421],"acf":[],"yoast_head":"<!-- This site is optimized with the Yoast SEO plugin v20.1 - https:\/\/yoast.com\/wordpress\/plugins\/seo\/ -->\n<title>Al via il pattugliamento di confine<\/title>\n<meta name=\"description\" content=\"Obiettivo: contrasto della migrazione irregolare e della criminalit\u00e0 transfrontaliera nella comune area di confine\" \/>\n<meta name=\"robots\" content=\"noindex, follow, max-snippet:-1, max-image-preview:large, max-video-preview:-1\" \/>\n<meta property=\"og:locale\" content=\"it_IT\" \/>\n<meta property=\"og:type\" content=\"article\" \/>\n<meta property=\"og:title\" content=\"Al via il pattugliamento di confine\" \/>\n<meta property=\"og:description\" content=\"Obiettivo: contrasto della migrazione irregolare e della criminalit\u00e0 transfrontaliera nella comune area di confine\" \/>\n<meta property=\"og:url\" content=\"https:\/\/staging.varesenews.it\/2019\/03\/al-via-pattugliamento-confine\/807064\/\" \/>\n<meta property=\"og:site_name\" content=\"VareseNews\" \/>\n<meta property=\"article:publisher\" content=\"https:\/\/www.facebook.com\/varesenews\" \/>\n<meta property=\"article:author\" content=\"https:\/\/www.facebook.com\/andrea.camurani?fref=photo\" \/>\n<meta property=\"article:published_time\" content=\"2019-03-28T12:37:42+00:00\" \/>\n<meta name=\"author\" content=\"Andrea Camurani\" \/>\n<meta name=\"twitter:card\" content=\"summary_large_image\" \/>\n<meta name=\"twitter:creator\" content=\"@AndreaCamurani\" \/>\n<meta name=\"twitter:site\" content=\"@varesenews\" \/>\n<meta name=\"twitter:label1\" content=\"Scritto da\" \/>\n\t<meta name=\"twitter:data1\" content=\"Andrea Camurani\" \/>\n\t<meta name=\"twitter:label2\" content=\"Tempo di lettura stimato\" \/>\n\t<meta name=\"twitter:data2\" content=\"1 minuto\" \/>\n<script type=\"application\/ld+json\" class=\"yoast-schema-graph\">{\"@context\":\"https:\/\/schema.org\",\"@graph\":[{\"@type\":\"WebPage\",\"@id\":\"https:\/\/staging.varesenews.it\/2019\/03\/al-via-pattugliamento-confine\/807064\/\",\"url\":\"https:\/\/staging.varesenews.it\/2019\/03\/al-via-pattugliamento-confine\/807064\/\",\"name\":\"Al via il pattugliamento di confine\",\"isPartOf\":{\"@id\":\"https:\/\/staging.varesenews.it\/#website\"},\"datePublished\":\"2019-03-28T12:37:42+00:00\",\"dateModified\":\"2019-03-28T12:37:42+00:00\",\"author\":{\"@id\":\"https:\/\/staging.varesenews.it\/#\/schema\/person\/3eb5832c6beae763de8d9596fdbe8c49\"},\"description\":\"Obiettivo: contrasto della migrazione irregolare e della criminalit\u00e0 transfrontaliera nella comune area di confine\",\"breadcrumb\":{\"@id\":\"https:\/\/staging.varesenews.it\/2019\/03\/al-via-pattugliamento-confine\/807064\/#breadcrumb\"},\"inLanguage\":\"it-IT\",\"potentialAction\":[{\"@type\":\"ReadAction\",\"target\":[\"https:\/\/staging.varesenews.it\/2019\/03\/al-via-pattugliamento-confine\/807064\/\"]}]},{\"@type\":\"BreadcrumbList\",\"@id\":\"https:\/\/staging.varesenews.it\/2019\/03\/al-via-pattugliamento-confine\/807064\/#breadcrumb\",\"itemListElement\":[{\"@type\":\"ListItem\",\"position\":1,\"name\":\"Home\",\"item\":\"https:\/\/www.varesenews.it\/\"},{\"@type\":\"ListItem\",\"position\":2,\"name\":\"Al via il pattugliamento di confine\"}]},{\"@type\":\"WebSite\",\"@id\":\"https:\/\/staging.varesenews.it\/#website\",\"url\":\"https:\/\/staging.varesenews.it\/\",\"name\":\"VareseNews\",\"description\":\"\",\"potentialAction\":[{\"@type\":\"SearchAction\",\"target\":{\"@type\":\"EntryPoint\",\"urlTemplate\":\"https:\/\/staging.varesenews.it\/?s={search_term_string}\"},\"query-input\":\"required name=search_term_string\"}],\"inLanguage\":\"it-IT\"},{\"@type\":\"Person\",\"@id\":\"https:\/\/staging.varesenews.it\/#\/schema\/person\/3eb5832c6beae763de8d9596fdbe8c49\",\"name\":\"Andrea Camurani\",\"image\":{\"@type\":\"ImageObject\",\"inLanguage\":\"it-IT\",\"@id\":\"https:\/\/staging.varesenews.it\/#\/schema\/person\/image\/\",\"url\":\"https:\/\/staging.varesenews.it\/wp-content\/uploads\/2020\/12\/andrea_camurani_colori_500.jpg\",\"contentUrl\":\"https:\/\/staging.varesenews.it\/wp-content\/uploads\/2020\/12\/andrea_camurani_colori_500.jpg\",\"caption\":\"Andrea Camurani\"},\"description\":\"Sono figlio degli anni Settanta e di Milano, dove ho imparato a riconoscere buoni e cattivi. Laurea in scienze politiche, lavoro a VareseNews dal 2000. Racconto quel che trovo quando incontro chi vuole lasciare al mondo un pezzetto di vita, che si chiama cronaca. &ldquo;...perch&eacute; &egrave; la gente il pi&ugrave; grande spettacolo del mondo. E non si paga il biglietto...&rdquo; (Charles Bukowsky)\",\"sameAs\":[\"https:\/\/www.facebook.com\/andrea.camurani?fref=photo\",\"andreacamurani\",\"https:\/\/www.linkedin.com\/hp\/?dnr=A9a84RfzsLdo9xg4NcGV4dLiMknoc9ms4WM\",\"https:\/\/twitter.com\/AndreaCamurani\"],\"url\":\"https:\/\/staging.varesenews.it\/persona\/andrea_camurani\/\"}]}<\/script>\n<!-- \/ Yoast SEO plugin. -->","yoast_head_json":{"title":"Al via il pattugliamento di confine","description":"Obiettivo: contrasto della migrazione irregolare e della criminalit\u00e0 transfrontaliera nella comune area di confine","robots":{"index":"noindex","follow":"follow","max-snippet":"max-snippet:-1","max-image-preview":"max-image-preview:large","max-video-preview":"max-video-preview:-1"},"og_locale":"it_IT","og_type":"article","og_title":"Al via il pattugliamento di confine","og_description":"Obiettivo: contrasto della migrazione irregolare e della criminalit\u00e0 transfrontaliera nella comune area di confine","og_url":"https:\/\/staging.varesenews.it\/2019\/03\/al-via-pattugliamento-confine\/807064\/","og_site_name":"VareseNews","article_publisher":"https:\/\/www.facebook.com\/varesenews","article_author":"https:\/\/www.facebook.com\/andrea.camurani?fref=photo","article_published_time":"2019-03-28T12:37:42+00:00","author":"Andrea Camurani","twitter_card":"summary_large_image","twitter_creator":"@AndreaCamurani","twitter_site":"@varesenews","twitter_misc":{"Scritto da":"Andrea Camurani","Tempo di lettura stimato":"1 minuto"},"schema":{"@context":"https:\/\/schema.org","@graph":[{"@type":"WebPage","@id":"https:\/\/staging.varesenews.it\/2019\/03\/al-via-pattugliamento-confine\/807064\/","url":"https:\/\/staging.varesenews.it\/2019\/03\/al-via-pattugliamento-confine\/807064\/","name":"Al via il pattugliamento di confine","isPartOf":{"@id":"https:\/\/staging.varesenews.it\/#website"},"datePublished":"2019-03-28T12:37:42+00:00","dateModified":"2019-03-28T12:37:42+00:00","author":{"@id":"https:\/\/staging.varesenews.it\/#\/schema\/person\/3eb5832c6beae763de8d9596fdbe8c49"},"description":"Obiettivo: contrasto della migrazione irregolare e della criminalit\u00e0 transfrontaliera nella comune area di confine","breadcrumb":{"@id":"https:\/\/staging.varesenews.it\/2019\/03\/al-via-pattugliamento-confine\/807064\/#breadcrumb"},"inLanguage":"it-IT","potentialAction":[{"@type":"ReadAction","target":["https:\/\/staging.varesenews.it\/2019\/03\/al-via-pattugliamento-confine\/807064\/"]}]},{"@type":"BreadcrumbList","@id":"https:\/\/staging.varesenews.it\/2019\/03\/al-via-pattugliamento-confine\/807064\/#breadcrumb","itemListElement":[{"@type":"ListItem","position":1,"name":"Home","item":"https:\/\/www.varesenews.it\/"},{"@type":"ListItem","position":2,"name":"Al via il pattugliamento di confine"}]},{"@type":"WebSite","@id":"https:\/\/staging.varesenews.it\/#website","url":"https:\/\/staging.varesenews.it\/","name":"VareseNews","description":"","potentialAction":[{"@type":"SearchAction","target":{"@type":"EntryPoint","urlTemplate":"https:\/\/staging.varesenews.it\/?s={search_term_string}"},"query-input":"required name=search_term_string"}],"inLanguage":"it-IT"},{"@type":"Person","@id":"https:\/\/staging.varesenews.it\/#\/schema\/person\/3eb5832c6beae763de8d9596fdbe8c49","name":"Andrea Camurani","image":{"@type":"ImageObject","inLanguage":"it-IT","@id":"https:\/\/staging.varesenews.it\/#\/schema\/person\/image\/","url":"https:\/\/staging.varesenews.it\/wp-content\/uploads\/2020\/12\/andrea_camurani_colori_500.jpg","contentUrl":"https:\/\/staging.varesenews.it\/wp-content\/uploads\/2020\/12\/andrea_camurani_colori_500.jpg","caption":"Andrea Camurani"},"description":"Sono figlio degli anni Settanta e di Milano, dove ho imparato a riconoscere buoni e cattivi. Laurea in scienze politiche, lavoro a VareseNews dal 2000. Racconto quel che trovo quando incontro chi vuole lasciare al mondo un pezzetto di vita, che si chiama cronaca. &ldquo;...perch&eacute; &egrave; la gente il pi&ugrave; grande spettacolo del mondo. E non si paga il biglietto...&rdquo; (Charles Bukowsky)","sameAs":["https:\/\/www.facebook.com\/andrea.camurani?fref=photo","andreacamurani","https:\/\/www.linkedin.com\/hp\/?dnr=A9a84RfzsLdo9xg4NcGV4dLiMknoc9ms4WM","https:\/\/twitter.com\/AndreaCamurani"],"url":"https:\/\/staging.varesenews.it\/persona\/andrea_camurani\/"}]}},"post_meta":{"_edit_lock":"1553797259:34","_edit_last":"34","_category_permalink":"a:1:{s:8:\"category\";s:0:\"\";}","ratings_users":"0","ratings_score":"0","ratings_average":"0","foto":"723196","firma_come_redazione":"1","argomento":"Luino","_yoast_wpseo_content_score":"30","_jd_tweet_this":"yes","_wpt_short_url":"https:\/\/www.varesenews.it\/2019\/03\/al-via-pattugliamento-confine\/807064\/","_wp_jd_target":"https:\/\/www.varesenews.it\/2019\/03\/al-via-pattugliamento-confine\/807064\/","_jd_wp_twitter":"a:1:{i:0;s:139:\"Al via il pattugliamento di confine https:\/\/www.varesenews.it\/2019\/03\/al-via-pattugliamento-confine\/807064\/ #pattugliemiste #poliziadistato\";}","_wpt_status_message":"Tweet inviato con successo."},"photos":[{"original":"https:\/\/staging.varesenews.it\/photogallery_new\/images\/2019\/02\/gallarate-generico-723196.jpg","full":"https:\/\/staging.varesenews.it\/photogallery_new\/images\/2019\/02\/gallarate-generico-723196.1024x768.jpg","large":"https:\/\/staging.varesenews.it\/photogallery_new\/images\/2019\/02\/gallarate-generico-723196.610x431.jpg"}],"_links":{"self":[{"href":"https:\/\/staging.varesenews.it\/swgapi\/v1\/wp\/v2\/posts\/807064"}],"collection":[{"href":"https:\/\/staging.varesenews.it\/swgapi\/v1\/wp\/v2\/posts"}],"about":[{"href":"https:\/\/staging.varesenews.it\/swgapi\/v1\/wp\/v2\/types\/post"}],"author":[{"embeddable":true,"href":"https:\/\/staging.varesenews.it\/swgapi\/v1\/wp\/v2\/users\/34"}],"replies":[{"embeddable":true,"href":"https:\/\/staging.varesenews.it\/swgapi\/v1\/wp\/v2\/comments?post=807064"}],"version-history":[{"count":0,"href":"https:\/\/staging.varesenews.it\/swgapi\/v1\/wp\/v2\/posts\/807064\/revisions"}],"wp:attachment":[{"href":"https:\/\/staging.varesenews.it\/swgapi\/v1\/wp\/v2\/media?parent=807064"}],"wp:term":[{"taxonomy":"category","embeddable":true,"href":"https:\/\/staging.varesenews.it\/swgapi\/v1\/wp\/v2\/categories?post=807064"},{"taxonomy":"post_tag","embeddable":true,"href":"https:\/\/staging.varesenews.it\/swgapi\/v1\/wp\/v2\/tags?post=807064"}],"curies":[{"name":"wp","href":"https:\/\/api.w.org\/{rel}","templated":true}]}}