{"id":807266,"date":"2019-03-28T21:30:27","date_gmt":"2019-03-28T20:30:27","guid":{"rendered":"https:\/\/www.varesenews.it\/?p=807266"},"modified":"2019-03-29T07:22:10","modified_gmt":"2019-03-29T06:22:10","slug":"perde-controllo-si-ribalta-rimane-incastrato-nelle-lamiere","status":"publish","type":"post","link":"https:\/\/staging.varesenews.it\/2019\/03\/perde-controllo-si-ribalta-rimane-incastrato-nelle-lamiere\/807266\/","title":{"rendered":"Perde il controllo, si ribalta e rimane incastrato nelle lamiere"},"content":{"rendered":"<p>Un uomo di 51 anni \u00e8 rimasto intrappolato tra le lamiere del suo furgone. \u00c8 successo ad Azzate nella serata di gioved\u00ec 28 marzo.<\/p>\n<p>L&#8217;uomo stava transitando sulla in via Piave (Sp 17) quando\u00a0per cause in fase di accertamento<strong> intorno alle 20 ha perso il controllo del veicolo ribaltandosi sulla sede stradale.<\/strong><\/p>\n<p>Per liberarlo dal mezzo i\u00a0vigili del fuoco sono intervenuti con un\u2019autopompa e, mediate l\u2019uso di una cesoia\/divaricatore hanno estratto l\u2019uomo dall\u2019abitacolo, affidandolo poi alle cure del personale sanitario. Sul posto sono state infatti inviate un&#8217;ambulanza e un&#8217;automedica in codice rosso ma, dopo le prime cure sul posto, <strong>il ferito \u00e8 stato portato in ospedale in codice giallo.<\/strong><\/p>\n","protected":false},"excerpt":{"rendered":"<p>Incidente lungo la Sp17 con un 51enne che ha perso il controllo del suo mezzo. \u00c8 stato liberato dai vigili del fuoco<\/p>\n","protected":false},"author":42,"featured_media":0,"comment_status":"open","ping_status":"open","sticky":false,"template":"","format":"standard","meta":{"footnotes":""},"categories":[2],"tags":[1039],"acf":[],"yoast_head":"<!-- This site is optimized with the Yoast SEO plugin v20.1 - https:\/\/yoast.com\/wordpress\/plugins\/seo\/ -->\n<title>Perde il controllo, si ribalta e rimane incastrato nelle lamiere<\/title>\n<meta name=\"description\" content=\"Incidente lungo la Sp17 con un 51enne che ha perso il controllo del suo mezzo. \u00c8 stato liberato dai vigili del fuoco\" \/>\n<meta name=\"robots\" content=\"noindex, follow, max-snippet:-1, max-image-preview:large, max-video-preview:-1\" \/>\n<meta property=\"og:locale\" content=\"it_IT\" \/>\n<meta property=\"og:type\" content=\"article\" \/>\n<meta property=\"og:title\" content=\"Perde il controllo, si ribalta e rimane incastrato nelle lamiere\" \/>\n<meta property=\"og:description\" content=\"Incidente lungo la Sp17 con un 51enne che ha perso il controllo del suo mezzo. \u00c8 stato liberato dai vigili del fuoco\" \/>\n<meta property=\"og:url\" content=\"https:\/\/staging.varesenews.it\/2019\/03\/perde-controllo-si-ribalta-rimane-incastrato-nelle-lamiere\/807266\/\" \/>\n<meta property=\"og:site_name\" content=\"VareseNews\" \/>\n<meta property=\"article:publisher\" content=\"https:\/\/www.facebook.com\/varesenews\" \/>\n<meta property=\"article:published_time\" content=\"2019-03-28T20:30:27+00:00\" \/>\n<meta property=\"article:modified_time\" content=\"2019-03-29T06:22:10+00:00\" \/>\n<meta name=\"author\" content=\"Marco Corso\" \/>\n<meta name=\"twitter:card\" content=\"summary_large_image\" \/>\n<meta name=\"twitter:creator\" content=\"@varesenews\" \/>\n<meta name=\"twitter:site\" content=\"@varesenews\" \/>\n<meta name=\"twitter:label1\" content=\"Scritto da\" \/>\n\t<meta name=\"twitter:data1\" content=\"Marco Corso\" \/>\n\t<meta name=\"twitter:label2\" content=\"Tempo di lettura stimato\" \/>\n\t<meta name=\"twitter:data2\" content=\"1 minuto\" \/>\n<script type=\"application\/ld+json\" class=\"yoast-schema-graph\">{\"@context\":\"https:\/\/schema.org\",\"@graph\":[{\"@type\":\"WebPage\",\"@id\":\"https:\/\/staging.varesenews.it\/2019\/03\/perde-controllo-si-ribalta-rimane-incastrato-nelle-lamiere\/807266\/\",\"url\":\"https:\/\/staging.varesenews.it\/2019\/03\/perde-controllo-si-ribalta-rimane-incastrato-nelle-lamiere\/807266\/\",\"name\":\"Perde il controllo, si ribalta e rimane incastrato nelle lamiere\",\"isPartOf\":{\"@id\":\"https:\/\/staging.varesenews.it\/#website\"},\"datePublished\":\"2019-03-28T20:30:27+00:00\",\"dateModified\":\"2019-03-29T06:22:10+00:00\",\"author\":{\"@id\":\"https:\/\/staging.varesenews.it\/#\/schema\/person\/f0b866bf1a4a7b2b1558574309a927fa\"},\"description\":\"Incidente lungo la Sp17 con un 51enne che ha perso il controllo del suo mezzo. \u00c8 stato liberato dai vigili del fuoco\",\"breadcrumb\":{\"@id\":\"https:\/\/staging.varesenews.it\/2019\/03\/perde-controllo-si-ribalta-rimane-incastrato-nelle-lamiere\/807266\/#breadcrumb\"},\"inLanguage\":\"it-IT\",\"potentialAction\":[{\"@type\":\"ReadAction\",\"target\":[\"https:\/\/staging.varesenews.it\/2019\/03\/perde-controllo-si-ribalta-rimane-incastrato-nelle-lamiere\/807266\/\"]}]},{\"@type\":\"BreadcrumbList\",\"@id\":\"https:\/\/staging.varesenews.it\/2019\/03\/perde-controllo-si-ribalta-rimane-incastrato-nelle-lamiere\/807266\/#breadcrumb\",\"itemListElement\":[{\"@type\":\"ListItem\",\"position\":1,\"name\":\"Home\",\"item\":\"https:\/\/www.varesenews.it\/\"},{\"@type\":\"ListItem\",\"position\":2,\"name\":\"Perde il controllo, si ribalta e rimane incastrato nelle lamiere\"}]},{\"@type\":\"WebSite\",\"@id\":\"https:\/\/staging.varesenews.it\/#website\",\"url\":\"https:\/\/staging.varesenews.it\/\",\"name\":\"VareseNews\",\"description\":\"\",\"potentialAction\":[{\"@type\":\"SearchAction\",\"target\":{\"@type\":\"EntryPoint\",\"urlTemplate\":\"https:\/\/staging.varesenews.it\/?s={search_term_string}\"},\"query-input\":\"required name=search_term_string\"}],\"inLanguage\":\"it-IT\"},{\"@type\":\"Person\",\"@id\":\"https:\/\/staging.varesenews.it\/#\/schema\/person\/f0b866bf1a4a7b2b1558574309a927fa\",\"name\":\"Marco Corso\",\"image\":{\"@type\":\"ImageObject\",\"inLanguage\":\"it-IT\",\"@id\":\"https:\/\/staging.varesenews.it\/#\/schema\/person\/image\/\",\"url\":\"https:\/\/staging.varesenews.it\/wp-content\/uploads\/2020\/12\/marco_corso_colori_500.jpg\",\"contentUrl\":\"https:\/\/staging.varesenews.it\/wp-content\/uploads\/2020\/12\/marco_corso_colori_500.jpg\",\"caption\":\"Marco Corso\"},\"description\":\"Classe 91, per diversi anni mi sono fregiato del titolo di pi&ugrave; giovane della redazione, ma adesso faccio il fratello maggiore alle nuove leve. Mi sono laureato nel 2013 in Scienze Sociali per la Globalizzazione alla Statale di Milano e nel 2015 mi sono diplomato in videogiornalismo alla Civica Scuola di Cinema di Milano. A VareseNews da 10 anni, ho seguito da sempre diversi progetti, partendo dalla mia Busto Arsizio per attraversare tutta la provincia. Adesso la \\\"sorvolo\\\" anche con il mio drone, regalando alle mie riprese sempre un punto di vista emozionale e narrativo sui luoghi e le vicende che racconto, ma rimanendo fedele alla cronaca. Quando non faccio il giornalista viaggio o mi arrampico sui monti, per guardare il mondo da altri punti di vista.\",\"sameAs\":[\"mar_corso\"],\"url\":\"https:\/\/staging.varesenews.it\/persona\/marco-corso1\/\"}]}<\/script>\n<!-- \/ Yoast SEO plugin. -->","yoast_head_json":{"title":"Perde il controllo, si ribalta e rimane incastrato nelle lamiere","description":"Incidente lungo la Sp17 con un 51enne che ha perso il controllo del suo mezzo. \u00c8 stato liberato dai vigili del fuoco","robots":{"index":"noindex","follow":"follow","max-snippet":"max-snippet:-1","max-image-preview":"max-image-preview:large","max-video-preview":"max-video-preview:-1"},"og_locale":"it_IT","og_type":"article","og_title":"Perde il controllo, si ribalta e rimane incastrato nelle lamiere","og_description":"Incidente lungo la Sp17 con un 51enne che ha perso il controllo del suo mezzo. \u00c8 stato liberato dai vigili del fuoco","og_url":"https:\/\/staging.varesenews.it\/2019\/03\/perde-controllo-si-ribalta-rimane-incastrato-nelle-lamiere\/807266\/","og_site_name":"VareseNews","article_publisher":"https:\/\/www.facebook.com\/varesenews","article_published_time":"2019-03-28T20:30:27+00:00","article_modified_time":"2019-03-29T06:22:10+00:00","author":"Marco Corso","twitter_card":"summary_large_image","twitter_creator":"@varesenews","twitter_site":"@varesenews","twitter_misc":{"Scritto da":"Marco Corso","Tempo di lettura stimato":"1 minuto"},"schema":{"@context":"https:\/\/schema.org","@graph":[{"@type":"WebPage","@id":"https:\/\/staging.varesenews.it\/2019\/03\/perde-controllo-si-ribalta-rimane-incastrato-nelle-lamiere\/807266\/","url":"https:\/\/staging.varesenews.it\/2019\/03\/perde-controllo-si-ribalta-rimane-incastrato-nelle-lamiere\/807266\/","name":"Perde il controllo, si ribalta e rimane incastrato nelle lamiere","isPartOf":{"@id":"https:\/\/staging.varesenews.it\/#website"},"datePublished":"2019-03-28T20:30:27+00:00","dateModified":"2019-03-29T06:22:10+00:00","author":{"@id":"https:\/\/staging.varesenews.it\/#\/schema\/person\/f0b866bf1a4a7b2b1558574309a927fa"},"description":"Incidente lungo la Sp17 con un 51enne che ha perso il controllo del suo mezzo. \u00c8 stato liberato dai vigili del fuoco","breadcrumb":{"@id":"https:\/\/staging.varesenews.it\/2019\/03\/perde-controllo-si-ribalta-rimane-incastrato-nelle-lamiere\/807266\/#breadcrumb"},"inLanguage":"it-IT","potentialAction":[{"@type":"ReadAction","target":["https:\/\/staging.varesenews.it\/2019\/03\/perde-controllo-si-ribalta-rimane-incastrato-nelle-lamiere\/807266\/"]}]},{"@type":"BreadcrumbList","@id":"https:\/\/staging.varesenews.it\/2019\/03\/perde-controllo-si-ribalta-rimane-incastrato-nelle-lamiere\/807266\/#breadcrumb","itemListElement":[{"@type":"ListItem","position":1,"name":"Home","item":"https:\/\/www.varesenews.it\/"},{"@type":"ListItem","position":2,"name":"Perde il controllo, si ribalta e rimane incastrato nelle lamiere"}]},{"@type":"WebSite","@id":"https:\/\/staging.varesenews.it\/#website","url":"https:\/\/staging.varesenews.it\/","name":"VareseNews","description":"","potentialAction":[{"@type":"SearchAction","target":{"@type":"EntryPoint","urlTemplate":"https:\/\/staging.varesenews.it\/?s={search_term_string}"},"query-input":"required name=search_term_string"}],"inLanguage":"it-IT"},{"@type":"Person","@id":"https:\/\/staging.varesenews.it\/#\/schema\/person\/f0b866bf1a4a7b2b1558574309a927fa","name":"Marco Corso","image":{"@type":"ImageObject","inLanguage":"it-IT","@id":"https:\/\/staging.varesenews.it\/#\/schema\/person\/image\/","url":"https:\/\/staging.varesenews.it\/wp-content\/uploads\/2020\/12\/marco_corso_colori_500.jpg","contentUrl":"https:\/\/staging.varesenews.it\/wp-content\/uploads\/2020\/12\/marco_corso_colori_500.jpg","caption":"Marco Corso"},"description":"Classe 91, per diversi anni mi sono fregiato del titolo di pi&ugrave; giovane della redazione, ma adesso faccio il fratello maggiore alle nuove leve. Mi sono laureato nel 2013 in Scienze Sociali per la Globalizzazione alla Statale di Milano e nel 2015 mi sono diplomato in videogiornalismo alla Civica Scuola di Cinema di Milano. A VareseNews da 10 anni, ho seguito da sempre diversi progetti, partendo dalla mia Busto Arsizio per attraversare tutta la provincia. Adesso la \"sorvolo\" anche con il mio drone, regalando alle mie riprese sempre un punto di vista emozionale e narrativo sui luoghi e le vicende che racconto, ma rimanendo fedele alla cronaca. Quando non faccio il giornalista viaggio o mi arrampico sui monti, per guardare il mondo da altri punti di vista.","sameAs":["mar_corso"],"url":"https:\/\/staging.varesenews.it\/persona\/marco-corso1\/"}]}},"post_meta":{"_edit_lock":"1553841120:49","_edit_last":"49","_category_permalink":"a:1:{s:8:\"category\";s:0:\"\";}","ratings_users":"0","ratings_score":"0","ratings_average":"0","foto":"730424","id_link_fotogallery":"807268","firma_come_redazione":"1","argomento":"Azzate","_yoast_wpseo_content_score":"30","_jd_tweet_this":"yes","_wpt_short_url":"https:\/\/www.varesenews.it\/2019\/03\/perde-controllo-si-ribalta-rimane-incastrato-nelle-lamiere\/807266\/","_wp_jd_target":"https:\/\/www.varesenews.it\/2019\/03\/perde-controllo-si-ribalta-rimane-incastrato-nelle-lamiere\/807266\/","_jd_wp_twitter":"a:1:{i:0;s:166:\"Perde il controllo, si ribalta e rimane incastrato nelle lamiere https:\/\/www.varesenews.it\/2019\/03\/perde-controllo-si-ribalta-rimane-incastrato-nelle-lamiere\/807266\/ \";}","_wpt_status_message":"Tweet inviato con successo."},"photos":[{"original":"https:\/\/staging.varesenews.it\/photogallery_new\/images\/2019\/03\/caricamento-temporaneo-per-contributo-155380465952htq8eht84i6a35-730424.jpg","full":"https:\/\/staging.varesenews.it\/photogallery_new\/images\/2019\/03\/caricamento-temporaneo-per-contributo-155380465952htq8eht84i6a35-730424.1024x768.jpg","large":"https:\/\/staging.varesenews.it\/photogallery_new\/images\/2019\/03\/caricamento-temporaneo-per-contributo-155380465952htq8eht84i6a35-730424.610x431.jpg"}],"_links":{"self":[{"href":"https:\/\/staging.varesenews.it\/swgapi\/v1\/wp\/v2\/posts\/807266"}],"collection":[{"href":"https:\/\/staging.varesenews.it\/swgapi\/v1\/wp\/v2\/posts"}],"about":[{"href":"https:\/\/staging.varesenews.it\/swgapi\/v1\/wp\/v2\/types\/post"}],"author":[{"embeddable":true,"href":"https:\/\/staging.varesenews.it\/swgapi\/v1\/wp\/v2\/users\/42"}],"replies":[{"embeddable":true,"href":"https:\/\/staging.varesenews.it\/swgapi\/v1\/wp\/v2\/comments?post=807266"}],"version-history":[{"count":0,"href":"https:\/\/staging.varesenews.it\/swgapi\/v1\/wp\/v2\/posts\/807266\/revisions"}],"wp:attachment":[{"href":"https:\/\/staging.varesenews.it\/swgapi\/v1\/wp\/v2\/media?parent=807266"}],"wp:term":[{"taxonomy":"category","embeddable":true,"href":"https:\/\/staging.varesenews.it\/swgapi\/v1\/wp\/v2\/categories?post=807266"},{"taxonomy":"post_tag","embeddable":true,"href":"https:\/\/staging.varesenews.it\/swgapi\/v1\/wp\/v2\/tags?post=807266"}],"curies":[{"name":"wp","href":"https:\/\/api.w.org\/{rel}","templated":true}]}}