{"id":808325,"date":"2019-04-02T07:45:55","date_gmt":"2019-04-02T05:45:55","guid":{"rendered":"https:\/\/www.varesenews.it\/?p=808325"},"modified":"2019-04-02T07:45:55","modified_gmt":"2019-04-02T05:45:55","slug":"certificazioni-mediche-linvalidita-perche-costano","status":"publish","type":"post","link":"https:\/\/staging.varesenews.it\/2019\/04\/certificazioni-mediche-linvalidita-perche-costano\/808325\/","title":{"rendered":"Certificazioni mediche per l&#8217;invalidit\u00e0: perch\u00e9 costano?"},"content":{"rendered":"<p class=\"p1\"><span class=\"s1\">\u00ab<strong>Perch\u00e9 i cittadini lombardi devono pagare 150 euro i certificati medici necessari a ottenere l\u2019invalidit\u00e0?<\/strong>\u00bb \u00c8 la domanda che il consigliere regionale\u00a0<b>Samuele Astuti<\/b> ha posto all\u2019<strong>assessore alla sanit\u00e0 regionale Giulio Gallera<\/strong><\/span><\/p>\n<p class=\"p1\"><span class=\"s1\">I Democratici si sono mossi dopo aver ricevuto alcune segnalazioni da parte di cittadini: la <strong>normativa nazionale prevede che tali certificazioni debbano essere fornite gratuitamente.<\/strong><\/span><\/p>\n<p class=\"p1\"><span class=\"s1\">L\u2019iter per il riconoscimento dell\u2019invalidit\u00e0 prevede che il paziente sia visitato dagli specialisti che accertano l\u2019handicap e, successivamente, che l\u2019ATS attribuisca la condizione di invalidit\u00e0 e il suo grado. Tra l\u2019uno e l\u2019altro passaggio ce n\u2019\u00e8 uno formale ma indispensabile: la \u201ccertificazione medica introduttiva per l\u2019invalidit\u00e0\u201d, che pu\u00f2 essere redatta dagli specialisti stessi o dal medico di famiglia. Per la normativa vigente questo certificato dovrebbe essere fornito gratis ma in Lombardia cos\u00ec non \u00e8: <strong>ai cittadini che si recano dai propri medici vengono chieste cifre che vanno dai 50 ai 150 euro.<\/strong> Il Pd chiede che la Regione intervenga e lo fa con un\u2019interrogazione che sar\u00e0 discussa questa mattina, marted\u00ec 2 aprile, in Consiglio regionale.<\/span><\/p>\n<p class=\"p1\"><span class=\"s1\">\u00abMolti cittadini, e proprio i pi\u00f9 fragili, pagano cifre anche consistenti ai propri medici di base per poter attivare la procedura burocratica e richiedere il certificato di invalidit\u00e0, nonostante una normativa nazionale e una circolare regionale ne prevedano la gratuit\u00e0 &#8211; commenta il consigliere\u00a0<b>Samuele Astuti<\/b> &#8211; La colpa non \u00e8 dei medici di medicina generale che eseguono una prestazione da liberi professionisti ma tocca alla Regione intervenire tempestivamente e porre rimedio a questa stortura, stipulando una convenzione con gli stessi medici, perch\u00e9 questa prestazione sia sempre gratuita, cos\u00ec come avviene anche per altre certificazioni. La Regione dovrebbe, inoltre \u2013 aggiunge &#8211; istruire i medici specialisti di reparto, che sarebbero anche i pi\u00f9 titolati a compilare tali certificazioni, affinch\u00e9 provvedano direttamente presso le strutture, sollevando cos\u00ec le famiglie da costi e disagi ulteriori\u00bb.<\/span><\/p>\n","protected":false},"excerpt":{"rendered":"<p>I consiglieri democratici hanno presentato un&#8217;interrogazione all&#8217;assessore al welfare dopo le segnalazioni sul pagamento di atti che devono essere gratuiti<\/p>\n","protected":false},"author":33,"featured_media":0,"comment_status":"open","ping_status":"open","sticky":false,"template":"","format":"standard","meta":{"footnotes":""},"categories":[7,16,24,1],"tags":[1981,532],"acf":[],"yoast_head":"<!-- This site is optimized with the Yoast SEO plugin v20.1 - https:\/\/yoast.com\/wordpress\/plugins\/seo\/ -->\n<title>Certificazioni mediche per l&#039;invalidit\u00e0: perch\u00e9 costano?<\/title>\n<meta name=\"description\" content=\"I consiglieri democratici hanno presentato un&#039;interrogazione all&#039;assessore al welfare dopo le segnalazioni sul pagamento di atti che devono essere gratuiti\" \/>\n<meta name=\"robots\" content=\"noindex, follow, max-snippet:-1, max-image-preview:large, max-video-preview:-1\" \/>\n<meta property=\"og:locale\" content=\"it_IT\" \/>\n<meta property=\"og:type\" content=\"article\" \/>\n<meta property=\"og:title\" content=\"Certificazioni mediche per l&#039;invalidit\u00e0: perch\u00e9 costano?\" \/>\n<meta property=\"og:description\" content=\"I consiglieri democratici hanno presentato un&#039;interrogazione all&#039;assessore al welfare dopo le segnalazioni sul pagamento di atti che devono essere gratuiti\" \/>\n<meta property=\"og:url\" content=\"https:\/\/staging.varesenews.it\/2019\/04\/certificazioni-mediche-linvalidita-perche-costano\/808325\/\" \/>\n<meta property=\"og:site_name\" content=\"VareseNews\" \/>\n<meta property=\"article:publisher\" content=\"https:\/\/www.facebook.com\/varesenews\" \/>\n<meta property=\"article:author\" content=\"alessandra.toni7\" \/>\n<meta property=\"article:published_time\" content=\"2019-04-02T05:45:55+00:00\" \/>\n<meta name=\"author\" content=\"Alessandra Toni\" \/>\n<meta name=\"twitter:card\" content=\"summary_large_image\" \/>\n<meta name=\"twitter:creator\" content=\"@alessandra_toni\" \/>\n<meta name=\"twitter:site\" content=\"@varesenews\" \/>\n<meta name=\"twitter:label1\" content=\"Scritto da\" \/>\n\t<meta name=\"twitter:data1\" content=\"Alessandra Toni\" \/>\n\t<meta name=\"twitter:label2\" content=\"Tempo di lettura stimato\" \/>\n\t<meta name=\"twitter:data2\" content=\"2 minuti\" \/>\n<script type=\"application\/ld+json\" class=\"yoast-schema-graph\">{\"@context\":\"https:\/\/schema.org\",\"@graph\":[{\"@type\":\"WebPage\",\"@id\":\"https:\/\/staging.varesenews.it\/2019\/04\/certificazioni-mediche-linvalidita-perche-costano\/808325\/\",\"url\":\"https:\/\/staging.varesenews.it\/2019\/04\/certificazioni-mediche-linvalidita-perche-costano\/808325\/\",\"name\":\"Certificazioni mediche per l'invalidit\u00e0: perch\u00e9 costano?\",\"isPartOf\":{\"@id\":\"https:\/\/staging.varesenews.it\/#website\"},\"datePublished\":\"2019-04-02T05:45:55+00:00\",\"dateModified\":\"2019-04-02T05:45:55+00:00\",\"author\":{\"@id\":\"https:\/\/staging.varesenews.it\/#\/schema\/person\/2643ce123d4a3c9511e015dc548779b8\"},\"description\":\"I consiglieri democratici hanno presentato un'interrogazione all'assessore al welfare dopo le segnalazioni sul pagamento di atti che devono essere gratuiti\",\"breadcrumb\":{\"@id\":\"https:\/\/staging.varesenews.it\/2019\/04\/certificazioni-mediche-linvalidita-perche-costano\/808325\/#breadcrumb\"},\"inLanguage\":\"it-IT\",\"potentialAction\":[{\"@type\":\"ReadAction\",\"target\":[\"https:\/\/staging.varesenews.it\/2019\/04\/certificazioni-mediche-linvalidita-perche-costano\/808325\/\"]}]},{\"@type\":\"BreadcrumbList\",\"@id\":\"https:\/\/staging.varesenews.it\/2019\/04\/certificazioni-mediche-linvalidita-perche-costano\/808325\/#breadcrumb\",\"itemListElement\":[{\"@type\":\"ListItem\",\"position\":1,\"name\":\"Home\",\"item\":\"https:\/\/www.varesenews.it\/\"},{\"@type\":\"ListItem\",\"position\":2,\"name\":\"Certificazioni mediche per l&#8217;invalidit\u00e0: perch\u00e9 costano?\"}]},{\"@type\":\"WebSite\",\"@id\":\"https:\/\/staging.varesenews.it\/#website\",\"url\":\"https:\/\/staging.varesenews.it\/\",\"name\":\"VareseNews\",\"description\":\"\",\"potentialAction\":[{\"@type\":\"SearchAction\",\"target\":{\"@type\":\"EntryPoint\",\"urlTemplate\":\"https:\/\/staging.varesenews.it\/?s={search_term_string}\"},\"query-input\":\"required name=search_term_string\"}],\"inLanguage\":\"it-IT\"},{\"@type\":\"Person\",\"@id\":\"https:\/\/staging.varesenews.it\/#\/schema\/person\/2643ce123d4a3c9511e015dc548779b8\",\"name\":\"Alessandra Toni\",\"image\":{\"@type\":\"ImageObject\",\"inLanguage\":\"it-IT\",\"@id\":\"https:\/\/staging.varesenews.it\/#\/schema\/person\/image\/\",\"url\":\"https:\/\/staging.varesenews.it\/wp-content\/uploads\/2020\/12\/alessandra_toni_colori_500.jpg\",\"contentUrl\":\"https:\/\/staging.varesenews.it\/wp-content\/uploads\/2020\/12\/alessandra_toni_colori_500.jpg\",\"caption\":\"Alessandra Toni\"},\"description\":\"Sono entrata nella redazione di VareseNews nel lontano anno 2000. Ero reduce da una bellissima esperienza nella redazione giornalistica della TV Nuova Antennatre, sotto la direzione dell'indimenticabile direttore Adolfo Caldarini. Sono arrivata quando era ancora una piccola realt\u00e0 editoriale e insieme abbiamo fatto un lungo ed entusiasmante lavoro. Mi occupo prevalentemente di scuola e di sanit\u00e0, settori impegnativi di grande valore sociale.\u00a0\",\"sameAs\":[\"alessandra.toni7\",\"alessandra.toni\",\"https:\/\/twitter.com\/alessandra_toni\"],\"url\":\"https:\/\/staging.varesenews.it\/persona\/alessandra_toni1\/\"}]}<\/script>\n<!-- \/ Yoast SEO plugin. -->","yoast_head_json":{"title":"Certificazioni mediche per l'invalidit\u00e0: perch\u00e9 costano?","description":"I consiglieri democratici hanno presentato un'interrogazione all'assessore al welfare dopo le segnalazioni sul pagamento di atti che devono essere gratuiti","robots":{"index":"noindex","follow":"follow","max-snippet":"max-snippet:-1","max-image-preview":"max-image-preview:large","max-video-preview":"max-video-preview:-1"},"og_locale":"it_IT","og_type":"article","og_title":"Certificazioni mediche per l'invalidit\u00e0: perch\u00e9 costano?","og_description":"I consiglieri democratici hanno presentato un'interrogazione all'assessore al welfare dopo le segnalazioni sul pagamento di atti che devono essere gratuiti","og_url":"https:\/\/staging.varesenews.it\/2019\/04\/certificazioni-mediche-linvalidita-perche-costano\/808325\/","og_site_name":"VareseNews","article_publisher":"https:\/\/www.facebook.com\/varesenews","article_author":"alessandra.toni7","article_published_time":"2019-04-02T05:45:55+00:00","author":"Alessandra Toni","twitter_card":"summary_large_image","twitter_creator":"@alessandra_toni","twitter_site":"@varesenews","twitter_misc":{"Scritto da":"Alessandra Toni","Tempo di lettura stimato":"2 minuti"},"schema":{"@context":"https:\/\/schema.org","@graph":[{"@type":"WebPage","@id":"https:\/\/staging.varesenews.it\/2019\/04\/certificazioni-mediche-linvalidita-perche-costano\/808325\/","url":"https:\/\/staging.varesenews.it\/2019\/04\/certificazioni-mediche-linvalidita-perche-costano\/808325\/","name":"Certificazioni mediche per l'invalidit\u00e0: perch\u00e9 costano?","isPartOf":{"@id":"https:\/\/staging.varesenews.it\/#website"},"datePublished":"2019-04-02T05:45:55+00:00","dateModified":"2019-04-02T05:45:55+00:00","author":{"@id":"https:\/\/staging.varesenews.it\/#\/schema\/person\/2643ce123d4a3c9511e015dc548779b8"},"description":"I consiglieri democratici hanno presentato un'interrogazione all'assessore al welfare dopo le segnalazioni sul pagamento di atti che devono essere gratuiti","breadcrumb":{"@id":"https:\/\/staging.varesenews.it\/2019\/04\/certificazioni-mediche-linvalidita-perche-costano\/808325\/#breadcrumb"},"inLanguage":"it-IT","potentialAction":[{"@type":"ReadAction","target":["https:\/\/staging.varesenews.it\/2019\/04\/certificazioni-mediche-linvalidita-perche-costano\/808325\/"]}]},{"@type":"BreadcrumbList","@id":"https:\/\/staging.varesenews.it\/2019\/04\/certificazioni-mediche-linvalidita-perche-costano\/808325\/#breadcrumb","itemListElement":[{"@type":"ListItem","position":1,"name":"Home","item":"https:\/\/www.varesenews.it\/"},{"@type":"ListItem","position":2,"name":"Certificazioni mediche per l&#8217;invalidit\u00e0: perch\u00e9 costano?"}]},{"@type":"WebSite","@id":"https:\/\/staging.varesenews.it\/#website","url":"https:\/\/staging.varesenews.it\/","name":"VareseNews","description":"","potentialAction":[{"@type":"SearchAction","target":{"@type":"EntryPoint","urlTemplate":"https:\/\/staging.varesenews.it\/?s={search_term_string}"},"query-input":"required name=search_term_string"}],"inLanguage":"it-IT"},{"@type":"Person","@id":"https:\/\/staging.varesenews.it\/#\/schema\/person\/2643ce123d4a3c9511e015dc548779b8","name":"Alessandra Toni","image":{"@type":"ImageObject","inLanguage":"it-IT","@id":"https:\/\/staging.varesenews.it\/#\/schema\/person\/image\/","url":"https:\/\/staging.varesenews.it\/wp-content\/uploads\/2020\/12\/alessandra_toni_colori_500.jpg","contentUrl":"https:\/\/staging.varesenews.it\/wp-content\/uploads\/2020\/12\/alessandra_toni_colori_500.jpg","caption":"Alessandra Toni"},"description":"Sono entrata nella redazione di VareseNews nel lontano anno 2000. Ero reduce da una bellissima esperienza nella redazione giornalistica della TV Nuova Antennatre, sotto la direzione dell'indimenticabile direttore Adolfo Caldarini. Sono arrivata quando era ancora una piccola realt\u00e0 editoriale e insieme abbiamo fatto un lungo ed entusiasmante lavoro. Mi occupo prevalentemente di scuola e di sanit\u00e0, settori impegnativi di grande valore sociale.\u00a0","sameAs":["alessandra.toni7","alessandra.toni","https:\/\/twitter.com\/alessandra_toni"],"url":"https:\/\/staging.varesenews.it\/persona\/alessandra_toni1\/"}]}},"post_meta":{"_edit_lock":"1554184015:33","_edit_last":"33","_category_permalink":"a:1:{s:8:\"category\";s:2:\"24\";}","argomento":"Milano","_yoast_wpseo_content_score":"30","_jd_tweet_this":"yes","foto":"666032","firma_come_redazione":"1","ratings_users":"0","ratings_score":"0","ratings_average":"0","_wpt_short_url":"https:\/\/www.varesenews.it\/2019\/04\/certificazioni-mediche-linvalidita-perche-costano\/808325\/","_wp_jd_target":"https:\/\/www.varesenews.it\/2019\/04\/certificazioni-mediche-linvalidita-perche-costano\/808325\/","_jd_wp_twitter":"a:1:{i:0;s:153:\"Certificazioni mediche per l\u2019invalidit\u00e0: perch\u00e9 costano? https:\/\/www.varesenews.it\/2019\/04\/certificazioni-mediche-linvalidita-perche-costano\/808325\/ \";}","_wpt_status_message":"Tweet inviato con successo."},"photos":[{"original":"https:\/\/staging.varesenews.it\/photogallery_new\/images\/2018\/04\/consiglio-regionale-666032.jpg","full":"https:\/\/staging.varesenews.it\/photogallery_new\/images\/2018\/04\/consiglio-regionale-666032.1024x768.jpg","large":"https:\/\/staging.varesenews.it\/photogallery_new\/images\/2018\/04\/consiglio-regionale-666032.610x431.jpg"}],"_links":{"self":[{"href":"https:\/\/staging.varesenews.it\/swgapi\/v1\/wp\/v2\/posts\/808325"}],"collection":[{"href":"https:\/\/staging.varesenews.it\/swgapi\/v1\/wp\/v2\/posts"}],"about":[{"href":"https:\/\/staging.varesenews.it\/swgapi\/v1\/wp\/v2\/types\/post"}],"author":[{"embeddable":true,"href":"https:\/\/staging.varesenews.it\/swgapi\/v1\/wp\/v2\/users\/33"}],"replies":[{"embeddable":true,"href":"https:\/\/staging.varesenews.it\/swgapi\/v1\/wp\/v2\/comments?post=808325"}],"version-history":[{"count":0,"href":"https:\/\/staging.varesenews.it\/swgapi\/v1\/wp\/v2\/posts\/808325\/revisions"}],"wp:attachment":[{"href":"https:\/\/staging.varesenews.it\/swgapi\/v1\/wp\/v2\/media?parent=808325"}],"wp:term":[{"taxonomy":"category","embeddable":true,"href":"https:\/\/staging.varesenews.it\/swgapi\/v1\/wp\/v2\/categories?post=808325"},{"taxonomy":"post_tag","embeddable":true,"href":"https:\/\/staging.varesenews.it\/swgapi\/v1\/wp\/v2\/tags?post=808325"}],"curies":[{"name":"wp","href":"https:\/\/api.w.org\/{rel}","templated":true}]}}