{"id":808381,"date":"2019-04-02T10:16:58","date_gmt":"2019-04-02T08:16:58","guid":{"rendered":"https:\/\/www.varesenews.it\/?p=808381"},"modified":"2019-04-02T10:16:58","modified_gmt":"2019-04-02T08:16:58","slug":"libri-teatro-la-settimana-della-lettura","status":"publish","type":"post","link":"https:\/\/staging.varesenews.it\/2019\/04\/libri-teatro-la-settimana-della-lettura\/808381\/","title":{"rendered":"Libri e teatro, ecco la Settimana della Lettura"},"content":{"rendered":"<p>Settima edizione della <strong>&#8220;Settimana della lettura&#8221;<\/strong> a <strong>Gallarate<\/strong>.<\/p>\n<p>Nello spazio del<strong> Teatro delle Arti,<\/strong> con il patrocinio dell\u2019Amministrazione comunale di Gallarate nella persona dell\u2019Assessore alla cultura Isabella Peroni,<strong> si tiene da luned\u00ec 1aprile a sabato 6 aprile 2019 la VII edizione de \u201cLa Settimana della Lettura \u2013Le Parole sono Luce\u201d<\/strong>.<\/p>\n<p>Questa edizione vede la partecipazione degli Istituti Scolastici di Gallarate: I.S. \u201cG. Falcone\u201d Dirigente Marina Bianchi- capofila di rete, I.S.I.S. \u201cA. Ponti\u201d Dirigente Giuseppe Martino, I.C. \u201cCardano\u201d Dirigente Vito Ilacqua, I.C. \u201cDante\u201d Dirigente, Daniele Chiffi, I.C. \u201cDe Amicis\u201d Dirigente Barbara Pellegatta, I.C. \u201cPonti\u201d Dirigente Francesca Capello, ITELL \u201cGadda-Rosselli\u201d Dirigente Anselmo. P. Bosello e le news entry Sacro Cuore Liceo Scienze Umane Dirigente Giampietro Ferrario, C.F.P. di Gallarate Responsabile Gianluigi Manara.<\/p>\n<p>Docenti referenti <strong>Annitta Di Mineo, ideatrice e responsabile del progetto<\/strong>, con lo staff <strong>Alba Argentero, Grazia Bonsignore, Raffaele Luongo<\/strong>, <strong>Fabio Mattia, Maurizio Stumpo, Caterina Cipolla, Anna Pesole<\/strong>, <strong>Manuela Regazzo, Ileana Ridolfo<\/strong>, <strong>Nadia Bottini, Mariarosa Forti, Anna Doglio, Mariangela Merola<\/strong>.<\/p>\n<p>Oltre ai prosatori e poeti fidelizzati presenti sul territorio e non, aderiscono e corroborano la realt\u00e0 culturale degli incontri con gli studenti dell\u2019Infanzia, Primaria, Secondaria di primo grado e Secondaria di secondo grado, ormai consolidata, altre new entry.<\/p>\n<p>A sostegno della manifestazione figurano le <strong>librerie Biblos, BustoLibri, Car\u00f9, Rinascita e C.A. SA Edizioni<\/strong>.<\/p>\n<p>L\u2019insigne poeta <strong>Giampiero Neri<\/strong> ha aperto la VII edizione al Teatro delle Arti, luned\u00ec mattina.\u00a0All\u2019interno della manifestazione <strong>mercoled\u00ec 3 aprile<\/strong> al Teatro del Popolo alle ore 9:00 c\u2019 \u00e8 <strong>una giornata dedicata alle rappresentazioni teatrali<\/strong> da parte degli studenti degli Istituti partecipanti.<\/p>\n<p>Sempre coinvolgente il<strong> Concorso \u201cLe Parole sono Luce\u201d<\/strong> con le sezioni di poesia- racconto- teatro- fotografia e video.<br \/>\nRicordiamo che gli Istituti scolastici saranno il palcoscenico dove scrittori e poeti incontreranno gli studenti perch\u00e9 i veri protagonisti sono loro, gli alunni, dall\u2019 Infanzia alla Primaria, dalle Medie alle Superiori.<br \/>\nInfanzia: Rossana Girotto\/Laura Lampugnani, Rosalba Le Favi, Valeria Rossi.<br \/>\nPrimaria: Giulio Grigioni, Maria Martines, Elena Mearini, Laura Orsolini.<br \/>\nMedie: Francesco Casolo, Daniele Cassioli Marco Cellucci, Andrea Franzoso, Christia Hill, Fiore Manni<br \/>\nSuperiori: Vincenzo Guarracino, Antonio Grassi, Paolo Mauri, Carlo Colombo, Duilio Parietti, Andrea Buffoni, Luigi Patrini, Giuseppe Fimman\u00f2\/Alberto Guenzani, Claudo Marelli, Antonio Conticello, Paolo lazzaro, Andrea Rosa, Seby Leonardi, Samuel Menna.<br \/>\nReading poetico nelle scuole cittadine: Guido Oldani, Sabrina De Canio, Massaimo Silvotti, Maddalena Capalbi, Francesco Piscitello, Giuseppe Lorenzetti, Alberto Mori, Angela Passarello, Luigi Giurdanella , Maria E. Mejani, Francesco Casuscelli, Eleonora Bellini , Marilina Luraschi, Giovanna Menegus, Giusi Tamborini, Annitta Di Mineo.<\/p>\n<p>Come sempre <strong>\u00e8 prevista l\u2019installazione di \u201cVersi diStesi\u201d<\/strong>, cordate di poesie realizzate dal Laboratorio artigianale dell\u2019Istituto Superiore \u201cG. Falcone\u201d, cordate poetiche esposte nelle scuole, cos\u00ec gli studenti potranno leggere tranquillamente le poesie, strapparle e realizzare il loro book poetico. Tanti sono i poeti che hanno inviato una o pi\u00f9 poesie per avvicinare i giovani al mondo della poesia.<\/p>\n<p>Annunciati<strong> tre momenti alle ore 18:00 aperti al pubblico<\/strong>: marted\u00ec 2 e mercoled\u00ec 3 alle ore 18:00 presso la libreria Biblos di Gallarate, gioved\u00ec 4 dalle ore 18:00 alle 20:00 all\u2019 I.S.I.S. \u201cPonti\u201d Piazza Giovine Italia con buffet finale.<\/p>\n<p>La rassegna prevede la cerimonia di premiazione al Concorso di racconti, poesie, teatro, fotografia, video \u201cLe Parole sono Luce\u201d nella Sala Scuderie Martignoni di Gallarate: sabato 6 aprile ore 15.00 alunni dell\u2019Infanzia, ore 15:30 alunni della Primaria, ore 16:00 studenti della Secondaria di primo e di secondo grado. Anche quest\u2019anno i premi consistono in libri, medaglie e coppe.<\/p>\n","protected":false},"excerpt":{"rendered":"<p>L\u2019insigne poeta Giampiero Neri ha aperto la VII edizione al Teatro delle Arti: coinvolte tutte le scuole cittadini, previsti anche tre momenti aperti alla citt\u00e0<\/p>\n","protected":false},"author":46,"featured_media":0,"comment_status":"open","ping_status":"open","sticky":false,"template":"","format":"standard","meta":{"footnotes":""},"categories":[3,90],"tags":[41324,223,60020],"acf":[],"yoast_head":"<!-- This site is optimized with the Yoast SEO plugin v20.1 - https:\/\/yoast.com\/wordpress\/plugins\/seo\/ -->\n<title>Libri e teatro, ecco la Settimana della Lettura<\/title>\n<meta name=\"description\" content=\"L\u2019insigne poeta Giampiero Neri ha aperto la VII edizione al Teatro delle Arti: coinvolte tutte le scuole cittadini, previsti anche tre momenti aperti alla citt\u00e0\" \/>\n<meta name=\"robots\" content=\"noindex, follow, max-snippet:-1, max-image-preview:large, max-video-preview:-1\" \/>\n<meta property=\"og:locale\" content=\"it_IT\" \/>\n<meta property=\"og:type\" content=\"article\" \/>\n<meta property=\"og:title\" content=\"Libri e teatro, ecco la Settimana della Lettura\" \/>\n<meta property=\"og:description\" content=\"L\u2019insigne poeta Giampiero Neri ha aperto la VII edizione al Teatro delle Arti: coinvolte tutte le scuole cittadini, previsti anche tre momenti aperti alla citt\u00e0\" \/>\n<meta property=\"og:url\" content=\"https:\/\/staging.varesenews.it\/2019\/04\/libri-teatro-la-settimana-della-lettura\/808381\/\" \/>\n<meta property=\"og:site_name\" content=\"VareseNews\" \/>\n<meta property=\"article:publisher\" content=\"https:\/\/www.facebook.com\/varesenews\" \/>\n<meta property=\"article:published_time\" content=\"2019-04-02T08:16:58+00:00\" \/>\n<meta name=\"author\" content=\"Roberto Morandi\" \/>\n<meta name=\"twitter:card\" content=\"summary_large_image\" \/>\n<meta name=\"twitter:creator\" content=\"@ilmorands\" \/>\n<meta name=\"twitter:site\" content=\"@varesenews\" \/>\n<meta name=\"twitter:label1\" content=\"Scritto da\" \/>\n\t<meta name=\"twitter:data1\" content=\"Roberto Morandi\" \/>\n\t<meta name=\"twitter:label2\" content=\"Tempo di lettura stimato\" \/>\n\t<meta name=\"twitter:data2\" content=\"3 minuti\" \/>\n<script type=\"application\/ld+json\" class=\"yoast-schema-graph\">{\"@context\":\"https:\/\/schema.org\",\"@graph\":[{\"@type\":\"WebPage\",\"@id\":\"https:\/\/staging.varesenews.it\/2019\/04\/libri-teatro-la-settimana-della-lettura\/808381\/\",\"url\":\"https:\/\/staging.varesenews.it\/2019\/04\/libri-teatro-la-settimana-della-lettura\/808381\/\",\"name\":\"Libri e teatro, ecco la Settimana della Lettura\",\"isPartOf\":{\"@id\":\"https:\/\/staging.varesenews.it\/#website\"},\"datePublished\":\"2019-04-02T08:16:58+00:00\",\"dateModified\":\"2019-04-02T08:16:58+00:00\",\"author\":{\"@id\":\"https:\/\/staging.varesenews.it\/#\/schema\/person\/efe592ae4c76536b551f89d8b6674bc3\"},\"description\":\"L\u2019insigne poeta Giampiero Neri ha aperto la VII edizione al Teatro delle Arti: coinvolte tutte le scuole cittadini, previsti anche tre momenti aperti alla citt\u00e0\",\"breadcrumb\":{\"@id\":\"https:\/\/staging.varesenews.it\/2019\/04\/libri-teatro-la-settimana-della-lettura\/808381\/#breadcrumb\"},\"inLanguage\":\"it-IT\",\"potentialAction\":[{\"@type\":\"ReadAction\",\"target\":[\"https:\/\/staging.varesenews.it\/2019\/04\/libri-teatro-la-settimana-della-lettura\/808381\/\"]}]},{\"@type\":\"BreadcrumbList\",\"@id\":\"https:\/\/staging.varesenews.it\/2019\/04\/libri-teatro-la-settimana-della-lettura\/808381\/#breadcrumb\",\"itemListElement\":[{\"@type\":\"ListItem\",\"position\":1,\"name\":\"Home\",\"item\":\"https:\/\/www.varesenews.it\/\"},{\"@type\":\"ListItem\",\"position\":2,\"name\":\"Libri e teatro, ecco la Settimana della Lettura\"}]},{\"@type\":\"WebSite\",\"@id\":\"https:\/\/staging.varesenews.it\/#website\",\"url\":\"https:\/\/staging.varesenews.it\/\",\"name\":\"VareseNews\",\"description\":\"\",\"potentialAction\":[{\"@type\":\"SearchAction\",\"target\":{\"@type\":\"EntryPoint\",\"urlTemplate\":\"https:\/\/staging.varesenews.it\/?s={search_term_string}\"},\"query-input\":\"required name=search_term_string\"}],\"inLanguage\":\"it-IT\"},{\"@type\":\"Person\",\"@id\":\"https:\/\/staging.varesenews.it\/#\/schema\/person\/efe592ae4c76536b551f89d8b6674bc3\",\"name\":\"Roberto Morandi\",\"image\":{\"@type\":\"ImageObject\",\"inLanguage\":\"it-IT\",\"@id\":\"https:\/\/staging.varesenews.it\/#\/schema\/person\/image\/\",\"url\":\"https:\/\/staging.varesenews.it\/wp-content\/uploads\/2020\/12\/roberto_morandi_colori_500.jpg\",\"contentUrl\":\"https:\/\/staging.varesenews.it\/wp-content\/uploads\/2020\/12\/roberto_morandi_colori_500.jpg\",\"caption\":\"Roberto Morandi\"},\"description\":\"Classe 1980, laureato in storia, mi occupo dell&rsquo;area di Gallarate e di Malpensa, di trasporti e mobilit&agrave;. Amo molto la dimensione della citt&agrave;, come luogo d&rsquo;incontro di persone diverse e come organismo che si trasforma costantemente. Mi piace anche raccontare le piccole e grandi vicende, anche locali, che compongono la Storia con la S maiuscola. Appassionato di bicicletta: la macchina perfetta per muoversi in citt&agrave; e per viaggiare.\",\"sameAs\":[\"https:\/\/twitter.com\/ilmorands\"],\"url\":\"https:\/\/staging.varesenews.it\/persona\/roberto-morandi1\/\"}]}<\/script>\n<!-- \/ Yoast SEO plugin. -->","yoast_head_json":{"title":"Libri e teatro, ecco la Settimana della Lettura","description":"L\u2019insigne poeta Giampiero Neri ha aperto la VII edizione al Teatro delle Arti: coinvolte tutte le scuole cittadini, previsti anche tre momenti aperti alla citt\u00e0","robots":{"index":"noindex","follow":"follow","max-snippet":"max-snippet:-1","max-image-preview":"max-image-preview:large","max-video-preview":"max-video-preview:-1"},"og_locale":"it_IT","og_type":"article","og_title":"Libri e teatro, ecco la Settimana della Lettura","og_description":"L\u2019insigne poeta Giampiero Neri ha aperto la VII edizione al Teatro delle Arti: coinvolte tutte le scuole cittadini, previsti anche tre momenti aperti alla citt\u00e0","og_url":"https:\/\/staging.varesenews.it\/2019\/04\/libri-teatro-la-settimana-della-lettura\/808381\/","og_site_name":"VareseNews","article_publisher":"https:\/\/www.facebook.com\/varesenews","article_published_time":"2019-04-02T08:16:58+00:00","author":"Roberto Morandi","twitter_card":"summary_large_image","twitter_creator":"@ilmorands","twitter_site":"@varesenews","twitter_misc":{"Scritto da":"Roberto Morandi","Tempo di lettura stimato":"3 minuti"},"schema":{"@context":"https:\/\/schema.org","@graph":[{"@type":"WebPage","@id":"https:\/\/staging.varesenews.it\/2019\/04\/libri-teatro-la-settimana-della-lettura\/808381\/","url":"https:\/\/staging.varesenews.it\/2019\/04\/libri-teatro-la-settimana-della-lettura\/808381\/","name":"Libri e teatro, ecco la Settimana della Lettura","isPartOf":{"@id":"https:\/\/staging.varesenews.it\/#website"},"datePublished":"2019-04-02T08:16:58+00:00","dateModified":"2019-04-02T08:16:58+00:00","author":{"@id":"https:\/\/staging.varesenews.it\/#\/schema\/person\/efe592ae4c76536b551f89d8b6674bc3"},"description":"L\u2019insigne poeta Giampiero Neri ha aperto la VII edizione al Teatro delle Arti: coinvolte tutte le scuole cittadini, previsti anche tre momenti aperti alla citt\u00e0","breadcrumb":{"@id":"https:\/\/staging.varesenews.it\/2019\/04\/libri-teatro-la-settimana-della-lettura\/808381\/#breadcrumb"},"inLanguage":"it-IT","potentialAction":[{"@type":"ReadAction","target":["https:\/\/staging.varesenews.it\/2019\/04\/libri-teatro-la-settimana-della-lettura\/808381\/"]}]},{"@type":"BreadcrumbList","@id":"https:\/\/staging.varesenews.it\/2019\/04\/libri-teatro-la-settimana-della-lettura\/808381\/#breadcrumb","itemListElement":[{"@type":"ListItem","position":1,"name":"Home","item":"https:\/\/www.varesenews.it\/"},{"@type":"ListItem","position":2,"name":"Libri e teatro, ecco la Settimana della Lettura"}]},{"@type":"WebSite","@id":"https:\/\/staging.varesenews.it\/#website","url":"https:\/\/staging.varesenews.it\/","name":"VareseNews","description":"","potentialAction":[{"@type":"SearchAction","target":{"@type":"EntryPoint","urlTemplate":"https:\/\/staging.varesenews.it\/?s={search_term_string}"},"query-input":"required name=search_term_string"}],"inLanguage":"it-IT"},{"@type":"Person","@id":"https:\/\/staging.varesenews.it\/#\/schema\/person\/efe592ae4c76536b551f89d8b6674bc3","name":"Roberto Morandi","image":{"@type":"ImageObject","inLanguage":"it-IT","@id":"https:\/\/staging.varesenews.it\/#\/schema\/person\/image\/","url":"https:\/\/staging.varesenews.it\/wp-content\/uploads\/2020\/12\/roberto_morandi_colori_500.jpg","contentUrl":"https:\/\/staging.varesenews.it\/wp-content\/uploads\/2020\/12\/roberto_morandi_colori_500.jpg","caption":"Roberto Morandi"},"description":"Classe 1980, laureato in storia, mi occupo dell&rsquo;area di Gallarate e di Malpensa, di trasporti e mobilit&agrave;. Amo molto la dimensione della citt&agrave;, come luogo d&rsquo;incontro di persone diverse e come organismo che si trasforma costantemente. Mi piace anche raccontare le piccole e grandi vicende, anche locali, che compongono la Storia con la S maiuscola. Appassionato di bicicletta: la macchina perfetta per muoversi in citt&agrave; e per viaggiare.","sameAs":["https:\/\/twitter.com\/ilmorands"],"url":"https:\/\/staging.varesenews.it\/persona\/roberto-morandi1\/"}]}},"post_meta":{"_edit_lock":"1554192886:46","_edit_last":"46","_category_permalink":"a:1:{s:8:\"category\";s:0:\"\";}","ratings_users":"0","ratings_score":"0","ratings_average":"0","foto":"730953","firma_come_redazione":"1","argomento":"Gallarate","_yoast_wpseo_content_score":"30","_jd_tweet_this":"yes","_wpt_short_url":"https:\/\/www.varesenews.it\/2019\/04\/libri-teatro-la-settimana-della-lettura\/808381\/","_wp_jd_target":"https:\/\/www.varesenews.it\/2019\/04\/libri-teatro-la-settimana-della-lettura\/808381\/","_jd_wp_twitter":"a:1:{i:0;s:148:\"Libri e teatro, ecco la Settimana della Lettura https:\/\/www.varesenews.it\/2019\/04\/libri-teatro-la-settimana-della-lettura\/808381\/ #gallarate #scuola\";}","_wpt_status_message":"Tweet inviato con successo."},"photos":[{"original":"https:\/\/staging.varesenews.it\/photogallery_new\/images\/2019\/04\/gallarate-generico-730953.jpg","full":"https:\/\/staging.varesenews.it\/photogallery_new\/images\/2019\/04\/gallarate-generico-730953.1024x768.jpg","large":"https:\/\/staging.varesenews.it\/photogallery_new\/images\/2019\/04\/gallarate-generico-730953.610x431.jpg"}],"_links":{"self":[{"href":"https:\/\/staging.varesenews.it\/swgapi\/v1\/wp\/v2\/posts\/808381"}],"collection":[{"href":"https:\/\/staging.varesenews.it\/swgapi\/v1\/wp\/v2\/posts"}],"about":[{"href":"https:\/\/staging.varesenews.it\/swgapi\/v1\/wp\/v2\/types\/post"}],"author":[{"embeddable":true,"href":"https:\/\/staging.varesenews.it\/swgapi\/v1\/wp\/v2\/users\/46"}],"replies":[{"embeddable":true,"href":"https:\/\/staging.varesenews.it\/swgapi\/v1\/wp\/v2\/comments?post=808381"}],"version-history":[{"count":0,"href":"https:\/\/staging.varesenews.it\/swgapi\/v1\/wp\/v2\/posts\/808381\/revisions"}],"wp:attachment":[{"href":"https:\/\/staging.varesenews.it\/swgapi\/v1\/wp\/v2\/media?parent=808381"}],"wp:term":[{"taxonomy":"category","embeddable":true,"href":"https:\/\/staging.varesenews.it\/swgapi\/v1\/wp\/v2\/categories?post=808381"},{"taxonomy":"post_tag","embeddable":true,"href":"https:\/\/staging.varesenews.it\/swgapi\/v1\/wp\/v2\/tags?post=808381"}],"curies":[{"name":"wp","href":"https:\/\/api.w.org\/{rel}","templated":true}]}}