{"id":808672,"date":"2019-04-02T16:17:23","date_gmt":"2019-04-02T14:17:23","guid":{"rendered":"https:\/\/www.varesenews.it\/?p=808672"},"modified":"2019-04-02T16:24:44","modified_gmt":"2019-04-02T14:24:44","slug":"cargo-city-ferrovia-malpensa-ten-t","status":"publish","type":"post","link":"https:\/\/staging.varesenews.it\/2019\/04\/cargo-city-ferrovia-malpensa-ten-t\/808672\/","title":{"rendered":"Cargo city e ferrovia, Malpensa &#8220;porta&#8221; d&#8217;Europa"},"content":{"rendered":"<p><strong>Iveta Radi\u010dov\u00e1 e Pawel Wojciechowski,<\/strong> coordinatori dei corridoi europei Mediterraneo e Reno Alpi del <a href=\"https:\/\/it.wikipedia.org\/wiki\/Reti_di_trasporto_trans-europee\" target=\"_blank\" rel=\"noopener\">programma TEN-T<\/a>, che vede <strong>Milano<\/strong> nodo primario della rete, si sono incontrati per una giornata di lavori sul tema dei <strong>Nodi Urbani<\/strong>, nella cornice del Castello Sforzesco del capoluogo lombardo.<\/p>\n<p><em>(nella foto sotto, da sinistra: Marco Mariani e Laura Stiriti di Ferrovienord, Iveta Radi\u010dov\u00e1 e Pawel Wojciechowski, Francesco Raschi e Massimo Corradi di SEA sotto la targa della stazione ferroviaria del Terminal 2)<\/em><\/p>\n<p>Nel pomeriggio si si sono recati all\u2019<strong>aeroporto di Milano Malpensa<\/strong> per visitare la recente <strong>stazione ferroviaria del terminal 2<\/strong>. I contributi della Unione europea sono stati importanti per la realizzazione del collegamento del terminal 1 con il terminal 2 e della stazione ferroviaria del terminal 2, prima fase di un progetto finalizzato a migliorare la connettivit\u00e0 con il centro di Milano e con tutto il nord Italia. Oggi sono ancora pi\u00f9 fondamentali per la realizzazione del collegamento tra il terminal 2 e la linea del Sempione.<\/p>\n<div class=\"photo-inside-post\"><img decoding=\"async\" loading=\"lazy\" fetchpriority=\"low\" width=\"610\" height=\"431\" src=\"https:\/\/staging.varesenews.it\/photogallery_new\/images\/2019\/04\/malpensa-generiche-731093.610x431.jpg\" alt=\"Malpensa Generiche\"><\/div>\n<p>La visita \u00e8 proseguita alla <strong>Cargo City<\/strong>\u00a0di Malpensa, hub di riferimento per tutto il Sud Europa.<\/p>\n<p>Nell\u2019ambito dell\u2019assetto delle Reti TEN-T, Milano si qualifica quale indiscusso crocevia di tutte le modalit\u00e0 di trasporto. Sulla base di quanto stabilito dal Reg. (UE) 1315\/2013, che istituisce le reti TEN-T, Milano \u00e8 un nodo urbano della rete e conta, inoltre, ben 3 aeroporti (Linate, Malpensa e Orio) core, un Terminale ferroviario-stradale core (Milano Smistamento) e un porto interno comprehensive.<br \/>\nIl Reg. (UE) 1316\/2013, prevede Milano quale snodo sia del Corridoio Reno-Alpi che Mediterraneo, a conferma del ruolo strategico di collegamento che riveste nel nord-Italia e in Europa in generale.<br \/>\nSEA, in qualit\u00e0 di Gestore aeroportuale di due dei 2 aeroporti della citt\u00e0, \u00e8 componente del Forum di Corridoio ed \u00e8 sempre stata attivamente impegnata in tale organo consultivo per promuovere iniziative volte al miglioramento dei collegamenti e alla promozione dei propri aeroporti, del territorio milanese e delle regioni limitrofe oltre che nel supporto all\u2019attuazione delle politiche europee in tema di trasporti.<br \/>\nSEA ha inoltre beneficiato di finanziamenti CEF per alcuni interventi realizzati a favore dell\u2019aeroporto di Malpensa, tra cui il progetto MXPT2(Railink)-UP. L\u2019intervento completato nel 2016, per un investimento totale di \u20ac 115 milioni, di cui \u20ac 23 cofinanziato con fondi europei, ha consentito, attraverso il proseguimento della linea ferroviaria per 3,4 km (di cui 1,6 in galleria), il collegamento tra Terminal 1 e Terminal 2.<br \/>\nCross Corridor Working Group on Regions and Urban Nodes<\/p>\n<p>SEA si \u00e8 fatta promotrice, nell\u2019ambito del XII Forum di corridoio tenutosi nel novembre 2018 a Bruxelles, dell\u2019organizzazione di un Working Group che coinvolge sia il Corridoio Mediterraneo che il Reno-Alpi, e che si focalizza sul ruolo dei Nodi Urbani e delle Regioni per lo sviluppo della rete.<br \/>\nIl Working Group, del 1\u00b0 Aprile, \u00e8 stata l&#8217;occasione per un confronto sui seguenti argomenti:<br \/>\nSoluzioni di mobilit\u00e0 sostenibile per i nodi urbani della rete transeuropea dei trasporti;<br \/>\nDigitalizzazione e innovazione per la mobilit\u00e0 nei nodi urbani.<br \/>\nL&#8217;incontro che ha avuto luogo presso Castello Sforzesco con la partecipazione di personalit\u00e0 di grande rilevanza politica quali:<br \/>\nMrs Iveta Radi\u010dov\u00e1 &#8211; Coordinatrice del Corridoio Mediterraneo, gi\u00e0 Primo Ministro della Slovacchia.<br \/>\nMr. Pawe\u0142 Wojciechowski &#8211; Coordinatore del Corridoio Reno-Alpi, gi\u00e0 Ministro delle Finanza Polacco.<br \/>\nMr. Carlo Secchi &#8211; Coordinatore del Corridoio Atlantico, che interverr\u00e0 in qualit\u00e0 di esperto di modalit\u00e0 di finanziamento innovative per i progetti della rete TEN-T.<br \/>\nIl Working Group ha visto tra l&#8217;altro coinvolti rappresentanti dei grandi nodi urbani dei due corridoi che attraversano Milano, il Reno-Alpi ed il Mediterraneo, quali Barcellona, Marsiglia, Lione, Budapest ecc.<br \/>\nIl Sindaco Bucci della citt\u00e0 di Genova ha, inoltre, manifestato il suo interesse a presentare all&#8217;evento le azioni che la citt\u00e0 sta realizzando per assicurare la connettivit\u00e0 dopo il crollo del Ponte Morandi.<\/p>\n","protected":false},"excerpt":{"rendered":"<p>Nella giornata di luned\u00ec 1 aprile Sea e Ferrovienord hanno incontrato Iveta Radi\u010dov\u00e1 e Pawel Wojciechowski, coordinatori dei corridoi europei Mediterraneo e Reno Alpi <\/p>\n","protected":false},"author":46,"featured_media":0,"comment_status":"open","ping_status":"open","sticky":false,"template":"","format":"standard","meta":{"footnotes":""},"categories":[3],"tags":[365],"acf":[],"yoast_head":"<!-- This site is optimized with the Yoast SEO plugin v20.1 - https:\/\/yoast.com\/wordpress\/plugins\/seo\/ -->\n<title>Cargo city e ferrovia, Malpensa &quot;porta&quot; d&#039;Europa<\/title>\n<meta name=\"description\" content=\"Nella giornata di luned\u00ec 1 aprile Sea e Ferrovienord hanno incontrato Iveta Radi\u010dov\u00e1 e Pawel Wojciechowski, coordinatori dei corridoi europei Mediterraneo e Reno Alpi\" \/>\n<meta name=\"robots\" content=\"noindex, follow, max-snippet:-1, max-image-preview:large, max-video-preview:-1\" \/>\n<meta property=\"og:locale\" content=\"it_IT\" \/>\n<meta property=\"og:type\" content=\"article\" \/>\n<meta property=\"og:title\" content=\"Cargo city e ferrovia, Malpensa &quot;porta&quot; d&#039;Europa\" \/>\n<meta property=\"og:description\" content=\"Nella giornata di luned\u00ec 1 aprile Sea e Ferrovienord hanno incontrato Iveta Radi\u010dov\u00e1 e Pawel Wojciechowski, coordinatori dei corridoi europei Mediterraneo e Reno Alpi\" \/>\n<meta property=\"og:url\" content=\"https:\/\/staging.varesenews.it\/2019\/04\/cargo-city-ferrovia-malpensa-ten-t\/808672\/\" \/>\n<meta property=\"og:site_name\" content=\"VareseNews\" \/>\n<meta property=\"article:publisher\" content=\"https:\/\/www.facebook.com\/varesenews\" \/>\n<meta property=\"article:published_time\" content=\"2019-04-02T14:17:23+00:00\" \/>\n<meta property=\"article:modified_time\" content=\"2019-04-02T14:24:44+00:00\" \/>\n<meta name=\"author\" content=\"Roberto Morandi\" \/>\n<meta name=\"twitter:card\" content=\"summary_large_image\" \/>\n<meta name=\"twitter:creator\" content=\"@ilmorands\" \/>\n<meta name=\"twitter:site\" content=\"@varesenews\" \/>\n<meta name=\"twitter:label1\" content=\"Scritto da\" \/>\n\t<meta name=\"twitter:data1\" content=\"Roberto Morandi\" \/>\n\t<meta name=\"twitter:label2\" content=\"Tempo di lettura stimato\" \/>\n\t<meta name=\"twitter:data2\" content=\"3 minuti\" \/>\n<script type=\"application\/ld+json\" class=\"yoast-schema-graph\">{\"@context\":\"https:\/\/schema.org\",\"@graph\":[{\"@type\":\"WebPage\",\"@id\":\"https:\/\/staging.varesenews.it\/2019\/04\/cargo-city-ferrovia-malpensa-ten-t\/808672\/\",\"url\":\"https:\/\/staging.varesenews.it\/2019\/04\/cargo-city-ferrovia-malpensa-ten-t\/808672\/\",\"name\":\"Cargo city e ferrovia, Malpensa \\\"porta\\\" d'Europa\",\"isPartOf\":{\"@id\":\"https:\/\/staging.varesenews.it\/#website\"},\"datePublished\":\"2019-04-02T14:17:23+00:00\",\"dateModified\":\"2019-04-02T14:24:44+00:00\",\"author\":{\"@id\":\"https:\/\/staging.varesenews.it\/#\/schema\/person\/efe592ae4c76536b551f89d8b6674bc3\"},\"description\":\"Nella giornata di luned\u00ec 1 aprile Sea e Ferrovienord hanno incontrato Iveta Radi\u010dov\u00e1 e Pawel Wojciechowski, coordinatori dei corridoi europei Mediterraneo e Reno Alpi\",\"breadcrumb\":{\"@id\":\"https:\/\/staging.varesenews.it\/2019\/04\/cargo-city-ferrovia-malpensa-ten-t\/808672\/#breadcrumb\"},\"inLanguage\":\"it-IT\",\"potentialAction\":[{\"@type\":\"ReadAction\",\"target\":[\"https:\/\/staging.varesenews.it\/2019\/04\/cargo-city-ferrovia-malpensa-ten-t\/808672\/\"]}]},{\"@type\":\"BreadcrumbList\",\"@id\":\"https:\/\/staging.varesenews.it\/2019\/04\/cargo-city-ferrovia-malpensa-ten-t\/808672\/#breadcrumb\",\"itemListElement\":[{\"@type\":\"ListItem\",\"position\":1,\"name\":\"Home\",\"item\":\"https:\/\/www.varesenews.it\/\"},{\"@type\":\"ListItem\",\"position\":2,\"name\":\"Cargo city e ferrovia, Malpensa &#8220;porta&#8221; d&#8217;Europa\"}]},{\"@type\":\"WebSite\",\"@id\":\"https:\/\/staging.varesenews.it\/#website\",\"url\":\"https:\/\/staging.varesenews.it\/\",\"name\":\"VareseNews\",\"description\":\"\",\"potentialAction\":[{\"@type\":\"SearchAction\",\"target\":{\"@type\":\"EntryPoint\",\"urlTemplate\":\"https:\/\/staging.varesenews.it\/?s={search_term_string}\"},\"query-input\":\"required name=search_term_string\"}],\"inLanguage\":\"it-IT\"},{\"@type\":\"Person\",\"@id\":\"https:\/\/staging.varesenews.it\/#\/schema\/person\/efe592ae4c76536b551f89d8b6674bc3\",\"name\":\"Roberto Morandi\",\"image\":{\"@type\":\"ImageObject\",\"inLanguage\":\"it-IT\",\"@id\":\"https:\/\/staging.varesenews.it\/#\/schema\/person\/image\/\",\"url\":\"https:\/\/staging.varesenews.it\/wp-content\/uploads\/2020\/12\/roberto_morandi_colori_500.jpg\",\"contentUrl\":\"https:\/\/staging.varesenews.it\/wp-content\/uploads\/2020\/12\/roberto_morandi_colori_500.jpg\",\"caption\":\"Roberto Morandi\"},\"description\":\"Classe 1980, laureato in storia, mi occupo dell&rsquo;area di Gallarate e di Malpensa, di trasporti e mobilit&agrave;. Amo molto la dimensione della citt&agrave;, come luogo d&rsquo;incontro di persone diverse e come organismo che si trasforma costantemente. Mi piace anche raccontare le piccole e grandi vicende, anche locali, che compongono la Storia con la S maiuscola. Appassionato di bicicletta: la macchina perfetta per muoversi in citt&agrave; e per viaggiare.\",\"sameAs\":[\"https:\/\/twitter.com\/ilmorands\"],\"url\":\"https:\/\/staging.varesenews.it\/persona\/roberto-morandi1\/\"}]}<\/script>\n<!-- \/ Yoast SEO plugin. -->","yoast_head_json":{"title":"Cargo city e ferrovia, Malpensa \"porta\" d'Europa","description":"Nella giornata di luned\u00ec 1 aprile Sea e Ferrovienord hanno incontrato Iveta Radi\u010dov\u00e1 e Pawel Wojciechowski, coordinatori dei corridoi europei Mediterraneo e Reno Alpi","robots":{"index":"noindex","follow":"follow","max-snippet":"max-snippet:-1","max-image-preview":"max-image-preview:large","max-video-preview":"max-video-preview:-1"},"og_locale":"it_IT","og_type":"article","og_title":"Cargo city e ferrovia, Malpensa \"porta\" d'Europa","og_description":"Nella giornata di luned\u00ec 1 aprile Sea e Ferrovienord hanno incontrato Iveta Radi\u010dov\u00e1 e Pawel Wojciechowski, coordinatori dei corridoi europei Mediterraneo e Reno Alpi","og_url":"https:\/\/staging.varesenews.it\/2019\/04\/cargo-city-ferrovia-malpensa-ten-t\/808672\/","og_site_name":"VareseNews","article_publisher":"https:\/\/www.facebook.com\/varesenews","article_published_time":"2019-04-02T14:17:23+00:00","article_modified_time":"2019-04-02T14:24:44+00:00","author":"Roberto Morandi","twitter_card":"summary_large_image","twitter_creator":"@ilmorands","twitter_site":"@varesenews","twitter_misc":{"Scritto da":"Roberto Morandi","Tempo di lettura stimato":"3 minuti"},"schema":{"@context":"https:\/\/schema.org","@graph":[{"@type":"WebPage","@id":"https:\/\/staging.varesenews.it\/2019\/04\/cargo-city-ferrovia-malpensa-ten-t\/808672\/","url":"https:\/\/staging.varesenews.it\/2019\/04\/cargo-city-ferrovia-malpensa-ten-t\/808672\/","name":"Cargo city e ferrovia, Malpensa \"porta\" d'Europa","isPartOf":{"@id":"https:\/\/staging.varesenews.it\/#website"},"datePublished":"2019-04-02T14:17:23+00:00","dateModified":"2019-04-02T14:24:44+00:00","author":{"@id":"https:\/\/staging.varesenews.it\/#\/schema\/person\/efe592ae4c76536b551f89d8b6674bc3"},"description":"Nella giornata di luned\u00ec 1 aprile Sea e Ferrovienord hanno incontrato Iveta Radi\u010dov\u00e1 e Pawel Wojciechowski, coordinatori dei corridoi europei Mediterraneo e Reno Alpi","breadcrumb":{"@id":"https:\/\/staging.varesenews.it\/2019\/04\/cargo-city-ferrovia-malpensa-ten-t\/808672\/#breadcrumb"},"inLanguage":"it-IT","potentialAction":[{"@type":"ReadAction","target":["https:\/\/staging.varesenews.it\/2019\/04\/cargo-city-ferrovia-malpensa-ten-t\/808672\/"]}]},{"@type":"BreadcrumbList","@id":"https:\/\/staging.varesenews.it\/2019\/04\/cargo-city-ferrovia-malpensa-ten-t\/808672\/#breadcrumb","itemListElement":[{"@type":"ListItem","position":1,"name":"Home","item":"https:\/\/www.varesenews.it\/"},{"@type":"ListItem","position":2,"name":"Cargo city e ferrovia, Malpensa &#8220;porta&#8221; d&#8217;Europa"}]},{"@type":"WebSite","@id":"https:\/\/staging.varesenews.it\/#website","url":"https:\/\/staging.varesenews.it\/","name":"VareseNews","description":"","potentialAction":[{"@type":"SearchAction","target":{"@type":"EntryPoint","urlTemplate":"https:\/\/staging.varesenews.it\/?s={search_term_string}"},"query-input":"required name=search_term_string"}],"inLanguage":"it-IT"},{"@type":"Person","@id":"https:\/\/staging.varesenews.it\/#\/schema\/person\/efe592ae4c76536b551f89d8b6674bc3","name":"Roberto Morandi","image":{"@type":"ImageObject","inLanguage":"it-IT","@id":"https:\/\/staging.varesenews.it\/#\/schema\/person\/image\/","url":"https:\/\/staging.varesenews.it\/wp-content\/uploads\/2020\/12\/roberto_morandi_colori_500.jpg","contentUrl":"https:\/\/staging.varesenews.it\/wp-content\/uploads\/2020\/12\/roberto_morandi_colori_500.jpg","caption":"Roberto Morandi"},"description":"Classe 1980, laureato in storia, mi occupo dell&rsquo;area di Gallarate e di Malpensa, di trasporti e mobilit&agrave;. Amo molto la dimensione della citt&agrave;, come luogo d&rsquo;incontro di persone diverse e come organismo che si trasforma costantemente. Mi piace anche raccontare le piccole e grandi vicende, anche locali, che compongono la Storia con la S maiuscola. Appassionato di bicicletta: la macchina perfetta per muoversi in citt&agrave; e per viaggiare.","sameAs":["https:\/\/twitter.com\/ilmorands"],"url":"https:\/\/staging.varesenews.it\/persona\/roberto-morandi1\/"}]}},"post_meta":{"_edit_lock":"1554215536:46","_edit_last":"46","_category_permalink":"a:1:{s:8:\"category\";s:1:\"3\";}","ratings_users":"0","ratings_score":"0","ratings_average":"0","foto":"731094","firma_come_redazione":"1","argomento":"Malpensa","_yoast_wpseo_content_score":"30","_jd_tweet_this":"yes","_wpt_short_url":"https:\/\/www.varesenews.it\/2019\/04\/caergo-city-ferrovia-malpensa-porta-deuropa\/808672\/","_wp_jd_target":"https:\/\/www.varesenews.it\/2019\/04\/caergo-city-ferrovia-malpensa-porta-deuropa\/808672\/","_jd_wp_twitter":"a:1:{i:0;s:151:\"Caergo city e ferrovia, Malpensa \u201cporta\u201d d\u2019Europa https:\/\/www.varesenews.it\/2019\/04\/caergo-city-ferrovia-malpensa-porta-deuropa\/808672\/ #Malpensa\";}","_wpt_status_message":"Tweet inviato con successo.","_wp_old_slug":"caergo-city-ferrovia-malpensa-porta-deuropa"},"photos":[{"original":"https:\/\/staging.varesenews.it\/photogallery_new\/images\/2019\/04\/malpensa-generiche-731094.jpg","full":"https:\/\/staging.varesenews.it\/photogallery_new\/images\/2019\/04\/malpensa-generiche-731094.1024x768.jpg","large":"https:\/\/staging.varesenews.it\/photogallery_new\/images\/2019\/04\/malpensa-generiche-731094.610x431.jpg"}],"_links":{"self":[{"href":"https:\/\/staging.varesenews.it\/swgapi\/v1\/wp\/v2\/posts\/808672"}],"collection":[{"href":"https:\/\/staging.varesenews.it\/swgapi\/v1\/wp\/v2\/posts"}],"about":[{"href":"https:\/\/staging.varesenews.it\/swgapi\/v1\/wp\/v2\/types\/post"}],"author":[{"embeddable":true,"href":"https:\/\/staging.varesenews.it\/swgapi\/v1\/wp\/v2\/users\/46"}],"replies":[{"embeddable":true,"href":"https:\/\/staging.varesenews.it\/swgapi\/v1\/wp\/v2\/comments?post=808672"}],"version-history":[{"count":0,"href":"https:\/\/staging.varesenews.it\/swgapi\/v1\/wp\/v2\/posts\/808672\/revisions"}],"wp:attachment":[{"href":"https:\/\/staging.varesenews.it\/swgapi\/v1\/wp\/v2\/media?parent=808672"}],"wp:term":[{"taxonomy":"category","embeddable":true,"href":"https:\/\/staging.varesenews.it\/swgapi\/v1\/wp\/v2\/categories?post=808672"},{"taxonomy":"post_tag","embeddable":true,"href":"https:\/\/staging.varesenews.it\/swgapi\/v1\/wp\/v2\/tags?post=808672"}],"curies":[{"name":"wp","href":"https:\/\/api.w.org\/{rel}","templated":true}]}}