{"id":810009,"date":"2019-04-06T15:54:39","date_gmt":"2019-04-06T13:54:39","guid":{"rendered":"https:\/\/www.varesenews.it\/?p=810009"},"modified":"2019-04-06T15:54:39","modified_gmt":"2019-04-06T13:54:39","slug":"cade-dalla-moto-46enne-pronto-soccorso","status":"publish","type":"post","link":"https:\/\/staging.varesenews.it\/2019\/04\/cade-dalla-moto-46enne-pronto-soccorso\/810009\/","title":{"rendered":"Cade dalla moto, 46enne in pronto soccorso"},"content":{"rendered":"<p>Una caduta dalla moto costata il ricovero in ospedale in ambulanza per un uomo di 46 anni nel primo pomeriggio di sabato 6 aprile a Grantola.<\/p>\n<p>L\u2019uomo stava percorrendo la via Pr\u00e0 delle Vigne quando \u00e8 caduto dalla sua moto intorno alle 13.45. Sul posto \u00e8 accorsa un\u2019ambulanza che ha ricoverato il 46enne in codice giallo all\u2019ospedale di Circolo a Varese. Sono stati allertati anche i carabinieri della compagnia di Luino.<\/p>\n","protected":false},"excerpt":{"rendered":"<p>Sul posto \u00e8 accorsa un\u2019ambulanza che ha ricoverato il 46enne in codice giallo all\u2019ospedale di Circolo a Varese<\/p>\n","protected":false},"author":52,"featured_media":0,"comment_status":"open","ping_status":"open","sticky":false,"template":"","format":"standard","meta":{"footnotes":""},"categories":[2],"tags":[1039],"acf":[],"yoast_head":"<!-- This site is optimized with the Yoast SEO plugin v20.1 - https:\/\/yoast.com\/wordpress\/plugins\/seo\/ -->\n<title>Cade dalla moto, 46enne in pronto soccorso<\/title>\n<meta name=\"description\" content=\"Sul posto \u00e8 accorsa un\u2019ambulanza che ha ricoverato il 46enne in codice giallo all\u2019ospedale di Circolo a Varese\" \/>\n<meta name=\"robots\" content=\"noindex, follow, max-snippet:-1, max-image-preview:large, max-video-preview:-1\" \/>\n<meta property=\"og:locale\" content=\"it_IT\" \/>\n<meta property=\"og:type\" content=\"article\" \/>\n<meta property=\"og:title\" content=\"Cade dalla moto, 46enne in pronto soccorso\" \/>\n<meta property=\"og:description\" content=\"Sul posto \u00e8 accorsa un\u2019ambulanza che ha ricoverato il 46enne in codice giallo all\u2019ospedale di Circolo a Varese\" \/>\n<meta property=\"og:url\" content=\"https:\/\/staging.varesenews.it\/2019\/04\/cade-dalla-moto-46enne-pronto-soccorso\/810009\/\" \/>\n<meta property=\"og:site_name\" content=\"VareseNews\" \/>\n<meta property=\"article:publisher\" content=\"https:\/\/www.facebook.com\/varesenews\" \/>\n<meta property=\"article:published_time\" content=\"2019-04-06T13:54:39+00:00\" \/>\n<meta name=\"author\" content=\"Tomaso Bassani\" \/>\n<meta name=\"twitter:card\" content=\"summary_large_image\" \/>\n<meta name=\"twitter:creator\" content=\"@varesenews\" \/>\n<meta name=\"twitter:site\" content=\"@varesenews\" \/>\n<meta name=\"twitter:label1\" content=\"Scritto da\" \/>\n\t<meta name=\"twitter:data1\" content=\"Tomaso Bassani\" \/>\n<script type=\"application\/ld+json\" class=\"yoast-schema-graph\">{\"@context\":\"https:\/\/schema.org\",\"@graph\":[{\"@type\":\"WebPage\",\"@id\":\"https:\/\/staging.varesenews.it\/2019\/04\/cade-dalla-moto-46enne-pronto-soccorso\/810009\/\",\"url\":\"https:\/\/staging.varesenews.it\/2019\/04\/cade-dalla-moto-46enne-pronto-soccorso\/810009\/\",\"name\":\"Cade dalla moto, 46enne in pronto soccorso\",\"isPartOf\":{\"@id\":\"https:\/\/staging.varesenews.it\/#website\"},\"datePublished\":\"2019-04-06T13:54:39+00:00\",\"dateModified\":\"2019-04-06T13:54:39+00:00\",\"author\":{\"@id\":\"https:\/\/staging.varesenews.it\/#\/schema\/person\/f8cc543029c96c954a35c042e01892bb\"},\"description\":\"Sul posto \u00e8 accorsa un\u2019ambulanza che ha ricoverato il 46enne in codice giallo all\u2019ospedale di Circolo a Varese\",\"breadcrumb\":{\"@id\":\"https:\/\/staging.varesenews.it\/2019\/04\/cade-dalla-moto-46enne-pronto-soccorso\/810009\/#breadcrumb\"},\"inLanguage\":\"it-IT\",\"potentialAction\":[{\"@type\":\"ReadAction\",\"target\":[\"https:\/\/staging.varesenews.it\/2019\/04\/cade-dalla-moto-46enne-pronto-soccorso\/810009\/\"]}]},{\"@type\":\"BreadcrumbList\",\"@id\":\"https:\/\/staging.varesenews.it\/2019\/04\/cade-dalla-moto-46enne-pronto-soccorso\/810009\/#breadcrumb\",\"itemListElement\":[{\"@type\":\"ListItem\",\"position\":1,\"name\":\"Home\",\"item\":\"https:\/\/www.varesenews.it\/\"},{\"@type\":\"ListItem\",\"position\":2,\"name\":\"Cade dalla moto, 46enne in pronto soccorso\"}]},{\"@type\":\"WebSite\",\"@id\":\"https:\/\/staging.varesenews.it\/#website\",\"url\":\"https:\/\/staging.varesenews.it\/\",\"name\":\"VareseNews\",\"description\":\"\",\"potentialAction\":[{\"@type\":\"SearchAction\",\"target\":{\"@type\":\"EntryPoint\",\"urlTemplate\":\"https:\/\/staging.varesenews.it\/?s={search_term_string}\"},\"query-input\":\"required name=search_term_string\"}],\"inLanguage\":\"it-IT\"},{\"@type\":\"Person\",\"@id\":\"https:\/\/staging.varesenews.it\/#\/schema\/person\/f8cc543029c96c954a35c042e01892bb\",\"name\":\"Tomaso Bassani\",\"image\":{\"@type\":\"ImageObject\",\"inLanguage\":\"it-IT\",\"@id\":\"https:\/\/staging.varesenews.it\/#\/schema\/person\/image\/\",\"url\":\"https:\/\/staging.varesenews.it\/wp-content\/uploads\/2020\/12\/tomaso_bassani_colori_500.jpg\",\"contentUrl\":\"https:\/\/staging.varesenews.it\/wp-content\/uploads\/2020\/12\/tomaso_bassani_colori_500.jpg\",\"caption\":\"Tomaso Bassani\"},\"description\":\"Sono nato nel 1988 e questo ha fatto s&igrave; che la mia vita sia coincisa con l'epoca di pi&ugrave; grande e veloce cambiamento della storia. Sono giornalista e caporedattore di Varesenews. Ho un master in data analysis, una laurea in storia e una formazione superiore commerciale. Sono cresciuto tra scout, tavola a rotelle, impegno associativo (in quella grande esperienza giovanile che &egrave; stato l&rsquo;Albizzate Valley Festival) e cooperativo (Circolo The Family di Albizzate). Per passione mi occupo di dati, videomaking, fotografia, scrittura e web. Per lavoro anche.&nbsp;\",\"sameAs\":[\"tomasobassani\",\"https:\/\/www.linkedin.com\/profile\/view?id=102759293&trk=nav_responsive_tab_profile\"],\"url\":\"https:\/\/staging.varesenews.it\/persona\/tomaso-bassani\/\"}]}<\/script>\n<!-- \/ Yoast SEO plugin. -->","yoast_head_json":{"title":"Cade dalla moto, 46enne in pronto soccorso","description":"Sul posto \u00e8 accorsa un\u2019ambulanza che ha ricoverato il 46enne in codice giallo all\u2019ospedale di Circolo a Varese","robots":{"index":"noindex","follow":"follow","max-snippet":"max-snippet:-1","max-image-preview":"max-image-preview:large","max-video-preview":"max-video-preview:-1"},"og_locale":"it_IT","og_type":"article","og_title":"Cade dalla moto, 46enne in pronto soccorso","og_description":"Sul posto \u00e8 accorsa un\u2019ambulanza che ha ricoverato il 46enne in codice giallo all\u2019ospedale di Circolo a Varese","og_url":"https:\/\/staging.varesenews.it\/2019\/04\/cade-dalla-moto-46enne-pronto-soccorso\/810009\/","og_site_name":"VareseNews","article_publisher":"https:\/\/www.facebook.com\/varesenews","article_published_time":"2019-04-06T13:54:39+00:00","author":"Tomaso Bassani","twitter_card":"summary_large_image","twitter_creator":"@varesenews","twitter_site":"@varesenews","twitter_misc":{"Scritto da":"Tomaso Bassani"},"schema":{"@context":"https:\/\/schema.org","@graph":[{"@type":"WebPage","@id":"https:\/\/staging.varesenews.it\/2019\/04\/cade-dalla-moto-46enne-pronto-soccorso\/810009\/","url":"https:\/\/staging.varesenews.it\/2019\/04\/cade-dalla-moto-46enne-pronto-soccorso\/810009\/","name":"Cade dalla moto, 46enne in pronto soccorso","isPartOf":{"@id":"https:\/\/staging.varesenews.it\/#website"},"datePublished":"2019-04-06T13:54:39+00:00","dateModified":"2019-04-06T13:54:39+00:00","author":{"@id":"https:\/\/staging.varesenews.it\/#\/schema\/person\/f8cc543029c96c954a35c042e01892bb"},"description":"Sul posto \u00e8 accorsa un\u2019ambulanza che ha ricoverato il 46enne in codice giallo all\u2019ospedale di Circolo a Varese","breadcrumb":{"@id":"https:\/\/staging.varesenews.it\/2019\/04\/cade-dalla-moto-46enne-pronto-soccorso\/810009\/#breadcrumb"},"inLanguage":"it-IT","potentialAction":[{"@type":"ReadAction","target":["https:\/\/staging.varesenews.it\/2019\/04\/cade-dalla-moto-46enne-pronto-soccorso\/810009\/"]}]},{"@type":"BreadcrumbList","@id":"https:\/\/staging.varesenews.it\/2019\/04\/cade-dalla-moto-46enne-pronto-soccorso\/810009\/#breadcrumb","itemListElement":[{"@type":"ListItem","position":1,"name":"Home","item":"https:\/\/www.varesenews.it\/"},{"@type":"ListItem","position":2,"name":"Cade dalla moto, 46enne in pronto soccorso"}]},{"@type":"WebSite","@id":"https:\/\/staging.varesenews.it\/#website","url":"https:\/\/staging.varesenews.it\/","name":"VareseNews","description":"","potentialAction":[{"@type":"SearchAction","target":{"@type":"EntryPoint","urlTemplate":"https:\/\/staging.varesenews.it\/?s={search_term_string}"},"query-input":"required name=search_term_string"}],"inLanguage":"it-IT"},{"@type":"Person","@id":"https:\/\/staging.varesenews.it\/#\/schema\/person\/f8cc543029c96c954a35c042e01892bb","name":"Tomaso Bassani","image":{"@type":"ImageObject","inLanguage":"it-IT","@id":"https:\/\/staging.varesenews.it\/#\/schema\/person\/image\/","url":"https:\/\/staging.varesenews.it\/wp-content\/uploads\/2020\/12\/tomaso_bassani_colori_500.jpg","contentUrl":"https:\/\/staging.varesenews.it\/wp-content\/uploads\/2020\/12\/tomaso_bassani_colori_500.jpg","caption":"Tomaso Bassani"},"description":"Sono nato nel 1988 e questo ha fatto s&igrave; che la mia vita sia coincisa con l'epoca di pi&ugrave; grande e veloce cambiamento della storia. Sono giornalista e caporedattore di Varesenews. Ho un master in data analysis, una laurea in storia e una formazione superiore commerciale. Sono cresciuto tra scout, tavola a rotelle, impegno associativo (in quella grande esperienza giovanile che &egrave; stato l&rsquo;Albizzate Valley Festival) e cooperativo (Circolo The Family di Albizzate). Per passione mi occupo di dati, videomaking, fotografia, scrittura e web. Per lavoro anche.&nbsp;","sameAs":["tomasobassani","https:\/\/www.linkedin.com\/profile\/view?id=102759293&trk=nav_responsive_tab_profile"],"url":"https:\/\/staging.varesenews.it\/persona\/tomaso-bassani\/"}]}},"post_meta":{"_edit_lock":"1554559639:52","_edit_last":"52","_category_permalink":"a:1:{s:8:\"category\";s:0:\"\";}","ratings_users":"0","ratings_score":"0","ratings_average":"0","foto":"625651","firma_come_redazione":"1","argomento":"Grantola","_yoast_wpseo_content_score":"60","_jd_tweet_this":"yes","_wpt_short_url":"https:\/\/www.varesenews.it\/2019\/04\/cade-dalla-moto-46enne-pronto-soccorso\/810009\/","_wp_jd_target":"https:\/\/www.varesenews.it\/2019\/04\/cade-dalla-moto-46enne-pronto-soccorso\/810009\/","_jd_wp_twitter":"a:1:{i:0;s:124:\"Cade dalla moto, 46enne in pronto soccorso https:\/\/www.varesenews.it\/2019\/04\/cade-dalla-moto-46enne-pronto-soccorso\/810009\/ \";}","_wpt_status_message":"Tweet inviato con successo."},"photos":[{"original":"https:\/\/staging.varesenews.it\/photogallery_new\/images\/2017\/08\/ambulanza-625651.jpg","full":"https:\/\/staging.varesenews.it\/photogallery_new\/images\/2017\/08\/ambulanza-625651.1024x768.jpg","large":"https:\/\/staging.varesenews.it\/photogallery_new\/images\/2017\/08\/ambulanza-625651.610x431.jpg"}],"_links":{"self":[{"href":"https:\/\/staging.varesenews.it\/swgapi\/v1\/wp\/v2\/posts\/810009"}],"collection":[{"href":"https:\/\/staging.varesenews.it\/swgapi\/v1\/wp\/v2\/posts"}],"about":[{"href":"https:\/\/staging.varesenews.it\/swgapi\/v1\/wp\/v2\/types\/post"}],"author":[{"embeddable":true,"href":"https:\/\/staging.varesenews.it\/swgapi\/v1\/wp\/v2\/users\/52"}],"replies":[{"embeddable":true,"href":"https:\/\/staging.varesenews.it\/swgapi\/v1\/wp\/v2\/comments?post=810009"}],"version-history":[{"count":0,"href":"https:\/\/staging.varesenews.it\/swgapi\/v1\/wp\/v2\/posts\/810009\/revisions"}],"wp:attachment":[{"href":"https:\/\/staging.varesenews.it\/swgapi\/v1\/wp\/v2\/media?parent=810009"}],"wp:term":[{"taxonomy":"category","embeddable":true,"href":"https:\/\/staging.varesenews.it\/swgapi\/v1\/wp\/v2\/categories?post=810009"},{"taxonomy":"post_tag","embeddable":true,"href":"https:\/\/staging.varesenews.it\/swgapi\/v1\/wp\/v2\/tags?post=810009"}],"curies":[{"name":"wp","href":"https:\/\/api.w.org\/{rel}","templated":true}]}}