{"id":811512,"date":"2019-04-11T14:21:07","date_gmt":"2019-04-11T12:21:07","guid":{"rendered":"https:\/\/www.varesenews.it\/?p=811512"},"modified":"2019-04-11T14:21:07","modified_gmt":"2019-04-11T12:21:07","slug":"mamma-ce-ne-sola-forse-no","status":"publish","type":"post","link":"https:\/\/staging.varesenews.it\/2019\/04\/mamma-ce-ne-sola-forse-no\/811512\/","title":{"rendered":"Di mamma ce n&#8217;\u00e8 una sola&#8230;o forse no?"},"content":{"rendered":"<p>Celebrare la festa della mamma in libreria con la <strong>lettura animata &#8220;La gabbianella e il gatto: di mamma ce n&#8217;\u00e8 una sola o forse no?&#8221;.<\/strong><br \/>\nPer celebrare questa ricorrenza <strong>domenica 12 maggio, la libreria Ubik ha invitato Arianna Rolandi,<\/strong> attrice e insegnante di recitazione dell&#8217;associazione culturale Opl\u00e0, per raccontare ai bambini e alle loro mamme &#8220;La storia della gabbianella e del gatto che le insegn\u00f2 a volare&#8221;, una fiaba intramontabile che racconta la forza di volont\u00e0 e la tenacia di un modo speciale di essere mamma.<br \/>\nPerch\u00e9 al gatto Zorba \u00e8 stato affidato un compito: covare un uovo fragile, far nascere la piccola gabbianella e insegnarle a volare, come fanno tutte le mamme con i loro cuccioli.<\/p>\n<p>La lettura animata \u00e8 rivolta ai bambini a partire dai 6 anni e alle loro mamme.<br \/>\nIndispensabile l&#8217;iscrizione di persona in piazza del Podest\u00e0 oppure scrivendo a varese@ubiklibri.it.<br \/>\nQuota di partecipazione: bambino 12 euro, bambino + mamma 18 euro.<\/p>\n","protected":false},"excerpt":{"rendered":"<p>Domenica 12 maggio la libreria Ubik dedica alla Festa della Mamma la lettura animata ispirata alla Gabbianella e il gatto con Arianna Rolandi<\/p>\n","protected":false},"author":14095,"featured_media":0,"comment_status":"open","ping_status":"open","sticky":false,"template":"","format":"standard","meta":{"footnotes":""},"categories":[23,21,2],"tags":[87452,87200,88185,87767,158],"acf":[],"yoast_head":"<!-- This site is optimized with the Yoast SEO plugin v20.1 - https:\/\/yoast.com\/wordpress\/plugins\/seo\/ -->\n<title>Di mamma ce n&#039;\u00e8 una sola...o forse no?<\/title>\n<meta name=\"description\" content=\"Domenica 12 maggio la libreria Ubik dedica alla Festa della Mamma la lettura animata ispirata alla Gabbianella e il gatto con Arianna Rolandi\" \/>\n<meta name=\"robots\" content=\"noindex, follow, max-snippet:-1, max-image-preview:large, max-video-preview:-1\" \/>\n<meta property=\"og:locale\" content=\"it_IT\" \/>\n<meta property=\"og:type\" content=\"article\" \/>\n<meta property=\"og:title\" content=\"Di mamma ce n&#039;\u00e8 una sola...o forse no?\" \/>\n<meta property=\"og:description\" content=\"Domenica 12 maggio la libreria Ubik dedica alla Festa della Mamma la lettura animata ispirata alla Gabbianella e il gatto con Arianna Rolandi\" \/>\n<meta property=\"og:url\" content=\"https:\/\/staging.varesenews.it\/2019\/04\/mamma-ce-ne-sola-forse-no\/811512\/\" \/>\n<meta property=\"og:site_name\" content=\"VareseNews\" \/>\n<meta property=\"article:publisher\" content=\"https:\/\/www.facebook.com\/varesenews\" \/>\n<meta property=\"article:published_time\" content=\"2019-04-11T12:21:07+00:00\" \/>\n<meta name=\"author\" content=\"Lidia Romeo\" \/>\n<meta name=\"twitter:card\" content=\"summary_large_image\" \/>\n<meta name=\"twitter:creator\" content=\"@varesenews\" \/>\n<meta name=\"twitter:site\" content=\"@varesenews\" \/>\n<meta name=\"twitter:label1\" content=\"Scritto da\" \/>\n\t<meta name=\"twitter:data1\" content=\"Lidia Romeo\" \/>\n\t<meta name=\"twitter:label2\" content=\"Tempo di lettura stimato\" \/>\n\t<meta name=\"twitter:data2\" content=\"1 minuto\" \/>\n<script type=\"application\/ld+json\" class=\"yoast-schema-graph\">{\"@context\":\"https:\/\/schema.org\",\"@graph\":[{\"@type\":\"WebPage\",\"@id\":\"https:\/\/staging.varesenews.it\/2019\/04\/mamma-ce-ne-sola-forse-no\/811512\/\",\"url\":\"https:\/\/staging.varesenews.it\/2019\/04\/mamma-ce-ne-sola-forse-no\/811512\/\",\"name\":\"Di mamma ce n'\u00e8 una sola...o forse no?\",\"isPartOf\":{\"@id\":\"https:\/\/staging.varesenews.it\/#website\"},\"datePublished\":\"2019-04-11T12:21:07+00:00\",\"dateModified\":\"2019-04-11T12:21:07+00:00\",\"author\":{\"@id\":\"https:\/\/staging.varesenews.it\/#\/schema\/person\/83b39e5ac77662e18c07cdb07f0b4e7a\"},\"description\":\"Domenica 12 maggio la libreria Ubik dedica alla Festa della Mamma la lettura animata ispirata alla Gabbianella e il gatto con Arianna Rolandi\",\"breadcrumb\":{\"@id\":\"https:\/\/staging.varesenews.it\/2019\/04\/mamma-ce-ne-sola-forse-no\/811512\/#breadcrumb\"},\"inLanguage\":\"it-IT\",\"potentialAction\":[{\"@type\":\"ReadAction\",\"target\":[\"https:\/\/staging.varesenews.it\/2019\/04\/mamma-ce-ne-sola-forse-no\/811512\/\"]}]},{\"@type\":\"BreadcrumbList\",\"@id\":\"https:\/\/staging.varesenews.it\/2019\/04\/mamma-ce-ne-sola-forse-no\/811512\/#breadcrumb\",\"itemListElement\":[{\"@type\":\"ListItem\",\"position\":1,\"name\":\"Home\",\"item\":\"https:\/\/www.varesenews.it\/\"},{\"@type\":\"ListItem\",\"position\":2,\"name\":\"Di mamma ce n&#8217;\u00e8 una sola&#8230;o forse no?\"}]},{\"@type\":\"WebSite\",\"@id\":\"https:\/\/staging.varesenews.it\/#website\",\"url\":\"https:\/\/staging.varesenews.it\/\",\"name\":\"VareseNews\",\"description\":\"\",\"potentialAction\":[{\"@type\":\"SearchAction\",\"target\":{\"@type\":\"EntryPoint\",\"urlTemplate\":\"https:\/\/staging.varesenews.it\/?s={search_term_string}\"},\"query-input\":\"required name=search_term_string\"}],\"inLanguage\":\"it-IT\"},{\"@type\":\"Person\",\"@id\":\"https:\/\/staging.varesenews.it\/#\/schema\/person\/83b39e5ac77662e18c07cdb07f0b4e7a\",\"name\":\"Lidia Romeo\",\"image\":{\"@type\":\"ImageObject\",\"inLanguage\":\"it-IT\",\"@id\":\"https:\/\/staging.varesenews.it\/#\/schema\/person\/image\/\",\"url\":\"https:\/\/staging.varesenews.it\/wp-content\/uploads\/2020\/12\/lidia_romeo_colori_500.jpg\",\"contentUrl\":\"https:\/\/staging.varesenews.it\/wp-content\/uploads\/2020\/12\/lidia_romeo_colori_500.jpg\",\"caption\":\"Lidia Romeo\"},\"description\":\"Giornalista professionista dal 2010, una laurea in Scienze politiche e tante, tantissime domande. Ascolto risposte, ne cerco altre e alcune le scrivo. Mi piacciono le chiacchiere, le idee capaci di guardare lontano e camminare in spazi aperti senza altra meta che l&rsquo;orizzonte.&nbsp;Per VareseNews sono responsabile del canale Bambini, a proposito di orizzonti ampi... quanto il futuro. &nbsp;\",\"url\":\"https:\/\/staging.varesenews.it\/persona\/lidia-romeo-a\/\"}]}<\/script>\n<!-- \/ Yoast SEO plugin. -->","yoast_head_json":{"title":"Di mamma ce n'\u00e8 una sola...o forse no?","description":"Domenica 12 maggio la libreria Ubik dedica alla Festa della Mamma la lettura animata ispirata alla Gabbianella e il gatto con Arianna Rolandi","robots":{"index":"noindex","follow":"follow","max-snippet":"max-snippet:-1","max-image-preview":"max-image-preview:large","max-video-preview":"max-video-preview:-1"},"og_locale":"it_IT","og_type":"article","og_title":"Di mamma ce n'\u00e8 una sola...o forse no?","og_description":"Domenica 12 maggio la libreria Ubik dedica alla Festa della Mamma la lettura animata ispirata alla Gabbianella e il gatto con Arianna Rolandi","og_url":"https:\/\/staging.varesenews.it\/2019\/04\/mamma-ce-ne-sola-forse-no\/811512\/","og_site_name":"VareseNews","article_publisher":"https:\/\/www.facebook.com\/varesenews","article_published_time":"2019-04-11T12:21:07+00:00","author":"Lidia Romeo","twitter_card":"summary_large_image","twitter_creator":"@varesenews","twitter_site":"@varesenews","twitter_misc":{"Scritto da":"Lidia Romeo","Tempo di lettura stimato":"1 minuto"},"schema":{"@context":"https:\/\/schema.org","@graph":[{"@type":"WebPage","@id":"https:\/\/staging.varesenews.it\/2019\/04\/mamma-ce-ne-sola-forse-no\/811512\/","url":"https:\/\/staging.varesenews.it\/2019\/04\/mamma-ce-ne-sola-forse-no\/811512\/","name":"Di mamma ce n'\u00e8 una sola...o forse no?","isPartOf":{"@id":"https:\/\/staging.varesenews.it\/#website"},"datePublished":"2019-04-11T12:21:07+00:00","dateModified":"2019-04-11T12:21:07+00:00","author":{"@id":"https:\/\/staging.varesenews.it\/#\/schema\/person\/83b39e5ac77662e18c07cdb07f0b4e7a"},"description":"Domenica 12 maggio la libreria Ubik dedica alla Festa della Mamma la lettura animata ispirata alla Gabbianella e il gatto con Arianna Rolandi","breadcrumb":{"@id":"https:\/\/staging.varesenews.it\/2019\/04\/mamma-ce-ne-sola-forse-no\/811512\/#breadcrumb"},"inLanguage":"it-IT","potentialAction":[{"@type":"ReadAction","target":["https:\/\/staging.varesenews.it\/2019\/04\/mamma-ce-ne-sola-forse-no\/811512\/"]}]},{"@type":"BreadcrumbList","@id":"https:\/\/staging.varesenews.it\/2019\/04\/mamma-ce-ne-sola-forse-no\/811512\/#breadcrumb","itemListElement":[{"@type":"ListItem","position":1,"name":"Home","item":"https:\/\/www.varesenews.it\/"},{"@type":"ListItem","position":2,"name":"Di mamma ce n&#8217;\u00e8 una sola&#8230;o forse no?"}]},{"@type":"WebSite","@id":"https:\/\/staging.varesenews.it\/#website","url":"https:\/\/staging.varesenews.it\/","name":"VareseNews","description":"","potentialAction":[{"@type":"SearchAction","target":{"@type":"EntryPoint","urlTemplate":"https:\/\/staging.varesenews.it\/?s={search_term_string}"},"query-input":"required name=search_term_string"}],"inLanguage":"it-IT"},{"@type":"Person","@id":"https:\/\/staging.varesenews.it\/#\/schema\/person\/83b39e5ac77662e18c07cdb07f0b4e7a","name":"Lidia Romeo","image":{"@type":"ImageObject","inLanguage":"it-IT","@id":"https:\/\/staging.varesenews.it\/#\/schema\/person\/image\/","url":"https:\/\/staging.varesenews.it\/wp-content\/uploads\/2020\/12\/lidia_romeo_colori_500.jpg","contentUrl":"https:\/\/staging.varesenews.it\/wp-content\/uploads\/2020\/12\/lidia_romeo_colori_500.jpg","caption":"Lidia Romeo"},"description":"Giornalista professionista dal 2010, una laurea in Scienze politiche e tante, tantissime domande. Ascolto risposte, ne cerco altre e alcune le scrivo. Mi piacciono le chiacchiere, le idee capaci di guardare lontano e camminare in spazi aperti senza altra meta che l&rsquo;orizzonte.&nbsp;Per VareseNews sono responsabile del canale Bambini, a proposito di orizzonti ampi... quanto il futuro. &nbsp;","url":"https:\/\/staging.varesenews.it\/persona\/lidia-romeo-a\/"}]}},"post_meta":{"_edit_lock":"1554985158:14095","_edit_last":"14095","_category_permalink":"a:1:{s:8:\"category\";s:2:\"23\";}","ratings_users":"0","ratings_score":"0","ratings_average":"0","foto":"732618","firma-personalizzata":"bambini@varesenews.it","argomento":"Varese","_yoast_wpseo_content_score":"30","_jd_tweet_this":"yes","_wpt_short_url":"https:\/\/www.varesenews.it\/2019\/04\/mamma-ce-ne-sola-forse-no\/811512\/","_wp_jd_target":"https:\/\/www.varesenews.it\/2019\/04\/mamma-ce-ne-sola-forse-no\/811512\/","_jd_wp_twitter":"a:1:{i:0;s:150:\"Di mamma ce n\u2019\u00e8 una sola\u2026o forse no? https:\/\/www.varesenews.it\/2019\/04\/mamma-ce-ne-sola-forse-no\/811512\/ #Et\u00e0610 #Eventibambini #libriperbambini\";}","_wpt_status_message":"Tweet inviato con successo."},"photos":[{"original":"https:\/\/staging.varesenews.it\/photogallery_new\/images\/2019\/04\/generico-2018-732618.jpg","full":"https:\/\/staging.varesenews.it\/photogallery_new\/images\/2019\/04\/generico-2018-732618.1024x768.jpg","large":"https:\/\/staging.varesenews.it\/photogallery_new\/images\/2019\/04\/generico-2018-732618.610x431.jpg"}],"_links":{"self":[{"href":"https:\/\/staging.varesenews.it\/swgapi\/v1\/wp\/v2\/posts\/811512"}],"collection":[{"href":"https:\/\/staging.varesenews.it\/swgapi\/v1\/wp\/v2\/posts"}],"about":[{"href":"https:\/\/staging.varesenews.it\/swgapi\/v1\/wp\/v2\/types\/post"}],"author":[{"embeddable":true,"href":"https:\/\/staging.varesenews.it\/swgapi\/v1\/wp\/v2\/users\/14095"}],"replies":[{"embeddable":true,"href":"https:\/\/staging.varesenews.it\/swgapi\/v1\/wp\/v2\/comments?post=811512"}],"version-history":[{"count":0,"href":"https:\/\/staging.varesenews.it\/swgapi\/v1\/wp\/v2\/posts\/811512\/revisions"}],"wp:attachment":[{"href":"https:\/\/staging.varesenews.it\/swgapi\/v1\/wp\/v2\/media?parent=811512"}],"wp:term":[{"taxonomy":"category","embeddable":true,"href":"https:\/\/staging.varesenews.it\/swgapi\/v1\/wp\/v2\/categories?post=811512"},{"taxonomy":"post_tag","embeddable":true,"href":"https:\/\/staging.varesenews.it\/swgapi\/v1\/wp\/v2\/tags?post=811512"}],"curies":[{"name":"wp","href":"https:\/\/api.w.org\/{rel}","templated":true}]}}