{"id":812849,"date":"2019-04-16T09:36:59","date_gmt":"2019-04-16T07:36:59","guid":{"rendered":"https:\/\/www.varesenews.it\/?p=812849"},"modified":"2019-04-16T12:17:45","modified_gmt":"2019-04-16T10:17:45","slug":"biglietto-dingresso-pagamento-leremo-santa-caterina","status":"publish","type":"post","link":"https:\/\/staging.varesenews.it\/2019\/04\/biglietto-dingresso-pagamento-leremo-santa-caterina\/812849\/","title":{"rendered":"Biglietto d&#8217;ingresso a pagamento per l&#8217;Eremo di Santa Caterina"},"content":{"rendered":"<p><strong>L\u2019ingresso all\u2019Eremo di Santa Caterina del Sasso sar\u00e0 a pagamento<\/strong>. La conferma \u00e8 arrivata durante il Consiglio provinciale di luned\u00ec che ha deliberato a favore di un ticket per entrare in uno dei luoghi pi\u00f9 belli e attrattivi del Lago Maggiore.<\/p>\n<p><strong>Il costo del biglietto sar\u00e0 di cinque euro<\/strong>, tre euro per i residenti in Provincia di Varese e per gli over 65 mentre l\u2019ingresso sar\u00e0<strong> gratuito per i residenti a Leggiuno e i giovani fino a 18 anni e gli insegnanti in visita d\u2019istruzione<\/strong>, escluso l&#8217;utilizzo dell&#8217;ascensore che costa un euro. \u00abL&#8217;ingresso a pagamento dovrebbe iniziare dalla prima settimana di maggio, ci stiamo organizzando dal punto di vista tecnico\u00bb, spiega l&#8217;assessore Marco Riganti.<\/p>\n<p>Una decisione che era gi\u00e0 stata paventata nei giorni scorsi e che rientra nel piano di rilancio dell\u2019Eremo. Un percorso iniziato durante l\u2019amministrazione di Gunnar Vincenzi con il ritorno dei Frati nel luogo sacro e che ora si concentra anche sull\u2019aspetto turistico. \u00abIl ricavato degli ingressi ci servir\u00e0 per mantenere la struttura ma anche per fare investimenti che la possano rendere pi\u00f9 attrattiva. Ad oggi, <strong>la gestione dell&#8217;Eremo costa 500 mila euro all&#8217;anno<\/strong> e avere degli incassi pu\u00f2 aiutare per rilanciare uno dei luoghi pi\u00f9 belli dal punto di vista turistico e con una forte connotazione religiosa\u00bb.<\/p>\n<p>L\u2019Eremo di Santa Caterina del Sasso infatti, attira circa 250mila turisti all\u2019anno e il ricavato dai biglietti d\u2019ingresso potrebbe servire per rinvestire utili sul bene. Altre novit\u00e0, gi\u00e0 annunciate qualche settimana fa, <strong>sono gli orari di apertura che durante la stagione estiva si allungano<\/strong> (dalle 9 alle 20 con orario continuato) e le funzioni religiose che saranno pi\u00f9 numerose.<\/p>\n<p>La Provincia inoltre, ha stabilito un accordo con i frati della Fraternit\u00e0 Francescana di Betania una convenzione che prevede \u00abun contributo di 25mila euro l&#8217;anno, oltre le spese necessarie per l&#8217;allestimento della cucina e partir\u00e0 a maggio dopo l&#8217;approvazione del bilancio\u00bb.<\/p>\n<p>La Strada dei Sapori invece, continuer\u00e0 a gestire l&#8217;Ostello e il bar che dovrebbe adattarsi agli orari di apertura dell&#8217;Eremo.<\/p>\n<p><a href=\"https:\/\/www.varesenews.it\/2019\/03\/arrivano-frati-leremo-torna-vivere\/804493\/\" target=\"_blank\" rel=\"noopener\">LEGGI ANCHE: Arrivano i frati e l&#8217;Eremo torna a vivere\u00a0<\/a><\/p>\n","protected":false},"excerpt":{"rendered":"<p>Il ticket d&#8217;ingresso sar\u00e0 di cinque euro, tre per i residenti in provincia e gratuito per gli studenti. Ampliati anche gli orari di apertura <\/p>\n","protected":false},"author":32,"featured_media":0,"comment_status":"open","ping_status":"open","sticky":false,"template":"","format":"standard","meta":{"footnotes":""},"categories":[46,2],"tags":[89263],"acf":[],"yoast_head":"<!-- This site is optimized with the Yoast SEO plugin v20.1 - https:\/\/yoast.com\/wordpress\/plugins\/seo\/ -->\n<title>Biglietto d&#039;ingresso a pagamento per l&#039;Eremo di Santa Caterina<\/title>\n<meta name=\"description\" content=\"Il ticket d&#039;ingresso sar\u00e0 di cinque euro, tre per i residenti in provincia e gratuito per gli studenti. Ampliati anche gli orari di apertura\" \/>\n<meta name=\"robots\" content=\"noindex, follow, max-snippet:-1, max-image-preview:large, max-video-preview:-1\" \/>\n<meta property=\"og:locale\" content=\"it_IT\" \/>\n<meta property=\"og:type\" content=\"article\" \/>\n<meta property=\"og:title\" content=\"Biglietto d&#039;ingresso a pagamento per l&#039;Eremo di Santa Caterina\" \/>\n<meta property=\"og:description\" content=\"Il ticket d&#039;ingresso sar\u00e0 di cinque euro, tre per i residenti in provincia e gratuito per gli studenti. Ampliati anche gli orari di apertura\" \/>\n<meta property=\"og:url\" content=\"https:\/\/www.varesenews.it\/2019\/04\/biglietto-dingresso-pagamento-leremo-santa-caterina\/812849\/\" \/>\n<meta property=\"og:site_name\" content=\"VareseNews\" \/>\n<meta property=\"article:publisher\" content=\"https:\/\/www.facebook.com\/varesenews\" \/>\n<meta property=\"article:published_time\" content=\"2019-04-16T07:36:59+00:00\" \/>\n<meta property=\"article:modified_time\" content=\"2019-04-16T10:17:45+00:00\" \/>\n<meta name=\"author\" content=\"Adelia Brigo\" \/>\n<meta name=\"twitter:card\" content=\"summary_large_image\" \/>\n<meta name=\"twitter:creator\" content=\"@AdeliaBrigo\" \/>\n<meta name=\"twitter:site\" content=\"@varesenews\" \/>\n<meta name=\"twitter:label1\" content=\"Scritto da\" \/>\n\t<meta name=\"twitter:data1\" content=\"Adelia Brigo\" \/>\n\t<meta name=\"twitter:label2\" content=\"Tempo di lettura stimato\" \/>\n\t<meta name=\"twitter:data2\" content=\"2 minuti\" \/>\n<script type=\"application\/ld+json\" class=\"yoast-schema-graph\">{\"@context\":\"https:\/\/schema.org\",\"@graph\":[{\"@type\":\"WebPage\",\"@id\":\"https:\/\/www.varesenews.it\/2019\/04\/biglietto-dingresso-pagamento-leremo-santa-caterina\/812849\/\",\"url\":\"https:\/\/www.varesenews.it\/2019\/04\/biglietto-dingresso-pagamento-leremo-santa-caterina\/812849\/\",\"name\":\"Biglietto d'ingresso a pagamento per l'Eremo di Santa Caterina\",\"isPartOf\":{\"@id\":\"https:\/\/staging.varesenews.it\/#website\"},\"datePublished\":\"2019-04-16T07:36:59+00:00\",\"dateModified\":\"2019-04-16T10:17:45+00:00\",\"author\":{\"@id\":\"https:\/\/staging.varesenews.it\/#\/schema\/person\/272ac0f5b2dbfd572218c2d86e013f1a\"},\"description\":\"Il ticket d'ingresso sar\u00e0 di cinque euro, tre per i residenti in provincia e gratuito per gli studenti. Ampliati anche gli orari di apertura\",\"breadcrumb\":{\"@id\":\"https:\/\/www.varesenews.it\/2019\/04\/biglietto-dingresso-pagamento-leremo-santa-caterina\/812849\/#breadcrumb\"},\"inLanguage\":\"it-IT\",\"potentialAction\":[{\"@type\":\"ReadAction\",\"target\":[\"https:\/\/www.varesenews.it\/2019\/04\/biglietto-dingresso-pagamento-leremo-santa-caterina\/812849\/\"]}]},{\"@type\":\"BreadcrumbList\",\"@id\":\"https:\/\/www.varesenews.it\/2019\/04\/biglietto-dingresso-pagamento-leremo-santa-caterina\/812849\/#breadcrumb\",\"itemListElement\":[{\"@type\":\"ListItem\",\"position\":1,\"name\":\"Home\",\"item\":\"https:\/\/www.varesenews.it\/\"},{\"@type\":\"ListItem\",\"position\":2,\"name\":\"Biglietto d&#8217;ingresso a pagamento per l&#8217;Eremo di Santa Caterina\"}]},{\"@type\":\"WebSite\",\"@id\":\"https:\/\/staging.varesenews.it\/#website\",\"url\":\"https:\/\/staging.varesenews.it\/\",\"name\":\"VareseNews\",\"description\":\"\",\"potentialAction\":[{\"@type\":\"SearchAction\",\"target\":{\"@type\":\"EntryPoint\",\"urlTemplate\":\"https:\/\/staging.varesenews.it\/?s={search_term_string}\"},\"query-input\":\"required name=search_term_string\"}],\"inLanguage\":\"it-IT\"},{\"@type\":\"Person\",\"@id\":\"https:\/\/staging.varesenews.it\/#\/schema\/person\/272ac0f5b2dbfd572218c2d86e013f1a\",\"name\":\"Adelia Brigo\",\"image\":{\"@type\":\"ImageObject\",\"inLanguage\":\"it-IT\",\"@id\":\"https:\/\/staging.varesenews.it\/#\/schema\/person\/image\/\",\"url\":\"https:\/\/staging.varesenews.it\/wp-content\/uploads\/2020\/12\/adelia_brigo_colori_500.jpg\",\"contentUrl\":\"https:\/\/staging.varesenews.it\/wp-content\/uploads\/2020\/12\/adelia_brigo_colori_500.jpg\",\"caption\":\"Adelia Brigo\"},\"description\":\"Giornalista pubblicista, lavoro a VareseNews dal 2007 e mi occupo di cronaca locale e del settore dedicato alla cultura. In questi anni ho seguito diversi progetti di comunicazione, amo sperimentare strategie per i Social Network e raccontare storie. Varesina, classe 1984, sono laureata in Scienze della Comunicazione.&nbsp;\",\"sameAs\":[\"AdeliaBrigo\",\"https:\/\/twitter.com\/AdeliaBrigo\"],\"url\":\"https:\/\/staging.varesenews.it\/persona\/adelia_brigo\/\"}]}<\/script>\n<!-- \/ Yoast SEO plugin. -->","yoast_head_json":{"title":"Biglietto d'ingresso a pagamento per l'Eremo di Santa Caterina","description":"Il ticket d'ingresso sar\u00e0 di cinque euro, tre per i residenti in provincia e gratuito per gli studenti. Ampliati anche gli orari di apertura","robots":{"index":"noindex","follow":"follow","max-snippet":"max-snippet:-1","max-image-preview":"max-image-preview:large","max-video-preview":"max-video-preview:-1"},"og_locale":"it_IT","og_type":"article","og_title":"Biglietto d'ingresso a pagamento per l'Eremo di Santa Caterina","og_description":"Il ticket d'ingresso sar\u00e0 di cinque euro, tre per i residenti in provincia e gratuito per gli studenti. Ampliati anche gli orari di apertura","og_url":"https:\/\/www.varesenews.it\/2019\/04\/biglietto-dingresso-pagamento-leremo-santa-caterina\/812849\/","og_site_name":"VareseNews","article_publisher":"https:\/\/www.facebook.com\/varesenews","article_published_time":"2019-04-16T07:36:59+00:00","article_modified_time":"2019-04-16T10:17:45+00:00","author":"Adelia Brigo","twitter_card":"summary_large_image","twitter_creator":"@AdeliaBrigo","twitter_site":"@varesenews","twitter_misc":{"Scritto da":"Adelia Brigo","Tempo di lettura stimato":"2 minuti"},"schema":{"@context":"https:\/\/schema.org","@graph":[{"@type":"WebPage","@id":"https:\/\/www.varesenews.it\/2019\/04\/biglietto-dingresso-pagamento-leremo-santa-caterina\/812849\/","url":"https:\/\/www.varesenews.it\/2019\/04\/biglietto-dingresso-pagamento-leremo-santa-caterina\/812849\/","name":"Biglietto d'ingresso a pagamento per l'Eremo di Santa Caterina","isPartOf":{"@id":"https:\/\/staging.varesenews.it\/#website"},"datePublished":"2019-04-16T07:36:59+00:00","dateModified":"2019-04-16T10:17:45+00:00","author":{"@id":"https:\/\/staging.varesenews.it\/#\/schema\/person\/272ac0f5b2dbfd572218c2d86e013f1a"},"description":"Il ticket d'ingresso sar\u00e0 di cinque euro, tre per i residenti in provincia e gratuito per gli studenti. Ampliati anche gli orari di apertura","breadcrumb":{"@id":"https:\/\/www.varesenews.it\/2019\/04\/biglietto-dingresso-pagamento-leremo-santa-caterina\/812849\/#breadcrumb"},"inLanguage":"it-IT","potentialAction":[{"@type":"ReadAction","target":["https:\/\/www.varesenews.it\/2019\/04\/biglietto-dingresso-pagamento-leremo-santa-caterina\/812849\/"]}]},{"@type":"BreadcrumbList","@id":"https:\/\/www.varesenews.it\/2019\/04\/biglietto-dingresso-pagamento-leremo-santa-caterina\/812849\/#breadcrumb","itemListElement":[{"@type":"ListItem","position":1,"name":"Home","item":"https:\/\/www.varesenews.it\/"},{"@type":"ListItem","position":2,"name":"Biglietto d&#8217;ingresso a pagamento per l&#8217;Eremo di Santa Caterina"}]},{"@type":"WebSite","@id":"https:\/\/staging.varesenews.it\/#website","url":"https:\/\/staging.varesenews.it\/","name":"VareseNews","description":"","potentialAction":[{"@type":"SearchAction","target":{"@type":"EntryPoint","urlTemplate":"https:\/\/staging.varesenews.it\/?s={search_term_string}"},"query-input":"required name=search_term_string"}],"inLanguage":"it-IT"},{"@type":"Person","@id":"https:\/\/staging.varesenews.it\/#\/schema\/person\/272ac0f5b2dbfd572218c2d86e013f1a","name":"Adelia Brigo","image":{"@type":"ImageObject","inLanguage":"it-IT","@id":"https:\/\/staging.varesenews.it\/#\/schema\/person\/image\/","url":"https:\/\/staging.varesenews.it\/wp-content\/uploads\/2020\/12\/adelia_brigo_colori_500.jpg","contentUrl":"https:\/\/staging.varesenews.it\/wp-content\/uploads\/2020\/12\/adelia_brigo_colori_500.jpg","caption":"Adelia Brigo"},"description":"Giornalista pubblicista, lavoro a VareseNews dal 2007 e mi occupo di cronaca locale e del settore dedicato alla cultura. In questi anni ho seguito diversi progetti di comunicazione, amo sperimentare strategie per i Social Network e raccontare storie. Varesina, classe 1984, sono laureata in Scienze della Comunicazione.&nbsp;","sameAs":["AdeliaBrigo","https:\/\/twitter.com\/AdeliaBrigo"],"url":"https:\/\/staging.varesenews.it\/persona\/adelia_brigo\/"}]}},"post_meta":{"_edit_lock":"1555411131:32","_edit_last":"32","_category_permalink":"a:1:{s:8:\"category\";s:0:\"\";}","ratings_users":"0","ratings_score":"0","ratings_average":"0","id_leggi_anche":"804493,804661","foto":"728855","firma-personalizzata":"a.b.","argomento":"Leggiuno","_yoast_wpseo_content_score":"30","_jd_tweet_this":"yes","_wpt_short_url":"https:\/\/www.varesenews.it\/2019\/04\/biglietto-dingresso-pagamento-leremo-santa-caterina\/812849\/","_wp_jd_target":"https:\/\/www.varesenews.it\/2019\/04\/biglietto-dingresso-pagamento-leremo-santa-caterina\/812849\/","_jd_wp_twitter":"a:1:{i:0;s:161:\"Biglietto d\u2019ingresso a pagamento per l\u2019Eremo di Santa Caterina https:\/\/www.varesenews.it\/2019\/04\/biglietto-dingresso-pagamento-leremo-santa-caterina\/812849\/ \";}","_wpt_status_message":"Tweet inviato con successo."},"photos":[{"original":"https:\/\/staging.varesenews.it\/photogallery_new\/images\/2019\/03\/eremo-di-santa-caterina-del-sasso-i-frati-728855.jpg","full":"https:\/\/staging.varesenews.it\/photogallery_new\/images\/2019\/03\/eremo-di-santa-caterina-del-sasso-i-frati-728855.1024x768.jpg","large":"https:\/\/staging.varesenews.it\/photogallery_new\/images\/2019\/03\/eremo-di-santa-caterina-del-sasso-i-frati-728855.610x431.jpg"}],"_links":{"self":[{"href":"https:\/\/staging.varesenews.it\/swgapi\/v1\/wp\/v2\/posts\/812849"}],"collection":[{"href":"https:\/\/staging.varesenews.it\/swgapi\/v1\/wp\/v2\/posts"}],"about":[{"href":"https:\/\/staging.varesenews.it\/swgapi\/v1\/wp\/v2\/types\/post"}],"author":[{"embeddable":true,"href":"https:\/\/staging.varesenews.it\/swgapi\/v1\/wp\/v2\/users\/32"}],"replies":[{"embeddable":true,"href":"https:\/\/staging.varesenews.it\/swgapi\/v1\/wp\/v2\/comments?post=812849"}],"version-history":[{"count":0,"href":"https:\/\/staging.varesenews.it\/swgapi\/v1\/wp\/v2\/posts\/812849\/revisions"}],"wp:attachment":[{"href":"https:\/\/staging.varesenews.it\/swgapi\/v1\/wp\/v2\/media?parent=812849"}],"wp:term":[{"taxonomy":"category","embeddable":true,"href":"https:\/\/staging.varesenews.it\/swgapi\/v1\/wp\/v2\/categories?post=812849"},{"taxonomy":"post_tag","embeddable":true,"href":"https:\/\/staging.varesenews.it\/swgapi\/v1\/wp\/v2\/tags?post=812849"}],"curies":[{"name":"wp","href":"https:\/\/api.w.org\/{rel}","templated":true}]}}