{"id":813035,"date":"2019-04-16T15:27:08","date_gmt":"2019-04-16T13:27:08","guid":{"rendered":"https:\/\/www.varesenews.it\/?p=813035"},"modified":"2019-04-16T15:29:04","modified_gmt":"2019-04-16T13:29:04","slug":"le-chiese-del-centro-si-preparano-alla-pasqua","status":"publish","type":"post","link":"https:\/\/staging.varesenews.it\/2019\/04\/le-chiese-del-centro-si-preparano-alla-pasqua\/813035\/","title":{"rendered":"Le chiese del centro si preparano alla Pasqua"},"content":{"rendered":"<p style=\"font-weight: 400;\">La <strong>Settimana Autentica<\/strong> (nome che tradizionalmente viene assegnato alla Settimana Santa) aperta dalla Domenica delle Palme \u00e8 fulcro di tutto l\u2019anno liturgico e accompagna verso le solennit\u00e0 pasquali.<\/p>\n<p style=\"font-weight: 400;\">Un tempo centrale che viene sottolineato anche in tutte le chiese della Comunit\u00e0 Pastorale s. Antonio Abate, che riunisce la basilica di san Vittore e le chiese di Bosto, Brunella e Casbeno.<\/p>\n<p style=\"font-weight: 400;\">Mercoled\u00ec si conclude l\u2019esperienza\u00a0 nella Basilica di san Vittore della Messa celebrata alle 13 per i lavoratori: \u00abSono state molte le persone che hanno apprezzato la proposta, pensata coi sacerdoti della comunit\u00e0 pastorale, in Quaresima per coloro che pur avendo il desiderio di venire in chiesa quotidianamente, faticano a districarsi tra studio e lavoro &#8211;\u00a0spiega\u00a0 monsignor <strong>Luigi Panighetti<\/strong>, prevosto di Varese e parroco di Basilica, Bosto Brunella, e Casbeno &#8211;\u00a0La Messa \u201cin pausa pranzo\u201d del mercoled\u00ec ha segnato un momento dedicato proprio ai lavoratori e a chiunque desiderasse trovare un\u2019ulteriore possibilit\u00e0 per fermarsi, e concedersi l\u2019opportunit\u00e0 di pregare\u00bb.<\/p>\n<p style=\"font-weight: 400;\">Non di meno l\u2019attenzione ai venerd\u00ec di quaresima \u00e8 stata vissuta \u00abin maniera intesa da chi ha trovato le chiese aperte con la presenza di un confessore e sussidi di preghiera\u00bb.<\/p>\n<p>Il\u00a0<strong>programma<\/strong>\u00a0del \u201cTriduo Pasquale\u201d \u00aboffre l\u2019opportunit\u00e0 di ripercorrere in questi giorni intensi ci\u00f2 che sta alla base della nostra fede &#8211; sottolinea Panighetti &#8211; Il tempo \u00e8 uno dei beni pi\u00f9 preziosi della contemporaneit\u00e0: \u00e8 bello poterne dedicare una parte da soli o con la famiglia a ripercorrere le tappe che hanno segnato il procedere di Ges\u00f9 verso la sua Pasqua\u00bb.<\/p>\n<h3>IL PROGRAMMA DEL TRIDUO PASQUALE<\/h3>\n<p style=\"font-weight: 400;\"><strong>Da gioved\u00ec a sabato Basilica, Brunella e Casbeno saranno aperte tutto il giorno<\/strong>.<\/p>\n<p style=\"font-weight: 400;\">\u00abPer coloro che credono la conclusione della Quaresima coincide con la buona prassi della confessione, un momento importante per fare memoria del perdono di Dio ricevendolo tramite il sacerdote\u00bb.<\/p>\n<p style=\"font-weight: 400;\">Da Gioved\u00ec Santo fino a Pasqua saranno presenti anche <strong>confessori straordinari in Basilica S. Vittore e nella chiesa di S. Antonio di Padova alla Brunella<\/strong> (con orario continuato durante l\u2019apertura delle chiese).<\/p>\n<p style=\"font-weight: 400;\">A <strong>Bosto<\/strong> i fedeli troveranno il sacerdote Venerd\u00ec e Sabato tutto il giorno, tranne durante le celebrazioni, mentre a <strong>Casbeno<\/strong> ci saranno confessori Mercoled\u00ec dalle 15 alle 18; Gioved\u00ec dalle 9 alle 11.30 e dalle 15 alle 18, Venerd\u00ec dalle 9 alle 11.30 e dalle 16.30 alle 19 e Sabato dalle 9 alle 11.30 e dalle 15 alle 19.<\/p>\n<p style=\"font-weight: 400;\">Anche <strong>per bambini e ragazzi della Comunit\u00e0 Pastorale<\/strong>, dalla 2a elementare alla 3a media, che nei prossimi giorni saranno in vacanza dalla scuola, <strong>sono proposte due giornate da vivere in oratorio<\/strong> il 18 e 19 aprile.<\/p>\n<p style=\"font-weight: 400;\">Ad aprire le celebrazioni del <strong>Gioved\u00ec Santo<\/strong>, alle 15.30 nella Basilica di San Vittore, sar\u00e0 la <strong>Lavanda dei piedi<\/strong> e accoglienza degli Oli (benedetti in mattinata dall\u2019Arcivescovo di Milano, <strong>monsignor Mario Delpini<\/strong>, nel Duomo di Milano).<\/p>\n<p style=\"font-weight: 400;\">La <strong>Santa Messa nella Cena del Signore<\/strong> sar\u00e0 alle 18 a Casbeno, alle 18.30 a Bosto e Brunella e alle 21 in Basilica seguita dalla Reposizione del SS. Sacramento in Battistero e dall\u2019Adorazione fino a mezzanotte.<\/p>\n<p style=\"font-weight: 400;\">Per il <strong>Venerd\u00ec Santo<\/strong> in tutte le chiese parrocchiali della comunit\u00e0 alle 15 \u00e8 prevista la Celebrazione della Passione del Signore. Alle 21 ci saranno la Via Crucis e Celebrazione nella Deposizione del Signore, seguite dall\u2019Adorazione fino a mezzanotte.<\/p>\n<p style=\"font-weight: 400;\">Sabato Santo<strong> alle 21 la Veglia Pasquale sar\u00e0 in Basilica, alla Brunella, a Bosto (con battesimo), e Casbeno (con battesimo).<\/strong><\/p>\n<p style=\"font-weight: 400;\">Per la Solennit\u00e0 di <strong>Pasqua<\/strong> del 21 aprile le celebrazioni in tutta la Comunit\u00e0 Pastorale seguiranno l\u2019orario festivo.Il programma completo \u00e8 disponibile sul sito\u00a0<a href=\"http:\/\/www.santantonioabatevarese.it\/\" data-saferedirecturl=\"https:\/\/www.google.com\/url?q=http:\/\/www.santantonioabatevarese.it&amp;source=gmail&amp;ust=1555504709388000&amp;usg=AFQjCNHxGsb39TlBBrsgVd_FTWDhDmwwTg\">www.santantonioabatevarese.it<\/a>.<\/p>\n","protected":false},"excerpt":{"rendered":"<p>Aperture giornaliere, preghiera fino a mezzanotte e confessori straordinari: si aprono i riti del Triduo Pasquale in Basilica e nelle parrocchie di Bosto, Brunella e Casbeno <\/p>\n","protected":false},"author":48,"featured_media":0,"comment_status":"open","ping_status":"open","sticky":false,"template":"","format":"standard","meta":{"footnotes":""},"categories":[26,2],"tags":[6840,6894,2003,7716,94960,158,85685],"acf":[],"yoast_head":"<!-- This site is optimized with the Yoast SEO plugin v20.1 - https:\/\/yoast.com\/wordpress\/plugins\/seo\/ -->\n<title>Le chiese del centro si preparano alla Pasqua<\/title>\n<meta name=\"description\" content=\"Aperture giornaliere, preghiera fino a mezzanotte e confessori straordinari: si aprono i riti del Triduo Pasquale in Basilica e nelle parrocchie di Bosto, Brunella e Casbeno\" \/>\n<meta name=\"robots\" content=\"noindex, follow, max-snippet:-1, max-image-preview:large, max-video-preview:-1\" \/>\n<meta property=\"og:locale\" content=\"it_IT\" \/>\n<meta property=\"og:type\" content=\"article\" \/>\n<meta property=\"og:title\" content=\"Le chiese del centro si preparano alla Pasqua\" \/>\n<meta property=\"og:description\" content=\"Aperture giornaliere, preghiera fino a mezzanotte e confessori straordinari: si aprono i riti del Triduo Pasquale in Basilica e nelle parrocchie di Bosto, Brunella e Casbeno\" \/>\n<meta property=\"og:url\" content=\"https:\/\/staging.varesenews.it\/2019\/04\/le-chiese-del-centro-si-preparano-alla-pasqua\/813035\/\" \/>\n<meta property=\"og:site_name\" content=\"VareseNews\" \/>\n<meta property=\"article:publisher\" content=\"https:\/\/www.facebook.com\/varesenews\" \/>\n<meta property=\"article:author\" content=\"https:\/\/www.facebook.com\/stefaniaradman\" \/>\n<meta property=\"article:published_time\" content=\"2019-04-16T13:27:08+00:00\" \/>\n<meta property=\"article:modified_time\" content=\"2019-04-16T13:29:04+00:00\" \/>\n<meta name=\"author\" content=\"Stefania Radman\" \/>\n<meta name=\"twitter:card\" content=\"summary_large_image\" \/>\n<meta name=\"twitter:creator\" content=\"@LaRadman\" \/>\n<meta name=\"twitter:site\" content=\"@varesenews\" \/>\n<meta name=\"twitter:label1\" content=\"Scritto da\" \/>\n\t<meta name=\"twitter:data1\" content=\"Stefania Radman\" \/>\n\t<meta name=\"twitter:label2\" content=\"Tempo di lettura stimato\" \/>\n\t<meta name=\"twitter:data2\" content=\"3 minuti\" \/>\n<script type=\"application\/ld+json\" class=\"yoast-schema-graph\">{\"@context\":\"https:\/\/schema.org\",\"@graph\":[{\"@type\":\"WebPage\",\"@id\":\"https:\/\/staging.varesenews.it\/2019\/04\/le-chiese-del-centro-si-preparano-alla-pasqua\/813035\/\",\"url\":\"https:\/\/staging.varesenews.it\/2019\/04\/le-chiese-del-centro-si-preparano-alla-pasqua\/813035\/\",\"name\":\"Le chiese del centro si preparano alla Pasqua\",\"isPartOf\":{\"@id\":\"https:\/\/staging.varesenews.it\/#website\"},\"datePublished\":\"2019-04-16T13:27:08+00:00\",\"dateModified\":\"2019-04-16T13:29:04+00:00\",\"author\":{\"@id\":\"https:\/\/staging.varesenews.it\/#\/schema\/person\/995d2e6a31c67237a9a1bc1f0079f3aa\"},\"description\":\"Aperture giornaliere, preghiera fino a mezzanotte e confessori straordinari: si aprono i riti del Triduo Pasquale in Basilica e nelle parrocchie di Bosto, Brunella e Casbeno\",\"breadcrumb\":{\"@id\":\"https:\/\/staging.varesenews.it\/2019\/04\/le-chiese-del-centro-si-preparano-alla-pasqua\/813035\/#breadcrumb\"},\"inLanguage\":\"it-IT\",\"potentialAction\":[{\"@type\":\"ReadAction\",\"target\":[\"https:\/\/staging.varesenews.it\/2019\/04\/le-chiese-del-centro-si-preparano-alla-pasqua\/813035\/\"]}]},{\"@type\":\"BreadcrumbList\",\"@id\":\"https:\/\/staging.varesenews.it\/2019\/04\/le-chiese-del-centro-si-preparano-alla-pasqua\/813035\/#breadcrumb\",\"itemListElement\":[{\"@type\":\"ListItem\",\"position\":1,\"name\":\"Home\",\"item\":\"https:\/\/www.varesenews.it\/\"},{\"@type\":\"ListItem\",\"position\":2,\"name\":\"Le chiese del centro si preparano alla Pasqua\"}]},{\"@type\":\"WebSite\",\"@id\":\"https:\/\/staging.varesenews.it\/#website\",\"url\":\"https:\/\/staging.varesenews.it\/\",\"name\":\"VareseNews\",\"description\":\"\",\"potentialAction\":[{\"@type\":\"SearchAction\",\"target\":{\"@type\":\"EntryPoint\",\"urlTemplate\":\"https:\/\/staging.varesenews.it\/?s={search_term_string}\"},\"query-input\":\"required name=search_term_string\"}],\"inLanguage\":\"it-IT\"},{\"@type\":\"Person\",\"@id\":\"https:\/\/staging.varesenews.it\/#\/schema\/person\/995d2e6a31c67237a9a1bc1f0079f3aa\",\"name\":\"Stefania Radman\",\"image\":{\"@type\":\"ImageObject\",\"inLanguage\":\"it-IT\",\"@id\":\"https:\/\/staging.varesenews.it\/#\/schema\/person\/image\/\",\"url\":\"https:\/\/staging.varesenews.it\/wp-content\/uploads\/2020\/12\/stefania_radman_colori_500.jpg\",\"contentUrl\":\"https:\/\/staging.varesenews.it\/wp-content\/uploads\/2020\/12\/stefania_radman_colori_500.jpg\",\"caption\":\"Stefania Radman\"},\"description\":\"Varesina dal 1991, lavoro dal 2000 per Varesenews.it, prima come responsabile della pagina dell&rsquo;economia, poi della pagina life, ora della citt&agrave; di Varese.Ma sono (e sono stata) anche altro: per esempio, agli albori delle radio private ero dj in una radio milanese, Onda Radio. Da 20 anni sono corrispondente da Varese di Radio Popolare e ho collaborato con Espresso, Repubblica, Diario della Settimana, Italia Oggi. &ldquo;Smanettona&rdquo; da sempre, ho aperto il mio primo sito personale con Geocities nei primi anni novanta (chi se lo ricorda?) e i miei primi blog in Splinder all&rsquo;inizio del 2000. Ora sono sui social: qui quasi sempre sono semplicemente \\\"LaRadman&rdquo;.\",\"sameAs\":[\"http:\/\/laradman.blogspot.it\",\"https:\/\/www.facebook.com\/stefaniaradman\",\"@LaRadman\",\"https:\/\/www.linkedin.com\/in\/stefaniaradman\",\"https:\/\/twitter.com\/LaRadman\"],\"url\":\"https:\/\/staging.varesenews.it\/persona\/stefania-radman1\/\"}]}<\/script>\n<!-- \/ Yoast SEO plugin. -->","yoast_head_json":{"title":"Le chiese del centro si preparano alla Pasqua","description":"Aperture giornaliere, preghiera fino a mezzanotte e confessori straordinari: si aprono i riti del Triduo Pasquale in Basilica e nelle parrocchie di Bosto, Brunella e Casbeno","robots":{"index":"noindex","follow":"follow","max-snippet":"max-snippet:-1","max-image-preview":"max-image-preview:large","max-video-preview":"max-video-preview:-1"},"og_locale":"it_IT","og_type":"article","og_title":"Le chiese del centro si preparano alla Pasqua","og_description":"Aperture giornaliere, preghiera fino a mezzanotte e confessori straordinari: si aprono i riti del Triduo Pasquale in Basilica e nelle parrocchie di Bosto, Brunella e Casbeno","og_url":"https:\/\/staging.varesenews.it\/2019\/04\/le-chiese-del-centro-si-preparano-alla-pasqua\/813035\/","og_site_name":"VareseNews","article_publisher":"https:\/\/www.facebook.com\/varesenews","article_author":"https:\/\/www.facebook.com\/stefaniaradman","article_published_time":"2019-04-16T13:27:08+00:00","article_modified_time":"2019-04-16T13:29:04+00:00","author":"Stefania Radman","twitter_card":"summary_large_image","twitter_creator":"@LaRadman","twitter_site":"@varesenews","twitter_misc":{"Scritto da":"Stefania Radman","Tempo di lettura stimato":"3 minuti"},"schema":{"@context":"https:\/\/schema.org","@graph":[{"@type":"WebPage","@id":"https:\/\/staging.varesenews.it\/2019\/04\/le-chiese-del-centro-si-preparano-alla-pasqua\/813035\/","url":"https:\/\/staging.varesenews.it\/2019\/04\/le-chiese-del-centro-si-preparano-alla-pasqua\/813035\/","name":"Le chiese del centro si preparano alla Pasqua","isPartOf":{"@id":"https:\/\/staging.varesenews.it\/#website"},"datePublished":"2019-04-16T13:27:08+00:00","dateModified":"2019-04-16T13:29:04+00:00","author":{"@id":"https:\/\/staging.varesenews.it\/#\/schema\/person\/995d2e6a31c67237a9a1bc1f0079f3aa"},"description":"Aperture giornaliere, preghiera fino a mezzanotte e confessori straordinari: si aprono i riti del Triduo Pasquale in Basilica e nelle parrocchie di Bosto, Brunella e Casbeno","breadcrumb":{"@id":"https:\/\/staging.varesenews.it\/2019\/04\/le-chiese-del-centro-si-preparano-alla-pasqua\/813035\/#breadcrumb"},"inLanguage":"it-IT","potentialAction":[{"@type":"ReadAction","target":["https:\/\/staging.varesenews.it\/2019\/04\/le-chiese-del-centro-si-preparano-alla-pasqua\/813035\/"]}]},{"@type":"BreadcrumbList","@id":"https:\/\/staging.varesenews.it\/2019\/04\/le-chiese-del-centro-si-preparano-alla-pasqua\/813035\/#breadcrumb","itemListElement":[{"@type":"ListItem","position":1,"name":"Home","item":"https:\/\/www.varesenews.it\/"},{"@type":"ListItem","position":2,"name":"Le chiese del centro si preparano alla Pasqua"}]},{"@type":"WebSite","@id":"https:\/\/staging.varesenews.it\/#website","url":"https:\/\/staging.varesenews.it\/","name":"VareseNews","description":"","potentialAction":[{"@type":"SearchAction","target":{"@type":"EntryPoint","urlTemplate":"https:\/\/staging.varesenews.it\/?s={search_term_string}"},"query-input":"required name=search_term_string"}],"inLanguage":"it-IT"},{"@type":"Person","@id":"https:\/\/staging.varesenews.it\/#\/schema\/person\/995d2e6a31c67237a9a1bc1f0079f3aa","name":"Stefania Radman","image":{"@type":"ImageObject","inLanguage":"it-IT","@id":"https:\/\/staging.varesenews.it\/#\/schema\/person\/image\/","url":"https:\/\/staging.varesenews.it\/wp-content\/uploads\/2020\/12\/stefania_radman_colori_500.jpg","contentUrl":"https:\/\/staging.varesenews.it\/wp-content\/uploads\/2020\/12\/stefania_radman_colori_500.jpg","caption":"Stefania Radman"},"description":"Varesina dal 1991, lavoro dal 2000 per Varesenews.it, prima come responsabile della pagina dell&rsquo;economia, poi della pagina life, ora della citt&agrave; di Varese.Ma sono (e sono stata) anche altro: per esempio, agli albori delle radio private ero dj in una radio milanese, Onda Radio. Da 20 anni sono corrispondente da Varese di Radio Popolare e ho collaborato con Espresso, Repubblica, Diario della Settimana, Italia Oggi. &ldquo;Smanettona&rdquo; da sempre, ho aperto il mio primo sito personale con Geocities nei primi anni novanta (chi se lo ricorda?) e i miei primi blog in Splinder all&rsquo;inizio del 2000. Ora sono sui social: qui quasi sempre sono semplicemente \"LaRadman&rdquo;.","sameAs":["http:\/\/laradman.blogspot.it","https:\/\/www.facebook.com\/stefaniaradman","@LaRadman","https:\/\/www.linkedin.com\/in\/stefaniaradman","https:\/\/twitter.com\/LaRadman"],"url":"https:\/\/staging.varesenews.it\/persona\/stefania-radman1\/"}]}},"post_meta":{"_edit_lock":"1555421211:48","_edit_last":"48","_category_permalink":"a:1:{s:8:\"category\";s:0:\"\";}","_yoast_wpseo_content_score":"30","_jd_tweet_this":"yes","ratings_users":"0","ratings_score":"0","ratings_average":"0","foto":"655350","argomento":"Varese","_yoast_wpseo_focuskw_text_input":"chiese","_yoast_wpseo_focuskw":"chiese","_yoast_wpseo_linkdex":"66","_wpt_short_url":"https:\/\/www.varesenews.it\/2019\/04\/le-chiese-del-centro-si-preparano-alla-pasqua\/813035\/","_wp_jd_target":"https:\/\/www.varesenews.it\/2019\/04\/le-chiese-del-centro-si-preparano-alla-pasqua\/813035\/","_jd_wp_twitter":"a:1:{i:0;s:159:\"Le chiese del centro si preparano alla Pasqua https:\/\/www.varesenews.it\/2019\/04\/le-chiese-del-centro-si-preparano-alla-pasqua\/813035\/ #bosto #brunella #casbeno\";}","_wpt_status_message":"Tweet inviato con successo.","firma_come_redazione":"1"},"photos":[{"original":"https:\/\/staging.varesenews.it\/photogallery_new\/images\/2018\/02\/basilica-san-vittore-655350.jpg","full":"https:\/\/staging.varesenews.it\/photogallery_new\/images\/2018\/02\/basilica-san-vittore-655350.1024x768.jpg","large":"https:\/\/staging.varesenews.it\/photogallery_new\/images\/2018\/02\/basilica-san-vittore-655350.610x431.jpg"}],"_links":{"self":[{"href":"https:\/\/staging.varesenews.it\/swgapi\/v1\/wp\/v2\/posts\/813035"}],"collection":[{"href":"https:\/\/staging.varesenews.it\/swgapi\/v1\/wp\/v2\/posts"}],"about":[{"href":"https:\/\/staging.varesenews.it\/swgapi\/v1\/wp\/v2\/types\/post"}],"author":[{"embeddable":true,"href":"https:\/\/staging.varesenews.it\/swgapi\/v1\/wp\/v2\/users\/48"}],"replies":[{"embeddable":true,"href":"https:\/\/staging.varesenews.it\/swgapi\/v1\/wp\/v2\/comments?post=813035"}],"version-history":[{"count":0,"href":"https:\/\/staging.varesenews.it\/swgapi\/v1\/wp\/v2\/posts\/813035\/revisions"}],"wp:attachment":[{"href":"https:\/\/staging.varesenews.it\/swgapi\/v1\/wp\/v2\/media?parent=813035"}],"wp:term":[{"taxonomy":"category","embeddable":true,"href":"https:\/\/staging.varesenews.it\/swgapi\/v1\/wp\/v2\/categories?post=813035"},{"taxonomy":"post_tag","embeddable":true,"href":"https:\/\/staging.varesenews.it\/swgapi\/v1\/wp\/v2\/tags?post=813035"}],"curies":[{"name":"wp","href":"https:\/\/api.w.org\/{rel}","templated":true}]}}