{"id":814042,"date":"2019-04-19T13:02:55","date_gmt":"2019-04-19T11:02:55","guid":{"rendered":"https:\/\/www.varesenews.it\/?p=814042"},"modified":"2019-04-19T14:49:04","modified_gmt":"2019-04-19T12:49:04","slug":"estate-spaziale-venegono-superiore","status":"publish","type":"post","link":"https:\/\/staging.varesenews.it\/2019\/04\/estate-spaziale-venegono-superiore\/814042\/","title":{"rendered":"Estate spaziale a Venegono Superiore"},"content":{"rendered":"<p style=\"text-align: center;\"><em>&#8220;&#8230;\u00e8 mio quando lo guardo. E&#8217; del vecchio e del bambino,<\/em><br \/>\n<em> dei romantici e dei poeti, del re e dello spazzino.<\/em><\/p>\n<p style=\"text-align: center;\"><em>Il cielo \u00e8 di tutti gli occhi, e ogni occhio, se vuole,<\/em><br \/>\n<em> si prende la Luna intera, le stello comete, il sole.<\/em><\/p>\n<p style=\"text-align: center;\"><em>Ogni occhio si prende ogni cosa e non manca mai niente:<\/em><br \/>\n<em> chi guarda il cielo per ultimo non lo trova meno splendente&#8230;&#8221;<\/em><br \/>\n<em> (Il cielo \u00e8 di tutti&#8221; &#8211; Gianni Rodari&#8221;)<\/em><\/p>\n<p><strong>Dal 10 giugno al 6 settembre<\/strong> (con una pausa dal 3 al 25 agosto), <a href=\"https:\/\/www.cooperativabaobab.it\/centri-estivi\"><strong>Baobab Cooperativa Sociale Onlus<\/strong><\/a> organizza il campo estivo<\/p>\n<h2 style=\"text-align: center;\"><span style=\"color: #ff0000;\">ESTATE SPAZIALE<\/span><\/h2>\n<p>a <strong>Venegono Superiore<\/strong>.<\/p>\n<p>La filastrocca di Rodari ci ricorda che <strong>la bellezza dell&#8217;universo \u00e9 un bene di tutti<\/strong>, ognuno pu\u00f2 guardare in alto e sentirsi parte della meraviglia che osserva.<br \/>\nQuesta estate vorremmo guidare i bambini alla scoperta o riscoperta del cielo con i suoi elementi: sole, stelle, luna e pianeti. Ci aiuteranno la musica e le canzoni che scandiranno alcuni dei momenti della giornata insieme alle attivit\u00e0 artistiche ed espressive; incontreremo i pittori e gli artisti che hanno dipinto e creato ispirandosi al cielo, pensiamo solo alla Notte stellata di Van Ghog.<br \/>\nIncontreremo la Luna nelle filastrocche, nelle fiabe, nei racconti e\u00a0nelle immagini degli autori e degli illustratori per bambini, viaggeremo tra i Pianeti insieme al Piccolo Principe e<span class=\"Apple-converted-space\">\u00a0<\/span>ci avvicineremo al mistero meraviglioso del cielo con una visita all&#8217;Osservatorio Astronomico.<\/p>\n<h3><span style=\"color: #000080;\">Dove?<\/span><\/h3>\n<p>Il campo estivo, aperto a <strong>bambini e bambine della scuola primaria e secondaria di I grado (e per bambini dell&#8217;ultimo anno della scuola dell&#8217;infanzia)<\/strong>, si svolger\u00e0 presso il <strong>Centro Tempo Infanzia<\/strong>, in via Martiri della Libert\u00e0, 1 a Venegono Superiore.<\/p>\n<h3><span style=\"color: #000080;\"><strong>Come posso iscrivermi?<\/strong><\/span><\/h3>\n<ul>\n<li>Il <strong>moduli di iscrizione<\/strong> potr\u00e0 essere ritirato e consegnato presso il Centro Tempo Infanzia <strong>dalle ore 16:30 alle ore 18:30<\/strong> rivolgendosi alle educatrici del Servizio Educativo Pomeridiano, <strong>entro e non oltre luned\u00ec 27 maggio<\/strong> (<strong><a href=\"http:\/\/www.varesenews.it\/wp-content\/uploads\/2019\/04\/Modulo-Iscrizione-Venegono-SUperiore.pdf\">oppure potete scaricarlo qui<\/a><\/strong>).<\/li>\n<\/ul>\n<p>oppure compilando il form sulla <a href=\"https:\/\/www.cooperativabaobab.it\/component\/sppagebuilder\/?view=page&amp;id=103\">pagina del sito internet<\/a> dedicata.<\/p>\n<p>Eventuali iscrizioni che dovessero pervenire oltre il termine sopra indicato, non verranno garantite.<\/p>\n<p>Le richieste di aggiunta di settimane e\/o di cambio modalit\u00e0 di frequenza andranno comunicate entro e non oltre la prima settimana in cui il servizio sar\u00e0 operativo.<\/p>\n<p><strong>Per informazioni o chiarimenti<\/strong> potete chiamare dalle ore 13 alle ore 18 il numero 370 3687707.<\/p>\n<p>Durante lo svolgimento del campo estivo, settimanalmente saranno organizzate delle gite, le cui modalit\u00e0 di realizzazione ed i relativi costi, saranno comunicati durante la serata di presentazione.<\/p>\n<p>Il servizio sar\u00e0 attivo con un <strong>minimo di 15 iscritti a settimana<\/strong>.<\/p>\n<p>Il campo estivo continua <strong>anche nel mese di agosto presso il Parco di Villa Inzoli a Tradate<\/strong> (VA).\u00a0Per informazioni chiamare il numero 0331 811858 oppure scrivere a segreteria@cooperativabaobab.it<\/p>\n<p><a href=\"https:\/\/www.varesenews.it\/tag\/campi-estivi-2019\/\"><img loading=\"lazy\" decoding=\"async\" class=\"aligncenter wp-image-810170 size-medium\" src=\"http:\/\/www.varesenews.it\/wp-content\/uploads\/2019\/03\/Summer-Camp_2-300x133.png\" alt=\"\" width=\"300\" height=\"133\" srcset=\"https:\/\/staging.varesenews.it\/wp-content\/uploads\/2019\/03\/Summer-Camp_2-300x133.png 300w, https:\/\/staging.varesenews.it\/wp-content\/uploads\/2019\/03\/Summer-Camp_2-768x341.png 768w, https:\/\/staging.varesenews.it\/wp-content\/uploads\/2019\/03\/Summer-Camp_2.png 900w\" sizes=\"(max-width: 300px) 100vw, 300px\" \/><\/a><\/p>\n<h3><span style=\"color: #000080;\"><strong>Orari e costi<\/strong><\/span><\/h3>\n<p><strong>Possibilit\u00e0 di frequenza<\/strong><\/p>\n<ul>\n<li>Full time, dalle ore 07:30 alle ore 18<\/li>\n<li>Part time mattino,\u00a0dalle ore 7:30 alle ore 14 (pranzo compreso)<\/li>\n<li>Part time pomeriggio, dalle 13:30 alle 18<\/li>\n<\/ul>\n<p><strong>Quota settimanale<\/strong><\/p>\n<ul>\n<li>Iscrizione al servizio 30 euro<\/li>\n<li>Part time 50 euro\u00a0 a settimana<\/li>\n<li>Full time 65 euro a settimana<\/li>\n<\/ul>\n<p><strong>Sconti ed esenzioni<\/strong><\/p>\n<ul>\n<li>Sconto del 20% al secondo fratello<\/li>\n<li>Sconto del 30% al terzo fratello<\/li>\n<li>Gratuito dal quarto fratello in avanti (solo in caso di frequenza full-time per iscrizioni pari o superiori alle 5 settimane).<\/li>\n<li>In caso di frequenze differenti, si intende per \u201cprimo fratello\u201d chi ha la frequenza maggiore.\u00a0<strong>Per i NON residenti verr\u00e0 applicata una maggiorazione di 5 euro\u00a0al prezzo base settimanale.<\/strong><\/li>\n<\/ul>\n<p>I buoni mensa del costo di 5 euro (3 euro nel caso di residenti con ISEE inferiore a 8 euro) si potranno acquistare presso lo sportello di Cittadinanza del Comune di Venegono Superiore.\u00a0Per ulteriori informazioni relative a quest\u2019ultimo servizio, rivolgersi all\u2019ufficio di competenza aperto il marted\u00ec, mercoled\u00ec, gioved\u00ec dalle 10:00 alle 13:00 ed il gioved\u00ec dalle 16 alle 18 telefono 0331 828442.<\/p>\n<h3><span style=\"color: #000080;\"><strong>Come pagare<\/strong><\/span><\/h3>\n<p>La quota di frequenza al centro estivo potr\u00e0 essere pagata <strong>in contanti o assegno<\/strong> nelle giornate di marted\u00ec 11 giugno dalle ore 16:30 alle ore 18 alla segretaria della cooperativa, presso il Centro Tempo Infanzia oppure <strong>tramite bonifico bancario<\/strong> intestato a:<\/p>\n<p>Baobab Cooperativa Sociale Onlus<br \/>\nIBAN: IT 27 L 03359 01600 100000006971<br \/>\nCAUSALE: Cognome e Nome del minore<\/p>\n<p>Il pagamento potr\u00e0 essere effettuato in unica soluzione, oppure in due rate di uguale importo, di cui la prima entro l\u2019inizio di frequenza al campo estivo.<\/p>\n<h2><a href=\"http:\/\/www.varesenews.it\/wp-content\/uploads\/2019\/04\/Centro-Estivo-Venegono-Superiore.pdf\">Volantino del Centro Estivo di Venegono Superiore<\/a><\/h2>\n","protected":false},"excerpt":{"rendered":"<p>Dal 10 giugno al 6 settembre (con una pausa dal 3 al 25 agosto), Baobab Cooperativa Sociale Onlus organizza il campo estivo a Vedano Olona per bambini e bambine della scuola dell&#8217;infanzia, primaria e seconda di I grado<\/p>\n","protected":false},"author":5428,"featured_media":0,"comment_status":"open","ping_status":"open","sticky":false,"template":"","format":"standard","meta":{"footnotes":""},"categories":[23,5,1],"tags":[191,94885,95858,3734,94886,1315,5834,86032,3146,69457],"acf":[],"yoast_head":"<!-- This site is optimized with the Yoast SEO plugin v20.1 - https:\/\/yoast.com\/wordpress\/plugins\/seo\/ -->\n<title>Estate spaziale a Venegono Superiore<\/title>\n<meta name=\"description\" content=\"Dal 10 giugno al 6 settembre (con una pausa dal 3 al 25 agosto), Baobab Cooperativa Sociale Onlus organizza il campo estivo a Vedano Olona per bambini e bambine della scuola dell&#039;infanzia, primaria e seconda di I grado\" \/>\n<meta name=\"robots\" content=\"noindex, follow, max-snippet:-1, max-image-preview:large, max-video-preview:-1\" \/>\n<meta property=\"og:locale\" content=\"it_IT\" \/>\n<meta property=\"og:type\" content=\"article\" \/>\n<meta property=\"og:title\" content=\"Estate spaziale a Venegono Superiore\" \/>\n<meta property=\"og:description\" content=\"Dal 10 giugno al 6 settembre (con una pausa dal 3 al 25 agosto), Baobab Cooperativa Sociale Onlus organizza il campo estivo a Vedano Olona per bambini e bambine della scuola dell&#039;infanzia, primaria e seconda di I grado\" \/>\n<meta property=\"og:url\" content=\"https:\/\/staging.varesenews.it\/2019\/04\/estate-spaziale-venegono-superiore\/814042\/\" \/>\n<meta property=\"og:site_name\" content=\"VareseNews\" \/>\n<meta property=\"article:publisher\" content=\"https:\/\/www.facebook.com\/varesenews\" \/>\n<meta property=\"article:published_time\" content=\"2019-04-19T11:02:55+00:00\" \/>\n<meta property=\"article:modified_time\" content=\"2019-04-19T12:49:04+00:00\" \/>\n<meta property=\"og:image\" content=\"http:\/\/www.varesenews.it\/wp-content\/uploads\/2019\/03\/Summer-Camp_2-300x133.png\" \/>\n<meta name=\"author\" content=\"divisionebusiness\" \/>\n<meta name=\"twitter:card\" content=\"summary_large_image\" \/>\n<meta name=\"twitter:creator\" content=\"@varesenews\" \/>\n<meta name=\"twitter:site\" content=\"@varesenews\" \/>\n<meta name=\"twitter:label1\" content=\"Scritto da\" \/>\n\t<meta name=\"twitter:data1\" content=\"divisionebusiness\" \/>\n\t<meta name=\"twitter:label2\" content=\"Tempo di lettura stimato\" \/>\n\t<meta name=\"twitter:data2\" content=\"3 minuti\" \/>\n<script type=\"application\/ld+json\" class=\"yoast-schema-graph\">{\"@context\":\"https:\/\/schema.org\",\"@graph\":[{\"@type\":\"WebPage\",\"@id\":\"https:\/\/staging.varesenews.it\/2019\/04\/estate-spaziale-venegono-superiore\/814042\/\",\"url\":\"https:\/\/staging.varesenews.it\/2019\/04\/estate-spaziale-venegono-superiore\/814042\/\",\"name\":\"Estate spaziale a Venegono Superiore\",\"isPartOf\":{\"@id\":\"https:\/\/staging.varesenews.it\/#website\"},\"datePublished\":\"2019-04-19T11:02:55+00:00\",\"dateModified\":\"2019-04-19T12:49:04+00:00\",\"author\":{\"@id\":\"https:\/\/staging.varesenews.it\/#\/schema\/person\/9fc65cf41366c6512d37aa8b5aa40b98\"},\"description\":\"Dal 10 giugno al 6 settembre (con una pausa dal 3 al 25 agosto), Baobab Cooperativa Sociale Onlus organizza il campo estivo a Vedano Olona per bambini e bambine della scuola dell'infanzia, primaria e seconda di I grado\",\"breadcrumb\":{\"@id\":\"https:\/\/staging.varesenews.it\/2019\/04\/estate-spaziale-venegono-superiore\/814042\/#breadcrumb\"},\"inLanguage\":\"it-IT\",\"potentialAction\":[{\"@type\":\"ReadAction\",\"target\":[\"https:\/\/staging.varesenews.it\/2019\/04\/estate-spaziale-venegono-superiore\/814042\/\"]}]},{\"@type\":\"BreadcrumbList\",\"@id\":\"https:\/\/staging.varesenews.it\/2019\/04\/estate-spaziale-venegono-superiore\/814042\/#breadcrumb\",\"itemListElement\":[{\"@type\":\"ListItem\",\"position\":1,\"name\":\"Home\",\"item\":\"https:\/\/www.varesenews.it\/\"},{\"@type\":\"ListItem\",\"position\":2,\"name\":\"Estate spaziale a Venegono Superiore\"}]},{\"@type\":\"WebSite\",\"@id\":\"https:\/\/staging.varesenews.it\/#website\",\"url\":\"https:\/\/staging.varesenews.it\/\",\"name\":\"VareseNews\",\"description\":\"\",\"potentialAction\":[{\"@type\":\"SearchAction\",\"target\":{\"@type\":\"EntryPoint\",\"urlTemplate\":\"https:\/\/staging.varesenews.it\/?s={search_term_string}\"},\"query-input\":\"required name=search_term_string\"}],\"inLanguage\":\"it-IT\"},{\"@type\":\"Person\",\"@id\":\"https:\/\/staging.varesenews.it\/#\/schema\/person\/9fc65cf41366c6512d37aa8b5aa40b98\",\"name\":\"divisionebusiness\",\"image\":{\"@type\":\"ImageObject\",\"inLanguage\":\"it-IT\",\"@id\":\"https:\/\/staging.varesenews.it\/#\/schema\/person\/image\/\",\"url\":\"https:\/\/staging.varesenews.it\/wp-content\/uploads\/2015\/03\/mistery.jpg\",\"contentUrl\":\"https:\/\/staging.varesenews.it\/wp-content\/uploads\/2015\/03\/mistery.jpg\",\"caption\":\"divisionebusiness\"},\"url\":\"https:\/\/staging.varesenews.it\/persona\/divisionebusiness2\/\"}]}<\/script>\n<!-- \/ Yoast SEO plugin. -->","yoast_head_json":{"title":"Estate spaziale a Venegono Superiore","description":"Dal 10 giugno al 6 settembre (con una pausa dal 3 al 25 agosto), Baobab Cooperativa Sociale Onlus organizza il campo estivo a Vedano Olona per bambini e bambine della scuola dell'infanzia, primaria e seconda di I grado","robots":{"index":"noindex","follow":"follow","max-snippet":"max-snippet:-1","max-image-preview":"max-image-preview:large","max-video-preview":"max-video-preview:-1"},"og_locale":"it_IT","og_type":"article","og_title":"Estate spaziale a Venegono Superiore","og_description":"Dal 10 giugno al 6 settembre (con una pausa dal 3 al 25 agosto), Baobab Cooperativa Sociale Onlus organizza il campo estivo a Vedano Olona per bambini e bambine della scuola dell'infanzia, primaria e seconda di I grado","og_url":"https:\/\/staging.varesenews.it\/2019\/04\/estate-spaziale-venegono-superiore\/814042\/","og_site_name":"VareseNews","article_publisher":"https:\/\/www.facebook.com\/varesenews","article_published_time":"2019-04-19T11:02:55+00:00","article_modified_time":"2019-04-19T12:49:04+00:00","og_image":[{"url":"http:\/\/www.varesenews.it\/wp-content\/uploads\/2019\/03\/Summer-Camp_2-300x133.png"}],"author":"divisionebusiness","twitter_card":"summary_large_image","twitter_creator":"@varesenews","twitter_site":"@varesenews","twitter_misc":{"Scritto da":"divisionebusiness","Tempo di lettura stimato":"3 minuti"},"schema":{"@context":"https:\/\/schema.org","@graph":[{"@type":"WebPage","@id":"https:\/\/staging.varesenews.it\/2019\/04\/estate-spaziale-venegono-superiore\/814042\/","url":"https:\/\/staging.varesenews.it\/2019\/04\/estate-spaziale-venegono-superiore\/814042\/","name":"Estate spaziale a Venegono Superiore","isPartOf":{"@id":"https:\/\/staging.varesenews.it\/#website"},"datePublished":"2019-04-19T11:02:55+00:00","dateModified":"2019-04-19T12:49:04+00:00","author":{"@id":"https:\/\/staging.varesenews.it\/#\/schema\/person\/9fc65cf41366c6512d37aa8b5aa40b98"},"description":"Dal 10 giugno al 6 settembre (con una pausa dal 3 al 25 agosto), Baobab Cooperativa Sociale Onlus organizza il campo estivo a Vedano Olona per bambini e bambine della scuola dell'infanzia, primaria e seconda di I grado","breadcrumb":{"@id":"https:\/\/staging.varesenews.it\/2019\/04\/estate-spaziale-venegono-superiore\/814042\/#breadcrumb"},"inLanguage":"it-IT","potentialAction":[{"@type":"ReadAction","target":["https:\/\/staging.varesenews.it\/2019\/04\/estate-spaziale-venegono-superiore\/814042\/"]}]},{"@type":"BreadcrumbList","@id":"https:\/\/staging.varesenews.it\/2019\/04\/estate-spaziale-venegono-superiore\/814042\/#breadcrumb","itemListElement":[{"@type":"ListItem","position":1,"name":"Home","item":"https:\/\/www.varesenews.it\/"},{"@type":"ListItem","position":2,"name":"Estate spaziale a Venegono Superiore"}]},{"@type":"WebSite","@id":"https:\/\/staging.varesenews.it\/#website","url":"https:\/\/staging.varesenews.it\/","name":"VareseNews","description":"","potentialAction":[{"@type":"SearchAction","target":{"@type":"EntryPoint","urlTemplate":"https:\/\/staging.varesenews.it\/?s={search_term_string}"},"query-input":"required name=search_term_string"}],"inLanguage":"it-IT"},{"@type":"Person","@id":"https:\/\/staging.varesenews.it\/#\/schema\/person\/9fc65cf41366c6512d37aa8b5aa40b98","name":"divisionebusiness","image":{"@type":"ImageObject","inLanguage":"it-IT","@id":"https:\/\/staging.varesenews.it\/#\/schema\/person\/image\/","url":"https:\/\/staging.varesenews.it\/wp-content\/uploads\/2015\/03\/mistery.jpg","contentUrl":"https:\/\/staging.varesenews.it\/wp-content\/uploads\/2015\/03\/mistery.jpg","caption":"divisionebusiness"},"url":"https:\/\/staging.varesenews.it\/persona\/divisionebusiness2\/"}]}},"post_meta":{"argomento":"CAMPI ESTIVI 2019","foto":"734109","firma-personalizzata":"Ufficio pubblicit\u00e0","nascondi_adsense":"1","ratings_users":"0","ratings_score":"0","ratings_average":"0","id_leggi_anche":"810165","_edit_lock":"1556276334:5428","_edit_last":"5428","_category_permalink":"a:1:{s:8:\"category\";s:2:\"23\";}","_yoast_wpseo_content_score":"90","_jd_tweet_this":"yes","_wpt_short_url":"https:\/\/www.varesenews.it\/2019\/04\/estate-spaziale-venegono-superiore\/814042\/","_wp_jd_target":"https:\/\/www.varesenews.it\/2019\/04\/estate-spaziale-venegono-superiore\/814042\/","_jd_wp_twitter":"a:1:{i:0;s:151:\"Estate spaziale a Venegono Superiore https:\/\/www.varesenews.it\/2019\/04\/estate-spaziale-venegono-superiore\/814042\/ #bambini #CampiEstivi2019 #estate2019\";}","_wpt_status_message":"Tweet inviato con successo."},"photos":[{"original":"https:\/\/staging.varesenews.it\/photogallery_new\/images\/2019\/04\/vario-734109.jpg","full":"https:\/\/staging.varesenews.it\/photogallery_new\/images\/2019\/04\/vario-734109.1024x768.jpg","large":"https:\/\/staging.varesenews.it\/photogallery_new\/images\/2019\/04\/vario-734109.610x431.jpg"}],"_links":{"self":[{"href":"https:\/\/staging.varesenews.it\/swgapi\/v1\/wp\/v2\/posts\/814042"}],"collection":[{"href":"https:\/\/staging.varesenews.it\/swgapi\/v1\/wp\/v2\/posts"}],"about":[{"href":"https:\/\/staging.varesenews.it\/swgapi\/v1\/wp\/v2\/types\/post"}],"author":[{"embeddable":true,"href":"https:\/\/staging.varesenews.it\/swgapi\/v1\/wp\/v2\/users\/5428"}],"replies":[{"embeddable":true,"href":"https:\/\/staging.varesenews.it\/swgapi\/v1\/wp\/v2\/comments?post=814042"}],"version-history":[{"count":0,"href":"https:\/\/staging.varesenews.it\/swgapi\/v1\/wp\/v2\/posts\/814042\/revisions"}],"wp:attachment":[{"href":"https:\/\/staging.varesenews.it\/swgapi\/v1\/wp\/v2\/media?parent=814042"}],"wp:term":[{"taxonomy":"category","embeddable":true,"href":"https:\/\/staging.varesenews.it\/swgapi\/v1\/wp\/v2\/categories?post=814042"},{"taxonomy":"post_tag","embeddable":true,"href":"https:\/\/staging.varesenews.it\/swgapi\/v1\/wp\/v2\/tags?post=814042"}],"curies":[{"name":"wp","href":"https:\/\/api.w.org\/{rel}","templated":true}]}}