{"id":814188,"date":"2019-04-19T18:31:52","date_gmt":"2019-04-19T16:31:52","guid":{"rendered":"https:\/\/www.varesenews.it\/?p=814188"},"modified":"2019-04-19T18:31:52","modified_gmt":"2019-04-19T16:31:52","slug":"rudy-collini-ascomtre-idee-aiutare-commercio","status":"publish","type":"post","link":"https:\/\/staging.varesenews.it\/2019\/04\/rudy-collini-ascomtre-idee-aiutare-commercio\/814188\/","title":{"rendered":"Rudy Collini, Ascom:&#8221;Tre idee per aiutare il commercio&#8221;"},"content":{"rendered":"<p>Il presidente di <strong>Ascom<\/strong> Busto Arsizio, <strong>Rudy Collini<\/strong>, commenta i dati del Suap (Sportello unico attivit\u00e0 produttive del Comune di Busto Arsizio) su aperture e chiusure delle attivit\u00e0 commerciali in citt\u00e0, riferite agli ultimi quattro anni, che fanno segnare un aumento del numero delle aperture rispetto alle chiusure.<\/p>\n<p>\u00abIl rapporto tra chiusure e aperture dei negozi a Busto Arsizio in s\u00e9 \u00e9 positivo, lo dicono i numeri elaborati in questi giorni dal Suap del comune di Busto. \u00c9 per\u00f2 nostro dovere andare oltre i semplici dati, analizzandoli in profondit\u00e0 e pianificando interventi e proponendo soluzioni che portino il nostro tessuto commerciale al definitivo rilancio in un momento socioeconomico complesso\u00bb. Collini mette sul tavolo una analisi a 360 gradi dell\u2019attuale situazione e soprattutto prova ad indicare la strada da seguire al fine di affrontare il momento difficile del mercato.<\/p>\n<p><strong>Serve sempre pi\u00f9 lavoro di squadra<\/strong><br \/>\nIl &#8220;numero uno&#8221; dell\u2019Associazione commercianti ritiene fondamentale il lavoro di squadra e interventi affrontati in maniera sempre pi\u00f9 professionale e condivisa. \u00abPer iniziare a seminare e ad arrivare a una ripresa del commercio nel prossimo decennio, tutti devono fare la loro parte rinunciando a volte a un immediato ritorno, ma lavorando come investimento per il futuro. Noi siamo pronti a metterci in gioco investendo risorse e introducendo nuovi strumenti a supporto della categoria. \u00c9 fondamentale inoltre ancora pi\u00f9 supporto da parte dell&#8217;amministrazione comunale e la collaborazione dei proprietari degli spazi commerciali, affinch\u00e9 attuino una politica dei prezzi di affitto diversa da quella attuale, oltre che degli stessi commercianti, in modo che si dialoghi maggiormente tra di loro\u00bb.<\/p>\n<p><strong>Prima tappa, il censimento commerciale<\/strong><br \/>\nLa prima tappa del percorso da parte di Ascom sar\u00e0 il censimento commerciale di Busto Arsizio: \u00abPuntiamo ad avere un preciso quadro della situazione attuale\u00bb. Una \u201cmappa\u201d per quantit\u00e0 e tipologia merceologica, dalla quale acquisire le esigenze del mercato: \u00abUna volta compreso che cosa serva, cosa manchi in centro e nei quartieri, passeremo alla ricerca e alla formazione mirata a supporto delle nuove aperture. Dobbiamo infatti invertire l\u2019attuale trend, in base al quale la percentuale delle attivit\u00e0 che aprono e chiudono nell\u2019arco di appena uno o due anni sta raggiungendo tassi preoccupanti. Un segnale inequivocabile a dimostrazione di come, a fronte di un territorio attrattivo, chi entra nel mercato spesso non sia pronto o non sia adeguatamente preparato ad affrontare le complessit\u00e0 del commercio di oggi\u00bb.<\/p>\n<p><strong>Al via l&#8217;analisi dei flussi pedonali<\/strong><br \/>\nFondamentale sar\u00e0 poi lo strumento per l&#8217;acquisizione e l&#8217;analisi dei flussi pedonali; le Associazioni Commercianti Confcommercio di Busto, Varese, Gallarate, Saronno e Luino, attraverso un progetto provinciale di Uniascom, utilizzeranno una precisa e moderna tecnologia di rilevamento dei passaggi pedonali. \u00abRilevamenti &#8211; prosegue il presidente &#8211; che ci aiuteranno a programmare gli investimenti e le strategie necessarie, dandoci la possibilit\u00e0 di intervenire in maniera mirata nelle aree monitorate, lavorando per comprendere i reali valori degli spazi commerciali\u00bb.<\/p>\n<p><strong>L&#8217;invito: \u00abPi\u00f9 attenzione alle famiglie\u00bb<\/strong><br \/>\nCollini ritiene inoltre che debbano essere potenziate iniziative e spazi per i bambini, elementi fondamentali per animare ed offrire attrattivit\u00e0 e servizi per le famiglie. \u00abImportante agire sulle tariffe dei parcheggi per agevolare maggiormente la sosta almeno nella prima mezzora\u00bb.<\/p>\n<p><strong>Il potenziale della nostra citt\u00e0 \u00e9 enorme<\/strong><br \/>\n\u00abSiamo pronti\u00bb, annuncia Collini, raccogliendo anche l\u2019appello lanciato dall\u2019assessore al Commercio Manuela Maffioli, \u00aba mettere a disposizione le nostre professionalit\u00e0 sempre pi\u00f9 qualificate e la nostra presenza capillare, grazie al supporto anche del Distretto urbano del commercio, dei comitati di quartiere e i responsabili di via che sono i nostri punti di riferimento sui territori. Risorse importanti che, unite a quelle dell\u2019amministrazione comunale con la quale stiamo collaborando in modo costruttivo da anni, della Camera di Commercio attraverso il suo ruolo di costante sostegno alle imprese e agli importanti bandi regionali a favore del commercio tradizionale, possono portarci al rilancio della citt\u00e0. Una citt\u00e0 che, non dimentichiamocelo, ha un potenziale bacino d\u2019utenza enorme: se si estende il raggio di appena 20 chilometri si arriva infatti a un milione di abitanti. Dobbiamo pensare in grande e per farlo, ripeto, tutti devono fare la propria parte. Noi ci siamo\u00bb.<\/p>\n","protected":false},"excerpt":{"rendered":"<p>Il presidente dell&#8217;associazione dei commercianti bustocchi commenta positivamente i dati sulle nuove aperture di negozi e punta su flussi pedonali, famiglie e censimento commerciale<\/p>\n","protected":false},"author":47,"featured_media":0,"comment_status":"open","ping_status":"open","sticky":false,"template":"","format":"standard","meta":{"footnotes":""},"categories":[4],"tags":[1898,645,726],"acf":[],"yoast_head":"<!-- This site is optimized with the Yoast SEO plugin v20.1 - https:\/\/yoast.com\/wordpress\/plugins\/seo\/ -->\n<title>Rudy Collini, Ascom:&quot;Tre idee per aiutare il commercio&quot;<\/title>\n<meta name=\"description\" content=\"Il presidente dell&#039;associazione dei commercianti bustocchi commenta positivamente i dati sulle nuove aperture di negozi e punta su flussi pedonali, famiglie e censimento commerciale\" \/>\n<meta name=\"robots\" content=\"noindex, follow, max-snippet:-1, max-image-preview:large, max-video-preview:-1\" \/>\n<meta property=\"og:locale\" content=\"it_IT\" \/>\n<meta property=\"og:type\" content=\"article\" \/>\n<meta property=\"og:title\" content=\"Rudy Collini, Ascom:&quot;Tre idee per aiutare il commercio&quot;\" \/>\n<meta property=\"og:description\" content=\"Il presidente dell&#039;associazione dei commercianti bustocchi commenta positivamente i dati sulle nuove aperture di negozi e punta su flussi pedonali, famiglie e censimento commerciale\" \/>\n<meta property=\"og:url\" content=\"https:\/\/staging.varesenews.it\/2019\/04\/rudy-collini-ascomtre-idee-aiutare-commercio\/814188\/\" \/>\n<meta property=\"og:site_name\" content=\"VareseNews\" \/>\n<meta property=\"article:publisher\" content=\"https:\/\/www.facebook.com\/varesenews\" \/>\n<meta property=\"article:published_time\" content=\"2019-04-19T16:31:52+00:00\" \/>\n<meta name=\"author\" content=\"Orlando Mastrillo\" \/>\n<meta name=\"twitter:card\" content=\"summary_large_image\" \/>\n<meta name=\"twitter:creator\" content=\"@nando_mastrillo\" \/>\n<meta name=\"twitter:site\" content=\"@varesenews\" \/>\n<meta name=\"twitter:label1\" content=\"Scritto da\" \/>\n\t<meta name=\"twitter:data1\" content=\"Orlando Mastrillo\" \/>\n\t<meta name=\"twitter:label2\" content=\"Tempo di lettura stimato\" \/>\n\t<meta name=\"twitter:data2\" content=\"3 minuti\" \/>\n<script type=\"application\/ld+json\" class=\"yoast-schema-graph\">{\"@context\":\"https:\/\/schema.org\",\"@graph\":[{\"@type\":\"WebPage\",\"@id\":\"https:\/\/staging.varesenews.it\/2019\/04\/rudy-collini-ascomtre-idee-aiutare-commercio\/814188\/\",\"url\":\"https:\/\/staging.varesenews.it\/2019\/04\/rudy-collini-ascomtre-idee-aiutare-commercio\/814188\/\",\"name\":\"Rudy Collini, Ascom:\\\"Tre idee per aiutare il commercio\\\"\",\"isPartOf\":{\"@id\":\"https:\/\/staging.varesenews.it\/#website\"},\"datePublished\":\"2019-04-19T16:31:52+00:00\",\"dateModified\":\"2019-04-19T16:31:52+00:00\",\"author\":{\"@id\":\"https:\/\/staging.varesenews.it\/#\/schema\/person\/14c47ccce537a9058dddce296f10b296\"},\"description\":\"Il presidente dell'associazione dei commercianti bustocchi commenta positivamente i dati sulle nuove aperture di negozi e punta su flussi pedonali, famiglie e censimento commerciale\",\"breadcrumb\":{\"@id\":\"https:\/\/staging.varesenews.it\/2019\/04\/rudy-collini-ascomtre-idee-aiutare-commercio\/814188\/#breadcrumb\"},\"inLanguage\":\"it-IT\",\"potentialAction\":[{\"@type\":\"ReadAction\",\"target\":[\"https:\/\/staging.varesenews.it\/2019\/04\/rudy-collini-ascomtre-idee-aiutare-commercio\/814188\/\"]}]},{\"@type\":\"BreadcrumbList\",\"@id\":\"https:\/\/staging.varesenews.it\/2019\/04\/rudy-collini-ascomtre-idee-aiutare-commercio\/814188\/#breadcrumb\",\"itemListElement\":[{\"@type\":\"ListItem\",\"position\":1,\"name\":\"Home\",\"item\":\"https:\/\/www.varesenews.it\/\"},{\"@type\":\"ListItem\",\"position\":2,\"name\":\"Rudy Collini, Ascom:&#8221;Tre idee per aiutare il commercio&#8221;\"}]},{\"@type\":\"WebSite\",\"@id\":\"https:\/\/staging.varesenews.it\/#website\",\"url\":\"https:\/\/staging.varesenews.it\/\",\"name\":\"VareseNews\",\"description\":\"\",\"potentialAction\":[{\"@type\":\"SearchAction\",\"target\":{\"@type\":\"EntryPoint\",\"urlTemplate\":\"https:\/\/staging.varesenews.it\/?s={search_term_string}\"},\"query-input\":\"required name=search_term_string\"}],\"inLanguage\":\"it-IT\"},{\"@type\":\"Person\",\"@id\":\"https:\/\/staging.varesenews.it\/#\/schema\/person\/14c47ccce537a9058dddce296f10b296\",\"name\":\"Orlando Mastrillo\",\"image\":{\"@type\":\"ImageObject\",\"inLanguage\":\"it-IT\",\"@id\":\"https:\/\/staging.varesenews.it\/#\/schema\/person\/image\/\",\"url\":\"https:\/\/staging.varesenews.it\/wp-content\/uploads\/2020\/12\/orlando_mastrillo_colori_500.jpg\",\"contentUrl\":\"https:\/\/staging.varesenews.it\/wp-content\/uploads\/2020\/12\/orlando_mastrillo_colori_500.jpg\",\"caption\":\"Orlando Mastrillo\"},\"description\":\"Nasco a Luino nel 1981, ho iniziato questo lavoro nell'estate del 2003 nella redazione de Il Giorno di Varese e dall'anno successivo ho intrapreso la collaborazione con VareseNews. Dopo anni nell'Alto Varesotto mi sono trasferito a Busto Arsizio nel 2007, territorio che ho iniziato a seguire e che seguo tutt'oggi. Nel 2013 sono diventato giornalista professionista. Mi occupo di cronaca politica, giudiziaria e nera in una vasta area che comprende anche parte della Valle Olona e il Legnanese. Sono sposato con Valeria Arini e ho due splendide figlie.\",\"sameAs\":[\"or_ma\",\"https:\/\/twitter.com\/nando_mastrillo\"],\"url\":\"https:\/\/staging.varesenews.it\/persona\/orlando-mastrillo1\/\"}]}<\/script>\n<!-- \/ Yoast SEO plugin. -->","yoast_head_json":{"title":"Rudy Collini, Ascom:\"Tre idee per aiutare il commercio\"","description":"Il presidente dell'associazione dei commercianti bustocchi commenta positivamente i dati sulle nuove aperture di negozi e punta su flussi pedonali, famiglie e censimento commerciale","robots":{"index":"noindex","follow":"follow","max-snippet":"max-snippet:-1","max-image-preview":"max-image-preview:large","max-video-preview":"max-video-preview:-1"},"og_locale":"it_IT","og_type":"article","og_title":"Rudy Collini, Ascom:\"Tre idee per aiutare il commercio\"","og_description":"Il presidente dell'associazione dei commercianti bustocchi commenta positivamente i dati sulle nuove aperture di negozi e punta su flussi pedonali, famiglie e censimento commerciale","og_url":"https:\/\/staging.varesenews.it\/2019\/04\/rudy-collini-ascomtre-idee-aiutare-commercio\/814188\/","og_site_name":"VareseNews","article_publisher":"https:\/\/www.facebook.com\/varesenews","article_published_time":"2019-04-19T16:31:52+00:00","author":"Orlando Mastrillo","twitter_card":"summary_large_image","twitter_creator":"@nando_mastrillo","twitter_site":"@varesenews","twitter_misc":{"Scritto da":"Orlando Mastrillo","Tempo di lettura stimato":"3 minuti"},"schema":{"@context":"https:\/\/schema.org","@graph":[{"@type":"WebPage","@id":"https:\/\/staging.varesenews.it\/2019\/04\/rudy-collini-ascomtre-idee-aiutare-commercio\/814188\/","url":"https:\/\/staging.varesenews.it\/2019\/04\/rudy-collini-ascomtre-idee-aiutare-commercio\/814188\/","name":"Rudy Collini, Ascom:\"Tre idee per aiutare il commercio\"","isPartOf":{"@id":"https:\/\/staging.varesenews.it\/#website"},"datePublished":"2019-04-19T16:31:52+00:00","dateModified":"2019-04-19T16:31:52+00:00","author":{"@id":"https:\/\/staging.varesenews.it\/#\/schema\/person\/14c47ccce537a9058dddce296f10b296"},"description":"Il presidente dell'associazione dei commercianti bustocchi commenta positivamente i dati sulle nuove aperture di negozi e punta su flussi pedonali, famiglie e censimento commerciale","breadcrumb":{"@id":"https:\/\/staging.varesenews.it\/2019\/04\/rudy-collini-ascomtre-idee-aiutare-commercio\/814188\/#breadcrumb"},"inLanguage":"it-IT","potentialAction":[{"@type":"ReadAction","target":["https:\/\/staging.varesenews.it\/2019\/04\/rudy-collini-ascomtre-idee-aiutare-commercio\/814188\/"]}]},{"@type":"BreadcrumbList","@id":"https:\/\/staging.varesenews.it\/2019\/04\/rudy-collini-ascomtre-idee-aiutare-commercio\/814188\/#breadcrumb","itemListElement":[{"@type":"ListItem","position":1,"name":"Home","item":"https:\/\/www.varesenews.it\/"},{"@type":"ListItem","position":2,"name":"Rudy Collini, Ascom:&#8221;Tre idee per aiutare il commercio&#8221;"}]},{"@type":"WebSite","@id":"https:\/\/staging.varesenews.it\/#website","url":"https:\/\/staging.varesenews.it\/","name":"VareseNews","description":"","potentialAction":[{"@type":"SearchAction","target":{"@type":"EntryPoint","urlTemplate":"https:\/\/staging.varesenews.it\/?s={search_term_string}"},"query-input":"required name=search_term_string"}],"inLanguage":"it-IT"},{"@type":"Person","@id":"https:\/\/staging.varesenews.it\/#\/schema\/person\/14c47ccce537a9058dddce296f10b296","name":"Orlando Mastrillo","image":{"@type":"ImageObject","inLanguage":"it-IT","@id":"https:\/\/staging.varesenews.it\/#\/schema\/person\/image\/","url":"https:\/\/staging.varesenews.it\/wp-content\/uploads\/2020\/12\/orlando_mastrillo_colori_500.jpg","contentUrl":"https:\/\/staging.varesenews.it\/wp-content\/uploads\/2020\/12\/orlando_mastrillo_colori_500.jpg","caption":"Orlando Mastrillo"},"description":"Nasco a Luino nel 1981, ho iniziato questo lavoro nell'estate del 2003 nella redazione de Il Giorno di Varese e dall'anno successivo ho intrapreso la collaborazione con VareseNews. Dopo anni nell'Alto Varesotto mi sono trasferito a Busto Arsizio nel 2007, territorio che ho iniziato a seguire e che seguo tutt'oggi. Nel 2013 sono diventato giornalista professionista. Mi occupo di cronaca politica, giudiziaria e nera in una vasta area che comprende anche parte della Valle Olona e il Legnanese. Sono sposato con Valeria Arini e ho due splendide figlie.","sameAs":["or_ma","https:\/\/twitter.com\/nando_mastrillo"],"url":"https:\/\/staging.varesenews.it\/persona\/orlando-mastrillo1\/"}]}},"post_meta":{"_edit_lock":"1555692004:47","_edit_last":"47","_category_permalink":"a:1:{s:8:\"category\";s:0:\"\";}","ratings_users":"0","ratings_score":"0","ratings_average":"0","foto":"454475","firma_come_redazione":"1","argomento":"Busto Arsizio","_yoast_wpseo_content_score":"30","_jd_tweet_this":"yes","_wpt_short_url":"https:\/\/www.varesenews.it\/2019\/04\/rudy-collini-ascomtre-idee-aiutare-commercio\/814188\/","_wp_jd_target":"https:\/\/www.varesenews.it\/2019\/04\/rudy-collini-ascomtre-idee-aiutare-commercio\/814188\/","_jd_wp_twitter":"a:1:{i:0;s:171:\"Rudy Collini, Ascom:\u201dTre idee per aiutare il commercio\u201d https:\/\/www.varesenews.it\/2019\/04\/rudy-collini-ascomtre-idee-aiutare-commercio\/814188\/ #ascom #busto #commercio\";}","_wpt_status_message":"Tweet inviato con successo."},"photos":[{"original":"https:\/\/staging.varesenews.it\/photogallery_new\/images\/2015\/05\/141tour-141tour-foto-busto-arsizio-454475.jpg","full":"https:\/\/staging.varesenews.it\/photogallery_new\/images\/2015\/05\/141tour-141tour-foto-busto-arsizio-454475.1024x768.jpg","large":"https:\/\/staging.varesenews.it\/photogallery_new\/images\/2015\/05\/141tour-141tour-foto-busto-arsizio-454475.610x431.jpg"}],"_links":{"self":[{"href":"https:\/\/staging.varesenews.it\/swgapi\/v1\/wp\/v2\/posts\/814188"}],"collection":[{"href":"https:\/\/staging.varesenews.it\/swgapi\/v1\/wp\/v2\/posts"}],"about":[{"href":"https:\/\/staging.varesenews.it\/swgapi\/v1\/wp\/v2\/types\/post"}],"author":[{"embeddable":true,"href":"https:\/\/staging.varesenews.it\/swgapi\/v1\/wp\/v2\/users\/47"}],"replies":[{"embeddable":true,"href":"https:\/\/staging.varesenews.it\/swgapi\/v1\/wp\/v2\/comments?post=814188"}],"version-history":[{"count":0,"href":"https:\/\/staging.varesenews.it\/swgapi\/v1\/wp\/v2\/posts\/814188\/revisions"}],"wp:attachment":[{"href":"https:\/\/staging.varesenews.it\/swgapi\/v1\/wp\/v2\/media?parent=814188"}],"wp:term":[{"taxonomy":"category","embeddable":true,"href":"https:\/\/staging.varesenews.it\/swgapi\/v1\/wp\/v2\/categories?post=814188"},{"taxonomy":"post_tag","embeddable":true,"href":"https:\/\/staging.varesenews.it\/swgapi\/v1\/wp\/v2\/tags?post=814188"}],"curies":[{"name":"wp","href":"https:\/\/api.w.org\/{rel}","templated":true}]}}