{"id":815533,"date":"2019-04-26T18:03:00","date_gmt":"2019-04-26T16:03:00","guid":{"rendered":"https:\/\/www.varesenews.it\/?p=815533"},"modified":"2019-04-26T18:03:00","modified_gmt":"2019-04-26T16:03:00","slug":"la-notte-protagonista-punto-sullarte","status":"publish","type":"post","link":"https:\/\/staging.varesenews.it\/2019\/04\/la-notte-protagonista-punto-sullarte\/815533\/","title":{"rendered":"La notte protagonista a Punto sull\u2019Arte"},"content":{"rendered":"<p>Artista dalla pittura seduttiva, profondamente legato alla tradizione, <strong>Nicola Nannini presenta alla Galleria Punto sull\u2019Arte una nuova personale \u201cNowhere\u201d con una serie di 14 dipinti inediti<\/strong> nei quali si pu\u00f2 leggere tutta l&#8217;evoluzione della sua ricerca fino a oggi.<\/p>\n<p><strong>Il vernissage sar\u00e0 sabato 4 maggio ore 18:00.<\/strong><\/p>\n<p><strong>Protagonista \u00e8 la notte,<\/strong> quella della citt\u00e0 \u2013 rintracciata negli scorci mitteleuropei ma anche nella stessa Varese \u2013 e quella innevata della campagna, pi\u00f9 vicina per temperamento ai paesaggi della &#8220;bassa&#8221; ferrarese con cui l&#8217;artista si \u00e8 fatto conoscere. <strong>Il suo vagare nello spazio alla ricerca dell&#8217;anima dei luoghi<\/strong> (dalla Germania alla Repubblica Ceca e alla Slovenia, dalle campagne del Sud dell&#8217;Inghilterra fino alle strade desolate degli Stati Uniti del sud) \u00e8 anche un viaggiare nel tempo, con suggestioni che spaziano dal Vermeer della Veduta di Delft fino alla luce incantata di Edward Hopper. Nei dipinti Vicolo di Caronte e Notte in giallo lo stesso luogo \u00e8 inquadrato da due punti di vista differenti, e gi\u00e0 questo evidenzia come non sia tanto il soggetto a interessare l&#8217;artista quanto la possibilit\u00e0 di incantare lo spettatore con la prospettiva precipitante, con i punti di luce artificialmente accesi a creare presenze fantasmatiche, o con il gioco della pennellata, apparentemente cos\u00ec definita da raccontarci un mattone alla volta, ma in realt\u00e0 potentemente impressionista fino ad arrivare \u2013 in primissimo piano \u2013 all&#8217;espressionismo del non finito. La notte invernale, poi, immersa nella neve, ha dato a Nicola Nannini la possibilit\u00e0 di scivolare dalle luci calde della notte cittadina alle tonalit\u00e0 fredde che si rapprendono intorno ai bianchi, ai grigi, ai verdi, ai gialli gelidi di neon. Il punto di vista si restringe qui a un soggetto preciso che l&#8217;artista pone al centro del dipinto, personalizzandolo come un&#8217;icona. La strada che si perde nella campagna, la bassa costruzione con i silos accanto, l&#8217;edificio sperduto con quelle due finestre accese, la villa rossa sotto l&#8217;incombente cielo plumbeo, ci fissano negli occhi, ci guardano dentro, ci parlano e ci raccontano storie.<\/p>\n<p>La mostra \u00e8 accompagnata da un catalogo bilingue contenente il testo critico di Alessandra Redaelli e la riproduzione di tutte le opere esposte. L&#8217;artista sar\u00e0 presente al vernissage.<\/p>\n<p>Nicola Nannini nasce a Bologna nel 1972. Dopo gli studi classici si diploma all&#8217;Accademia di Belle Arti di Bologna con il massimo dei voti. Dal 1994 al 2018 \u00e8 docente di disegno e figura presso la Scuola di Artigianato Artistico di Cento e dai primi anni 2000 \u00e8 docente di pittura presso l&#8217;Accademia Cignaroli di Verona. Terminati gli studi istituzionali, ha condotto autonomamente la propria formazione a contatto con le opere di grandi maestri dell&#8217;arte italiana ed europea, dalle quali ha assimilato le tecniche della pittura, del disegno e della grafica. Tali istanze si fondono nelle sue opere, dove il dialogo costante con la propria formazione culturale \u00e8 parte integrante della poetica. Nannini affronta cicli tematici che vanno dalla catalogazione di tipologie umane e urbane a paesaggi di pi\u00f9 ampio e lirico respiro, all&#8217;insegna di un&#8217;ambivalenza quasi contraddittoria, ma consapevole tra esigenze simboliste (o romantiche) da un lato e aspirazioni razionalistiche dall&#8217;altro; nella volont\u00e0 di catalogare lucidamente l&#8217;ambiente circostante e le sue peculiarit\u00e0. Protagonista di numerose rassegne personali e collettive in Italia e all&#8217;estero, ha esposto in gallerie private, musei pubblici e fondazioni. Molte sono le pubblicazioni che lo riguardano. Vive a lavora tra Bologna e Vicenza.<\/p>\n<p>Nicola Nannini<br \/>\nGalleria Punto sull\u2019Arte, Viale Sant&#8217;Antonio 59\/61, Varese<br \/>\nVernissage Sabato 4 Maggio 2019, dalle ore 18 alle 21<br \/>\n5 Maggio &#8211; 8 Giugno 2019<br \/>\nInfo: 0332 320990 www.puntosullarte.it<br \/>\nOrari: Marted\u00ec &#8211; Sabato: h 10-13 e 15-19<br \/>\nDomenica 5 Maggio: h 15-19<br \/>\nCatalogo a cura di Alessandra Redaelli, Edizioni PUNTO SULL\u2019ARTE<\/p>\n","protected":false},"excerpt":{"rendered":"<p>La galleria presenta la mostra personale di Nicola Nannini con quattordici dipinti inediti<\/p>\n","protected":false},"author":36,"featured_media":0,"comment_status":"open","ping_status":"open","sticky":false,"template":"","format":"standard","meta":{"footnotes":""},"categories":[18,21,2],"tags":[8930,158],"acf":[],"yoast_head":"<!-- This site is optimized with the Yoast SEO plugin v20.1 - https:\/\/yoast.com\/wordpress\/plugins\/seo\/ -->\n<title>La notte protagonista a Punto sull\u2019Arte<\/title>\n<meta name=\"description\" content=\"La galleria presenta la mostra personale di Nicola Nannini con quattordici dipinti inediti\" \/>\n<meta name=\"robots\" content=\"noindex, follow, max-snippet:-1, max-image-preview:large, max-video-preview:-1\" \/>\n<meta property=\"og:locale\" content=\"it_IT\" \/>\n<meta property=\"og:type\" content=\"article\" \/>\n<meta property=\"og:title\" content=\"La notte protagonista a Punto sull\u2019Arte\" \/>\n<meta property=\"og:description\" content=\"La galleria presenta la mostra personale di Nicola Nannini con quattordici dipinti inediti\" \/>\n<meta property=\"og:url\" content=\"https:\/\/staging.varesenews.it\/2019\/04\/la-notte-protagonista-punto-sullarte\/815533\/\" \/>\n<meta property=\"og:site_name\" content=\"VareseNews\" \/>\n<meta property=\"article:publisher\" content=\"https:\/\/www.facebook.com\/varesenews\" \/>\n<meta property=\"article:published_time\" content=\"2019-04-26T16:03:00+00:00\" \/>\n<meta name=\"author\" content=\"Erika La Rosa\" \/>\n<meta name=\"twitter:card\" content=\"summary_large_image\" \/>\n<meta name=\"twitter:creator\" content=\"@twerirosa\" \/>\n<meta name=\"twitter:site\" content=\"@varesenews\" \/>\n<meta name=\"twitter:label1\" content=\"Scritto da\" \/>\n\t<meta name=\"twitter:data1\" content=\"Erika La Rosa\" \/>\n\t<meta name=\"twitter:label2\" content=\"Tempo di lettura stimato\" \/>\n\t<meta name=\"twitter:data2\" content=\"3 minuti\" \/>\n<script type=\"application\/ld+json\" class=\"yoast-schema-graph\">{\"@context\":\"https:\/\/schema.org\",\"@graph\":[{\"@type\":\"WebPage\",\"@id\":\"https:\/\/staging.varesenews.it\/2019\/04\/la-notte-protagonista-punto-sullarte\/815533\/\",\"url\":\"https:\/\/staging.varesenews.it\/2019\/04\/la-notte-protagonista-punto-sullarte\/815533\/\",\"name\":\"La notte protagonista a Punto sull\u2019Arte\",\"isPartOf\":{\"@id\":\"https:\/\/staging.varesenews.it\/#website\"},\"datePublished\":\"2019-04-26T16:03:00+00:00\",\"dateModified\":\"2019-04-26T16:03:00+00:00\",\"author\":{\"@id\":\"https:\/\/staging.varesenews.it\/#\/schema\/person\/0512a4cda1d8b4f14c19f86d1016dc18\"},\"description\":\"La galleria presenta la mostra personale di Nicola Nannini con quattordici dipinti inediti\",\"breadcrumb\":{\"@id\":\"https:\/\/staging.varesenews.it\/2019\/04\/la-notte-protagonista-punto-sullarte\/815533\/#breadcrumb\"},\"inLanguage\":\"it-IT\",\"potentialAction\":[{\"@type\":\"ReadAction\",\"target\":[\"https:\/\/staging.varesenews.it\/2019\/04\/la-notte-protagonista-punto-sullarte\/815533\/\"]}]},{\"@type\":\"BreadcrumbList\",\"@id\":\"https:\/\/staging.varesenews.it\/2019\/04\/la-notte-protagonista-punto-sullarte\/815533\/#breadcrumb\",\"itemListElement\":[{\"@type\":\"ListItem\",\"position\":1,\"name\":\"Home\",\"item\":\"https:\/\/www.varesenews.it\/\"},{\"@type\":\"ListItem\",\"position\":2,\"name\":\"La notte protagonista a Punto sull\u2019Arte\"}]},{\"@type\":\"WebSite\",\"@id\":\"https:\/\/staging.varesenews.it\/#website\",\"url\":\"https:\/\/staging.varesenews.it\/\",\"name\":\"VareseNews\",\"description\":\"\",\"potentialAction\":[{\"@type\":\"SearchAction\",\"target\":{\"@type\":\"EntryPoint\",\"urlTemplate\":\"https:\/\/staging.varesenews.it\/?s={search_term_string}\"},\"query-input\":\"required name=search_term_string\"}],\"inLanguage\":\"it-IT\"},{\"@type\":\"Person\",\"@id\":\"https:\/\/staging.varesenews.it\/#\/schema\/person\/0512a4cda1d8b4f14c19f86d1016dc18\",\"name\":\"Erika La Rosa\",\"image\":{\"@type\":\"ImageObject\",\"inLanguage\":\"it-IT\",\"@id\":\"https:\/\/staging.varesenews.it\/#\/schema\/person\/image\/\",\"url\":\"https:\/\/staging.varesenews.it\/wp-content\/uploads\/2020\/12\/erika_larosa_colori_500.jpg\",\"contentUrl\":\"https:\/\/staging.varesenews.it\/wp-content\/uploads\/2020\/12\/erika_larosa_colori_500.jpg\",\"caption\":\"Erika La Rosa\"},\"description\":\"Giornalista pubblicista, collaboro con VareseNews dal lontano 1997 quando la redazione piccolissima ma l&rsquo;entusiasmo era tanto e la sfida titanica. Da allora siamo cresciuti, la redazione &egrave; diventata pi&ugrave; grande ma l&rsquo;entusiasmo &egrave; rimato lo stesso. Mi piace guardare il mondo attraverso gli occhi degli artisti, per questo scrivo, leggo e mi nutro di arte seguendo per il giornale le pagine dedicate alle mostre e agli artisti. Ho collaborato con diversi Musei e Istituzioni culturali italiane e svizzere. Da oltre dieci anni mi occupo di strategie e comunicazione sui social media di enti pubblici e privati. Vivo il presente e non dimentico mai che quando c&rsquo;&egrave; una meta, anche il deserto diventa una strada.\",\"sameAs\":[\"https:\/\/www.linkedin.com\/profile\/view?id=93070756&trk=nav_responsive_tab_profile_pic\",\"https:\/\/twitter.com\/twerirosa\"],\"url\":\"https:\/\/staging.varesenews.it\/persona\/erika_larosa\/\"}]}<\/script>\n<!-- \/ Yoast SEO plugin. -->","yoast_head_json":{"title":"La notte protagonista a Punto sull\u2019Arte","description":"La galleria presenta la mostra personale di Nicola Nannini con quattordici dipinti inediti","robots":{"index":"noindex","follow":"follow","max-snippet":"max-snippet:-1","max-image-preview":"max-image-preview:large","max-video-preview":"max-video-preview:-1"},"og_locale":"it_IT","og_type":"article","og_title":"La notte protagonista a Punto sull\u2019Arte","og_description":"La galleria presenta la mostra personale di Nicola Nannini con quattordici dipinti inediti","og_url":"https:\/\/staging.varesenews.it\/2019\/04\/la-notte-protagonista-punto-sullarte\/815533\/","og_site_name":"VareseNews","article_publisher":"https:\/\/www.facebook.com\/varesenews","article_published_time":"2019-04-26T16:03:00+00:00","author":"Erika La Rosa","twitter_card":"summary_large_image","twitter_creator":"@twerirosa","twitter_site":"@varesenews","twitter_misc":{"Scritto da":"Erika La Rosa","Tempo di lettura stimato":"3 minuti"},"schema":{"@context":"https:\/\/schema.org","@graph":[{"@type":"WebPage","@id":"https:\/\/staging.varesenews.it\/2019\/04\/la-notte-protagonista-punto-sullarte\/815533\/","url":"https:\/\/staging.varesenews.it\/2019\/04\/la-notte-protagonista-punto-sullarte\/815533\/","name":"La notte protagonista a Punto sull\u2019Arte","isPartOf":{"@id":"https:\/\/staging.varesenews.it\/#website"},"datePublished":"2019-04-26T16:03:00+00:00","dateModified":"2019-04-26T16:03:00+00:00","author":{"@id":"https:\/\/staging.varesenews.it\/#\/schema\/person\/0512a4cda1d8b4f14c19f86d1016dc18"},"description":"La galleria presenta la mostra personale di Nicola Nannini con quattordici dipinti inediti","breadcrumb":{"@id":"https:\/\/staging.varesenews.it\/2019\/04\/la-notte-protagonista-punto-sullarte\/815533\/#breadcrumb"},"inLanguage":"it-IT","potentialAction":[{"@type":"ReadAction","target":["https:\/\/staging.varesenews.it\/2019\/04\/la-notte-protagonista-punto-sullarte\/815533\/"]}]},{"@type":"BreadcrumbList","@id":"https:\/\/staging.varesenews.it\/2019\/04\/la-notte-protagonista-punto-sullarte\/815533\/#breadcrumb","itemListElement":[{"@type":"ListItem","position":1,"name":"Home","item":"https:\/\/www.varesenews.it\/"},{"@type":"ListItem","position":2,"name":"La notte protagonista a Punto sull\u2019Arte"}]},{"@type":"WebSite","@id":"https:\/\/staging.varesenews.it\/#website","url":"https:\/\/staging.varesenews.it\/","name":"VareseNews","description":"","potentialAction":[{"@type":"SearchAction","target":{"@type":"EntryPoint","urlTemplate":"https:\/\/staging.varesenews.it\/?s={search_term_string}"},"query-input":"required name=search_term_string"}],"inLanguage":"it-IT"},{"@type":"Person","@id":"https:\/\/staging.varesenews.it\/#\/schema\/person\/0512a4cda1d8b4f14c19f86d1016dc18","name":"Erika La Rosa","image":{"@type":"ImageObject","inLanguage":"it-IT","@id":"https:\/\/staging.varesenews.it\/#\/schema\/person\/image\/","url":"https:\/\/staging.varesenews.it\/wp-content\/uploads\/2020\/12\/erika_larosa_colori_500.jpg","contentUrl":"https:\/\/staging.varesenews.it\/wp-content\/uploads\/2020\/12\/erika_larosa_colori_500.jpg","caption":"Erika La Rosa"},"description":"Giornalista pubblicista, collaboro con VareseNews dal lontano 1997 quando la redazione piccolissima ma l&rsquo;entusiasmo era tanto e la sfida titanica. Da allora siamo cresciuti, la redazione &egrave; diventata pi&ugrave; grande ma l&rsquo;entusiasmo &egrave; rimato lo stesso. Mi piace guardare il mondo attraverso gli occhi degli artisti, per questo scrivo, leggo e mi nutro di arte seguendo per il giornale le pagine dedicate alle mostre e agli artisti. Ho collaborato con diversi Musei e Istituzioni culturali italiane e svizzere. Da oltre dieci anni mi occupo di strategie e comunicazione sui social media di enti pubblici e privati. Vivo il presente e non dimentico mai che quando c&rsquo;&egrave; una meta, anche il deserto diventa una strada.","sameAs":["https:\/\/www.linkedin.com\/profile\/view?id=93070756&trk=nav_responsive_tab_profile_pic","https:\/\/twitter.com\/twerirosa"],"url":"https:\/\/staging.varesenews.it\/persona\/erika_larosa\/"}]}},"post_meta":{"_edit_lock":"1556294832:36","_edit_last":"36","_category_permalink":"a:1:{s:8:\"category\";s:0:\"\";}","ratings_users":"0","ratings_score":"0","ratings_average":"0","foto":"734948","firma_come_redazione":"1","argomento":"Varese","_yoast_wpseo_content_score":"30","_jd_tweet_this":"yes","_wpt_short_url":"https:\/\/www.varesenews.it\/2019\/04\/la-notte-protagonista-punto-sullarte\/815533\/","_wp_jd_target":"https:\/\/www.varesenews.it\/2019\/04\/la-notte-protagonista-punto-sullarte\/815533\/","_jd_wp_twitter":"a:1:{i:0;s:144:\"La notte protagonista a Punto sull\u2019Arte https:\/\/www.varesenews.it\/2019\/04\/la-notte-protagonista-punto-sullarte\/815533\/ #puntosullarte #weekend\";}","_wpt_status_message":"Tweet inviato con successo."},"photos":[{"original":"https:\/\/staging.varesenews.it\/photogallery_new\/images\/2019\/04\/arte-mostre-734948.jpg","full":"https:\/\/staging.varesenews.it\/photogallery_new\/images\/2019\/04\/arte-mostre-734948.1024x768.jpg","large":"https:\/\/staging.varesenews.it\/photogallery_new\/images\/2019\/04\/arte-mostre-734948.610x431.jpg"}],"_links":{"self":[{"href":"https:\/\/staging.varesenews.it\/swgapi\/v1\/wp\/v2\/posts\/815533"}],"collection":[{"href":"https:\/\/staging.varesenews.it\/swgapi\/v1\/wp\/v2\/posts"}],"about":[{"href":"https:\/\/staging.varesenews.it\/swgapi\/v1\/wp\/v2\/types\/post"}],"author":[{"embeddable":true,"href":"https:\/\/staging.varesenews.it\/swgapi\/v1\/wp\/v2\/users\/36"}],"replies":[{"embeddable":true,"href":"https:\/\/staging.varesenews.it\/swgapi\/v1\/wp\/v2\/comments?post=815533"}],"version-history":[{"count":0,"href":"https:\/\/staging.varesenews.it\/swgapi\/v1\/wp\/v2\/posts\/815533\/revisions"}],"wp:attachment":[{"href":"https:\/\/staging.varesenews.it\/swgapi\/v1\/wp\/v2\/media?parent=815533"}],"wp:term":[{"taxonomy":"category","embeddable":true,"href":"https:\/\/staging.varesenews.it\/swgapi\/v1\/wp\/v2\/categories?post=815533"},{"taxonomy":"post_tag","embeddable":true,"href":"https:\/\/staging.varesenews.it\/swgapi\/v1\/wp\/v2\/tags?post=815533"}],"curies":[{"name":"wp","href":"https:\/\/api.w.org\/{rel}","templated":true}]}}