{"id":815691,"date":"2019-04-28T01:31:38","date_gmt":"2019-04-27T23:31:38","guid":{"rendered":"https:\/\/www.varesenews.it\/?p=815691"},"modified":"2019-04-28T01:31:38","modified_gmt":"2019-04-27T23:31:38","slug":"allultimo-respiro-simone-miele-re-del-rallye-elba","status":"publish","type":"post","link":"https:\/\/staging.varesenews.it\/2019\/04\/allultimo-respiro-simone-miele-re-del-rallye-elba\/815691\/","title":{"rendered":"All&#8217;ultimo respiro Simone Miele \u00e8 il re del Rallye Elba"},"content":{"rendered":"<p>\u00c8 una <strong>primavera davvero speciale quella dei rallysti varesotti<\/strong>. Dopo la <a href=\"https:\/\/www.varesenews.it\/2019\/04\/ultima-prova-super-damiano-de-tommaso-vince-lappennino-reggiano\/810305\/\">clamorosa vittoria di Damiano De Tommaso<\/a> nella prima gara stagionale della IRCup, ecco il <strong>colpaccio di Simone Miele<\/strong>: il 30enne pilota di Olgiate Olona ha <strong>vinto il Rallye Elba,<\/strong> seconda prova del Campionato Italiano WRC. <span style=\"color: #000080;\"><em><strong>(foto Acisport)<\/strong><\/em><\/span><\/p>\n<p>Il successo di Miele, navigato dal <strong>luinese Roberto Mometti,<\/strong> ha ricordato proprio quello ottenuto da De Tommaso al rally dell&#8217;Appennino Reggiano: la vittoria infatti \u00e8 <strong>maturata proprio nell&#8217;ultima prova<\/strong> speciale in programma, nella gara toscana quella denominata &#8220;Bagnaia-Cavo&#8221;, nella quale l&#8217;equipaggio della <strong>Citroen Ds3 WRC<\/strong>\u00a0curata dal team DreamOne Racing \u00e8 riuscito a battere la Fiesta WRC di <strong>Signor e Bernardi<\/strong> e a superarla nella classifica generale <strong>di soli 3&#8243;5.<\/strong> Un distacco minimo ma sufficiente per essere incoronati &#8220;re dell&#8217;Elba&#8221; e, cosa altrettanto importante, diventare <strong>leader del campionato<\/strong> visto che la gara isolana aveva coefficiente 1,5, quindi punteggio maggiorato rispetto alle prove standard.<\/p>\n<p>Miele e Mometti sono stati autori di una <strong>gara molto regolare<\/strong> e si sono presto guadagnati una posizione sul podio, la terza nella fattispecie alle spalle <strong>del gi\u00e0 citato Signor e del comasco Corrado Fontana.<\/strong> L&#8217;equipaggio varesotto ha piazzato un acuto nella prima giornata di gara quando ha vinto la PS 2 e quindi \u00e8 rimasto alle spalle del duo di testa mantenendo per\u00f2 un distacco ridotto. Poi per\u00f2, quando <strong>Fontana ha alzato bandiera bianca<\/strong> per un errore che gli ha fatto picchiare la sua Hyundai i20 WRC, <strong>Miele \u00e8 andato all&#8217;attacco<\/strong> di Signor, ha accorciato il divario vincendo la penultima prova e poi, come detto, ha <strong>operato il sorpasso decisivo<\/strong> conquistando in un sol colpo l&#8217;ultima speciale e la vittoria assoluta.<\/p>\n<p>La festa in casa Miele \u00e8 stata inoltre rinforzata dal <strong>bel piazzamento di Mauro<\/strong>, padre di Simone, che ha chiuso <strong>ottavo assoluto e quinto di classe R5<\/strong> a bordo della sua Skoda Fabia navigata da Luca Beltrame. Il podio del Rallye Elba \u00e8 stato invece completato da Luca <strong>Pedersoli<\/strong> (anch&#8217;egli su Citroen Ds3 WRC) che ha riscattato una prima parte di gara non semplice con un altro risultato importante. Quarto posto e vittoria in R5 per un ottimo Andrea <strong>Carella<\/strong> (Skoda Fabia) che nelle prove del venerd\u00ec ha costantemente duellato con i migliori, quinto per il regolare piemontese Corrado <strong>Pinzano<\/strong> (Fabia R5).<\/p>\n<p>\u00abLa nostra \u00e8 stata <strong>davvero una vittoria a sorpresa<\/strong> ma sono davvero contento &#8211; ha spiegato a caldo Simone Miele &#8211; Corrado (Fontana ndr) ha fatto un regalo uscendo nella penultima prova dove ha staccato una ruota e mi spiace per lui. Siamo partiti proprio su quella prova con un distacco minimo da Marco Signor e con un <strong>settaggio della vettura davvero ottimale:<\/strong> quando ho visto Fontana a bordo strada ho provato a dare il massimo nella parte finale della PS7 e a ripetermi nell&#8217;ultima speciale. <strong>Non mi aspettavo neanche io di farcela<\/strong> ma \u00e8 stata una bellissima sorpresa\u00bb.<\/p>\n<p><strong>52\u00b0RALLYE ELBA<br \/>\n<\/strong><strong>Classifica finale assoluta:<\/strong> 1) MIELE &#8211; MOMETTI (Citroen DS3 Wrc) in 1:16&#8217;04.9; 2) Signor-Bernardi (Ford Fiesta Wrc) a 3.7; 3) Pedersoli-Tomasi (Citroen Ds3 Wrc) a 35.6; 4) Carella-Bracchi (Skoda Fabia R5) a 54.6; 5) Pinzano-Zegna (Skoda Fabia R5) a 1\u201915; 6) Bettini-Acri; 7) Re-Bariani; 8) M. MIELE &#8211; BELTRAME (Skoda Fabia R5) a 1\u201956.2; 9) Volpi-Maffoni; 10) Santini-Romei.<\/p>\n<p><strong>CAMPIONATO ITALIANO<\/strong> <strong>WRC<\/strong><br \/>\n<strong>Classifica<\/strong> (dopo 2 prove): 1) S. MIELE 34,5; 2) Pedersoli 30; 3) Signor 28; 4) Pinzano 17; 5) Carella 12;<\/p>\n","protected":false},"excerpt":{"rendered":"<p>Il 30enne di Olgiate Olona (Citroen Ds3 Wrc) supera Signor nell&#8217;ultima prova speciale, vince la gara toscana e balza in testa al campionato italiano Wrc<\/p>\n","protected":false},"author":38,"featured_media":0,"comment_status":"open","ping_status":"open","sticky":false,"template":"","format":"standard","meta":{"footnotes":""},"categories":[14],"tags":[63912,2663,95903],"acf":[],"yoast_head":"<!-- This site is optimized with the Yoast SEO plugin v20.1 - https:\/\/yoast.com\/wordpress\/plugins\/seo\/ -->\n<title>All&#039;ultimo respiro Simone Miele \u00e8 il re del Rallye Elba<\/title>\n<meta name=\"description\" content=\"Il 30enne di Olgiate Olona (Citroen Ds3 Wrc) supera Signor nell&#039;ultima prova speciale, vince la gara toscana e balza in testa al campionato italiano Wrc\" \/>\n<meta name=\"robots\" content=\"noindex, follow, max-snippet:-1, max-image-preview:large, max-video-preview:-1\" \/>\n<meta property=\"og:locale\" content=\"it_IT\" \/>\n<meta property=\"og:type\" content=\"article\" \/>\n<meta property=\"og:title\" content=\"All&#039;ultimo respiro Simone Miele \u00e8 il re del Rallye Elba\" \/>\n<meta property=\"og:description\" content=\"Il 30enne di Olgiate Olona (Citroen Ds3 Wrc) supera Signor nell&#039;ultima prova speciale, vince la gara toscana e balza in testa al campionato italiano Wrc\" \/>\n<meta property=\"og:url\" content=\"https:\/\/staging.varesenews.it\/2019\/04\/allultimo-respiro-simone-miele-re-del-rallye-elba\/815691\/\" \/>\n<meta property=\"og:site_name\" content=\"VareseNews\" \/>\n<meta property=\"article:publisher\" content=\"https:\/\/www.facebook.com\/varesenews\" \/>\n<meta property=\"article:published_time\" content=\"2019-04-27T23:31:38+00:00\" \/>\n<meta name=\"author\" content=\"Damiano Franzetti\" \/>\n<meta name=\"twitter:card\" content=\"summary_large_image\" \/>\n<meta name=\"twitter:creator\" content=\"@damianofranz\" \/>\n<meta name=\"twitter:site\" content=\"@varesenews\" \/>\n<meta name=\"twitter:label1\" content=\"Scritto da\" \/>\n\t<meta name=\"twitter:data1\" content=\"Damiano Franzetti\" \/>\n\t<meta name=\"twitter:label2\" content=\"Tempo di lettura stimato\" \/>\n\t<meta name=\"twitter:data2\" content=\"3 minuti\" \/>\n<script type=\"application\/ld+json\" class=\"yoast-schema-graph\">{\"@context\":\"https:\/\/schema.org\",\"@graph\":[{\"@type\":\"WebPage\",\"@id\":\"https:\/\/staging.varesenews.it\/2019\/04\/allultimo-respiro-simone-miele-re-del-rallye-elba\/815691\/\",\"url\":\"https:\/\/staging.varesenews.it\/2019\/04\/allultimo-respiro-simone-miele-re-del-rallye-elba\/815691\/\",\"name\":\"All'ultimo respiro Simone Miele \u00e8 il re del Rallye Elba\",\"isPartOf\":{\"@id\":\"https:\/\/staging.varesenews.it\/#website\"},\"datePublished\":\"2019-04-27T23:31:38+00:00\",\"dateModified\":\"2019-04-27T23:31:38+00:00\",\"author\":{\"@id\":\"https:\/\/staging.varesenews.it\/#\/schema\/person\/709ae3769f6b4dbde8ec332baede8a5b\"},\"description\":\"Il 30enne di Olgiate Olona (Citroen Ds3 Wrc) supera Signor nell'ultima prova speciale, vince la gara toscana e balza in testa al campionato italiano Wrc\",\"breadcrumb\":{\"@id\":\"https:\/\/staging.varesenews.it\/2019\/04\/allultimo-respiro-simone-miele-re-del-rallye-elba\/815691\/#breadcrumb\"},\"inLanguage\":\"it-IT\",\"potentialAction\":[{\"@type\":\"ReadAction\",\"target\":[\"https:\/\/staging.varesenews.it\/2019\/04\/allultimo-respiro-simone-miele-re-del-rallye-elba\/815691\/\"]}]},{\"@type\":\"BreadcrumbList\",\"@id\":\"https:\/\/staging.varesenews.it\/2019\/04\/allultimo-respiro-simone-miele-re-del-rallye-elba\/815691\/#breadcrumb\",\"itemListElement\":[{\"@type\":\"ListItem\",\"position\":1,\"name\":\"Home\",\"item\":\"https:\/\/www.varesenews.it\/\"},{\"@type\":\"ListItem\",\"position\":2,\"name\":\"All&#8217;ultimo respiro Simone Miele \u00e8 il re del Rallye Elba\"}]},{\"@type\":\"WebSite\",\"@id\":\"https:\/\/staging.varesenews.it\/#website\",\"url\":\"https:\/\/staging.varesenews.it\/\",\"name\":\"VareseNews\",\"description\":\"\",\"potentialAction\":[{\"@type\":\"SearchAction\",\"target\":{\"@type\":\"EntryPoint\",\"urlTemplate\":\"https:\/\/staging.varesenews.it\/?s={search_term_string}\"},\"query-input\":\"required name=search_term_string\"}],\"inLanguage\":\"it-IT\"},{\"@type\":\"Person\",\"@id\":\"https:\/\/staging.varesenews.it\/#\/schema\/person\/709ae3769f6b4dbde8ec332baede8a5b\",\"name\":\"Damiano Franzetti\",\"image\":{\"@type\":\"ImageObject\",\"inLanguage\":\"it-IT\",\"@id\":\"https:\/\/staging.varesenews.it\/#\/schema\/person\/image\/\",\"url\":\"https:\/\/staging.varesenews.it\/wp-content\/uploads\/2020\/12\/damiano_franzetti_colori_500.jpg\",\"contentUrl\":\"https:\/\/staging.varesenews.it\/wp-content\/uploads\/2020\/12\/damiano_franzetti_colori_500.jpg\",\"caption\":\"Damiano Franzetti\"},\"description\":\"Classe 1976, una laurea (nel cassetto) in scienze e tecnologie alimentari; sono giornalista professionista dal 2009 nato e cresciuto con VareseNews dove mi occupo soprattutto di sport ormai da vent&rsquo;anni. Inviato sui campi (sulle piste, sulle strade...), intervistatore, coordinatore e responsabile delle pagine sportive, mi ritaglio volentieri lo spazio per scrivere di birra sul blog Malto Gradimento. Ho seguito innumerevoli campionati di Serie A di basket, di serie B di calcio, due Mondiali di ciclismo, qualche Giro d&rsquo;;Italia e tanto altro ancora. Collaboro con Tuttosport e altre testate, mi diletto di social. Ho una moglie, un figlio, vivo nella mia Gemonio e ho purtroppo smesso con il basket giocato. &nbsp;\",\"sameAs\":[\"damianofranz\",\"https:\/\/www.linkedin.com\/profile\/view?id=241597124&trk=nav_responsive_tab_profile\",\"https:\/\/twitter.com\/damianofranz\"],\"url\":\"https:\/\/staging.varesenews.it\/persona\/damiano_franzetti-2\/\"}]}<\/script>\n<!-- \/ Yoast SEO plugin. -->","yoast_head_json":{"title":"All'ultimo respiro Simone Miele \u00e8 il re del Rallye Elba","description":"Il 30enne di Olgiate Olona (Citroen Ds3 Wrc) supera Signor nell'ultima prova speciale, vince la gara toscana e balza in testa al campionato italiano Wrc","robots":{"index":"noindex","follow":"follow","max-snippet":"max-snippet:-1","max-image-preview":"max-image-preview:large","max-video-preview":"max-video-preview:-1"},"og_locale":"it_IT","og_type":"article","og_title":"All'ultimo respiro Simone Miele \u00e8 il re del Rallye Elba","og_description":"Il 30enne di Olgiate Olona (Citroen Ds3 Wrc) supera Signor nell'ultima prova speciale, vince la gara toscana e balza in testa al campionato italiano Wrc","og_url":"https:\/\/staging.varesenews.it\/2019\/04\/allultimo-respiro-simone-miele-re-del-rallye-elba\/815691\/","og_site_name":"VareseNews","article_publisher":"https:\/\/www.facebook.com\/varesenews","article_published_time":"2019-04-27T23:31:38+00:00","author":"Damiano Franzetti","twitter_card":"summary_large_image","twitter_creator":"@damianofranz","twitter_site":"@varesenews","twitter_misc":{"Scritto da":"Damiano Franzetti","Tempo di lettura stimato":"3 minuti"},"schema":{"@context":"https:\/\/schema.org","@graph":[{"@type":"WebPage","@id":"https:\/\/staging.varesenews.it\/2019\/04\/allultimo-respiro-simone-miele-re-del-rallye-elba\/815691\/","url":"https:\/\/staging.varesenews.it\/2019\/04\/allultimo-respiro-simone-miele-re-del-rallye-elba\/815691\/","name":"All'ultimo respiro Simone Miele \u00e8 il re del Rallye Elba","isPartOf":{"@id":"https:\/\/staging.varesenews.it\/#website"},"datePublished":"2019-04-27T23:31:38+00:00","dateModified":"2019-04-27T23:31:38+00:00","author":{"@id":"https:\/\/staging.varesenews.it\/#\/schema\/person\/709ae3769f6b4dbde8ec332baede8a5b"},"description":"Il 30enne di Olgiate Olona (Citroen Ds3 Wrc) supera Signor nell'ultima prova speciale, vince la gara toscana e balza in testa al campionato italiano Wrc","breadcrumb":{"@id":"https:\/\/staging.varesenews.it\/2019\/04\/allultimo-respiro-simone-miele-re-del-rallye-elba\/815691\/#breadcrumb"},"inLanguage":"it-IT","potentialAction":[{"@type":"ReadAction","target":["https:\/\/staging.varesenews.it\/2019\/04\/allultimo-respiro-simone-miele-re-del-rallye-elba\/815691\/"]}]},{"@type":"BreadcrumbList","@id":"https:\/\/staging.varesenews.it\/2019\/04\/allultimo-respiro-simone-miele-re-del-rallye-elba\/815691\/#breadcrumb","itemListElement":[{"@type":"ListItem","position":1,"name":"Home","item":"https:\/\/www.varesenews.it\/"},{"@type":"ListItem","position":2,"name":"All&#8217;ultimo respiro Simone Miele \u00e8 il re del Rallye Elba"}]},{"@type":"WebSite","@id":"https:\/\/staging.varesenews.it\/#website","url":"https:\/\/staging.varesenews.it\/","name":"VareseNews","description":"","potentialAction":[{"@type":"SearchAction","target":{"@type":"EntryPoint","urlTemplate":"https:\/\/staging.varesenews.it\/?s={search_term_string}"},"query-input":"required name=search_term_string"}],"inLanguage":"it-IT"},{"@type":"Person","@id":"https:\/\/staging.varesenews.it\/#\/schema\/person\/709ae3769f6b4dbde8ec332baede8a5b","name":"Damiano Franzetti","image":{"@type":"ImageObject","inLanguage":"it-IT","@id":"https:\/\/staging.varesenews.it\/#\/schema\/person\/image\/","url":"https:\/\/staging.varesenews.it\/wp-content\/uploads\/2020\/12\/damiano_franzetti_colori_500.jpg","contentUrl":"https:\/\/staging.varesenews.it\/wp-content\/uploads\/2020\/12\/damiano_franzetti_colori_500.jpg","caption":"Damiano Franzetti"},"description":"Classe 1976, una laurea (nel cassetto) in scienze e tecnologie alimentari; sono giornalista professionista dal 2009 nato e cresciuto con VareseNews dove mi occupo soprattutto di sport ormai da vent&rsquo;anni. Inviato sui campi (sulle piste, sulle strade...), intervistatore, coordinatore e responsabile delle pagine sportive, mi ritaglio volentieri lo spazio per scrivere di birra sul blog Malto Gradimento. Ho seguito innumerevoli campionati di Serie A di basket, di serie B di calcio, due Mondiali di ciclismo, qualche Giro d&rsquo;;Italia e tanto altro ancora. Collaboro con Tuttosport e altre testate, mi diletto di social. Ho una moglie, un figlio, vivo nella mia Gemonio e ho purtroppo smesso con il basket giocato. &nbsp;","sameAs":["damianofranz","https:\/\/www.linkedin.com\/profile\/view?id=241597124&trk=nav_responsive_tab_profile","https:\/\/twitter.com\/damianofranz"],"url":"https:\/\/staging.varesenews.it\/persona\/damiano_franzetti-2\/"}]}},"post_meta":{"_edit_lock":"1556408675:38","_edit_last":"38","_category_permalink":"a:1:{s:8:\"category\";s:2:\"14\";}","ratings_users":"0","ratings_score":"0","ratings_average":"0","foto":"735036","argomento":"Rally","_yoast_wpseo_content_score":"30","_jd_tweet_this":"yes","_wpt_short_url":"https:\/\/www.varesenews.it\/2019\/04\/allultimo-respiro-simone-miele-re-del-rallye-elba\/815691\/","_wp_jd_target":"https:\/\/www.varesenews.it\/2019\/04\/allultimo-respiro-simone-miele-re-del-rallye-elba\/815691\/","_jd_wp_twitter":"a:1:{i:0;s:169:\"All\u2019ultimo respiro Simone Miele \u00e8 il re del Rallye Elba https:\/\/www.varesenews.it\/2019\/04\/allultimo-respiro-simone-miele-re-del-rallye-elba\/815691\/ #rally #rallyeelba\";}","_wpt_status_message":"Tweet inviato con successo."},"photos":[{"original":"https:\/\/staging.varesenews.it\/photogallery_new\/images\/2019\/04\/simone-miele-roberto-mometti-rally-ciwrc-2019-735036.jpg","full":"https:\/\/staging.varesenews.it\/photogallery_new\/images\/2019\/04\/simone-miele-roberto-mometti-rally-ciwrc-2019-735036.1024x768.jpg","large":"https:\/\/staging.varesenews.it\/photogallery_new\/images\/2019\/04\/simone-miele-roberto-mometti-rally-ciwrc-2019-735036.610x431.jpg"}],"_links":{"self":[{"href":"https:\/\/staging.varesenews.it\/swgapi\/v1\/wp\/v2\/posts\/815691"}],"collection":[{"href":"https:\/\/staging.varesenews.it\/swgapi\/v1\/wp\/v2\/posts"}],"about":[{"href":"https:\/\/staging.varesenews.it\/swgapi\/v1\/wp\/v2\/types\/post"}],"author":[{"embeddable":true,"href":"https:\/\/staging.varesenews.it\/swgapi\/v1\/wp\/v2\/users\/38"}],"replies":[{"embeddable":true,"href":"https:\/\/staging.varesenews.it\/swgapi\/v1\/wp\/v2\/comments?post=815691"}],"version-history":[{"count":0,"href":"https:\/\/staging.varesenews.it\/swgapi\/v1\/wp\/v2\/posts\/815691\/revisions"}],"wp:attachment":[{"href":"https:\/\/staging.varesenews.it\/swgapi\/v1\/wp\/v2\/media?parent=815691"}],"wp:term":[{"taxonomy":"category","embeddable":true,"href":"https:\/\/staging.varesenews.it\/swgapi\/v1\/wp\/v2\/categories?post=815691"},{"taxonomy":"post_tag","embeddable":true,"href":"https:\/\/staging.varesenews.it\/swgapi\/v1\/wp\/v2\/tags?post=815691"}],"curies":[{"name":"wp","href":"https:\/\/api.w.org\/{rel}","templated":true}]}}