{"id":815709,"date":"2019-04-28T11:53:21","date_gmt":"2019-04-28T09:53:21","guid":{"rendered":"https:\/\/www.varesenews.it\/?p=815709"},"modified":"2019-04-28T11:53:21","modified_gmt":"2019-04-28T09:53:21","slug":"missione-compiuta-conconi-franzin-completano-leveresting","status":"publish","type":"post","link":"https:\/\/staging.varesenews.it\/2019\/04\/missione-compiuta-conconi-franzin-completano-leveresting\/815709\/","title":{"rendered":"Missione compiuta: Conconi e Franzin completano l&#8217;Everesting"},"content":{"rendered":"<p><em>\u201cUn uomo incapace di avere visioni non realizzer\u00e0 mai una grande speranza n\u00e9 comincer\u00e0 mai alcuna grande impresa\u201d<\/em>. Questa frase di Woodrow Wilson, ventottesimo presidente degli Stati Uniti d\u2019America, racchiude il senso dell\u2019impresa sportiva che hanno portato a termine <strong>Giuliano Conconi e Roberto Franzin.<\/strong><\/p>\n<p>I due atleti varesini, uno della Njoy Triathlon e uno della Varese Triathlon, <strong>hanno portato a termine l\u2019Everesting<\/strong>, una sfida ciclistica che prevede di salire e scendere una strada fino a raggiungere gli <strong>8848 metri di dislivello, quelli dell\u2019Everest,<\/strong> ma montagna pi\u00f9 alta del mondo.<\/p>\n<p>Missione portata a termine dai due in <strong>17 ore e 41 minuti<\/strong>, iniziando la prima salita alle 4 del mattino, concludendo l\u2019ultima a pochi minuti dalle 22.<\/p>\n<p>Il giorno dopo<strong> Giuliano Conconi<\/strong> racconta cos\u00ec questo grande traguardo: \u00abSiamo contentissimi tutti e due. Ci siamo allenati tanto, come al solito, ma fare 9000 metri di dislivello su e gi\u00f9 non sai come pu\u00f2 andare a finire\u00bb.<\/p>\n<p>La strada, partenza dal bivio di Sant\u2019Ambrogio e arrivo al Belvedere dl Campo dei Fiori, non \u00e8 stata casuale: \u00ab<strong>Abbiamo scelto il Campo dei Fiori perch\u00e9 \u00e8 un tributo alla nostra citt\u00e0<\/strong>. Siamo entrambi varesini e quella salita l\u2019avremo fatta mille volte. Ci \u00e8 sembrato la scelta pi\u00f9 logica. Una curiosit\u00e0: mi sono accorto della lunghezza quando al termine della prova l\u2019abbiamo fatta in macchina per tornare a casa\u00bb.<\/p>\n<p>Un\u2019idea, quella dell\u2019Everesting, nata un po\u2018 per caso, ma con forti motivazioni: \u00abNe ho sentito parlare \u2013 spiega Giuliano \u2013 e mi sono chiesto: <strong>\u201cperch\u00e9 non lo conoscevo prima?\u201d<\/strong>. Si tratta di un challenge mondiale, che in Italia \u00e8 stato portato a compimento da circa 200 persone; sono convinto che prender\u00e0 piede nel breve\u00bb. <img decoding=\"async\" loading=\"lazy\" fetchpriority=\"low\" width=\"610\" height=\"431\" src=\"https:\/\/staging.varesenews.it\/photogallery_new\/images\/2019\/04\/caricamento-temporaneo-per-contributo-1556444572b2bjf47jq3e4wsdy-735079.610x431.jpg\" alt=\"Everesting, missione compiuta\"><\/p>\n<p>Una prova del genere non pu\u00f2 che essere dura e avere tanti risvolti che la complicano ulteriormente: \u00ab<strong>\u00c8 tosto \u2013 ammette Conconi -, anche di testa.<\/strong> Abbiamo sofferto abbastanza il freddo, sia la mattina avendo iniziato molto presto, sia alla sera\u00bb.<\/p>\n<p>Alla fine a prevalere \u00e8 la soddisfazione: \u00abSportivamente \u00e8 stata una bella impresa. \u00c8 stato bello perch\u00e9 <strong>\u00e8 stato un susseguirsi di atleti e amici,<\/strong> che sono venuti a sostenerci e aiutarci nel portare a termine questa impresa. L\u2019Everesting ognuno pu\u00f2 gestirlo a suo modo, seguendo per\u00f2 le regole di buona condotta\u00bb.<\/p>\n<p>A mente fredda, dopo qualche ora dalla conclusione della prova, con un po\u2019 di meritato riposo, la fatica va via. A rimanere \u00e8 <strong>la percezione concreta di un\u2019impresa portata a termine con tanta passione, una buona dose di allenamento e un pizzico di follia.<\/strong><\/p>\n","protected":false},"excerpt":{"rendered":"<p>Sabato 27 aprile i due atleti varesini hanno portato a termina l&#8217;impresa in 17 ore e 41 minuti. \u00abSportivamente \u00e8 stata una bella impresa\u00bb<\/p>\n","protected":false},"author":37,"featured_media":0,"comment_status":"open","ping_status":"open","sticky":false,"template":"","format":"standard","meta":{"footnotes":""},"categories":[14,2],"tags":[398,95860,69408,14028],"acf":[],"yoast_head":"<!-- This site is optimized with the Yoast SEO plugin v20.1 - https:\/\/yoast.com\/wordpress\/plugins\/seo\/ -->\n<title>Missione compiuta: Conconi e Franzin completano l&#039;Everesting<\/title>\n<meta name=\"description\" content=\"Sabato 27 aprile i due atleti varesini hanno portato a termina l&#039;impresa in 17 ore e 41 minuti. \u00abSportivamente \u00e8 stata una bella impresa\u00bb\" \/>\n<meta name=\"robots\" content=\"noindex, follow, max-snippet:-1, max-image-preview:large, max-video-preview:-1\" \/>\n<meta property=\"og:locale\" content=\"it_IT\" \/>\n<meta property=\"og:type\" content=\"article\" \/>\n<meta property=\"og:title\" content=\"Missione compiuta: Conconi e Franzin completano l&#039;Everesting\" \/>\n<meta property=\"og:description\" content=\"Sabato 27 aprile i due atleti varesini hanno portato a termina l&#039;impresa in 17 ore e 41 minuti. \u00abSportivamente \u00e8 stata una bella impresa\u00bb\" \/>\n<meta property=\"og:url\" content=\"https:\/\/staging.varesenews.it\/2019\/04\/missione-compiuta-conconi-franzin-completano-leveresting\/815709\/\" \/>\n<meta property=\"og:site_name\" content=\"VareseNews\" \/>\n<meta property=\"article:publisher\" content=\"https:\/\/www.facebook.com\/varesenews\" \/>\n<meta property=\"article:published_time\" content=\"2019-04-28T09:53:21+00:00\" \/>\n<meta name=\"author\" content=\"Francesco Mazzoleni\" \/>\n<meta name=\"twitter:card\" content=\"summary_large_image\" \/>\n<meta name=\"twitter:creator\" content=\"@fmazzof\" \/>\n<meta name=\"twitter:site\" content=\"@varesenews\" \/>\n<meta name=\"twitter:label1\" content=\"Scritto da\" \/>\n\t<meta name=\"twitter:data1\" content=\"Francesco Mazzoleni\" \/>\n\t<meta name=\"twitter:label2\" content=\"Tempo di lettura stimato\" \/>\n\t<meta name=\"twitter:data2\" content=\"2 minuti\" \/>\n<script type=\"application\/ld+json\" class=\"yoast-schema-graph\">{\"@context\":\"https:\/\/schema.org\",\"@graph\":[{\"@type\":\"WebPage\",\"@id\":\"https:\/\/staging.varesenews.it\/2019\/04\/missione-compiuta-conconi-franzin-completano-leveresting\/815709\/\",\"url\":\"https:\/\/staging.varesenews.it\/2019\/04\/missione-compiuta-conconi-franzin-completano-leveresting\/815709\/\",\"name\":\"Missione compiuta: Conconi e Franzin completano l'Everesting\",\"isPartOf\":{\"@id\":\"https:\/\/staging.varesenews.it\/#website\"},\"datePublished\":\"2019-04-28T09:53:21+00:00\",\"dateModified\":\"2019-04-28T09:53:21+00:00\",\"author\":{\"@id\":\"https:\/\/staging.varesenews.it\/#\/schema\/person\/e82236e79160d30d4e1f942004ac3038\"},\"description\":\"Sabato 27 aprile i due atleti varesini hanno portato a termina l'impresa in 17 ore e 41 minuti. \u00abSportivamente \u00e8 stata una bella impresa\u00bb\",\"breadcrumb\":{\"@id\":\"https:\/\/staging.varesenews.it\/2019\/04\/missione-compiuta-conconi-franzin-completano-leveresting\/815709\/#breadcrumb\"},\"inLanguage\":\"it-IT\",\"potentialAction\":[{\"@type\":\"ReadAction\",\"target\":[\"https:\/\/staging.varesenews.it\/2019\/04\/missione-compiuta-conconi-franzin-completano-leveresting\/815709\/\"]}]},{\"@type\":\"BreadcrumbList\",\"@id\":\"https:\/\/staging.varesenews.it\/2019\/04\/missione-compiuta-conconi-franzin-completano-leveresting\/815709\/#breadcrumb\",\"itemListElement\":[{\"@type\":\"ListItem\",\"position\":1,\"name\":\"Home\",\"item\":\"https:\/\/www.varesenews.it\/\"},{\"@type\":\"ListItem\",\"position\":2,\"name\":\"Missione compiuta: Conconi e Franzin completano l&#8217;Everesting\"}]},{\"@type\":\"WebSite\",\"@id\":\"https:\/\/staging.varesenews.it\/#website\",\"url\":\"https:\/\/staging.varesenews.it\/\",\"name\":\"VareseNews\",\"description\":\"\",\"potentialAction\":[{\"@type\":\"SearchAction\",\"target\":{\"@type\":\"EntryPoint\",\"urlTemplate\":\"https:\/\/staging.varesenews.it\/?s={search_term_string}\"},\"query-input\":\"required name=search_term_string\"}],\"inLanguage\":\"it-IT\"},{\"@type\":\"Person\",\"@id\":\"https:\/\/staging.varesenews.it\/#\/schema\/person\/e82236e79160d30d4e1f942004ac3038\",\"name\":\"Francesco Mazzoleni\",\"image\":{\"@type\":\"ImageObject\",\"inLanguage\":\"it-IT\",\"@id\":\"https:\/\/staging.varesenews.it\/#\/schema\/person\/image\/\",\"url\":\"https:\/\/staging.varesenews.it\/wp-content\/uploads\/2020\/12\/francesco_mazzoleni_colori_500-1.jpg\",\"contentUrl\":\"https:\/\/staging.varesenews.it\/wp-content\/uploads\/2020\/12\/francesco_mazzoleni_colori_500-1.jpg\",\"caption\":\"Francesco Mazzoleni\"},\"description\":\"\\\"Uomo di campo\\\" della redazione sportiva. Nutro una vera passione per il calcio, che sia ad alti livelli, sui campi di provincia o in altri continenti. Sono nato a Varese nel 1984, vivo da sempre a Malnate e ho una laurea in Scienze Motorie. Ho mosso i primi passi a VareseNews da stagista nel 2002; nel 2008 ho iniziato a collaborare con maggiore continuit\u00e0 e dal 2018 sono giornalista professionista. Orgoglioso pap\u00e0 di Federico e Adelaide.\",\"sameAs\":[\"fmazzof\",\"it.linkedin.com\/in\/francescomazzolenif\",\"https:\/\/twitter.com\/fmazzof\"],\"url\":\"https:\/\/staging.varesenews.it\/persona\/francesco_mazzoleniferracini\/\"}]}<\/script>\n<!-- \/ Yoast SEO plugin. -->","yoast_head_json":{"title":"Missione compiuta: Conconi e Franzin completano l'Everesting","description":"Sabato 27 aprile i due atleti varesini hanno portato a termina l'impresa in 17 ore e 41 minuti. \u00abSportivamente \u00e8 stata una bella impresa\u00bb","robots":{"index":"noindex","follow":"follow","max-snippet":"max-snippet:-1","max-image-preview":"max-image-preview:large","max-video-preview":"max-video-preview:-1"},"og_locale":"it_IT","og_type":"article","og_title":"Missione compiuta: Conconi e Franzin completano l'Everesting","og_description":"Sabato 27 aprile i due atleti varesini hanno portato a termina l'impresa in 17 ore e 41 minuti. \u00abSportivamente \u00e8 stata una bella impresa\u00bb","og_url":"https:\/\/staging.varesenews.it\/2019\/04\/missione-compiuta-conconi-franzin-completano-leveresting\/815709\/","og_site_name":"VareseNews","article_publisher":"https:\/\/www.facebook.com\/varesenews","article_published_time":"2019-04-28T09:53:21+00:00","author":"Francesco Mazzoleni","twitter_card":"summary_large_image","twitter_creator":"@fmazzof","twitter_site":"@varesenews","twitter_misc":{"Scritto da":"Francesco Mazzoleni","Tempo di lettura stimato":"2 minuti"},"schema":{"@context":"https:\/\/schema.org","@graph":[{"@type":"WebPage","@id":"https:\/\/staging.varesenews.it\/2019\/04\/missione-compiuta-conconi-franzin-completano-leveresting\/815709\/","url":"https:\/\/staging.varesenews.it\/2019\/04\/missione-compiuta-conconi-franzin-completano-leveresting\/815709\/","name":"Missione compiuta: Conconi e Franzin completano l'Everesting","isPartOf":{"@id":"https:\/\/staging.varesenews.it\/#website"},"datePublished":"2019-04-28T09:53:21+00:00","dateModified":"2019-04-28T09:53:21+00:00","author":{"@id":"https:\/\/staging.varesenews.it\/#\/schema\/person\/e82236e79160d30d4e1f942004ac3038"},"description":"Sabato 27 aprile i due atleti varesini hanno portato a termina l'impresa in 17 ore e 41 minuti. \u00abSportivamente \u00e8 stata una bella impresa\u00bb","breadcrumb":{"@id":"https:\/\/staging.varesenews.it\/2019\/04\/missione-compiuta-conconi-franzin-completano-leveresting\/815709\/#breadcrumb"},"inLanguage":"it-IT","potentialAction":[{"@type":"ReadAction","target":["https:\/\/staging.varesenews.it\/2019\/04\/missione-compiuta-conconi-franzin-completano-leveresting\/815709\/"]}]},{"@type":"BreadcrumbList","@id":"https:\/\/staging.varesenews.it\/2019\/04\/missione-compiuta-conconi-franzin-completano-leveresting\/815709\/#breadcrumb","itemListElement":[{"@type":"ListItem","position":1,"name":"Home","item":"https:\/\/www.varesenews.it\/"},{"@type":"ListItem","position":2,"name":"Missione compiuta: Conconi e Franzin completano l&#8217;Everesting"}]},{"@type":"WebSite","@id":"https:\/\/staging.varesenews.it\/#website","url":"https:\/\/staging.varesenews.it\/","name":"VareseNews","description":"","potentialAction":[{"@type":"SearchAction","target":{"@type":"EntryPoint","urlTemplate":"https:\/\/staging.varesenews.it\/?s={search_term_string}"},"query-input":"required name=search_term_string"}],"inLanguage":"it-IT"},{"@type":"Person","@id":"https:\/\/staging.varesenews.it\/#\/schema\/person\/e82236e79160d30d4e1f942004ac3038","name":"Francesco Mazzoleni","image":{"@type":"ImageObject","inLanguage":"it-IT","@id":"https:\/\/staging.varesenews.it\/#\/schema\/person\/image\/","url":"https:\/\/staging.varesenews.it\/wp-content\/uploads\/2020\/12\/francesco_mazzoleni_colori_500-1.jpg","contentUrl":"https:\/\/staging.varesenews.it\/wp-content\/uploads\/2020\/12\/francesco_mazzoleni_colori_500-1.jpg","caption":"Francesco Mazzoleni"},"description":"\"Uomo di campo\" della redazione sportiva. Nutro una vera passione per il calcio, che sia ad alti livelli, sui campi di provincia o in altri continenti. Sono nato a Varese nel 1984, vivo da sempre a Malnate e ho una laurea in Scienze Motorie. Ho mosso i primi passi a VareseNews da stagista nel 2002; nel 2008 ho iniziato a collaborare con maggiore continuit\u00e0 e dal 2018 sono giornalista professionista. Orgoglioso pap\u00e0 di Federico e Adelaide.","sameAs":["fmazzof","it.linkedin.com\/in\/francescomazzolenif","https:\/\/twitter.com\/fmazzof"],"url":"https:\/\/staging.varesenews.it\/persona\/francesco_mazzoleniferracini\/"}]}},"post_meta":{"_edit_lock":"1556445307:37","_edit_last":"37","_category_permalink":"a:1:{s:8:\"category\";s:2:\"14\";}","id_leggi_anche":"814066","foto":"735079","id_link_fotogallery":"815711","id_video_vzaar":"20231225","argomento":"Cislismo","_yoast_wpseo_content_score":"60","_jd_tweet_this":"yes","ratings_users":"0","ratings_score":"0","ratings_average":"0","_wpt_short_url":"https:\/\/www.varesenews.it\/2019\/04\/missione-compiuta-conconi-franzin-completano-leveresting\/815709\/","_wp_jd_target":"https:\/\/www.varesenews.it\/2019\/04\/missione-compiuta-conconi-franzin-completano-leveresting\/815709\/","_jd_wp_twitter":"a:1:{i:0;s:198:\"Missione compiuta: Conconi e Franzin completano l\u2019Everesting https:\/\/www.varesenews.it\/2019\/04\/missione-compiuta-conconi-franzin-completano-leveresting\/815709\/ #ciclismo #everesting #njoytriathlon\";}","_wpt_status_message":"Tweet inviato con successo.","_yoast_wpseo_focuskw_text_input":"everesting","_yoast_wpseo_focuskw":"everesting","_yoast_wpseo_linkdex":"56"},"photos":[{"original":"https:\/\/staging.varesenews.it\/photogallery_new\/images\/2019\/04\/caricamento-temporaneo-per-contributo-1556444572b2bjf47jq3e4wsdy-735079.jpg","full":"https:\/\/staging.varesenews.it\/photogallery_new\/images\/2019\/04\/caricamento-temporaneo-per-contributo-1556444572b2bjf47jq3e4wsdy-735079.1024x768.jpg","large":"https:\/\/staging.varesenews.it\/photogallery_new\/images\/2019\/04\/caricamento-temporaneo-per-contributo-1556444572b2bjf47jq3e4wsdy-735079.610x431.jpg"}],"_links":{"self":[{"href":"https:\/\/staging.varesenews.it\/swgapi\/v1\/wp\/v2\/posts\/815709"}],"collection":[{"href":"https:\/\/staging.varesenews.it\/swgapi\/v1\/wp\/v2\/posts"}],"about":[{"href":"https:\/\/staging.varesenews.it\/swgapi\/v1\/wp\/v2\/types\/post"}],"author":[{"embeddable":true,"href":"https:\/\/staging.varesenews.it\/swgapi\/v1\/wp\/v2\/users\/37"}],"replies":[{"embeddable":true,"href":"https:\/\/staging.varesenews.it\/swgapi\/v1\/wp\/v2\/comments?post=815709"}],"version-history":[{"count":0,"href":"https:\/\/staging.varesenews.it\/swgapi\/v1\/wp\/v2\/posts\/815709\/revisions"}],"wp:attachment":[{"href":"https:\/\/staging.varesenews.it\/swgapi\/v1\/wp\/v2\/media?parent=815709"}],"wp:term":[{"taxonomy":"category","embeddable":true,"href":"https:\/\/staging.varesenews.it\/swgapi\/v1\/wp\/v2\/categories?post=815709"},{"taxonomy":"post_tag","embeddable":true,"href":"https:\/\/staging.varesenews.it\/swgapi\/v1\/wp\/v2\/tags?post=815709"}],"curies":[{"name":"wp","href":"https:\/\/api.w.org\/{rel}","templated":true}]}}