{"id":816164,"date":"2019-04-30T14:25:42","date_gmt":"2019-04-30T12:25:42","guid":{"rendered":"https:\/\/www.varesenews.it\/?p=816164"},"modified":"2019-04-30T15:47:49","modified_gmt":"2019-04-30T13:47:49","slug":"bimba-6-anni-ustionata-pentola","status":"publish","type":"post","link":"https:\/\/staging.varesenews.it\/2019\/04\/bimba-6-anni-ustionata-pentola\/816164\/","title":{"rendered":"Bimba di 6 anni ustionata con l&#8217;acqua bollente"},"content":{"rendered":"<p><strong>Una serie di ustioni, alcune di secondo grado, in tre punti del corpo<\/strong> e frutto, a quanto sembra, di uno dei pi\u00f9 classici infortuni domestici: una pentola sui fornelli che cade.<\/p>\n<p><strong>A farne le spese una bambina di 6 anni<\/strong> che in quel momento &#8211; erano le 11 di oggi, marted\u00ec &#8211; si trovava in casa con la mamma in un paese non lontano da Varese alle prese col suo cane. Mentre la piccola stava dando da mangiare all&#8217;animale ha urtato la pentola che ha perso stabilit\u00e0, \u00e8 caduta e l&#8217;ha investita al braccio, alla coscia e in maniera meno lieve al petto col suo contenuto.<\/p>\n<p><strong>I parenti hanno soccorrso la bimba <\/strong>e avvisato il 118: nel frattempo l&#8217;hanno <strong>caricata in auto e sono partiti andando incontro all\u2019ambulanza, trovata<\/strong> lungo la sp1 nella zona di Buguggiate, nei pressi della rotonda \u201cdell\u2019aereo\u201d.<\/p>\n<p><strong>Sul posto, nel frattempo, si \u00e8 portato anche l\u2019elisoccorso del 118 dell\u2019ospedale Sant\u2019Anna di Como<\/strong> da cui \u00e8 sbarcato personale medico.<\/p>\n<p><strong>I sanitari hanno medicato e tranquillizzato la piccola <\/strong>e poi deciso per il ricovero in ambulanza; la sirena non \u00e8 stata accesa per non spaventare la giovane paziente che \u00e8 arrivata al pronto soccorso poco prima delle 12, trasportata da una lettiga dell\u2019<strong>Sos di Azzate<\/strong>.<\/p>\n<p>La bambina non \u00e8 in pericolo di vita, e fonti sanitarie confermano che \u00e8 stata dimessa prima delle 14: se la caver\u00e0 con 10 giorni di prognosi e qualche medicazione.<\/p>\n<p><strong>GLI INCIDENTI DOMESTICI CON BAMBINI IN ITALIA<\/strong><br \/>\n<em>(da La prevenzione degli incidenti domestici in et\u00e0 infantile linea guida prevenzione, pubblicato nel febbraio 2017)<\/em><\/p>\n<blockquote><p><strong>L\u2019ultima rilevazione (ISTAT 2014)<\/strong>, riferita al 2013, \u00e8 stata condotta <strong>su 24.000 famiglie<\/strong>.<br \/>\nIn essa viene stimata un\u2019incidenza di <strong>9 infortuni domestici all\u2019anno ogni 1.000 bambini della fascia di et\u00e0 0-5<\/strong>, con una prevalenza <strong>superiore nei maschi rispetto alle femmine<\/strong> (10,1 <em>versus<\/em> 8,6), mentre a partire dai 18 anni \u00e8 sempre prevalente la componente femminile.<br \/>\n<strong>Tra i maschi la pi\u00f9 alta incidenza di incidenti domestici si registra nella fascia di et\u00e0 0-5<\/strong>. I casi di urto o schiacciamento sono pi\u00f9 frequenti tra i bambini e i ragazzi tra i 6 e i 17 anni (25,3% tra i 6 e i 13 anni e 35,1% tra i 14 e i 17 anni).<br \/>\n<strong>L\u2019ambiente dove si verifica il maggior numero di incidenti nei bambini fino a 14 anni \u00e8 il salone<\/strong> (o soggiorno), lo spazio della casa dedicato verosimilmente al tempo libero e al gioco, dove si concentrano il 28,5% degli incidenti nei maschi e il 38,4% nelle femmine.<br \/>\n<strong>Nella stessa fascia di et\u00e0 gli incidenti sono legati in tre casi su quattro (74,6%) ad attivit\u00e0 ludico-creative<\/strong>, mentre in un terzo dei casi non sono imputati a particolari comportamenti. Per quanto riguarda le regioni del corpo colpite, fino ai 5 anni di et\u00e0 il 57% degli incidenti causa danni alla testa.<br \/>\n<strong>L\u2019incidente pi\u00f9 tipico per i bambini fino a 5 anni di et\u00e0 \u00e8 la caduta<\/strong> con un conseguente trauma a danno della testa che, in pi\u00f9 della met\u00e0 dei casi, d\u00e0 origine a un taglio o a una ferita e \u2013 in un caso su tre \u2013 ad altro tipo di trauma pi\u00f9 o meno importante. La giovanissima et\u00e0 delle vittime e la necessit\u00e0 di maggiori controlli precauzionali si traducono in un pi\u00f9 ampio ricorso all\u2019assistenza medica ospedaliera: il 48,6% dei bambini infortunati \u00e8 stato accompagnato in pronto soccorso, e per oltre il 22% di essi si \u00e8 reso necessario un ricovero.<br \/>\n<strong>Nelle classi di et\u00e0 successive<\/strong> c\u2019\u00e8 una maggiore articolazione delle tipologie di incidente:<br \/>\nla caduta resta il tipo di incidente pi\u00f9 ricorrente anche tra i bambini di 6-13 anni, ma ogni 4 incidenti si verifica un caso di urto o schiacciamento. Le lesioni pi\u00f9 frequenti sono contusioni, escoriazioni e lividi, localizzate soprattutto negli arti superiori e inferiori.<br \/>\n<strong>Il ricorso al pronto soccorso<\/strong> \u00e8 molto frequente anche per questa classe di et\u00e0, ma la forma di assistenza prevalente \u00e8 quella fornita da genitori o altri familiari conviventi (&#8230;)<\/p><\/blockquote>\n","protected":false},"excerpt":{"rendered":"<p>Il fatto nella tarda mattinata: la bambina portata a Capolago dai genitori e poi trasportata in ospedale con l\u2019ambulanza. Ferite in pi\u00f9 punti, se la caver\u00e0 con 10 giorni di prognosi e qualche medicazione. Gli infortuni domestici in Italia<\/p>\n","protected":false},"author":34,"featured_media":0,"comment_status":"open","ping_status":"open","sticky":false,"template":"","format":"standard","meta":{"footnotes":""},"categories":[2],"tags":[2809,96022,2021,53146,96021],"acf":[],"yoast_head":"<!-- This site is optimized with the Yoast SEO plugin v20.1 - https:\/\/yoast.com\/wordpress\/plugins\/seo\/ -->\n<title>Bimba di 6 anni ustionata con l&#039;acqua bollente<\/title>\n<meta name=\"description\" content=\"Il fatto nella tarda mattinata: la bambina portata a Capolago dai genitori e poi trasportata in ospedale con l\u2019ambulanza. Ferite in pi\u00f9 punti, se la caver\u00e0 con 10 giorni di prognosi e qualche medicazione. Gli infortuni domestici in Italia\" \/>\n<meta name=\"robots\" content=\"noindex, follow, max-snippet:-1, max-image-preview:large, max-video-preview:-1\" \/>\n<meta property=\"og:locale\" content=\"it_IT\" \/>\n<meta property=\"og:type\" content=\"article\" \/>\n<meta property=\"og:title\" content=\"Bimba di 6 anni ustionata con l&#039;acqua bollente\" \/>\n<meta property=\"og:description\" content=\"Il fatto nella tarda mattinata: la bambina portata a Capolago dai genitori e poi trasportata in ospedale con l\u2019ambulanza. Ferite in pi\u00f9 punti, se la caver\u00e0 con 10 giorni di prognosi e qualche medicazione. Gli infortuni domestici in Italia\" \/>\n<meta property=\"og:url\" content=\"https:\/\/staging.varesenews.it\/2019\/04\/bimba-6-anni-ustionata-pentola\/816164\/\" \/>\n<meta property=\"og:site_name\" content=\"VareseNews\" \/>\n<meta property=\"article:publisher\" content=\"https:\/\/www.facebook.com\/varesenews\" \/>\n<meta property=\"article:author\" content=\"https:\/\/www.facebook.com\/andrea.camurani?fref=photo\" \/>\n<meta property=\"article:published_time\" content=\"2019-04-30T12:25:42+00:00\" \/>\n<meta property=\"article:modified_time\" content=\"2019-04-30T13:47:49+00:00\" \/>\n<meta name=\"author\" content=\"Andrea Camurani\" \/>\n<meta name=\"twitter:card\" content=\"summary_large_image\" \/>\n<meta name=\"twitter:creator\" content=\"@AndreaCamurani\" \/>\n<meta name=\"twitter:site\" content=\"@varesenews\" \/>\n<meta name=\"twitter:label1\" content=\"Scritto da\" \/>\n\t<meta name=\"twitter:data1\" content=\"Andrea Camurani\" \/>\n\t<meta name=\"twitter:label2\" content=\"Tempo di lettura stimato\" \/>\n\t<meta name=\"twitter:data2\" content=\"3 minuti\" \/>\n<script type=\"application\/ld+json\" class=\"yoast-schema-graph\">{\"@context\":\"https:\/\/schema.org\",\"@graph\":[{\"@type\":\"WebPage\",\"@id\":\"https:\/\/staging.varesenews.it\/2019\/04\/bimba-6-anni-ustionata-pentola\/816164\/\",\"url\":\"https:\/\/staging.varesenews.it\/2019\/04\/bimba-6-anni-ustionata-pentola\/816164\/\",\"name\":\"Bimba di 6 anni ustionata con l'acqua bollente\",\"isPartOf\":{\"@id\":\"https:\/\/staging.varesenews.it\/#website\"},\"datePublished\":\"2019-04-30T12:25:42+00:00\",\"dateModified\":\"2019-04-30T13:47:49+00:00\",\"author\":{\"@id\":\"https:\/\/staging.varesenews.it\/#\/schema\/person\/3eb5832c6beae763de8d9596fdbe8c49\"},\"description\":\"Il fatto nella tarda mattinata: la bambina portata a Capolago dai genitori e poi trasportata in ospedale con l\u2019ambulanza. Ferite in pi\u00f9 punti, se la caver\u00e0 con 10 giorni di prognosi e qualche medicazione. Gli infortuni domestici in Italia\",\"breadcrumb\":{\"@id\":\"https:\/\/staging.varesenews.it\/2019\/04\/bimba-6-anni-ustionata-pentola\/816164\/#breadcrumb\"},\"inLanguage\":\"it-IT\",\"potentialAction\":[{\"@type\":\"ReadAction\",\"target\":[\"https:\/\/staging.varesenews.it\/2019\/04\/bimba-6-anni-ustionata-pentola\/816164\/\"]}]},{\"@type\":\"BreadcrumbList\",\"@id\":\"https:\/\/staging.varesenews.it\/2019\/04\/bimba-6-anni-ustionata-pentola\/816164\/#breadcrumb\",\"itemListElement\":[{\"@type\":\"ListItem\",\"position\":1,\"name\":\"Home\",\"item\":\"https:\/\/www.varesenews.it\/\"},{\"@type\":\"ListItem\",\"position\":2,\"name\":\"Bimba di 6 anni ustionata con l&#8217;acqua bollente\"}]},{\"@type\":\"WebSite\",\"@id\":\"https:\/\/staging.varesenews.it\/#website\",\"url\":\"https:\/\/staging.varesenews.it\/\",\"name\":\"VareseNews\",\"description\":\"\",\"potentialAction\":[{\"@type\":\"SearchAction\",\"target\":{\"@type\":\"EntryPoint\",\"urlTemplate\":\"https:\/\/staging.varesenews.it\/?s={search_term_string}\"},\"query-input\":\"required name=search_term_string\"}],\"inLanguage\":\"it-IT\"},{\"@type\":\"Person\",\"@id\":\"https:\/\/staging.varesenews.it\/#\/schema\/person\/3eb5832c6beae763de8d9596fdbe8c49\",\"name\":\"Andrea Camurani\",\"image\":{\"@type\":\"ImageObject\",\"inLanguage\":\"it-IT\",\"@id\":\"https:\/\/staging.varesenews.it\/#\/schema\/person\/image\/\",\"url\":\"https:\/\/staging.varesenews.it\/wp-content\/uploads\/2020\/12\/andrea_camurani_colori_500.jpg\",\"contentUrl\":\"https:\/\/staging.varesenews.it\/wp-content\/uploads\/2020\/12\/andrea_camurani_colori_500.jpg\",\"caption\":\"Andrea Camurani\"},\"description\":\"Sono figlio degli anni Settanta e di Milano, dove ho imparato a riconoscere buoni e cattivi. Laurea in scienze politiche, lavoro a VareseNews dal 2000. Racconto quel che trovo quando incontro chi vuole lasciare al mondo un pezzetto di vita, che si chiama cronaca. &ldquo;...perch&eacute; &egrave; la gente il pi&ugrave; grande spettacolo del mondo. E non si paga il biglietto...&rdquo; (Charles Bukowsky)\",\"sameAs\":[\"https:\/\/www.facebook.com\/andrea.camurani?fref=photo\",\"andreacamurani\",\"https:\/\/www.linkedin.com\/hp\/?dnr=A9a84RfzsLdo9xg4NcGV4dLiMknoc9ms4WM\",\"https:\/\/twitter.com\/AndreaCamurani\"],\"url\":\"https:\/\/staging.varesenews.it\/persona\/andrea_camurani\/\"}]}<\/script>\n<!-- \/ Yoast SEO plugin. -->","yoast_head_json":{"title":"Bimba di 6 anni ustionata con l'acqua bollente","description":"Il fatto nella tarda mattinata: la bambina portata a Capolago dai genitori e poi trasportata in ospedale con l\u2019ambulanza. Ferite in pi\u00f9 punti, se la caver\u00e0 con 10 giorni di prognosi e qualche medicazione. Gli infortuni domestici in Italia","robots":{"index":"noindex","follow":"follow","max-snippet":"max-snippet:-1","max-image-preview":"max-image-preview:large","max-video-preview":"max-video-preview:-1"},"og_locale":"it_IT","og_type":"article","og_title":"Bimba di 6 anni ustionata con l'acqua bollente","og_description":"Il fatto nella tarda mattinata: la bambina portata a Capolago dai genitori e poi trasportata in ospedale con l\u2019ambulanza. Ferite in pi\u00f9 punti, se la caver\u00e0 con 10 giorni di prognosi e qualche medicazione. Gli infortuni domestici in Italia","og_url":"https:\/\/staging.varesenews.it\/2019\/04\/bimba-6-anni-ustionata-pentola\/816164\/","og_site_name":"VareseNews","article_publisher":"https:\/\/www.facebook.com\/varesenews","article_author":"https:\/\/www.facebook.com\/andrea.camurani?fref=photo","article_published_time":"2019-04-30T12:25:42+00:00","article_modified_time":"2019-04-30T13:47:49+00:00","author":"Andrea Camurani","twitter_card":"summary_large_image","twitter_creator":"@AndreaCamurani","twitter_site":"@varesenews","twitter_misc":{"Scritto da":"Andrea Camurani","Tempo di lettura stimato":"3 minuti"},"schema":{"@context":"https:\/\/schema.org","@graph":[{"@type":"WebPage","@id":"https:\/\/staging.varesenews.it\/2019\/04\/bimba-6-anni-ustionata-pentola\/816164\/","url":"https:\/\/staging.varesenews.it\/2019\/04\/bimba-6-anni-ustionata-pentola\/816164\/","name":"Bimba di 6 anni ustionata con l'acqua bollente","isPartOf":{"@id":"https:\/\/staging.varesenews.it\/#website"},"datePublished":"2019-04-30T12:25:42+00:00","dateModified":"2019-04-30T13:47:49+00:00","author":{"@id":"https:\/\/staging.varesenews.it\/#\/schema\/person\/3eb5832c6beae763de8d9596fdbe8c49"},"description":"Il fatto nella tarda mattinata: la bambina portata a Capolago dai genitori e poi trasportata in ospedale con l\u2019ambulanza. Ferite in pi\u00f9 punti, se la caver\u00e0 con 10 giorni di prognosi e qualche medicazione. Gli infortuni domestici in Italia","breadcrumb":{"@id":"https:\/\/staging.varesenews.it\/2019\/04\/bimba-6-anni-ustionata-pentola\/816164\/#breadcrumb"},"inLanguage":"it-IT","potentialAction":[{"@type":"ReadAction","target":["https:\/\/staging.varesenews.it\/2019\/04\/bimba-6-anni-ustionata-pentola\/816164\/"]}]},{"@type":"BreadcrumbList","@id":"https:\/\/staging.varesenews.it\/2019\/04\/bimba-6-anni-ustionata-pentola\/816164\/#breadcrumb","itemListElement":[{"@type":"ListItem","position":1,"name":"Home","item":"https:\/\/www.varesenews.it\/"},{"@type":"ListItem","position":2,"name":"Bimba di 6 anni ustionata con l&#8217;acqua bollente"}]},{"@type":"WebSite","@id":"https:\/\/staging.varesenews.it\/#website","url":"https:\/\/staging.varesenews.it\/","name":"VareseNews","description":"","potentialAction":[{"@type":"SearchAction","target":{"@type":"EntryPoint","urlTemplate":"https:\/\/staging.varesenews.it\/?s={search_term_string}"},"query-input":"required name=search_term_string"}],"inLanguage":"it-IT"},{"@type":"Person","@id":"https:\/\/staging.varesenews.it\/#\/schema\/person\/3eb5832c6beae763de8d9596fdbe8c49","name":"Andrea Camurani","image":{"@type":"ImageObject","inLanguage":"it-IT","@id":"https:\/\/staging.varesenews.it\/#\/schema\/person\/image\/","url":"https:\/\/staging.varesenews.it\/wp-content\/uploads\/2020\/12\/andrea_camurani_colori_500.jpg","contentUrl":"https:\/\/staging.varesenews.it\/wp-content\/uploads\/2020\/12\/andrea_camurani_colori_500.jpg","caption":"Andrea Camurani"},"description":"Sono figlio degli anni Settanta e di Milano, dove ho imparato a riconoscere buoni e cattivi. Laurea in scienze politiche, lavoro a VareseNews dal 2000. Racconto quel che trovo quando incontro chi vuole lasciare al mondo un pezzetto di vita, che si chiama cronaca. &ldquo;...perch&eacute; &egrave; la gente il pi&ugrave; grande spettacolo del mondo. E non si paga il biglietto...&rdquo; (Charles Bukowsky)","sameAs":["https:\/\/www.facebook.com\/andrea.camurani?fref=photo","andreacamurani","https:\/\/www.linkedin.com\/hp\/?dnr=A9a84RfzsLdo9xg4NcGV4dLiMknoc9ms4WM","https:\/\/twitter.com\/AndreaCamurani"],"url":"https:\/\/staging.varesenews.it\/persona\/andrea_camurani\/"}]}},"post_meta":{"_edit_lock":"1556644311:39","_edit_last":"39","_category_permalink":"a:1:{s:8:\"category\";s:0:\"\";}","foto":"735386","firma_come_redazione":"1","argomento":"Varese","_yoast_wpseo_content_score":"30","_jd_tweet_this":"yes","ratings_users":"0","ratings_score":"0","ratings_average":"0","_wpt_short_url":"https:\/\/www.varesenews.it\/2019\/04\/bimba-6-anni-ustionata-pentola\/816164\/","_wp_jd_target":"https:\/\/www.varesenews.it\/2019\/04\/bimba-6-anni-ustionata-pentola\/816164\/","_jd_wp_twitter":"a:1:{i:0;s:141:\"Bimba di 6 anni ustionata con una pentola https:\/\/www.varesenews.it\/2019\/04\/bimba-6-anni-ustionata-pentola\/816164\/ #118 #bambina #elisoccorso\";}","_wpt_status_message":"Tweet inviato con successo."},"photos":[{"original":"https:\/\/staging.varesenews.it\/photogallery_new\/images\/2019\/04\/avarie-735386.jpg","full":"https:\/\/staging.varesenews.it\/photogallery_new\/images\/2019\/04\/avarie-735386.1024x768.jpg","large":"https:\/\/staging.varesenews.it\/photogallery_new\/images\/2019\/04\/avarie-735386.610x431.jpg"}],"_links":{"self":[{"href":"https:\/\/staging.varesenews.it\/swgapi\/v1\/wp\/v2\/posts\/816164"}],"collection":[{"href":"https:\/\/staging.varesenews.it\/swgapi\/v1\/wp\/v2\/posts"}],"about":[{"href":"https:\/\/staging.varesenews.it\/swgapi\/v1\/wp\/v2\/types\/post"}],"author":[{"embeddable":true,"href":"https:\/\/staging.varesenews.it\/swgapi\/v1\/wp\/v2\/users\/34"}],"replies":[{"embeddable":true,"href":"https:\/\/staging.varesenews.it\/swgapi\/v1\/wp\/v2\/comments?post=816164"}],"version-history":[{"count":0,"href":"https:\/\/staging.varesenews.it\/swgapi\/v1\/wp\/v2\/posts\/816164\/revisions"}],"wp:attachment":[{"href":"https:\/\/staging.varesenews.it\/swgapi\/v1\/wp\/v2\/media?parent=816164"}],"wp:term":[{"taxonomy":"category","embeddable":true,"href":"https:\/\/staging.varesenews.it\/swgapi\/v1\/wp\/v2\/categories?post=816164"},{"taxonomy":"post_tag","embeddable":true,"href":"https:\/\/staging.varesenews.it\/swgapi\/v1\/wp\/v2\/tags?post=816164"}],"curies":[{"name":"wp","href":"https:\/\/api.w.org\/{rel}","templated":true}]}}