{"id":817756,"date":"2019-05-06T15:41:33","date_gmt":"2019-05-06T13:41:33","guid":{"rendered":"https:\/\/www.varesenews.it\/?p=817756"},"modified":"2019-05-06T15:41:33","modified_gmt":"2019-05-06T13:41:33","slug":"ticino-musica-momento-del-concerto-del-circolo-degli-amici","status":"publish","type":"post","link":"https:\/\/staging.varesenews.it\/2019\/05\/ticino-musica-momento-del-concerto-del-circolo-degli-amici\/817756\/","title":{"rendered":"Ticino Musica: \u00e8 il momento del concerto del &#8220;Circolo degli Amici&#8221;"},"content":{"rendered":"<p>Maggio \u00e8 da tradizione il mese dedicato al\u00a0Circolo degli Amici di Ticino Musica, che in coincidenza dell\u2019annuale momento assembleare offre &#8211;\u00a0mercoled\u00ec 8 maggio alle 20.30 alla\u00a0Fattoria Moncucchetto\u00a0(in via Crivelli Torricelli 27, a Lugano) &#8211;\u00a0<strong>un\u00a0concerto ad ingresso libero<\/strong>, seguito da un momento conviviale, preziosa occasione di condivisione, scambio e confronto.<\/p>\n<p>Protagonista dell\u2019evento sar\u00e0 il <strong>quartetto d\u2019archi &#8220;Al pari&#8221; <\/strong><em>(nella foto)<\/em><strong>,<\/strong>\u00a0vincitore delle recenti audizioni per l\u2019Opera studio internazionale &#8220;Silvio Varviso&#8221;, nonch\u00e9 ensemble in residence per l\u2019edizione 2019 di Ticino Musica.<\/p>\n<p>Composto da <strong>Marta Lucjan<\/strong>, <strong>Alicja e Miruk-Mirska<\/strong> al violino, <strong>Magdalena Maier<\/strong> alla viola e <strong>El\u017cbieta Rychwalska<\/strong> al violoncello, questo\u00a0gruppo interamente al femminile\u00a0si \u00e8 formato nell\u2019ambito della Karol Szymanowski Academy of Music a Katowice (Polonia). Prima di riunirsi in quartetto, le musiciste hanno vinto numerosi premi come soliste e come componenti di altri ensemble in concorsi internazionali. Oltre all\u2019attivit\u00e0 cameristica, le quattro strumentiste ad arco collaborano tuttora regolarmente con varie orchestre polacche. Al Concerto offerto dal Circolo Amici di Ticino Musica proporranno\u00a0un programma con musiche di <strong>Franz Joseph Haydn<\/strong> (Quartetto n. 3 op. 76 \u201cImperatore\u201d) e <strong>Robert Schumann<\/strong> (Quartetto n. 1 op. 41).<\/p>\n<p>\u00abCome ogni anno &#8211; dicono gli organizzatori &#8211; il Concerto offerto dal Circolo degli Amici rappresenter\u00e0\u00a0l\u2019occasione privilegiata per trovare nuovi amici di Ticino Musica. Il Circolo, come spesso accade nelle realt\u00e0 culturali complesse, costituisce il cuore pulsante e vivo a sostegno materiale, intellettuale e affettivo di Ticino Musica. \u00c8 un luogo in cui \u00e8 possibile scambiare idee, nonch\u00e9 apportare il proprio entusiasmo e il proprio spirito innovativo per una crescita del Festival e della cultura musicale in Ticino. I soci del Circolo Amici godono naturalmente a loro volta di una serie di vantaggi, tra cui in particolare<strong> l\u2019accesso gratuito a tutti i concerti del Festival<\/strong> (opera su prenotazione) e alle masterclass dell\u2019Academy come uditori\u00bb.<\/p>\n<p>In occasione dell&#8217;evento sar\u00e0 possibile effettuare una\u00a0visita guidata alla Fattoria Moncucchetto, ambiente suggestivo e funzionale, cuore dell\u2019omonima azienda. I partecipanti avranno la possibilit\u00e0 di compiere un prezioso e coinvolgente percorso tra le fermentazioni nelle botti di acciaio, visibili al pianterreno, l\u2019affinamento nelle barriques al piano interrato nella stupenda barricaia, caratterizzata dalla roccia a vista, che rappresenta il legame con la propria terra, sino al locale adibito alla spumantizzazione con metodo classico.<\/p>\n<p>Vista l\u2019esclusivit\u00e0 della location e il numero limitato di posti,\u00a0<strong>\u00e8 gradita la prenotazione.<\/strong><\/p>\n<p>Per informazioni e prenotazioni:\u00a0amici@ticinomusica.com\u00a0\u2013 tel. +41 76 470 67 86<\/p>\n","protected":false},"excerpt":{"rendered":"<p>Mercoled\u00ec 8 maggio alle 20.30 alla Fattoria Moncucchetto il tradizionale concerto offerto dal Circolo degli amici di Ticino Musica, che apre gli eventi pre-festival<\/p>\n","protected":false},"author":44,"featured_media":0,"comment_status":"open","ping_status":"open","sticky":false,"template":"","format":"standard","meta":{"footnotes":""},"categories":[8,20,21],"tags":[73935,2457,71693,158],"acf":[],"yoast_head":"<!-- This site is optimized with the Yoast SEO plugin v20.1 - https:\/\/yoast.com\/wordpress\/plugins\/seo\/ -->\n<title>Ticino Musica: \u00e8 il momento del concerto del &quot;Circolo degli Amici&quot;<\/title>\n<meta name=\"description\" content=\"Mercoled\u00ec 8 maggio alle 20.30 alla Fattoria Moncucchetto il tradizionale concerto offerto dal Circolo degli amici di Ticino Musica, che apre gli eventi pre-festival\" \/>\n<meta name=\"robots\" content=\"noindex, follow, max-snippet:-1, max-image-preview:large, max-video-preview:-1\" \/>\n<meta property=\"og:locale\" content=\"it_IT\" \/>\n<meta property=\"og:type\" content=\"article\" \/>\n<meta property=\"og:title\" content=\"Ticino Musica: \u00e8 il momento del concerto del &quot;Circolo degli Amici&quot;\" \/>\n<meta property=\"og:description\" content=\"Mercoled\u00ec 8 maggio alle 20.30 alla Fattoria Moncucchetto il tradizionale concerto offerto dal Circolo degli amici di Ticino Musica, che apre gli eventi pre-festival\" \/>\n<meta property=\"og:url\" content=\"https:\/\/staging.varesenews.it\/2019\/05\/ticino-musica-momento-del-concerto-del-circolo-degli-amici\/817756\/\" \/>\n<meta property=\"og:site_name\" content=\"VareseNews\" \/>\n<meta property=\"article:publisher\" content=\"https:\/\/www.facebook.com\/varesenews\" \/>\n<meta property=\"article:author\" content=\"https:\/\/www.facebook.com\/mariangela.gerletti\" \/>\n<meta property=\"article:published_time\" content=\"2019-05-06T13:41:33+00:00\" \/>\n<meta name=\"author\" content=\"Mariangela Gerletti\" \/>\n<meta name=\"twitter:card\" content=\"summary_large_image\" \/>\n<meta name=\"twitter:creator\" content=\"@MariGerletti\" \/>\n<meta name=\"twitter:site\" content=\"@varesenews\" \/>\n<meta name=\"twitter:label1\" content=\"Scritto da\" \/>\n\t<meta name=\"twitter:data1\" content=\"Mariangela Gerletti\" \/>\n\t<meta name=\"twitter:label2\" content=\"Tempo di lettura stimato\" \/>\n\t<meta name=\"twitter:data2\" content=\"2 minuti\" \/>\n<script type=\"application\/ld+json\" class=\"yoast-schema-graph\">{\"@context\":\"https:\/\/schema.org\",\"@graph\":[{\"@type\":\"WebPage\",\"@id\":\"https:\/\/staging.varesenews.it\/2019\/05\/ticino-musica-momento-del-concerto-del-circolo-degli-amici\/817756\/\",\"url\":\"https:\/\/staging.varesenews.it\/2019\/05\/ticino-musica-momento-del-concerto-del-circolo-degli-amici\/817756\/\",\"name\":\"Ticino Musica: \u00e8 il momento del concerto del \\\"Circolo degli Amici\\\"\",\"isPartOf\":{\"@id\":\"https:\/\/staging.varesenews.it\/#website\"},\"datePublished\":\"2019-05-06T13:41:33+00:00\",\"dateModified\":\"2019-05-06T13:41:33+00:00\",\"author\":{\"@id\":\"https:\/\/staging.varesenews.it\/#\/schema\/person\/14f52876ea19bc10d0d2717b6e8f9b89\"},\"description\":\"Mercoled\u00ec 8 maggio alle 20.30 alla Fattoria Moncucchetto il tradizionale concerto offerto dal Circolo degli amici di Ticino Musica, che apre gli eventi pre-festival\",\"breadcrumb\":{\"@id\":\"https:\/\/staging.varesenews.it\/2019\/05\/ticino-musica-momento-del-concerto-del-circolo-degli-amici\/817756\/#breadcrumb\"},\"inLanguage\":\"it-IT\",\"potentialAction\":[{\"@type\":\"ReadAction\",\"target\":[\"https:\/\/staging.varesenews.it\/2019\/05\/ticino-musica-momento-del-concerto-del-circolo-degli-amici\/817756\/\"]}]},{\"@type\":\"BreadcrumbList\",\"@id\":\"https:\/\/staging.varesenews.it\/2019\/05\/ticino-musica-momento-del-concerto-del-circolo-degli-amici\/817756\/#breadcrumb\",\"itemListElement\":[{\"@type\":\"ListItem\",\"position\":1,\"name\":\"Home\",\"item\":\"https:\/\/www.varesenews.it\/\"},{\"@type\":\"ListItem\",\"position\":2,\"name\":\"Ticino Musica: \u00e8 il momento del concerto del &#8220;Circolo degli Amici&#8221;\"}]},{\"@type\":\"WebSite\",\"@id\":\"https:\/\/staging.varesenews.it\/#website\",\"url\":\"https:\/\/staging.varesenews.it\/\",\"name\":\"VareseNews\",\"description\":\"\",\"potentialAction\":[{\"@type\":\"SearchAction\",\"target\":{\"@type\":\"EntryPoint\",\"urlTemplate\":\"https:\/\/staging.varesenews.it\/?s={search_term_string}\"},\"query-input\":\"required name=search_term_string\"}],\"inLanguage\":\"it-IT\"},{\"@type\":\"Person\",\"@id\":\"https:\/\/staging.varesenews.it\/#\/schema\/person\/14f52876ea19bc10d0d2717b6e8f9b89\",\"name\":\"Mariangela Gerletti\",\"image\":{\"@type\":\"ImageObject\",\"inLanguage\":\"it-IT\",\"@id\":\"https:\/\/staging.varesenews.it\/#\/schema\/person\/image\/\",\"url\":\"https:\/\/staging.varesenews.it\/wp-content\/uploads\/2020\/12\/mariangela.jpeg\",\"contentUrl\":\"https:\/\/staging.varesenews.it\/wp-content\/uploads\/2020\/12\/mariangela.jpeg\",\"caption\":\"Mariangela Gerletti\"},\"description\":\"Da pi&ugrave; di trent'anni mi occupo di giornalismo e comunicazione Varesenews &egrave; il luogo dove ho trovato la passione, l'attenzione e le persone che ogni giorno mi fanno amare un po' di pi&ugrave; questo lavoro di cui non mi stanco mai. Far parte della redazione di Varesenews &egrave; un onore, sostenere il progetto della membership &egrave; un piacere perch&eacute; mi fa sentire ancora pi&ugrave; vicina alla grande comunit&agrave; dei nostri lettori.\",\"sameAs\":[\"https:\/\/www.facebook.com\/mariangela.gerletti\",\"marigerletti\",\"https:\/\/twitter.com\/MariGerletti\"],\"url\":\"https:\/\/staging.varesenews.it\/persona\/mariangela-gerletti1\/\"}]}<\/script>\n<!-- \/ Yoast SEO plugin. -->","yoast_head_json":{"title":"Ticino Musica: \u00e8 il momento del concerto del \"Circolo degli Amici\"","description":"Mercoled\u00ec 8 maggio alle 20.30 alla Fattoria Moncucchetto il tradizionale concerto offerto dal Circolo degli amici di Ticino Musica, che apre gli eventi pre-festival","robots":{"index":"noindex","follow":"follow","max-snippet":"max-snippet:-1","max-image-preview":"max-image-preview:large","max-video-preview":"max-video-preview:-1"},"og_locale":"it_IT","og_type":"article","og_title":"Ticino Musica: \u00e8 il momento del concerto del \"Circolo degli Amici\"","og_description":"Mercoled\u00ec 8 maggio alle 20.30 alla Fattoria Moncucchetto il tradizionale concerto offerto dal Circolo degli amici di Ticino Musica, che apre gli eventi pre-festival","og_url":"https:\/\/staging.varesenews.it\/2019\/05\/ticino-musica-momento-del-concerto-del-circolo-degli-amici\/817756\/","og_site_name":"VareseNews","article_publisher":"https:\/\/www.facebook.com\/varesenews","article_author":"https:\/\/www.facebook.com\/mariangela.gerletti","article_published_time":"2019-05-06T13:41:33+00:00","author":"Mariangela Gerletti","twitter_card":"summary_large_image","twitter_creator":"@MariGerletti","twitter_site":"@varesenews","twitter_misc":{"Scritto da":"Mariangela Gerletti","Tempo di lettura stimato":"2 minuti"},"schema":{"@context":"https:\/\/schema.org","@graph":[{"@type":"WebPage","@id":"https:\/\/staging.varesenews.it\/2019\/05\/ticino-musica-momento-del-concerto-del-circolo-degli-amici\/817756\/","url":"https:\/\/staging.varesenews.it\/2019\/05\/ticino-musica-momento-del-concerto-del-circolo-degli-amici\/817756\/","name":"Ticino Musica: \u00e8 il momento del concerto del \"Circolo degli Amici\"","isPartOf":{"@id":"https:\/\/staging.varesenews.it\/#website"},"datePublished":"2019-05-06T13:41:33+00:00","dateModified":"2019-05-06T13:41:33+00:00","author":{"@id":"https:\/\/staging.varesenews.it\/#\/schema\/person\/14f52876ea19bc10d0d2717b6e8f9b89"},"description":"Mercoled\u00ec 8 maggio alle 20.30 alla Fattoria Moncucchetto il tradizionale concerto offerto dal Circolo degli amici di Ticino Musica, che apre gli eventi pre-festival","breadcrumb":{"@id":"https:\/\/staging.varesenews.it\/2019\/05\/ticino-musica-momento-del-concerto-del-circolo-degli-amici\/817756\/#breadcrumb"},"inLanguage":"it-IT","potentialAction":[{"@type":"ReadAction","target":["https:\/\/staging.varesenews.it\/2019\/05\/ticino-musica-momento-del-concerto-del-circolo-degli-amici\/817756\/"]}]},{"@type":"BreadcrumbList","@id":"https:\/\/staging.varesenews.it\/2019\/05\/ticino-musica-momento-del-concerto-del-circolo-degli-amici\/817756\/#breadcrumb","itemListElement":[{"@type":"ListItem","position":1,"name":"Home","item":"https:\/\/www.varesenews.it\/"},{"@type":"ListItem","position":2,"name":"Ticino Musica: \u00e8 il momento del concerto del &#8220;Circolo degli Amici&#8221;"}]},{"@type":"WebSite","@id":"https:\/\/staging.varesenews.it\/#website","url":"https:\/\/staging.varesenews.it\/","name":"VareseNews","description":"","potentialAction":[{"@type":"SearchAction","target":{"@type":"EntryPoint","urlTemplate":"https:\/\/staging.varesenews.it\/?s={search_term_string}"},"query-input":"required name=search_term_string"}],"inLanguage":"it-IT"},{"@type":"Person","@id":"https:\/\/staging.varesenews.it\/#\/schema\/person\/14f52876ea19bc10d0d2717b6e8f9b89","name":"Mariangela Gerletti","image":{"@type":"ImageObject","inLanguage":"it-IT","@id":"https:\/\/staging.varesenews.it\/#\/schema\/person\/image\/","url":"https:\/\/staging.varesenews.it\/wp-content\/uploads\/2020\/12\/mariangela.jpeg","contentUrl":"https:\/\/staging.varesenews.it\/wp-content\/uploads\/2020\/12\/mariangela.jpeg","caption":"Mariangela Gerletti"},"description":"Da pi&ugrave; di trent'anni mi occupo di giornalismo e comunicazione Varesenews &egrave; il luogo dove ho trovato la passione, l'attenzione e le persone che ogni giorno mi fanno amare un po' di pi&ugrave; questo lavoro di cui non mi stanco mai. Far parte della redazione di Varesenews &egrave; un onore, sostenere il progetto della membership &egrave; un piacere perch&eacute; mi fa sentire ancora pi&ugrave; vicina alla grande comunit&agrave; dei nostri lettori.","sameAs":["https:\/\/www.facebook.com\/mariangela.gerletti","marigerletti","https:\/\/twitter.com\/MariGerletti"],"url":"https:\/\/staging.varesenews.it\/persona\/mariangela-gerletti1\/"}]}},"post_meta":{"_edit_lock":"1557150111:44","_edit_last":"44","_category_permalink":"a:1:{s:8:\"category\";s:1:\"8\";}","firma_come_redazione":"1","argomento":"Lugano (Ch)","_yoast_wpseo_content_score":"30","_jd_tweet_this":"yes","foto":"736692","ratings_users":"0","ratings_score":"0","ratings_average":"0","_wpt_short_url":"https:\/\/www.varesenews.it\/2019\/05\/ticino-musica-momento-del-concerto-del-circolo-degli-amici\/817756\/","_wp_jd_target":"https:\/\/www.varesenews.it\/2019\/05\/ticino-musica-momento-del-concerto-del-circolo-degli-amici\/817756\/","_jd_wp_twitter":"a:1:{i:0;s:216:\"Ticino Musica: \u00e8 il momento del concerto del \u201cCircolo degli Amici\u201d https:\/\/www.varesenews.it\/2019\/05\/ticino-musica-momento-del-concerto-del-circolo-degli-amici\/817756\/ #CantonTicino #musicaclassica #ticinomusica\";}","_wpt_status_message":"Tweet inviato con successo."},"photos":[{"original":"https:\/\/staging.varesenews.it\/photogallery_new\/images\/2019\/05\/avarie-736692.jpg","full":"https:\/\/staging.varesenews.it\/photogallery_new\/images\/2019\/05\/avarie-736692.1024x768.jpg","large":"https:\/\/staging.varesenews.it\/photogallery_new\/images\/2019\/05\/avarie-736692.610x431.jpg"}],"_links":{"self":[{"href":"https:\/\/staging.varesenews.it\/swgapi\/v1\/wp\/v2\/posts\/817756"}],"collection":[{"href":"https:\/\/staging.varesenews.it\/swgapi\/v1\/wp\/v2\/posts"}],"about":[{"href":"https:\/\/staging.varesenews.it\/swgapi\/v1\/wp\/v2\/types\/post"}],"author":[{"embeddable":true,"href":"https:\/\/staging.varesenews.it\/swgapi\/v1\/wp\/v2\/users\/44"}],"replies":[{"embeddable":true,"href":"https:\/\/staging.varesenews.it\/swgapi\/v1\/wp\/v2\/comments?post=817756"}],"version-history":[{"count":0,"href":"https:\/\/staging.varesenews.it\/swgapi\/v1\/wp\/v2\/posts\/817756\/revisions"}],"wp:attachment":[{"href":"https:\/\/staging.varesenews.it\/swgapi\/v1\/wp\/v2\/media?parent=817756"}],"wp:term":[{"taxonomy":"category","embeddable":true,"href":"https:\/\/staging.varesenews.it\/swgapi\/v1\/wp\/v2\/categories?post=817756"},{"taxonomy":"post_tag","embeddable":true,"href":"https:\/\/staging.varesenews.it\/swgapi\/v1\/wp\/v2\/tags?post=817756"}],"curies":[{"name":"wp","href":"https:\/\/api.w.org\/{rel}","templated":true}]}}