{"id":817892,"date":"2019-05-06T22:05:47","date_gmt":"2019-05-06T20:05:47","guid":{"rendered":"https:\/\/www.varesenews.it\/?p=817892"},"modified":"2019-05-06T22:05:47","modified_gmt":"2019-05-06T20:05:47","slug":"condannato-tre-anni-rintracciato-arrestato","status":"publish","type":"post","link":"https:\/\/staging.varesenews.it\/2019\/05\/condannato-tre-anni-rintracciato-arrestato\/817892\/","title":{"rendered":"Condannato a tre anni, rintracciato e arrestato"},"content":{"rendered":"<p>\u00c8 stato rintracciato e arrestato H.E., cittadino di origine albanese da tempo ricercato dalle forze dell&#8217;ordine. L&#8217;uomo, fino a quel momento a piede libero, \u00e8 stato rintracciato dal personale del distaccamento di Polizia Stradale di Luino e dalla Polizia Giudiziaria che hanno svolto un&#8217;attivit\u00e0 investigativa congiunta.<\/p>\n<p>H.E. infatti, era irreperibile da tempo ma su di lui gravava un ordine di carcerazione di tre anni, disposto dalla Procura di Lecco, per i reati di Resistenza a pubblico ufficiale, ricettazione e furto in abitazione. Fino a quel momento, l&#8217;uomo aveva fornito alias diversi durante i controlli ma l&#8217;attivit\u00e0 investigativa ha permesso di rintracciarlo.\u00a0L&#8217;uomo \u00e8 stato portato in carcere.<\/p>\n","protected":false},"excerpt":{"rendered":"<p>L&#8217;uomo \u00e8 stato rintracciato grazia all&#8217;attivit\u00e0 congiunta della Polizia Stradale e della Polizia Giudiziaria. L&#8217;uomo \u00e8 stato portato in carcere <\/p>\n","protected":false},"author":32,"featured_media":0,"comment_status":"open","ping_status":"open","sticky":false,"template":"","format":"standard","meta":{"footnotes":""},"categories":[2],"tags":[12898],"acf":[],"yoast_head":"<!-- This site is optimized with the Yoast SEO plugin v20.1 - https:\/\/yoast.com\/wordpress\/plugins\/seo\/ -->\n<title>Condannato a tre anni, rintracciato e arrestato<\/title>\n<meta name=\"description\" content=\"L&#039;uomo \u00e8 stato rintracciato grazia all&#039;attivit\u00e0 congiunta della Polizia Stradale e della Polizia Giudiziaria. L&#039;uomo \u00e8 stato portato in carcere\" \/>\n<meta name=\"robots\" content=\"noindex, follow, max-snippet:-1, max-image-preview:large, max-video-preview:-1\" \/>\n<meta property=\"og:locale\" content=\"it_IT\" \/>\n<meta property=\"og:type\" content=\"article\" \/>\n<meta property=\"og:title\" content=\"Condannato a tre anni, rintracciato e arrestato\" \/>\n<meta property=\"og:description\" content=\"L&#039;uomo \u00e8 stato rintracciato grazia all&#039;attivit\u00e0 congiunta della Polizia Stradale e della Polizia Giudiziaria. L&#039;uomo \u00e8 stato portato in carcere\" \/>\n<meta property=\"og:url\" content=\"https:\/\/staging.varesenews.it\/2019\/05\/condannato-tre-anni-rintracciato-arrestato\/817892\/\" \/>\n<meta property=\"og:site_name\" content=\"VareseNews\" \/>\n<meta property=\"article:publisher\" content=\"https:\/\/www.facebook.com\/varesenews\" \/>\n<meta property=\"article:published_time\" content=\"2019-05-06T20:05:47+00:00\" \/>\n<meta name=\"author\" content=\"Adelia Brigo\" \/>\n<meta name=\"twitter:card\" content=\"summary_large_image\" \/>\n<meta name=\"twitter:creator\" content=\"@AdeliaBrigo\" \/>\n<meta name=\"twitter:site\" content=\"@varesenews\" \/>\n<meta name=\"twitter:label1\" content=\"Scritto da\" \/>\n\t<meta name=\"twitter:data1\" content=\"Adelia Brigo\" \/>\n\t<meta name=\"twitter:label2\" content=\"Tempo di lettura stimato\" \/>\n\t<meta name=\"twitter:data2\" content=\"1 minuto\" \/>\n<script type=\"application\/ld+json\" class=\"yoast-schema-graph\">{\"@context\":\"https:\/\/schema.org\",\"@graph\":[{\"@type\":\"WebPage\",\"@id\":\"https:\/\/staging.varesenews.it\/2019\/05\/condannato-tre-anni-rintracciato-arrestato\/817892\/\",\"url\":\"https:\/\/staging.varesenews.it\/2019\/05\/condannato-tre-anni-rintracciato-arrestato\/817892\/\",\"name\":\"Condannato a tre anni, rintracciato e arrestato\",\"isPartOf\":{\"@id\":\"https:\/\/staging.varesenews.it\/#website\"},\"datePublished\":\"2019-05-06T20:05:47+00:00\",\"dateModified\":\"2019-05-06T20:05:47+00:00\",\"author\":{\"@id\":\"https:\/\/staging.varesenews.it\/#\/schema\/person\/272ac0f5b2dbfd572218c2d86e013f1a\"},\"description\":\"L'uomo \u00e8 stato rintracciato grazia all'attivit\u00e0 congiunta della Polizia Stradale e della Polizia Giudiziaria. L'uomo \u00e8 stato portato in carcere\",\"breadcrumb\":{\"@id\":\"https:\/\/staging.varesenews.it\/2019\/05\/condannato-tre-anni-rintracciato-arrestato\/817892\/#breadcrumb\"},\"inLanguage\":\"it-IT\",\"potentialAction\":[{\"@type\":\"ReadAction\",\"target\":[\"https:\/\/staging.varesenews.it\/2019\/05\/condannato-tre-anni-rintracciato-arrestato\/817892\/\"]}]},{\"@type\":\"BreadcrumbList\",\"@id\":\"https:\/\/staging.varesenews.it\/2019\/05\/condannato-tre-anni-rintracciato-arrestato\/817892\/#breadcrumb\",\"itemListElement\":[{\"@type\":\"ListItem\",\"position\":1,\"name\":\"Home\",\"item\":\"https:\/\/www.varesenews.it\/\"},{\"@type\":\"ListItem\",\"position\":2,\"name\":\"Condannato a tre anni, rintracciato e arrestato\"}]},{\"@type\":\"WebSite\",\"@id\":\"https:\/\/staging.varesenews.it\/#website\",\"url\":\"https:\/\/staging.varesenews.it\/\",\"name\":\"VareseNews\",\"description\":\"\",\"potentialAction\":[{\"@type\":\"SearchAction\",\"target\":{\"@type\":\"EntryPoint\",\"urlTemplate\":\"https:\/\/staging.varesenews.it\/?s={search_term_string}\"},\"query-input\":\"required name=search_term_string\"}],\"inLanguage\":\"it-IT\"},{\"@type\":\"Person\",\"@id\":\"https:\/\/staging.varesenews.it\/#\/schema\/person\/272ac0f5b2dbfd572218c2d86e013f1a\",\"name\":\"Adelia Brigo\",\"image\":{\"@type\":\"ImageObject\",\"inLanguage\":\"it-IT\",\"@id\":\"https:\/\/staging.varesenews.it\/#\/schema\/person\/image\/\",\"url\":\"https:\/\/staging.varesenews.it\/wp-content\/uploads\/2020\/12\/adelia_brigo_colori_500.jpg\",\"contentUrl\":\"https:\/\/staging.varesenews.it\/wp-content\/uploads\/2020\/12\/adelia_brigo_colori_500.jpg\",\"caption\":\"Adelia Brigo\"},\"description\":\"Giornalista pubblicista, lavoro a VareseNews dal 2007 e mi occupo di cronaca locale e del settore dedicato alla cultura. In questi anni ho seguito diversi progetti di comunicazione, amo sperimentare strategie per i Social Network e raccontare storie. Varesina, classe 1984, sono laureata in Scienze della Comunicazione.&nbsp;\",\"sameAs\":[\"AdeliaBrigo\",\"https:\/\/twitter.com\/AdeliaBrigo\"],\"url\":\"https:\/\/staging.varesenews.it\/persona\/adelia_brigo\/\"}]}<\/script>\n<!-- \/ Yoast SEO plugin. -->","yoast_head_json":{"title":"Condannato a tre anni, rintracciato e arrestato","description":"L'uomo \u00e8 stato rintracciato grazia all'attivit\u00e0 congiunta della Polizia Stradale e della Polizia Giudiziaria. L'uomo \u00e8 stato portato in carcere","robots":{"index":"noindex","follow":"follow","max-snippet":"max-snippet:-1","max-image-preview":"max-image-preview:large","max-video-preview":"max-video-preview:-1"},"og_locale":"it_IT","og_type":"article","og_title":"Condannato a tre anni, rintracciato e arrestato","og_description":"L'uomo \u00e8 stato rintracciato grazia all'attivit\u00e0 congiunta della Polizia Stradale e della Polizia Giudiziaria. L'uomo \u00e8 stato portato in carcere","og_url":"https:\/\/staging.varesenews.it\/2019\/05\/condannato-tre-anni-rintracciato-arrestato\/817892\/","og_site_name":"VareseNews","article_publisher":"https:\/\/www.facebook.com\/varesenews","article_published_time":"2019-05-06T20:05:47+00:00","author":"Adelia Brigo","twitter_card":"summary_large_image","twitter_creator":"@AdeliaBrigo","twitter_site":"@varesenews","twitter_misc":{"Scritto da":"Adelia Brigo","Tempo di lettura stimato":"1 minuto"},"schema":{"@context":"https:\/\/schema.org","@graph":[{"@type":"WebPage","@id":"https:\/\/staging.varesenews.it\/2019\/05\/condannato-tre-anni-rintracciato-arrestato\/817892\/","url":"https:\/\/staging.varesenews.it\/2019\/05\/condannato-tre-anni-rintracciato-arrestato\/817892\/","name":"Condannato a tre anni, rintracciato e arrestato","isPartOf":{"@id":"https:\/\/staging.varesenews.it\/#website"},"datePublished":"2019-05-06T20:05:47+00:00","dateModified":"2019-05-06T20:05:47+00:00","author":{"@id":"https:\/\/staging.varesenews.it\/#\/schema\/person\/272ac0f5b2dbfd572218c2d86e013f1a"},"description":"L'uomo \u00e8 stato rintracciato grazia all'attivit\u00e0 congiunta della Polizia Stradale e della Polizia Giudiziaria. L'uomo \u00e8 stato portato in carcere","breadcrumb":{"@id":"https:\/\/staging.varesenews.it\/2019\/05\/condannato-tre-anni-rintracciato-arrestato\/817892\/#breadcrumb"},"inLanguage":"it-IT","potentialAction":[{"@type":"ReadAction","target":["https:\/\/staging.varesenews.it\/2019\/05\/condannato-tre-anni-rintracciato-arrestato\/817892\/"]}]},{"@type":"BreadcrumbList","@id":"https:\/\/staging.varesenews.it\/2019\/05\/condannato-tre-anni-rintracciato-arrestato\/817892\/#breadcrumb","itemListElement":[{"@type":"ListItem","position":1,"name":"Home","item":"https:\/\/www.varesenews.it\/"},{"@type":"ListItem","position":2,"name":"Condannato a tre anni, rintracciato e arrestato"}]},{"@type":"WebSite","@id":"https:\/\/staging.varesenews.it\/#website","url":"https:\/\/staging.varesenews.it\/","name":"VareseNews","description":"","potentialAction":[{"@type":"SearchAction","target":{"@type":"EntryPoint","urlTemplate":"https:\/\/staging.varesenews.it\/?s={search_term_string}"},"query-input":"required name=search_term_string"}],"inLanguage":"it-IT"},{"@type":"Person","@id":"https:\/\/staging.varesenews.it\/#\/schema\/person\/272ac0f5b2dbfd572218c2d86e013f1a","name":"Adelia Brigo","image":{"@type":"ImageObject","inLanguage":"it-IT","@id":"https:\/\/staging.varesenews.it\/#\/schema\/person\/image\/","url":"https:\/\/staging.varesenews.it\/wp-content\/uploads\/2020\/12\/adelia_brigo_colori_500.jpg","contentUrl":"https:\/\/staging.varesenews.it\/wp-content\/uploads\/2020\/12\/adelia_brigo_colori_500.jpg","caption":"Adelia Brigo"},"description":"Giornalista pubblicista, lavoro a VareseNews dal 2007 e mi occupo di cronaca locale e del settore dedicato alla cultura. In questi anni ho seguito diversi progetti di comunicazione, amo sperimentare strategie per i Social Network e raccontare storie. Varesina, classe 1984, sono laureata in Scienze della Comunicazione.&nbsp;","sameAs":["AdeliaBrigo","https:\/\/twitter.com\/AdeliaBrigo"],"url":"https:\/\/staging.varesenews.it\/persona\/adelia_brigo\/"}]}},"post_meta":{"_edit_lock":"1557173055:32","_edit_last":"32","_category_permalink":"a:1:{s:8:\"category\";s:1:\"2\";}","ratings_users":"0","ratings_score":"0","ratings_average":"0","foto":"732733","firma_come_redazione":"1","argomento":"Luino","_yoast_wpseo_content_score":"30","_jd_tweet_this":"yes","_wpt_short_url":"https:\/\/www.varesenews.it\/2019\/05\/condannato-tre-anni-rintracciato-arrestato\/817892\/","_wp_jd_target":"https:\/\/www.varesenews.it\/2019\/05\/condannato-tre-anni-rintracciato-arrestato\/817892\/","_jd_wp_twitter":"a:1:{i:0;s:143:\"Condannato a tre anni, rintracciato e arrestato https:\/\/www.varesenews.it\/2019\/05\/condannato-tre-anni-rintracciato-arrestato\/817892\/ #arrestato\";}","_wpt_status_message":"Tweet inviato con successo."},"photos":[{"original":"https:\/\/staging.varesenews.it\/photogallery_new\/images\/2019\/04\/generico-2018-732733.jpg","full":"https:\/\/staging.varesenews.it\/photogallery_new\/images\/2019\/04\/generico-2018-732733.1024x768.jpg","large":"https:\/\/staging.varesenews.it\/photogallery_new\/images\/2019\/04\/generico-2018-732733.610x431.jpg"}],"_links":{"self":[{"href":"https:\/\/staging.varesenews.it\/swgapi\/v1\/wp\/v2\/posts\/817892"}],"collection":[{"href":"https:\/\/staging.varesenews.it\/swgapi\/v1\/wp\/v2\/posts"}],"about":[{"href":"https:\/\/staging.varesenews.it\/swgapi\/v1\/wp\/v2\/types\/post"}],"author":[{"embeddable":true,"href":"https:\/\/staging.varesenews.it\/swgapi\/v1\/wp\/v2\/users\/32"}],"replies":[{"embeddable":true,"href":"https:\/\/staging.varesenews.it\/swgapi\/v1\/wp\/v2\/comments?post=817892"}],"version-history":[{"count":0,"href":"https:\/\/staging.varesenews.it\/swgapi\/v1\/wp\/v2\/posts\/817892\/revisions"}],"wp:attachment":[{"href":"https:\/\/staging.varesenews.it\/swgapi\/v1\/wp\/v2\/media?parent=817892"}],"wp:term":[{"taxonomy":"category","embeddable":true,"href":"https:\/\/staging.varesenews.it\/swgapi\/v1\/wp\/v2\/categories?post=817892"},{"taxonomy":"post_tag","embeddable":true,"href":"https:\/\/staging.varesenews.it\/swgapi\/v1\/wp\/v2\/tags?post=817892"}],"curies":[{"name":"wp","href":"https:\/\/api.w.org\/{rel}","templated":true}]}}