{"id":818798,"date":"2019-05-09T13:16:25","date_gmt":"2019-05-09T11:16:25","guid":{"rendered":"https:\/\/www.varesenews.it\/?p=818798"},"modified":"2019-05-09T13:16:25","modified_gmt":"2019-05-09T11:16:25","slug":"tigota-sbarca-saronno","status":"publish","type":"post","link":"https:\/\/staging.varesenews.it\/2019\/05\/tigota-sbarca-saronno\/818798\/","title":{"rendered":"Tigot\u00e0 sbarca a Saronno"},"content":{"rendered":"<p>Tigot\u00e0, insegna padovana leader della cosmetica e della pulizia della casa, apre il primo store di Saronno. \u00c8 tra i pi\u00f9 grandi della provincia di Varese: pi\u00f9 di 700 metri quadri di prodotti per la cura e l\u2019igiene della persona e la pulizia della casa, con focus su profumeria e cosmesi. Ad inaugurare oggi lo store di Viale Europa l\u2019assessore alla Comunicazione, Valorizzazione Territoriale e Urbanistica Lucia Castelli.<\/p>\n<p>La strategia di sviluppo a Varese conferma l\u2019obiettivo del brand padovano: rafforzare la presenza di Tigot\u00e0 attraverso una diffusione capillare sul territorio. Dopo la recentissima apertura a Varese in viale Borri del mese scorso, questo \u00e8 il 7\u00b0 Tigot\u00e0 nella provincia di Varese e il n. 573 in Italia. \u00abVarese rappresenta un bacino estremamente interessante per noi &#8211; commenta il responsabile marketing Pericle Ciatto -. Infatti anticipo gi\u00e0 con piacere che apriremo una nuova filiale anche a Cerro quest\u2019estate. L\u2019obiettivo \u00e8 rafforzare la presenza di Tigot\u00e0 in tutta la provincia, completando l\u2019offerta dei servizi commerciali e diventando il punto di riferimento per i locali; per questo la strategia di sviluppo sul territorio prevede diversi investimenti nel 2019\u00bb.<\/p>\n<p>Il nuovo punto vendita vedr\u00e0 impegnati 11 collaboratori, di cui 8 giovani neoassunti con et\u00e0 media 26 anni e tutti del territorio, che da oggi fanno parte del grande team Tigot\u00e0: pi\u00f9 di 4200 persone che tutti i giorni lavorano con passione ed entusiasmo per essere il punto di riferimento di chi ama prendersi cura di s\u00e9 e della propria casa.<\/p>\n<p>Il nuovo Tigot\u00e0 offre un vasto assortimento di prodotti per la cura e la bellezza della persona \u2013 tra le categorie pi\u00f9 sviluppate profumeria, cosmesi, hair care e igiene orale \u2013 e per la pulizia della casa. Il negozio sar\u00e0 aperto dal luned\u00ec al sabato dalle 9.00 alle 20.00 e la domenica sempre con orario continuato dalle 9.00 alle 19.30.<\/p>\n<p>L\u2019assortimento Tigot\u00e0 \u00e8 disponibile anche sul sito e-commerce tigota.it dove si pu\u00f2 scegliere tra quasi 20.000 referenze e tre modalit\u00e0 di consegna degli acquisti: la consegna direttamente a casa, il ritiro degli acquisti nel punto vendita Tigot\u00e0 preferito oppure in oltre 4000 edicole convenzionate in tutta Italia, di cui 40 in provincia di Varese e una a Saronno in Via Padri Luigi Monti 56.<\/p>\n","protected":false},"excerpt":{"rendered":"<p>Gioved\u00ec 9 maggio l\u2019inaugurazione con l\u2019assessore alla Comunicazione, Valorizzazione Territoriale e Urbanistica Lucia Castelli<\/p>\n","protected":false},"author":10,"featured_media":0,"comment_status":"open","ping_status":"open","sticky":false,"template":"","format":"standard","meta":{"footnotes":""},"categories":[26,5],"tags":[12423,96249],"acf":[],"yoast_head":"<!-- This site is optimized with the Yoast SEO plugin v20.1 - https:\/\/yoast.com\/wordpress\/plugins\/seo\/ -->\n<title>Tigot\u00e0 sbarca a Saronno<\/title>\n<meta name=\"description\" content=\"Gioved\u00ec 9 maggio l\u2019inaugurazione con l\u2019assessore alla Comunicazione, Valorizzazione Territoriale e Urbanistica Lucia Castelli\" \/>\n<meta name=\"robots\" content=\"noindex, follow, max-snippet:-1, max-image-preview:large, max-video-preview:-1\" \/>\n<meta property=\"og:locale\" content=\"it_IT\" \/>\n<meta property=\"og:type\" content=\"article\" \/>\n<meta property=\"og:title\" content=\"Tigot\u00e0 sbarca a Saronno\" \/>\n<meta property=\"og:description\" content=\"Gioved\u00ec 9 maggio l\u2019inaugurazione con l\u2019assessore alla Comunicazione, Valorizzazione Territoriale e Urbanistica Lucia Castelli\" \/>\n<meta property=\"og:url\" content=\"https:\/\/staging.varesenews.it\/2019\/05\/tigota-sbarca-saronno\/818798\/\" \/>\n<meta property=\"og:site_name\" content=\"VareseNews\" \/>\n<meta property=\"article:publisher\" content=\"https:\/\/www.facebook.com\/varesenews\" \/>\n<meta property=\"article:published_time\" content=\"2019-05-09T11:16:25+00:00\" \/>\n<meta name=\"author\" content=\"Redazione VareseNews\" \/>\n<meta name=\"twitter:card\" content=\"summary_large_image\" \/>\n<meta name=\"twitter:creator\" content=\"@varesenews\" \/>\n<meta name=\"twitter:site\" content=\"@varesenews\" \/>\n<meta name=\"twitter:label1\" content=\"Scritto da\" \/>\n\t<meta name=\"twitter:data1\" content=\"Redazione VareseNews\" \/>\n\t<meta name=\"twitter:label2\" content=\"Tempo di lettura stimato\" \/>\n\t<meta name=\"twitter:data2\" content=\"2 minuti\" \/>\n<script type=\"application\/ld+json\" class=\"yoast-schema-graph\">{\"@context\":\"https:\/\/schema.org\",\"@graph\":[{\"@type\":\"WebPage\",\"@id\":\"https:\/\/staging.varesenews.it\/2019\/05\/tigota-sbarca-saronno\/818798\/\",\"url\":\"https:\/\/staging.varesenews.it\/2019\/05\/tigota-sbarca-saronno\/818798\/\",\"name\":\"Tigot\u00e0 sbarca a Saronno\",\"isPartOf\":{\"@id\":\"https:\/\/staging.varesenews.it\/#website\"},\"datePublished\":\"2019-05-09T11:16:25+00:00\",\"dateModified\":\"2019-05-09T11:16:25+00:00\",\"author\":{\"@id\":\"https:\/\/staging.varesenews.it\/#\/schema\/person\/fb20c4da0b7b16c291707a20db73e169\"},\"description\":\"Gioved\u00ec 9 maggio l\u2019inaugurazione con l\u2019assessore alla Comunicazione, Valorizzazione Territoriale e Urbanistica Lucia Castelli\",\"breadcrumb\":{\"@id\":\"https:\/\/staging.varesenews.it\/2019\/05\/tigota-sbarca-saronno\/818798\/#breadcrumb\"},\"inLanguage\":\"it-IT\",\"potentialAction\":[{\"@type\":\"ReadAction\",\"target\":[\"https:\/\/staging.varesenews.it\/2019\/05\/tigota-sbarca-saronno\/818798\/\"]}]},{\"@type\":\"BreadcrumbList\",\"@id\":\"https:\/\/staging.varesenews.it\/2019\/05\/tigota-sbarca-saronno\/818798\/#breadcrumb\",\"itemListElement\":[{\"@type\":\"ListItem\",\"position\":1,\"name\":\"Home\",\"item\":\"https:\/\/www.varesenews.it\/\"},{\"@type\":\"ListItem\",\"position\":2,\"name\":\"Tigot\u00e0 sbarca a Saronno\"}]},{\"@type\":\"WebSite\",\"@id\":\"https:\/\/staging.varesenews.it\/#website\",\"url\":\"https:\/\/staging.varesenews.it\/\",\"name\":\"VareseNews\",\"description\":\"\",\"potentialAction\":[{\"@type\":\"SearchAction\",\"target\":{\"@type\":\"EntryPoint\",\"urlTemplate\":\"https:\/\/staging.varesenews.it\/?s={search_term_string}\"},\"query-input\":\"required name=search_term_string\"}],\"inLanguage\":\"it-IT\"},{\"@type\":\"Person\",\"@id\":\"https:\/\/staging.varesenews.it\/#\/schema\/person\/fb20c4da0b7b16c291707a20db73e169\",\"name\":\"Redazione VareseNews\",\"image\":{\"@type\":\"ImageObject\",\"inLanguage\":\"it-IT\",\"@id\":\"https:\/\/staging.varesenews.it\/#\/schema\/person\/image\/\",\"url\":\"https:\/\/staging.varesenews.it\/wp-content\/uploads\/2020\/12\/logo_VN_colori_500.png\",\"contentUrl\":\"https:\/\/staging.varesenews.it\/wp-content\/uploads\/2020\/12\/logo_VN_colori_500.png\",\"caption\":\"Redazione VareseNews\"},\"url\":\"https:\/\/staging.varesenews.it\/persona\/redazione1\/\"}]}<\/script>\n<!-- \/ Yoast SEO plugin. -->","yoast_head_json":{"title":"Tigot\u00e0 sbarca a Saronno","description":"Gioved\u00ec 9 maggio l\u2019inaugurazione con l\u2019assessore alla Comunicazione, Valorizzazione Territoriale e Urbanistica Lucia Castelli","robots":{"index":"noindex","follow":"follow","max-snippet":"max-snippet:-1","max-image-preview":"max-image-preview:large","max-video-preview":"max-video-preview:-1"},"og_locale":"it_IT","og_type":"article","og_title":"Tigot\u00e0 sbarca a Saronno","og_description":"Gioved\u00ec 9 maggio l\u2019inaugurazione con l\u2019assessore alla Comunicazione, Valorizzazione Territoriale e Urbanistica Lucia Castelli","og_url":"https:\/\/staging.varesenews.it\/2019\/05\/tigota-sbarca-saronno\/818798\/","og_site_name":"VareseNews","article_publisher":"https:\/\/www.facebook.com\/varesenews","article_published_time":"2019-05-09T11:16:25+00:00","author":"Redazione VareseNews","twitter_card":"summary_large_image","twitter_creator":"@varesenews","twitter_site":"@varesenews","twitter_misc":{"Scritto da":"Redazione VareseNews","Tempo di lettura stimato":"2 minuti"},"schema":{"@context":"https:\/\/schema.org","@graph":[{"@type":"WebPage","@id":"https:\/\/staging.varesenews.it\/2019\/05\/tigota-sbarca-saronno\/818798\/","url":"https:\/\/staging.varesenews.it\/2019\/05\/tigota-sbarca-saronno\/818798\/","name":"Tigot\u00e0 sbarca a Saronno","isPartOf":{"@id":"https:\/\/staging.varesenews.it\/#website"},"datePublished":"2019-05-09T11:16:25+00:00","dateModified":"2019-05-09T11:16:25+00:00","author":{"@id":"https:\/\/staging.varesenews.it\/#\/schema\/person\/fb20c4da0b7b16c291707a20db73e169"},"description":"Gioved\u00ec 9 maggio l\u2019inaugurazione con l\u2019assessore alla Comunicazione, Valorizzazione Territoriale e Urbanistica Lucia Castelli","breadcrumb":{"@id":"https:\/\/staging.varesenews.it\/2019\/05\/tigota-sbarca-saronno\/818798\/#breadcrumb"},"inLanguage":"it-IT","potentialAction":[{"@type":"ReadAction","target":["https:\/\/staging.varesenews.it\/2019\/05\/tigota-sbarca-saronno\/818798\/"]}]},{"@type":"BreadcrumbList","@id":"https:\/\/staging.varesenews.it\/2019\/05\/tigota-sbarca-saronno\/818798\/#breadcrumb","itemListElement":[{"@type":"ListItem","position":1,"name":"Home","item":"https:\/\/www.varesenews.it\/"},{"@type":"ListItem","position":2,"name":"Tigot\u00e0 sbarca a Saronno"}]},{"@type":"WebSite","@id":"https:\/\/staging.varesenews.it\/#website","url":"https:\/\/staging.varesenews.it\/","name":"VareseNews","description":"","potentialAction":[{"@type":"SearchAction","target":{"@type":"EntryPoint","urlTemplate":"https:\/\/staging.varesenews.it\/?s={search_term_string}"},"query-input":"required name=search_term_string"}],"inLanguage":"it-IT"},{"@type":"Person","@id":"https:\/\/staging.varesenews.it\/#\/schema\/person\/fb20c4da0b7b16c291707a20db73e169","name":"Redazione VareseNews","image":{"@type":"ImageObject","inLanguage":"it-IT","@id":"https:\/\/staging.varesenews.it\/#\/schema\/person\/image\/","url":"https:\/\/staging.varesenews.it\/wp-content\/uploads\/2020\/12\/logo_VN_colori_500.png","contentUrl":"https:\/\/staging.varesenews.it\/wp-content\/uploads\/2020\/12\/logo_VN_colori_500.png","caption":"Redazione VareseNews"},"url":"https:\/\/staging.varesenews.it\/persona\/redazione1\/"}]}},"post_meta":{"_edit_lock":"1557400935:39","_edit_last":"39","_category_permalink":"a:1:{s:8:\"category\";s:0:\"\";}","ratings_users":"0","ratings_score":"0","ratings_average":"0","foto":"737185","firma_come_redazione":"1","argomento":"Saronno","_yoast_wpseo_content_score":"30","_jd_tweet_this":"yes","_wpt_short_url":"https:\/\/www.varesenews.it\/2019\/05\/tigota-sbarca-saronno\/818798\/","_wp_jd_target":"https:\/\/www.varesenews.it\/2019\/05\/tigota-sbarca-saronno\/818798\/","_jd_wp_twitter":"a:1:{i:0;s:108:\"Tigot\u00e0 sbarca a Saronno https:\/\/www.varesenews.it\/2019\/05\/tigota-sbarca-saronno\/818798\/ #marketing #tigot\u00e0\";}","_wpt_status_message":"Tweet inviato con successo."},"photos":[{"original":"https:\/\/staging.varesenews.it\/photogallery_new\/images\/2019\/05\/generico-2018-737185.jpg","full":"https:\/\/staging.varesenews.it\/photogallery_new\/images\/2019\/05\/generico-2018-737185.1024x768.jpg","large":"https:\/\/staging.varesenews.it\/photogallery_new\/images\/2019\/05\/generico-2018-737185.610x431.jpg"}],"_links":{"self":[{"href":"https:\/\/staging.varesenews.it\/swgapi\/v1\/wp\/v2\/posts\/818798"}],"collection":[{"href":"https:\/\/staging.varesenews.it\/swgapi\/v1\/wp\/v2\/posts"}],"about":[{"href":"https:\/\/staging.varesenews.it\/swgapi\/v1\/wp\/v2\/types\/post"}],"author":[{"embeddable":true,"href":"https:\/\/staging.varesenews.it\/swgapi\/v1\/wp\/v2\/users\/10"}],"replies":[{"embeddable":true,"href":"https:\/\/staging.varesenews.it\/swgapi\/v1\/wp\/v2\/comments?post=818798"}],"version-history":[{"count":0,"href":"https:\/\/staging.varesenews.it\/swgapi\/v1\/wp\/v2\/posts\/818798\/revisions"}],"wp:attachment":[{"href":"https:\/\/staging.varesenews.it\/swgapi\/v1\/wp\/v2\/media?parent=818798"}],"wp:term":[{"taxonomy":"category","embeddable":true,"href":"https:\/\/staging.varesenews.it\/swgapi\/v1\/wp\/v2\/categories?post=818798"},{"taxonomy":"post_tag","embeddable":true,"href":"https:\/\/staging.varesenews.it\/swgapi\/v1\/wp\/v2\/tags?post=818798"}],"curies":[{"name":"wp","href":"https:\/\/api.w.org\/{rel}","templated":true}]}}