{"id":819851,"date":"2019-05-14T14:50:34","date_gmt":"2019-05-14T12:50:34","guid":{"rendered":"https:\/\/www.varesenews.it\/?p=819851"},"modified":"2019-05-14T14:50:34","modified_gmt":"2019-05-14T12:50:34","slug":"aid-due-campus-estivi-ragazzi-dislessia","status":"publish","type":"post","link":"https:\/\/staging.varesenews.it\/2019\/05\/aid-due-campus-estivi-ragazzi-dislessia\/819851\/","title":{"rendered":"Con AID due campus estivi per ragazzi con dislessia"},"content":{"rendered":"<p>Anche per l\u2019estate 2019 le sezioni <strong>AID \u2013 Associazione Italiana Dislessia<\/strong> di <strong>Varese<\/strong>, <strong>Bergamo<\/strong> e <strong>Como<\/strong> organizzano <strong>due campus residenziali<\/strong> aperti ai ragazzi con <strong>Disturbi Specifici dell\u2019apprendimento<\/strong> che si svolgeranno presso \u201c<strong>La Baita<\/strong>\u201d a <strong>Costa Serina (Valle Brembana \u2013 BG)<\/strong>.<\/p>\n<p>Il campus \u00e8 un\u2019occasione molto importante, una vacanza in cui \u00e8 possibile scoprire, scoprirsi e condividere importanti momenti che possono dare una carica diversa; <strong>un\u2019esperienza formativa ed educativa\u00a0<\/strong>che insegna ad utilizzare\u00a0metodi e strumenti compensativi\u00a0per <strong>sviluppare una maggiore\u00a0autonomia<\/strong> nello studio\u00a0e rinforzare la propria autostima.<\/p>\n<h3>ATTIVITA&#8217; SVOLTE<\/h3>\n<p>La modalit\u00e0 utilizzata sar\u00e0 quella di mescolare giornalmente le varie attivit\u00e0, alternando <strong>momenti in aula ad esperienze all\u2019aperto<\/strong>, in contesti diversi.<\/p>\n<p>In aula si lavorer\u00e0 sia su <strong>materiale proposto dai tutor<\/strong>, sia su <strong>materiale inerente le uscite<\/strong>\u00a0che i ragazzi elaboreranno secondo differenti approcci, con l\u2019utilizzo di strumenti compensativi digitali (gratuiti) e\/o tradizionali.<\/p>\n<p>Nel gruppo, i ragazzi saranno stimolati al <strong>riconoscimento delle proprie difficolt\u00e0<\/strong> e dei <strong>propri bisogni<\/strong> e guidati nella <strong>ricerca<\/strong> consapevole ed efficace delle <strong>strategie compensative pi\u00f9 adeguate alle proprie esigenze di apprendimento<\/strong>.<\/p>\n<p>I ragazzi potranno, tra le altre cose,\u00a0scoprire <strong>nuove strategie per affrontare lo studio<\/strong>, <strong>confrontarsi con gli altri<\/strong> e soprattutto <strong>divertirsi<\/strong>.<\/p>\n<p>I percorsi proposti stimoleranno l\u2019autonomia dei ragazzi attraverso l\u2019utilizzo di\u00a0tecniche e strumenti informatici e <strong>favoriranno la\u00a0motivazione, l\u2019autostima e l\u2019accettazione di s\u00e9<\/strong>\u00a0grazie al\u00a0lavoro di gruppo e alle attivit\u00e0 ludico-ricreative.<\/p>\n<p>Rispetto alla sfera emotivo-relazionale il focus sar\u00e0 centrato prevalentemente sulla percezione del s\u00e9, dell&#8217;autoefficacia e sugli stili attributivi.<\/p>\n<p><a href=\"https:\/\/www.varesenews.it\/2019\/04\/cerchi-un-campo-estivo-figlio-ti-aiutiamo\/810165\/\"><img loading=\"lazy\" decoding=\"async\" class=\"aligncenter size-medium wp-image-810170\" src=\"http:\/\/www.varesenews.it\/wp-content\/uploads\/2019\/03\/Summer-Camp_2-300x133.png\" alt=\"\" width=\"300\" height=\"133\" srcset=\"https:\/\/staging.varesenews.it\/wp-content\/uploads\/2019\/03\/Summer-Camp_2-300x133.png 300w, https:\/\/staging.varesenews.it\/wp-content\/uploads\/2019\/03\/Summer-Camp_2-768x341.png 768w, https:\/\/staging.varesenews.it\/wp-content\/uploads\/2019\/03\/Summer-Camp_2.png 900w\" sizes=\"(max-width: 300px) 100vw, 300px\" \/><\/a><\/p>\n<h3>A CHI \u00c8 RIVOLTO IL CAMP<\/h3>\n<p><span style=\"color: #ff0000;\"><strong><em>5\u00b0 Campus in Val Serina<\/em><\/strong><\/span><br \/>\nIl <strong>\u201c5\u00b0 Campus in Val Serina\u201d<\/strong> \u00e8 rivolto a <strong>bambini e ragazzi con DSA<\/strong> che il prossimo anno frequenteranno la <strong>V classe della scuola Primaria<\/strong> o la scuola <strong>Secondaria di I grado<\/strong>.<\/p>\n<p><span style=\"color: #ff0000;\"><strong><em>Pronti per le Superiori!<\/em><\/strong><\/span><br \/>\nIl campo <strong>\u201cPronti per le Superiori!\u201d<\/strong> si rivolge ai ragazzi che frequenteranno la <strong>I o la II classe della scuola secondaria di II grado<\/strong>.<\/p>\n<h3>DOVE<\/h3>\n<p>Entrambi i campi si svolgeranno presso \u201c<strong>La Baita<\/strong>\u201d a <strong>Costa Serina (Valle Brembana \u2013 BG)<\/strong>.<\/p>\n<h3>QUANDO<\/h3>\n<p><span style=\"color: #ff0000;\"><strong><em>5\u00b0 Campus in Val Serina<\/em><\/strong><\/span><br \/>\nIl campus si svolger\u00e0 da <strong>sabato 20<\/strong> a <strong>domenica 28 luglio<\/strong> 2019.<\/p>\n<p><span style=\"color: #ff0000;\"><strong><em>Pronti per le Superiori!<\/em><\/strong><\/span><br \/>\nIl campus si svolger\u00e0 da <strong>luned\u00ec 29 luglio<\/strong> a <strong>sabato 3 agosto<\/strong> 2019.<\/p>\n<h3>QUOTE DI PARTECIPAZIONE<\/h3>\n<p><span style=\"color: #ff0000;\"><strong><em>5\u00b0 Campus in Val Serina<\/em><\/strong><\/span><br \/>\n\u2022 <strong>530 euro<\/strong> per i soci AID<br \/>\n\u2022 <strong>580 euro<\/strong> per i non soci<\/p>\n<p>La quota \u00e8 comprensiva di <strong>assicurazione<\/strong>, <strong>vitto<\/strong>, <strong>alloggio<\/strong> e di <strong>tutte le attivit\u00e0<\/strong>. Il viaggio \u00e8 individuale e a carico dei partecipanti.<\/p>\n<p>I soci AID la cui famiglia abbia un ISEE non superiore a 7.500,00 euro potranno usufruire della <strong>riduzione del 50%<\/strong> della quota (da segnalare al momento dell&#8217;iscrizione).<\/p>\n<p><span style=\"color: #ff0000;\"><strong><em>Pronti per le Superiori!<\/em><\/strong><\/span><br \/>\n\u2022 <strong>450 euro<\/strong> per i soci AID<br \/>\n\u2022 <strong>500 euro<\/strong> per i non soci<\/p>\n<p>La quota \u00e8 comprensiva di <strong>assicurazione<\/strong> (per infortuni e responsabilit\u00e0 civile verso terzi), <strong>vitto<\/strong> e <strong>alloggio<\/strong>, <strong>attivit\u00e0 in aula<\/strong> e <strong>attivit\u00e0 ricreative pomeridiane<\/strong>.<\/p>\n<p>I soci AID, la cui famiglia abbia un ISEE non superiore a 7.500 euro potranno usufruire della <strong>riduzione del 50%<\/strong> della quota di partecipazione.<br \/>\nPer accedere a queste riduzioni si prega di inviare una mail a <strong>varese@aiditalia.org<\/strong><\/p>\n<h3>ISCRIZIONI<\/h3>\n<p><span style=\"color: #ff0000;\"><strong><em>5\u00b0 Campus in Val Serina<\/em><\/strong><\/span><br \/>\nPer richiedere la partecipazione al campus \u00e8 necessario:<\/p>\n<p><em>1)<\/em> <strong>Segnalare il proprio interesse<\/strong> all\u2019iniziativa scrivendo a <a href=\"mailto:info.varese@aiditalia.org\"><strong>info.varese@aiditalia.org<\/strong><\/a> o <a href=\"mailto:info.bergamo@aiditalia.org\"><strong>info.bergamo@aiditalia.org<\/strong><\/a><br \/>\n<em>2)<\/em> <strong>Scaricare, compilare e scansionare<\/strong> la seguente documentazione:<\/p>\n<blockquote>\n<p style=\"text-align: center;\"><a href=\"http:\/\/www.varesenews.it\/wp-content\/uploads\/2019\/05\/AID-ITALIA_Questionario-e-accettazione.pdf\"><strong>Questionario<\/strong><\/a> &#8211; <a href=\"http:\/\/www.varesenews.it\/wp-content\/uploads\/2019\/05\/AID-ITALIA_Informativa-Privacy_2019.pdf\"><strong>Informativa Privacy<\/strong><\/a> &#8211; <a href=\"http:\/\/www.varesenews.it\/wp-content\/uploads\/2019\/05\/AID-ITALIA_DICHIARAZIONE_LIBERATORIA_foto_CAMPUS_minorenni.pdf\"><strong>Liberatoria Immagini<\/strong><\/a><\/p>\n<\/blockquote>\n<p><em>3)<\/em> Scansionare la documentazione <strong>diagnostica completa<\/strong>: relazione della <strong>prima diagnosi<\/strong>, effettuata dallo specialista, e dell\u2019ultima valutazione.<br \/>\n<em>4)<\/em> Compilare il <a href=\"https:\/\/www.aiditalia.org\/it\/attivita\/1083\"><strong>form online cliccando qui<\/strong> <\/a>e <strong>allegare tutta la documentazione<\/strong> sopra citata.<\/p>\n<p>Al termine dell&#8217;operazione on-line, riceverete all&#8217;indirizzo di posta elettronica da voi indicato, una e-mail automatica a conferma del corretto invio della richiesta di partecipazione. Si chiarisce che tale comunicazione non indica l&#8217;accettazione al campus.<\/p>\n<p><strong>In caso di difficolt\u00e0<\/strong> i documenti richiesti possono essere <strong>inviati via e-mail all\u2019indirizzo <a href=\"mailto:info.varese@aiditalia.org\">info.varese@aiditalia.org<\/a><\/strong>.\u00a0Si prega di visionare il Regolamento del Campus che dovr\u00e0 essere consegnato firmato da entrambi i genitori in caso di partecipazione al Campus.<\/p>\n<p><span style=\"color: #ff0000;\"><strong><em>Pronti per le Superiori!<\/em><\/strong><\/span><br \/>\nPer richiedere la partecipazione al campus \u00e8 necessario:<\/p>\n<p><em>1)<\/em> <strong>Segnalare il proprio interesse<\/strong> all\u2019iniziativa scrivendo a <a href=\"mailto:como@aiditalia.org\"><strong>como@aiditalia.org<\/strong><\/a> o <strong><a href=\"mailto:info.varese@aiditalia.org\">info.varese@aiditalia.org<\/a><\/strong><br \/>\n<em>2)<\/em> <strong>Scaricare, compilare e scansionare<\/strong> la seguente documentazione:<\/p>\n<blockquote>\n<p style=\"text-align: center;\"><a href=\"http:\/\/www.varesenews.it\/wp-content\/uploads\/2019\/05\/AID-ITALIA_Questionario-e-accettazione.pdf\"><strong>Questionario<\/strong><\/a> &#8211; <a href=\"http:\/\/www.varesenews.it\/wp-content\/uploads\/2019\/05\/AID-ITALIA_Informativa-Privacy_2019.pdf\"><strong>Informativa Privacy<\/strong><\/a> &#8211; <a href=\"http:\/\/www.varesenews.it\/wp-content\/uploads\/2019\/05\/AID-ITALIA_DICHIARAZIONE_LIBERATORIA_foto_CAMPUS_minorenni.pdf\"><strong>Liberatoria Immagini<\/strong><\/a><\/p>\n<\/blockquote>\n<p><em>3)<\/em> Scansionare la documentazione <strong>diagnostica completa<\/strong>: relazione della <strong>prima diagnosi<\/strong>, effettuata dallo specialista, e dell\u2019ultima valutazione.<br \/>\n<em>4)<\/em> Compilare il <a href=\"https:\/\/www.aiditalia.org\/it\/attivita\/1088\"><strong>form online cliccando qui<\/strong><\/a> e <strong>allegare tutta la documentazione<\/strong> sopra citata.<\/p>\n<p>Al termine dell&#8217;operazione on-line, riceverete all&#8217;indirizzo di posta elettronica da voi indicato, una e-mail automatica a conferma del corretto invio della richiesta di partecipazione. Si chiarisce che tale comunicazione non indica l&#8217;accettazione al campus che verr\u00e0 comunicata successivamente alla scadenza dei termini di presentazione della domanda.<\/p>\n<p><strong>In caso di difficolt\u00e0<\/strong> i documenti richiesti possono essere inviati via e-mail all\u2019indirizzo <a href=\"mailto:info.varese@aiditalia.org\"><strong>info.varese@aiditalia.org<\/strong><\/a>.\u00a0Si prega di visionare il Regolamento del Campus che dovr\u00e0 essere consegnato firmato da entrambi i genitori in caso di partecipazione al Campus.<\/p>\n<h3>Altre info<\/h3>\n<p>Coloro che sono interessati possono ricevere ogni altra pi\u00f9 utile informazione cliccando qui sotto:<\/p>\n<blockquote>\n<p style=\"text-align: center;\"><strong><a href=\"https:\/\/varese.aiditalia.org\/it\/news-ed-eventi\/5-campus-residenziale-a-costa-serina-bg\">Campus \u201c5\u00b0 Campus in Val Serina\u201d<\/a><\/strong><br \/>\n<strong> <a href=\"https:\/\/varese.aiditalia.org\/it\/news-ed-eventi\/pronti-per-le-superiori\">Campus \u201cPronti per le Superiori!\u201d<\/a><\/strong><\/p>\n<\/blockquote>\n","protected":false},"excerpt":{"rendered":"<p>AID \u2013 Associazione Italiana Dislessia organizza per l\u2019estate 2019 due campus residenziali in Val Serina rivolti ai ragazzi con Disturbi Specifici dell\u2019apprendimento <\/p>\n","protected":false},"author":5428,"featured_media":0,"comment_status":"open","ping_status":"open","sticky":false,"template":"","format":"standard","meta":{"footnotes":""},"categories":[23,2],"tags":[96327,90666,191,87057,94885,1454,69457],"acf":[],"yoast_head":"<!-- This site is optimized with the Yoast SEO plugin v20.1 - https:\/\/yoast.com\/wordpress\/plugins\/seo\/ -->\n<title>Con AID due campus estivi per ragazzi con dislessia<\/title>\n<meta name=\"description\" content=\"AID \u2013 Associazione Italiana Dislessia organizza per l\u2019estate 2019 due campus residenziali in Val Serina rivolti ai ragazzi con Disturbi Specifici dell\u2019apprendimento\" \/>\n<meta name=\"robots\" content=\"noindex, follow, max-snippet:-1, max-image-preview:large, max-video-preview:-1\" \/>\n<meta property=\"og:locale\" content=\"it_IT\" \/>\n<meta property=\"og:type\" content=\"article\" \/>\n<meta property=\"og:title\" content=\"Con AID due campus estivi per ragazzi con dislessia\" \/>\n<meta property=\"og:description\" content=\"AID \u2013 Associazione Italiana Dislessia organizza per l\u2019estate 2019 due campus residenziali in Val Serina rivolti ai ragazzi con Disturbi Specifici dell\u2019apprendimento\" \/>\n<meta property=\"og:url\" content=\"https:\/\/www.varesenews.it\/2019\/05\/aid-due-campus-estivi-ragazzi-dislessia\/819851\/\" \/>\n<meta property=\"og:site_name\" content=\"VareseNews\" \/>\n<meta property=\"article:publisher\" content=\"https:\/\/www.facebook.com\/varesenews\" \/>\n<meta property=\"article:published_time\" content=\"2019-05-14T12:50:34+00:00\" \/>\n<meta property=\"og:image\" content=\"http:\/\/www.varesenews.it\/wp-content\/uploads\/2019\/03\/Summer-Camp_2-300x133.png\" \/>\n<meta name=\"author\" content=\"divisionebusiness\" \/>\n<meta name=\"twitter:card\" content=\"summary_large_image\" \/>\n<meta name=\"twitter:creator\" content=\"@varesenews\" \/>\n<meta name=\"twitter:site\" content=\"@varesenews\" \/>\n<meta name=\"twitter:label1\" content=\"Scritto da\" \/>\n\t<meta name=\"twitter:data1\" content=\"divisionebusiness\" \/>\n\t<meta name=\"twitter:label2\" content=\"Tempo di lettura stimato\" \/>\n\t<meta name=\"twitter:data2\" content=\"4 minuti\" \/>\n<script type=\"application\/ld+json\" class=\"yoast-schema-graph\">{\"@context\":\"https:\/\/schema.org\",\"@graph\":[{\"@type\":\"WebPage\",\"@id\":\"https:\/\/www.varesenews.it\/2019\/05\/aid-due-campus-estivi-ragazzi-dislessia\/819851\/\",\"url\":\"https:\/\/www.varesenews.it\/2019\/05\/aid-due-campus-estivi-ragazzi-dislessia\/819851\/\",\"name\":\"Con AID due campus estivi per ragazzi con dislessia\",\"isPartOf\":{\"@id\":\"https:\/\/staging.varesenews.it\/#website\"},\"datePublished\":\"2019-05-14T12:50:34+00:00\",\"dateModified\":\"2019-05-14T12:50:34+00:00\",\"author\":{\"@id\":\"https:\/\/staging.varesenews.it\/#\/schema\/person\/9fc65cf41366c6512d37aa8b5aa40b98\"},\"description\":\"AID \u2013 Associazione Italiana Dislessia organizza per l\u2019estate 2019 due campus residenziali in Val Serina rivolti ai ragazzi con Disturbi Specifici dell\u2019apprendimento\",\"breadcrumb\":{\"@id\":\"https:\/\/www.varesenews.it\/2019\/05\/aid-due-campus-estivi-ragazzi-dislessia\/819851\/#breadcrumb\"},\"inLanguage\":\"it-IT\",\"potentialAction\":[{\"@type\":\"ReadAction\",\"target\":[\"https:\/\/www.varesenews.it\/2019\/05\/aid-due-campus-estivi-ragazzi-dislessia\/819851\/\"]}]},{\"@type\":\"BreadcrumbList\",\"@id\":\"https:\/\/www.varesenews.it\/2019\/05\/aid-due-campus-estivi-ragazzi-dislessia\/819851\/#breadcrumb\",\"itemListElement\":[{\"@type\":\"ListItem\",\"position\":1,\"name\":\"Home\",\"item\":\"https:\/\/www.varesenews.it\/\"},{\"@type\":\"ListItem\",\"position\":2,\"name\":\"Con AID due campus estivi per ragazzi con dislessia\"}]},{\"@type\":\"WebSite\",\"@id\":\"https:\/\/staging.varesenews.it\/#website\",\"url\":\"https:\/\/staging.varesenews.it\/\",\"name\":\"VareseNews\",\"description\":\"\",\"potentialAction\":[{\"@type\":\"SearchAction\",\"target\":{\"@type\":\"EntryPoint\",\"urlTemplate\":\"https:\/\/staging.varesenews.it\/?s={search_term_string}\"},\"query-input\":\"required name=search_term_string\"}],\"inLanguage\":\"it-IT\"},{\"@type\":\"Person\",\"@id\":\"https:\/\/staging.varesenews.it\/#\/schema\/person\/9fc65cf41366c6512d37aa8b5aa40b98\",\"name\":\"divisionebusiness\",\"image\":{\"@type\":\"ImageObject\",\"inLanguage\":\"it-IT\",\"@id\":\"https:\/\/staging.varesenews.it\/#\/schema\/person\/image\/\",\"url\":\"https:\/\/staging.varesenews.it\/wp-content\/uploads\/2015\/03\/mistery.jpg\",\"contentUrl\":\"https:\/\/staging.varesenews.it\/wp-content\/uploads\/2015\/03\/mistery.jpg\",\"caption\":\"divisionebusiness\"},\"url\":\"https:\/\/staging.varesenews.it\/persona\/divisionebusiness2\/\"}]}<\/script>\n<!-- \/ Yoast SEO plugin. -->","yoast_head_json":{"title":"Con AID due campus estivi per ragazzi con dislessia","description":"AID \u2013 Associazione Italiana Dislessia organizza per l\u2019estate 2019 due campus residenziali in Val Serina rivolti ai ragazzi con Disturbi Specifici dell\u2019apprendimento","robots":{"index":"noindex","follow":"follow","max-snippet":"max-snippet:-1","max-image-preview":"max-image-preview:large","max-video-preview":"max-video-preview:-1"},"og_locale":"it_IT","og_type":"article","og_title":"Con AID due campus estivi per ragazzi con dislessia","og_description":"AID \u2013 Associazione Italiana Dislessia organizza per l\u2019estate 2019 due campus residenziali in Val Serina rivolti ai ragazzi con Disturbi Specifici dell\u2019apprendimento","og_url":"https:\/\/www.varesenews.it\/2019\/05\/aid-due-campus-estivi-ragazzi-dislessia\/819851\/","og_site_name":"VareseNews","article_publisher":"https:\/\/www.facebook.com\/varesenews","article_published_time":"2019-05-14T12:50:34+00:00","og_image":[{"url":"http:\/\/www.varesenews.it\/wp-content\/uploads\/2019\/03\/Summer-Camp_2-300x133.png"}],"author":"divisionebusiness","twitter_card":"summary_large_image","twitter_creator":"@varesenews","twitter_site":"@varesenews","twitter_misc":{"Scritto da":"divisionebusiness","Tempo di lettura stimato":"4 minuti"},"schema":{"@context":"https:\/\/schema.org","@graph":[{"@type":"WebPage","@id":"https:\/\/www.varesenews.it\/2019\/05\/aid-due-campus-estivi-ragazzi-dislessia\/819851\/","url":"https:\/\/www.varesenews.it\/2019\/05\/aid-due-campus-estivi-ragazzi-dislessia\/819851\/","name":"Con AID due campus estivi per ragazzi con dislessia","isPartOf":{"@id":"https:\/\/staging.varesenews.it\/#website"},"datePublished":"2019-05-14T12:50:34+00:00","dateModified":"2019-05-14T12:50:34+00:00","author":{"@id":"https:\/\/staging.varesenews.it\/#\/schema\/person\/9fc65cf41366c6512d37aa8b5aa40b98"},"description":"AID \u2013 Associazione Italiana Dislessia organizza per l\u2019estate 2019 due campus residenziali in Val Serina rivolti ai ragazzi con Disturbi Specifici dell\u2019apprendimento","breadcrumb":{"@id":"https:\/\/www.varesenews.it\/2019\/05\/aid-due-campus-estivi-ragazzi-dislessia\/819851\/#breadcrumb"},"inLanguage":"it-IT","potentialAction":[{"@type":"ReadAction","target":["https:\/\/www.varesenews.it\/2019\/05\/aid-due-campus-estivi-ragazzi-dislessia\/819851\/"]}]},{"@type":"BreadcrumbList","@id":"https:\/\/www.varesenews.it\/2019\/05\/aid-due-campus-estivi-ragazzi-dislessia\/819851\/#breadcrumb","itemListElement":[{"@type":"ListItem","position":1,"name":"Home","item":"https:\/\/www.varesenews.it\/"},{"@type":"ListItem","position":2,"name":"Con AID due campus estivi per ragazzi con dislessia"}]},{"@type":"WebSite","@id":"https:\/\/staging.varesenews.it\/#website","url":"https:\/\/staging.varesenews.it\/","name":"VareseNews","description":"","potentialAction":[{"@type":"SearchAction","target":{"@type":"EntryPoint","urlTemplate":"https:\/\/staging.varesenews.it\/?s={search_term_string}"},"query-input":"required name=search_term_string"}],"inLanguage":"it-IT"},{"@type":"Person","@id":"https:\/\/staging.varesenews.it\/#\/schema\/person\/9fc65cf41366c6512d37aa8b5aa40b98","name":"divisionebusiness","image":{"@type":"ImageObject","inLanguage":"it-IT","@id":"https:\/\/staging.varesenews.it\/#\/schema\/person\/image\/","url":"https:\/\/staging.varesenews.it\/wp-content\/uploads\/2015\/03\/mistery.jpg","contentUrl":"https:\/\/staging.varesenews.it\/wp-content\/uploads\/2015\/03\/mistery.jpg","caption":"divisionebusiness"},"url":"https:\/\/staging.varesenews.it\/persona\/divisionebusiness2\/"}]}},"post_meta":{"_category_permalink":"a:1:{s:8:\"category\";s:2:\"23\";}","_yoast_wpseo_content_score":"60","_jd_tweet_this":"yes","argomento":"CAMPI ESTIVI 2019","nascondi_adsense":"1","_wpt_short_url":"http:\/\/www.varesenews.it\/2019\/03\/wep-un-summer-camp-imparare-linglese\/804559\/","_wp_jd_target":"http:\/\/www.varesenews.it\/2019\/03\/wep-un-summer-camp-imparare-linglese\/804559\/","_jd_wp_twitter":"a:6:{i:0;s:164:\"Wep, un summer camp per imparare l\u2019inglese http:\/\/www.varesenews.it\/2019\/03\/wep-un-summer-camp-imparare-linglese\/804559\/ #campiestivi #CampiEstivi2019 #summercamp\";i:1;s:139:\"E\u2026state insieme 2019 http:\/\/www.varesenews.it\/2019\/03\/wep-un-summer-camp-imparare-linglese\/804559\/ #bambini #campiestivi #CampiEstivi2019\";i:2;s:161:\"Un\u2019estate da sBallo con la scuola Danza360 http:\/\/www.varesenews.it\/2019\/03\/wep-un-summer-camp-imparare-linglese\/804559\/ #bambini #campiestivi #CampiEstivi2019\";i:3;s:176:\"Il Piccolo Charlie 2019, per imparare, giocare e divertirsi http:\/\/www.varesenews.it\/2019\/03\/wep-un-summer-camp-imparare-linglese\/804559\/ #bambini #campiestivi #CampiEstivi2019\";i:4;s:172:\"Training Camp 2019 per aspiranti cadetti e soccorritori http:\/\/www.varesenews.it\/2019\/03\/wep-un-summer-camp-imparare-linglese\/804559\/ #bambini #campiestivi #CampiEstivi2019\";i:5;s:162:\"Con AID due campus estivi per ragazzi con dislessia http:\/\/www.varesenews.it\/2019\/03\/wep-un-summer-camp-imparare-linglese\/804559\/ #aiditalia #bambini #campiestivi\";}","_wpt_status_message":"Tweet inviato con successo.","ratings_users":"0","ratings_score":"0","ratings_average":"0","firma-personalizzata":"Ufficio pubblicit\u00e0","id_leggi_anche":"810165","id_link_fotogallery":"819850","_dp_original":"819832","_edit_lock":"1557909206:5428","_edit_last":"5428","foto":"737837"},"photos":[{"original":"https:\/\/staging.varesenews.it\/photogallery_new\/images\/2019\/05\/vario-737837.jpg","full":"https:\/\/staging.varesenews.it\/photogallery_new\/images\/2019\/05\/vario-737837.1024x768.jpg","large":"https:\/\/staging.varesenews.it\/photogallery_new\/images\/2019\/05\/vario-737837.610x431.jpg"}],"_links":{"self":[{"href":"https:\/\/staging.varesenews.it\/swgapi\/v1\/wp\/v2\/posts\/819851"}],"collection":[{"href":"https:\/\/staging.varesenews.it\/swgapi\/v1\/wp\/v2\/posts"}],"about":[{"href":"https:\/\/staging.varesenews.it\/swgapi\/v1\/wp\/v2\/types\/post"}],"author":[{"embeddable":true,"href":"https:\/\/staging.varesenews.it\/swgapi\/v1\/wp\/v2\/users\/5428"}],"replies":[{"embeddable":true,"href":"https:\/\/staging.varesenews.it\/swgapi\/v1\/wp\/v2\/comments?post=819851"}],"version-history":[{"count":0,"href":"https:\/\/staging.varesenews.it\/swgapi\/v1\/wp\/v2\/posts\/819851\/revisions"}],"wp:attachment":[{"href":"https:\/\/staging.varesenews.it\/swgapi\/v1\/wp\/v2\/media?parent=819851"}],"wp:term":[{"taxonomy":"category","embeddable":true,"href":"https:\/\/staging.varesenews.it\/swgapi\/v1\/wp\/v2\/categories?post=819851"},{"taxonomy":"post_tag","embeddable":true,"href":"https:\/\/staging.varesenews.it\/swgapi\/v1\/wp\/v2\/tags?post=819851"}],"curies":[{"name":"wp","href":"https:\/\/api.w.org\/{rel}","templated":true}]}}