{"id":821068,"date":"2019-05-16T15:48:44","date_gmt":"2019-05-16T13:48:44","guid":{"rendered":"https:\/\/www.varesenews.it\/?p=821068"},"modified":"2019-05-17T15:12:26","modified_gmt":"2019-05-17T13:12:26","slug":"open-day-dedicato-alla-tiroide-visite-gratuite-ospedale","status":"publish","type":"post","link":"https:\/\/staging.varesenews.it\/2019\/05\/open-day-dedicato-alla-tiroide-visite-gratuite-ospedale\/821068\/","title":{"rendered":"Open day dedicato alla tiroide: visite gratuite in ospedale"},"content":{"rendered":"<p class=\"p2\"><span class=\"s1\">In concomitanza con la <strong>Settimana Mondiale della Tiroide,<\/strong> <strong>sabato 25 maggio,<\/strong> dalle 9.00 alle 16.00, al <strong>secondo piano del Day Center,<\/strong>\u00a0l&#8217;Endocrinologia dell&#8217;Ospedale di Circolo di Varese, diretta dal\u00a0<b>Prof. Luigi Bartalena<\/b>, ordinario all&#8217;Universit\u00e0 dell&#8217;Insubria, apre le porte alla cittadinanza per offrire <strong>una valutazione gratuita clinica ed ecografica della tiroide<\/strong>, accompagnata da una campagna informativa\u00a0<\/span><span class=\"s2\">sulle patologie tiroidee e\u00a0sull\u2019importanza di un\u2019adeguata assunzione di iodio sotto forma di <strong>sale iodato.<\/strong><\/span><\/p>\n<p>Per partecipare non serve la prenotazione: <strong>basta presentarsi<\/strong><b>\u00a0al secondo piano del Day\u00a0center\u00a0 sabato 25 maggio, dalle 9.00 alle 16.00. Il numero di posti, per\u00f2, \u00e8 limitato: solo alle prime 400 persone che si presenteranno verr\u00e0 effettuata la visita.<\/b><\/p>\n<p class=\"p3\"><span class=\"s1\">\u00abLe malattie autoimmuni della tiroide, tiroidite di Hashimoto, Morbo di Basedow, iper e ipotiroidismo,\u00a0&#8211; spiega il Prof.\u00a0<b>Bartalena<\/b>\u00a0&#8211;<strong>\u00a0sono assai diffuse nella popolazione,<\/strong> basti pensare che circa il<strong> 2% soffre di ipertiroidismo, e fino al 10-12% di ipotiroidismo.<\/strong> Queste malattie spesso hanno un andamento familiare per una <strong>predisposizione genetica<\/strong> che ne favorisce lo sviluppo e sono molto pi\u00f9 <strong>frequenti nelle donne<\/strong>. Anche la <strong>patologia nodulare \u00e8 molto frequente:<\/strong> se noduli palpabili sono presenti nel 5% della popolazione generale, con l\u2019ecografia noduli non palpabili sono rilevabili fino al 50% della popolazione. <\/span><\/p>\n<p class=\"p3\"><span class=\"s1\">Si pu\u00f2, dunque, ritenere che <strong>almeno il 10% della popolazione (6 milioni in Italia) abbia un problema tiroideo<\/strong>, spesso senza sapere di averlo. E\u2019<\/span><span class=\"s3\">ormai dimostrato che la patologia tiroidea non \u00e8 confinata alla tiroide, ma, anche nelle sue forme cosiddette subcliniche, ha importanti <strong>ripercussioni sull&#8217;apparato cardiovascolare, sulle ossa, sulla mortalit\u00e0<\/strong>.\u00a0<\/span><span class=\"s1\">In aggiunta a questo aspetto epidemiologico e ad esso strettamente correlato si pone il problema della <strong>iodoprofilassi<\/strong>, strumento per correggere l\u2019endemica carenza di iodio che affligge il nostro Paese e che \u00e8 alla base di molte patologie tiroidee. Nonostante la\u00a0legge n. 55 del 21 marzo 2005\u00a0&#8220;Disposizioni finalizzate alla prevenzione del gozzo endemico e di altre patologie da carenza iodica&#8221;, che prevede una serie di misure destinate a promuovere il consumo di sale arricchito di iodio su tutto il territorio nazionale, un deficit nutrizionale di iodio, spesso di grado lieve o moderato, \u00e8 ancora presente in molte aree d\u2019Italia. <strong>Il gozzo rappresenta la manifestazione pi\u00f9 diffusa della carenza nutrizionale di iodio.<\/strong> In Italia circa 6 milioni di persone ne sono affette. In particolare, la carenza nutrizionale di iodio in epoca fetale e neonatale, espone il feto ed il neonato ad un aumentato rischio di sviluppare ipotiroidismo&#8221;.<\/span><\/p>\n","protected":false},"excerpt":{"rendered":"<p>Sabato 25 maggio, dalle 9.00 alle 16.00, al secondo piano del Day Center dell&#8217;ospedale di Circolo. 400 il numero massimo di persone che potranno essere visitate<\/p>\n","protected":false},"author":33,"featured_media":0,"comment_status":"open","ping_status":"open","sticky":false,"template":"","format":"standard","meta":{"footnotes":""},"categories":[24,2],"tags":[113,1241,96078],"acf":[],"yoast_head":"<!-- This site is optimized with the Yoast SEO plugin v20.1 - https:\/\/yoast.com\/wordpress\/plugins\/seo\/ -->\n<title>Open day dedicato alla tiroide: visite gratuite in ospedale<\/title>\n<meta name=\"description\" content=\"Sabato 25 maggio, dalle 9.00 alle 16.00, al secondo piano del Day Center dell&#039;ospedale di Circolo. 400 il numero massimo di persone che potranno essere visitate\" \/>\n<meta name=\"robots\" content=\"noindex, follow, max-snippet:-1, max-image-preview:large, max-video-preview:-1\" \/>\n<meta property=\"og:locale\" content=\"it_IT\" \/>\n<meta property=\"og:type\" content=\"article\" \/>\n<meta property=\"og:title\" content=\"Open day dedicato alla tiroide: visite gratuite in ospedale\" \/>\n<meta property=\"og:description\" content=\"Sabato 25 maggio, dalle 9.00 alle 16.00, al secondo piano del Day Center dell&#039;ospedale di Circolo. 400 il numero massimo di persone che potranno essere visitate\" \/>\n<meta property=\"og:url\" content=\"https:\/\/staging.varesenews.it\/2019\/05\/open-day-dedicato-alla-tiroide-visite-gratuite-ospedale\/821068\/\" \/>\n<meta property=\"og:site_name\" content=\"VareseNews\" \/>\n<meta property=\"article:publisher\" content=\"https:\/\/www.facebook.com\/varesenews\" \/>\n<meta property=\"article:author\" content=\"alessandra.toni7\" \/>\n<meta property=\"article:published_time\" content=\"2019-05-16T13:48:44+00:00\" \/>\n<meta property=\"article:modified_time\" content=\"2019-05-17T13:12:26+00:00\" \/>\n<meta name=\"author\" content=\"Alessandra Toni\" \/>\n<meta name=\"twitter:card\" content=\"summary_large_image\" \/>\n<meta name=\"twitter:creator\" content=\"@alessandra_toni\" \/>\n<meta name=\"twitter:site\" content=\"@varesenews\" \/>\n<meta name=\"twitter:label1\" content=\"Scritto da\" \/>\n\t<meta name=\"twitter:data1\" content=\"Alessandra Toni\" \/>\n\t<meta name=\"twitter:label2\" content=\"Tempo di lettura stimato\" \/>\n\t<meta name=\"twitter:data2\" content=\"2 minuti\" \/>\n<script type=\"application\/ld+json\" class=\"yoast-schema-graph\">{\"@context\":\"https:\/\/schema.org\",\"@graph\":[{\"@type\":\"WebPage\",\"@id\":\"https:\/\/staging.varesenews.it\/2019\/05\/open-day-dedicato-alla-tiroide-visite-gratuite-ospedale\/821068\/\",\"url\":\"https:\/\/staging.varesenews.it\/2019\/05\/open-day-dedicato-alla-tiroide-visite-gratuite-ospedale\/821068\/\",\"name\":\"Open day dedicato alla tiroide: visite gratuite in ospedale\",\"isPartOf\":{\"@id\":\"https:\/\/staging.varesenews.it\/#website\"},\"datePublished\":\"2019-05-16T13:48:44+00:00\",\"dateModified\":\"2019-05-17T13:12:26+00:00\",\"author\":{\"@id\":\"https:\/\/staging.varesenews.it\/#\/schema\/person\/2643ce123d4a3c9511e015dc548779b8\"},\"description\":\"Sabato 25 maggio, dalle 9.00 alle 16.00, al secondo piano del Day Center dell'ospedale di Circolo. 400 il numero massimo di persone che potranno essere visitate\",\"breadcrumb\":{\"@id\":\"https:\/\/staging.varesenews.it\/2019\/05\/open-day-dedicato-alla-tiroide-visite-gratuite-ospedale\/821068\/#breadcrumb\"},\"inLanguage\":\"it-IT\",\"potentialAction\":[{\"@type\":\"ReadAction\",\"target\":[\"https:\/\/staging.varesenews.it\/2019\/05\/open-day-dedicato-alla-tiroide-visite-gratuite-ospedale\/821068\/\"]}]},{\"@type\":\"BreadcrumbList\",\"@id\":\"https:\/\/staging.varesenews.it\/2019\/05\/open-day-dedicato-alla-tiroide-visite-gratuite-ospedale\/821068\/#breadcrumb\",\"itemListElement\":[{\"@type\":\"ListItem\",\"position\":1,\"name\":\"Home\",\"item\":\"https:\/\/www.varesenews.it\/\"},{\"@type\":\"ListItem\",\"position\":2,\"name\":\"Open day dedicato alla tiroide: visite gratuite in ospedale\"}]},{\"@type\":\"WebSite\",\"@id\":\"https:\/\/staging.varesenews.it\/#website\",\"url\":\"https:\/\/staging.varesenews.it\/\",\"name\":\"VareseNews\",\"description\":\"\",\"potentialAction\":[{\"@type\":\"SearchAction\",\"target\":{\"@type\":\"EntryPoint\",\"urlTemplate\":\"https:\/\/staging.varesenews.it\/?s={search_term_string}\"},\"query-input\":\"required name=search_term_string\"}],\"inLanguage\":\"it-IT\"},{\"@type\":\"Person\",\"@id\":\"https:\/\/staging.varesenews.it\/#\/schema\/person\/2643ce123d4a3c9511e015dc548779b8\",\"name\":\"Alessandra Toni\",\"image\":{\"@type\":\"ImageObject\",\"inLanguage\":\"it-IT\",\"@id\":\"https:\/\/staging.varesenews.it\/#\/schema\/person\/image\/\",\"url\":\"https:\/\/staging.varesenews.it\/wp-content\/uploads\/2020\/12\/alessandra_toni_colori_500.jpg\",\"contentUrl\":\"https:\/\/staging.varesenews.it\/wp-content\/uploads\/2020\/12\/alessandra_toni_colori_500.jpg\",\"caption\":\"Alessandra Toni\"},\"description\":\"Sono entrata nella redazione di VareseNews nel lontano anno 2000. Ero reduce da una bellissima esperienza nella redazione giornalistica della TV Nuova Antennatre, sotto la direzione dell'indimenticabile direttore Adolfo Caldarini. Sono arrivata quando era ancora una piccola realt\u00e0 editoriale e insieme abbiamo fatto un lungo ed entusiasmante lavoro. Mi occupo prevalentemente di scuola e di sanit\u00e0, settori impegnativi di grande valore sociale.\u00a0\",\"sameAs\":[\"alessandra.toni7\",\"alessandra.toni\",\"https:\/\/twitter.com\/alessandra_toni\"],\"url\":\"https:\/\/staging.varesenews.it\/persona\/alessandra_toni1\/\"}]}<\/script>\n<!-- \/ Yoast SEO plugin. -->","yoast_head_json":{"title":"Open day dedicato alla tiroide: visite gratuite in ospedale","description":"Sabato 25 maggio, dalle 9.00 alle 16.00, al secondo piano del Day Center dell'ospedale di Circolo. 400 il numero massimo di persone che potranno essere visitate","robots":{"index":"noindex","follow":"follow","max-snippet":"max-snippet:-1","max-image-preview":"max-image-preview:large","max-video-preview":"max-video-preview:-1"},"og_locale":"it_IT","og_type":"article","og_title":"Open day dedicato alla tiroide: visite gratuite in ospedale","og_description":"Sabato 25 maggio, dalle 9.00 alle 16.00, al secondo piano del Day Center dell'ospedale di Circolo. 400 il numero massimo di persone che potranno essere visitate","og_url":"https:\/\/staging.varesenews.it\/2019\/05\/open-day-dedicato-alla-tiroide-visite-gratuite-ospedale\/821068\/","og_site_name":"VareseNews","article_publisher":"https:\/\/www.facebook.com\/varesenews","article_author":"alessandra.toni7","article_published_time":"2019-05-16T13:48:44+00:00","article_modified_time":"2019-05-17T13:12:26+00:00","author":"Alessandra Toni","twitter_card":"summary_large_image","twitter_creator":"@alessandra_toni","twitter_site":"@varesenews","twitter_misc":{"Scritto da":"Alessandra Toni","Tempo di lettura stimato":"2 minuti"},"schema":{"@context":"https:\/\/schema.org","@graph":[{"@type":"WebPage","@id":"https:\/\/staging.varesenews.it\/2019\/05\/open-day-dedicato-alla-tiroide-visite-gratuite-ospedale\/821068\/","url":"https:\/\/staging.varesenews.it\/2019\/05\/open-day-dedicato-alla-tiroide-visite-gratuite-ospedale\/821068\/","name":"Open day dedicato alla tiroide: visite gratuite in ospedale","isPartOf":{"@id":"https:\/\/staging.varesenews.it\/#website"},"datePublished":"2019-05-16T13:48:44+00:00","dateModified":"2019-05-17T13:12:26+00:00","author":{"@id":"https:\/\/staging.varesenews.it\/#\/schema\/person\/2643ce123d4a3c9511e015dc548779b8"},"description":"Sabato 25 maggio, dalle 9.00 alle 16.00, al secondo piano del Day Center dell'ospedale di Circolo. 400 il numero massimo di persone che potranno essere visitate","breadcrumb":{"@id":"https:\/\/staging.varesenews.it\/2019\/05\/open-day-dedicato-alla-tiroide-visite-gratuite-ospedale\/821068\/#breadcrumb"},"inLanguage":"it-IT","potentialAction":[{"@type":"ReadAction","target":["https:\/\/staging.varesenews.it\/2019\/05\/open-day-dedicato-alla-tiroide-visite-gratuite-ospedale\/821068\/"]}]},{"@type":"BreadcrumbList","@id":"https:\/\/staging.varesenews.it\/2019\/05\/open-day-dedicato-alla-tiroide-visite-gratuite-ospedale\/821068\/#breadcrumb","itemListElement":[{"@type":"ListItem","position":1,"name":"Home","item":"https:\/\/www.varesenews.it\/"},{"@type":"ListItem","position":2,"name":"Open day dedicato alla tiroide: visite gratuite in ospedale"}]},{"@type":"WebSite","@id":"https:\/\/staging.varesenews.it\/#website","url":"https:\/\/staging.varesenews.it\/","name":"VareseNews","description":"","potentialAction":[{"@type":"SearchAction","target":{"@type":"EntryPoint","urlTemplate":"https:\/\/staging.varesenews.it\/?s={search_term_string}"},"query-input":"required name=search_term_string"}],"inLanguage":"it-IT"},{"@type":"Person","@id":"https:\/\/staging.varesenews.it\/#\/schema\/person\/2643ce123d4a3c9511e015dc548779b8","name":"Alessandra Toni","image":{"@type":"ImageObject","inLanguage":"it-IT","@id":"https:\/\/staging.varesenews.it\/#\/schema\/person\/image\/","url":"https:\/\/staging.varesenews.it\/wp-content\/uploads\/2020\/12\/alessandra_toni_colori_500.jpg","contentUrl":"https:\/\/staging.varesenews.it\/wp-content\/uploads\/2020\/12\/alessandra_toni_colori_500.jpg","caption":"Alessandra Toni"},"description":"Sono entrata nella redazione di VareseNews nel lontano anno 2000. Ero reduce da una bellissima esperienza nella redazione giornalistica della TV Nuova Antennatre, sotto la direzione dell'indimenticabile direttore Adolfo Caldarini. Sono arrivata quando era ancora una piccola realt\u00e0 editoriale e insieme abbiamo fatto un lungo ed entusiasmante lavoro. Mi occupo prevalentemente di scuola e di sanit\u00e0, settori impegnativi di grande valore sociale.\u00a0","sameAs":["alessandra.toni7","alessandra.toni","https:\/\/twitter.com\/alessandra_toni"],"url":"https:\/\/staging.varesenews.it\/persona\/alessandra_toni1\/"}]}},"post_meta":{"_edit_lock":"1558099221:33","_edit_last":"33","_category_permalink":"a:1:{s:8:\"category\";s:2:\"24\";}","foto":"738564","firma_come_redazione":"1","argomento":"Varese","_yoast_wpseo_content_score":"30","_jd_tweet_this":"yes","ratings_users":"0","ratings_score":"0","ratings_average":"0","_wpt_short_url":"https:\/\/www.varesenews.it\/2019\/05\/open-day-dedicato-alla-tiroide-visite-gratuite-ospedale\/821068\/","_wp_jd_target":"https:\/\/www.varesenews.it\/2019\/05\/open-day-dedicato-alla-tiroide-visite-gratuite-ospedale\/821068\/","_jd_wp_twitter":"a:1:{i:0;s:166:\"Open day dedicato alla tiroide: visite gratuite in ospedale https:\/\/www.varesenews.it\/2019\/05\/open-day-dedicato-alla-tiroide-visite-gratuite-ospedale\/821068\/ #tiroide\";}","_wpt_status_message":"Tweet inviato con successo."},"photos":[{"original":"https:\/\/staging.varesenews.it\/photogallery_new\/images\/2019\/05\/professor-bartalena-e-sua-equipe-738564.jpg","full":"https:\/\/staging.varesenews.it\/photogallery_new\/images\/2019\/05\/professor-bartalena-e-sua-equipe-738564.1024x768.jpg","large":"https:\/\/staging.varesenews.it\/photogallery_new\/images\/2019\/05\/professor-bartalena-e-sua-equipe-738564.610x431.jpg"}],"_links":{"self":[{"href":"https:\/\/staging.varesenews.it\/swgapi\/v1\/wp\/v2\/posts\/821068"}],"collection":[{"href":"https:\/\/staging.varesenews.it\/swgapi\/v1\/wp\/v2\/posts"}],"about":[{"href":"https:\/\/staging.varesenews.it\/swgapi\/v1\/wp\/v2\/types\/post"}],"author":[{"embeddable":true,"href":"https:\/\/staging.varesenews.it\/swgapi\/v1\/wp\/v2\/users\/33"}],"replies":[{"embeddable":true,"href":"https:\/\/staging.varesenews.it\/swgapi\/v1\/wp\/v2\/comments?post=821068"}],"version-history":[{"count":0,"href":"https:\/\/staging.varesenews.it\/swgapi\/v1\/wp\/v2\/posts\/821068\/revisions"}],"wp:attachment":[{"href":"https:\/\/staging.varesenews.it\/swgapi\/v1\/wp\/v2\/media?parent=821068"}],"wp:term":[{"taxonomy":"category","embeddable":true,"href":"https:\/\/staging.varesenews.it\/swgapi\/v1\/wp\/v2\/categories?post=821068"},{"taxonomy":"post_tag","embeddable":true,"href":"https:\/\/staging.varesenews.it\/swgapi\/v1\/wp\/v2\/tags?post=821068"}],"curies":[{"name":"wp","href":"https:\/\/api.w.org\/{rel}","templated":true}]}}