{"id":82126,"date":"2012-08-09T00:00:00","date_gmt":"2012-08-09T00:00:00","guid":{"rendered":""},"modified":"2012-08-09T00:00:00","modified_gmt":"2012-08-09T00:00:00","slug":"docenti-precari-269-le-assunzioni-a-varese","status":"publish","type":"post","link":"https:\/\/staging.varesenews.it\/2012\/08\/docenti-precari-269-le-assunzioni-a-varese\/82126\/","title":{"rendered":"Docenti precari: 269 le assunzioni a Varese"},"content":{"rendered":"<p><img loading=\"lazy\" decoding=\"async\" src=\"https:\/\/www3.varesenews.it\/immagini_articoli\/201008\/precari_4097.jpg\" width=\"250\" height=\"188\" vspace=\"5\" hspace=\"5\" align=\"left\" alt=\"\" \/><strong><a href=\"http:\/\/www.flcgil.it\/sindacato\/documenti\/scuola\/tabelle-distribuzione-contingente-personale-docente-ed-educativo-immissioni-in-ruolo-a-s-2012-2013.flc\" target=\"_blank\">Saranno 269 gli insegnanti precari che otterranno una cattedra<\/a><\/strong> con la nuova tornata di assunzioni annunciata dal Ministro Profumo. Dei 21.112 docenti che verranno coinvolti in questa nuova stabilizzazione, 3158 sono in Lombardia e, di&nbsp; questi, 269 appunto a Varese. Quanto ai cicli, &egrave; prevista la<strong> stabilizzazione di 5 maestre nella scuola dell&rsquo;infanzia e di 48 nella primaria<\/strong>. Saranno <strong>90 i docenti<\/strong> che otterranno un contratto a tempo indeterminato <strong>alla scuola media e 106 alle superiori.<\/strong> Infine, saranno regolarizzati <strong>20 insegnanti di sostegno.<\/strong><\/p>\n<div>&nbsp;<\/div>\n<div><a href=\"http:\/\/www.flcgil.it\/sindacato\/documenti\/scuola\/tabelle-distribuzione-contingente-personale-docente-per-classe-di-concorso-immissioni-in-ruolo-a-s-2012-2013.flc\" target=\"_blank\">L&rsquo;ambito che maggiormente ha necessit&agrave; di ingressi nel <strong>ciclo secondario di primo grado<\/strong><\/a> di forze nuove &egrave; quello della <strong>classe di concorso AO43<\/strong>, italiano, storia e geografia alle medie dove entreranno in ruolo<strong> 43 docenti,<\/strong> segue la classe di <strong>matematica<\/strong>, &nbsp;17, e le<strong> lingue estere<\/strong>: inglese 6, spagnolo 4 e francese 5.&nbsp; Dopo tanta attesa, qualcosa si muove anche nelle <strong>educazioni<\/strong>: per quella <strong>tecnica ci sar&agrave; un ingresso in ruolo mentre per quella artistica 7.<\/strong> Ancora <strong>sovranumerarie le cattedre di educazione musicale e fisica.<\/strong><\/div>\n<div>&nbsp;<\/div>\n<div><a href=\"http:\/\/www.flcgil.it\/sindacato\/documenti\/scuola\/tabelle-distribuzione-contingente-personale-docente-per-classe-di-concorso-immissioni-in-ruolo-a-s-2012-2013.flc\" target=\"_blank\">Diversa la situazione negli <strong>istituti superiori <\/strong><\/a>dove&nbsp; entreranno in ruolo <strong>4&nbsp; docenti precari di educazione fisica.<\/strong>&nbsp; Nelle secondarie di secondo grado, ci sar&agrave; soprattutto bisogno di <strong>docenti di lettere, 22, di matematica , 7,&nbsp; di matematica e fisica, 4, e di informatica 7<\/strong>. Confermata, anche in questo settore, la richiesta di <strong>docenti di inglese, 9<\/strong> nuove immissioni, mentre si riaprono le nomine nelle <strong>materie giuridico economiche, 5<\/strong> posti, e <strong>economico aziendali, altri 5<\/strong> contratti.&nbsp; <strong>4 posti sono aperti per la cattedra di elettrotecnica&nbsp; e due per storia e geografia<\/strong>. Rimangono senza contratto i precari delle discipline artistiche ma anche chi insegna filosofia o latino e greco al classico.&nbsp;<\/div>\n<div>&nbsp;<\/div>\n<div>Negativo il commento di <strong>Raimondo Parisi, segretario provinciale della Flc Cgil<\/strong>: &laquo; Attendevamo almeno 34.000 immissioni. La decisione di limitarla a poco pi&ugrave; di 21.000 non ci soddisfa. la Lombardia, inoltre, &egrave; quella che viene penalizzata maggiormente: il 60% delle cattedre rimarr&agrave; vacante&raquo;.<\/div>\n","protected":false},"excerpt":{"rendered":"<p>Critico il sindacalista della Cgil che si aspettava almeno 34.000 assunzioni:n &#8220;La Lombardia \u00e8 la regione pi\u00f9 penalizzata&#8221;. I  professori pi\u00f9 richiesti sono quelli di italiano e matematica<\/p>\n","protected":false},"author":10,"featured_media":0,"comment_status":"open","ping_status":"open","sticky":false,"template":"","format":"standard","meta":{"footnotes":""},"categories":[90],"tags":[976,1764,223],"acf":[],"yoast_head":"<!-- This site is optimized with the Yoast SEO plugin v20.1 - https:\/\/yoast.com\/wordpress\/plugins\/seo\/ -->\n<title>Docenti precari: 269 le assunzioni a Varese<\/title>\n<meta name=\"description\" content=\"Critico il sindacalista della Cgil che si aspettava almeno 34.000 assunzioni:n &quot;La Lombardia \u00e8 la regione pi\u00f9 penalizzata&quot;. I professori pi\u00f9 richiesti sono quelli di italiano e matematica\" \/>\n<meta name=\"robots\" content=\"noindex, follow, max-snippet:-1, max-image-preview:large, max-video-preview:-1\" \/>\n<meta property=\"og:locale\" content=\"it_IT\" \/>\n<meta property=\"og:type\" content=\"article\" \/>\n<meta property=\"og:title\" content=\"Docenti precari: 269 le assunzioni a Varese\" \/>\n<meta property=\"og:description\" content=\"Critico il sindacalista della Cgil che si aspettava almeno 34.000 assunzioni:n &quot;La Lombardia \u00e8 la regione pi\u00f9 penalizzata&quot;. I professori pi\u00f9 richiesti sono quelli di italiano e matematica\" \/>\n<meta property=\"og:url\" content=\"https:\/\/staging.varesenews.it\/2012\/08\/docenti-precari-269-le-assunzioni-a-varese\/82126\/\" \/>\n<meta property=\"og:site_name\" content=\"VareseNews\" \/>\n<meta property=\"article:publisher\" content=\"https:\/\/www.facebook.com\/varesenews\" \/>\n<meta property=\"article:published_time\" content=\"2012-08-09T00:00:00+00:00\" \/>\n<meta property=\"og:image\" content=\"https:\/\/www3.varesenews.it\/immagini_articoli\/201008\/precari_4097.jpg\" \/>\n<meta name=\"author\" content=\"Redazione VareseNews\" \/>\n<meta name=\"twitter:card\" content=\"summary_large_image\" \/>\n<meta name=\"twitter:creator\" content=\"@varesenews\" \/>\n<meta name=\"twitter:site\" content=\"@varesenews\" \/>\n<meta name=\"twitter:label1\" content=\"Scritto da\" \/>\n\t<meta name=\"twitter:data1\" content=\"Redazione VareseNews\" \/>\n\t<meta name=\"twitter:label2\" content=\"Tempo di lettura stimato\" \/>\n\t<meta name=\"twitter:data2\" content=\"2 minuti\" \/>\n<script type=\"application\/ld+json\" class=\"yoast-schema-graph\">{\"@context\":\"https:\/\/schema.org\",\"@graph\":[{\"@type\":\"WebPage\",\"@id\":\"https:\/\/staging.varesenews.it\/2012\/08\/docenti-precari-269-le-assunzioni-a-varese\/82126\/\",\"url\":\"https:\/\/staging.varesenews.it\/2012\/08\/docenti-precari-269-le-assunzioni-a-varese\/82126\/\",\"name\":\"Docenti precari: 269 le assunzioni a Varese\",\"isPartOf\":{\"@id\":\"https:\/\/staging.varesenews.it\/#website\"},\"datePublished\":\"2012-08-09T00:00:00+00:00\",\"dateModified\":\"2012-08-09T00:00:00+00:00\",\"author\":{\"@id\":\"https:\/\/staging.varesenews.it\/#\/schema\/person\/fb20c4da0b7b16c291707a20db73e169\"},\"description\":\"Critico il sindacalista della Cgil che si aspettava almeno 34.000 assunzioni:n \\\"La Lombardia \u00e8 la regione pi\u00f9 penalizzata\\\". I professori pi\u00f9 richiesti sono quelli di italiano e matematica\",\"breadcrumb\":{\"@id\":\"https:\/\/staging.varesenews.it\/2012\/08\/docenti-precari-269-le-assunzioni-a-varese\/82126\/#breadcrumb\"},\"inLanguage\":\"it-IT\",\"potentialAction\":[{\"@type\":\"ReadAction\",\"target\":[\"https:\/\/staging.varesenews.it\/2012\/08\/docenti-precari-269-le-assunzioni-a-varese\/82126\/\"]}]},{\"@type\":\"BreadcrumbList\",\"@id\":\"https:\/\/staging.varesenews.it\/2012\/08\/docenti-precari-269-le-assunzioni-a-varese\/82126\/#breadcrumb\",\"itemListElement\":[{\"@type\":\"ListItem\",\"position\":1,\"name\":\"Home\",\"item\":\"https:\/\/www.varesenews.it\/\"},{\"@type\":\"ListItem\",\"position\":2,\"name\":\"Docenti precari: 269 le assunzioni a Varese\"}]},{\"@type\":\"WebSite\",\"@id\":\"https:\/\/staging.varesenews.it\/#website\",\"url\":\"https:\/\/staging.varesenews.it\/\",\"name\":\"VareseNews\",\"description\":\"\",\"potentialAction\":[{\"@type\":\"SearchAction\",\"target\":{\"@type\":\"EntryPoint\",\"urlTemplate\":\"https:\/\/staging.varesenews.it\/?s={search_term_string}\"},\"query-input\":\"required name=search_term_string\"}],\"inLanguage\":\"it-IT\"},{\"@type\":\"Person\",\"@id\":\"https:\/\/staging.varesenews.it\/#\/schema\/person\/fb20c4da0b7b16c291707a20db73e169\",\"name\":\"Redazione VareseNews\",\"image\":{\"@type\":\"ImageObject\",\"inLanguage\":\"it-IT\",\"@id\":\"https:\/\/staging.varesenews.it\/#\/schema\/person\/image\/\",\"url\":\"https:\/\/staging.varesenews.it\/wp-content\/uploads\/2020\/12\/logo_VN_colori_500.png\",\"contentUrl\":\"https:\/\/staging.varesenews.it\/wp-content\/uploads\/2020\/12\/logo_VN_colori_500.png\",\"caption\":\"Redazione VareseNews\"},\"url\":\"https:\/\/staging.varesenews.it\/persona\/redazione1\/\"}]}<\/script>\n<!-- \/ Yoast SEO plugin. -->","yoast_head_json":{"title":"Docenti precari: 269 le assunzioni a Varese","description":"Critico il sindacalista della Cgil che si aspettava almeno 34.000 assunzioni:n \"La Lombardia \u00e8 la regione pi\u00f9 penalizzata\". I professori pi\u00f9 richiesti sono quelli di italiano e matematica","robots":{"index":"noindex","follow":"follow","max-snippet":"max-snippet:-1","max-image-preview":"max-image-preview:large","max-video-preview":"max-video-preview:-1"},"og_locale":"it_IT","og_type":"article","og_title":"Docenti precari: 269 le assunzioni a Varese","og_description":"Critico il sindacalista della Cgil che si aspettava almeno 34.000 assunzioni:n \"La Lombardia \u00e8 la regione pi\u00f9 penalizzata\". I professori pi\u00f9 richiesti sono quelli di italiano e matematica","og_url":"https:\/\/staging.varesenews.it\/2012\/08\/docenti-precari-269-le-assunzioni-a-varese\/82126\/","og_site_name":"VareseNews","article_publisher":"https:\/\/www.facebook.com\/varesenews","article_published_time":"2012-08-09T00:00:00+00:00","og_image":[{"url":"https:\/\/www3.varesenews.it\/immagini_articoli\/201008\/precari_4097.jpg"}],"author":"Redazione VareseNews","twitter_card":"summary_large_image","twitter_creator":"@varesenews","twitter_site":"@varesenews","twitter_misc":{"Scritto da":"Redazione VareseNews","Tempo di lettura stimato":"2 minuti"},"schema":{"@context":"https:\/\/schema.org","@graph":[{"@type":"WebPage","@id":"https:\/\/staging.varesenews.it\/2012\/08\/docenti-precari-269-le-assunzioni-a-varese\/82126\/","url":"https:\/\/staging.varesenews.it\/2012\/08\/docenti-precari-269-le-assunzioni-a-varese\/82126\/","name":"Docenti precari: 269 le assunzioni a Varese","isPartOf":{"@id":"https:\/\/staging.varesenews.it\/#website"},"datePublished":"2012-08-09T00:00:00+00:00","dateModified":"2012-08-09T00:00:00+00:00","author":{"@id":"https:\/\/staging.varesenews.it\/#\/schema\/person\/fb20c4da0b7b16c291707a20db73e169"},"description":"Critico il sindacalista della Cgil che si aspettava almeno 34.000 assunzioni:n \"La Lombardia \u00e8 la regione pi\u00f9 penalizzata\". I professori pi\u00f9 richiesti sono quelli di italiano e matematica","breadcrumb":{"@id":"https:\/\/staging.varesenews.it\/2012\/08\/docenti-precari-269-le-assunzioni-a-varese\/82126\/#breadcrumb"},"inLanguage":"it-IT","potentialAction":[{"@type":"ReadAction","target":["https:\/\/staging.varesenews.it\/2012\/08\/docenti-precari-269-le-assunzioni-a-varese\/82126\/"]}]},{"@type":"BreadcrumbList","@id":"https:\/\/staging.varesenews.it\/2012\/08\/docenti-precari-269-le-assunzioni-a-varese\/82126\/#breadcrumb","itemListElement":[{"@type":"ListItem","position":1,"name":"Home","item":"https:\/\/www.varesenews.it\/"},{"@type":"ListItem","position":2,"name":"Docenti precari: 269 le assunzioni a Varese"}]},{"@type":"WebSite","@id":"https:\/\/staging.varesenews.it\/#website","url":"https:\/\/staging.varesenews.it\/","name":"VareseNews","description":"","potentialAction":[{"@type":"SearchAction","target":{"@type":"EntryPoint","urlTemplate":"https:\/\/staging.varesenews.it\/?s={search_term_string}"},"query-input":"required name=search_term_string"}],"inLanguage":"it-IT"},{"@type":"Person","@id":"https:\/\/staging.varesenews.it\/#\/schema\/person\/fb20c4da0b7b16c291707a20db73e169","name":"Redazione VareseNews","image":{"@type":"ImageObject","inLanguage":"it-IT","@id":"https:\/\/staging.varesenews.it\/#\/schema\/person\/image\/","url":"https:\/\/staging.varesenews.it\/wp-content\/uploads\/2020\/12\/logo_VN_colori_500.png","contentUrl":"https:\/\/staging.varesenews.it\/wp-content\/uploads\/2020\/12\/logo_VN_colori_500.png","caption":"Redazione VareseNews"},"url":"https:\/\/staging.varesenews.it\/persona\/redazione1\/"}]}},"post_meta":{"id_old":"240719","argomento":"Scuola"},"photos":[],"_links":{"self":[{"href":"https:\/\/staging.varesenews.it\/swgapi\/v1\/wp\/v2\/posts\/82126"}],"collection":[{"href":"https:\/\/staging.varesenews.it\/swgapi\/v1\/wp\/v2\/posts"}],"about":[{"href":"https:\/\/staging.varesenews.it\/swgapi\/v1\/wp\/v2\/types\/post"}],"author":[{"embeddable":true,"href":"https:\/\/staging.varesenews.it\/swgapi\/v1\/wp\/v2\/users\/10"}],"replies":[{"embeddable":true,"href":"https:\/\/staging.varesenews.it\/swgapi\/v1\/wp\/v2\/comments?post=82126"}],"version-history":[{"count":0,"href":"https:\/\/staging.varesenews.it\/swgapi\/v1\/wp\/v2\/posts\/82126\/revisions"}],"wp:attachment":[{"href":"https:\/\/staging.varesenews.it\/swgapi\/v1\/wp\/v2\/media?parent=82126"}],"wp:term":[{"taxonomy":"category","embeddable":true,"href":"https:\/\/staging.varesenews.it\/swgapi\/v1\/wp\/v2\/categories?post=82126"},{"taxonomy":"post_tag","embeddable":true,"href":"https:\/\/staging.varesenews.it\/swgapi\/v1\/wp\/v2\/tags?post=82126"}],"curies":[{"name":"wp","href":"https:\/\/api.w.org\/{rel}","templated":true}]}}