{"id":822120,"date":"2019-05-20T17:10:18","date_gmt":"2019-05-20T15:10:18","guid":{"rendered":"https:\/\/www.varesenews.it\/?p=822120"},"modified":"2019-05-20T17:51:02","modified_gmt":"2019-05-20T15:51:02","slug":"tu-tu-candidati-sindaci-rosa-ferrazzi","status":"publish","type":"post","link":"https:\/\/staging.varesenews.it\/2019\/05\/tu-tu-candidati-sindaci-rosa-ferrazzi\/822120\/","title":{"rendered":"A tu per tu con i candidati sindaci: Rosa Ferrazzi"},"content":{"rendered":"<p>La voce squillante di chi \u00e8 abituato a tenere sveglie intere classi di adolescenti, il piglio deciso, <strong>Rosa Ferrazzi<\/strong> &#8211; candidato sindaco per la lista <strong>&#8220;Centro destra per Induno&#8221;<\/strong>, che vede insieme la Lega, Forza Italia, Fratelli d&#8217;Italia e la lista Cambiamo Induno&#8221; &#8211; \u00e8 insegnante di matematica, militante leghista e collezionista di documenti storici su Induno Olona.<\/p>\n<p>L\u2019abbiamo incontrata nella sede della lista elettorale \u201cCentro destra per Induno\u201d, per un ritratto a tutto tondo tra vita privata e impegno pubblico.<\/p>\n<h3>La vita<\/h3>\n<p>Nata nella frazione di Olona 61 anni fa, \u00e8 cresciuta al Broglio e ha frequentato tutte le scuole a Induno Olona, poi il liceo a Varese, cui sono seguiti la laurea in Scienze biologiche e un precoce tuffo nel mondo del lavoro: \u00abHo iniziato ad insegnare a 20 anni alle scuole medie e ho continuato per tutta la vita nelle scuole della Valceresio, tra Besano e Porto Ceresio, poi per 9 anni ad Arcisate, dove sono stata anche vicepreside. Ho scelto di insegnare fuori da Induno Olona perch\u00e9 non volevo stare a scuola con mio figlio e i suoi amici\u00bb.<\/p>\n<p>Cresciuto Carlo, il figlio avuto con il marito Ambrogio con cui \u00e8 sposata da 40 anni, tre anni fa \u00e8 tornata ad insegnare ad Induno, dove concluder\u00e0 la sua carriera lavorativa: \u00abGrazie a quota 100 sono prossima alla pensione\u00bb.<\/p>\n<h3>Gli hobby<\/h3>\n<p>Sportiva e dinamica, Rosa Ferrazzi da giovane amava la corsa, mentre oggi nel tempo libero si dedica alla sua collezione di cartoline e documenti storici su Induno Olona: \u00abE\u2019 il mio\u00a0 hobby, ho tantissimi documenti che mi piace condividere su Facebook. Sono in contatto con diversi collezionisti e nel tempo ho messo insieme una raccolta significativa, dove non mancano documenti originali dell\u2019epoca in cui si fece il referendum per far tornare Induno Olona un comune indipendente da Varese. Quando ero in amministrazione avevo fatto una mostra e mi piacerebbe riproporla per esporre i nuovi documenti e le cartoline d\u2019epoca che ho scovato in questi anni\u00bb.<\/p>\n<h3>La politica<\/h3>\n<p>\u00abHo sempre seguito la politica perch\u00e9 mi piace e non si pu\u00f2 prescindere dalla politica, ci si deve impegnare e partecipare. Fino a 36 anni non ho avuto un impegno diretto, poi nel 1994 mi sono avvicinata alla lista di Fontana, lui mi \u00e8 piaciuto come persona, ho accettato di candidarmi e sono stata eletta in consiglio comunale. Quattro anni dopo sono stata rieletta con Crosti e sono stata nominata assessore ai servizi sociali, cultura e istruzione. Un periodo bello, in cui abbiamo inaugurato la biblioteca,la farmacia comunale e il centro prelievi del centro polivalente. Ho finito il mandato come vicesindaco dopo la morte di Fiorenzo Bonicalzi e poi, dal 2004, mi sono presa una pausa di riflessione dalla politica attiva. Nel 2014 sono rientrata come consigliere di minoranza con il centro destra. In questi cinque anni abbiamo collaborato bene con l\u2019altro gruppo di minoranza e dunque per queste elezioni ho accettato di candidarmi come sindaco con una lista unica del centro destra, dove ci fossero i nostri rispettivi simboli, perch\u00e9 il partito per noi rappresenta anche idee e valori\u00bb.<\/p>\n<h3>Voglio fare il sindaco<\/h3>\n<p>\u00abHo accettato di candidarmi per spirito di servizio. Sono alla fine della mia carriera lavorativa, posso fare scelte che mi permettono di dedicare molto tempo al Comune e non ho ambizioni politiche. Ho alle spalle una squadra forte, di persone che lavorano nei pi\u00f9 disparati ambiti e che si vogliono mettere a disposizione della comunit\u00e0. E questo per me \u00e8 fondamentale\u00bb.<\/p>\n<h3>Un sogno per Induno<\/h3>\n<p>\u00abSogno un paese pi\u00f9 vivo, con una maggiore partecipazione alla vita pubblica, con cittadini che portino le loro istanze al Comune e che vengano ascoltati, perch\u00e9 l\u2019amministrazione comunale non deve calare le cose dall\u2019alto ma condividere le scelte soprattutto sui temi importanti come la sicurezza e la viabilit\u00e0\u00bb.<\/p>\n<h3>La foto<\/h3>\n<p>\u00abHo scelto questa foto dove sono con mia mamma Fiorangela, che ha quasi 89 anni ed \u00e8 bravissima a piegare i volantini!\u00bb.<\/p>\n<blockquote><p><a href=\"https:\/\/elezioni2019.varesenews.it\/comuni\/induno-olona\/\"><strong>Tutto sulle elezioni a Induno Olona<\/strong><\/a><\/p><\/blockquote>\n","protected":false},"excerpt":{"rendered":"<p>La vita, gli hobby e l&#8217;impegno civico: ritratto a tutto tondo tra pubblico e privato del candidato sindaco della lista &#8220;Centro destra per Induno&#8221;<\/p>\n","protected":false},"author":44,"featured_media":0,"comment_status":"open","ping_status":"open","sticky":false,"template":"","format":"standard","meta":{"footnotes":""},"categories":[16,2],"tags":[95884,90299,94543,94550,3632],"acf":[],"yoast_head":"<!-- This site is optimized with the Yoast SEO plugin v20.1 - https:\/\/yoast.com\/wordpress\/plugins\/seo\/ -->\n<title>A tu per tu con i candidati sindaci: Rosa Ferrazzi<\/title>\n<meta name=\"description\" content=\"La vita, gli hobby e l&#039;impegno civico: ritratto a tutto tondo tra pubblico e privato del candidato sindaco della lista &quot;Centro destra per Induno&quot;\" \/>\n<meta name=\"robots\" content=\"noindex, follow, max-snippet:-1, max-image-preview:large, max-video-preview:-1\" \/>\n<meta property=\"og:locale\" content=\"it_IT\" \/>\n<meta property=\"og:type\" content=\"article\" \/>\n<meta property=\"og:title\" content=\"A tu per tu con i candidati sindaci: Rosa Ferrazzi\" \/>\n<meta property=\"og:description\" content=\"La vita, gli hobby e l&#039;impegno civico: ritratto a tutto tondo tra pubblico e privato del candidato sindaco della lista &quot;Centro destra per Induno&quot;\" \/>\n<meta property=\"og:url\" content=\"https:\/\/www.varesenews.it\/2019\/05\/tu-tu-candidati-sindaci-rosa-ferrazzi\/822120\/\" \/>\n<meta property=\"og:site_name\" content=\"VareseNews\" \/>\n<meta property=\"article:publisher\" content=\"https:\/\/www.facebook.com\/varesenews\" \/>\n<meta property=\"article:author\" content=\"https:\/\/www.facebook.com\/mariangela.gerletti\" \/>\n<meta property=\"article:published_time\" content=\"2019-05-20T15:10:18+00:00\" \/>\n<meta property=\"article:modified_time\" content=\"2019-05-20T15:51:02+00:00\" \/>\n<meta name=\"author\" content=\"Mariangela Gerletti\" \/>\n<meta name=\"twitter:card\" content=\"summary_large_image\" \/>\n<meta name=\"twitter:creator\" content=\"@MariGerletti\" \/>\n<meta name=\"twitter:site\" content=\"@varesenews\" \/>\n<meta name=\"twitter:label1\" content=\"Scritto da\" \/>\n\t<meta name=\"twitter:data1\" content=\"Mariangela Gerletti\" \/>\n\t<meta name=\"twitter:label2\" content=\"Tempo di lettura stimato\" \/>\n\t<meta name=\"twitter:data2\" content=\"3 minuti\" \/>\n<script type=\"application\/ld+json\" class=\"yoast-schema-graph\">{\"@context\":\"https:\/\/schema.org\",\"@graph\":[{\"@type\":\"WebPage\",\"@id\":\"https:\/\/www.varesenews.it\/2019\/05\/tu-tu-candidati-sindaci-rosa-ferrazzi\/822120\/\",\"url\":\"https:\/\/www.varesenews.it\/2019\/05\/tu-tu-candidati-sindaci-rosa-ferrazzi\/822120\/\",\"name\":\"A tu per tu con i candidati sindaci: Rosa Ferrazzi\",\"isPartOf\":{\"@id\":\"https:\/\/staging.varesenews.it\/#website\"},\"datePublished\":\"2019-05-20T15:10:18+00:00\",\"dateModified\":\"2019-05-20T15:51:02+00:00\",\"author\":{\"@id\":\"https:\/\/staging.varesenews.it\/#\/schema\/person\/14f52876ea19bc10d0d2717b6e8f9b89\"},\"description\":\"La vita, gli hobby e l'impegno civico: ritratto a tutto tondo tra pubblico e privato del candidato sindaco della lista \\\"Centro destra per Induno\\\"\",\"breadcrumb\":{\"@id\":\"https:\/\/www.varesenews.it\/2019\/05\/tu-tu-candidati-sindaci-rosa-ferrazzi\/822120\/#breadcrumb\"},\"inLanguage\":\"it-IT\",\"potentialAction\":[{\"@type\":\"ReadAction\",\"target\":[\"https:\/\/www.varesenews.it\/2019\/05\/tu-tu-candidati-sindaci-rosa-ferrazzi\/822120\/\"]}]},{\"@type\":\"BreadcrumbList\",\"@id\":\"https:\/\/www.varesenews.it\/2019\/05\/tu-tu-candidati-sindaci-rosa-ferrazzi\/822120\/#breadcrumb\",\"itemListElement\":[{\"@type\":\"ListItem\",\"position\":1,\"name\":\"Home\",\"item\":\"https:\/\/www.varesenews.it\/\"},{\"@type\":\"ListItem\",\"position\":2,\"name\":\"A tu per tu con i candidati sindaci: Rosa Ferrazzi\"}]},{\"@type\":\"WebSite\",\"@id\":\"https:\/\/staging.varesenews.it\/#website\",\"url\":\"https:\/\/staging.varesenews.it\/\",\"name\":\"VareseNews\",\"description\":\"\",\"potentialAction\":[{\"@type\":\"SearchAction\",\"target\":{\"@type\":\"EntryPoint\",\"urlTemplate\":\"https:\/\/staging.varesenews.it\/?s={search_term_string}\"},\"query-input\":\"required name=search_term_string\"}],\"inLanguage\":\"it-IT\"},{\"@type\":\"Person\",\"@id\":\"https:\/\/staging.varesenews.it\/#\/schema\/person\/14f52876ea19bc10d0d2717b6e8f9b89\",\"name\":\"Mariangela Gerletti\",\"image\":{\"@type\":\"ImageObject\",\"inLanguage\":\"it-IT\",\"@id\":\"https:\/\/staging.varesenews.it\/#\/schema\/person\/image\/\",\"url\":\"https:\/\/staging.varesenews.it\/wp-content\/uploads\/2020\/12\/mariangela.jpeg\",\"contentUrl\":\"https:\/\/staging.varesenews.it\/wp-content\/uploads\/2020\/12\/mariangela.jpeg\",\"caption\":\"Mariangela Gerletti\"},\"description\":\"Da pi&ugrave; di trent'anni mi occupo di giornalismo e comunicazione Varesenews &egrave; il luogo dove ho trovato la passione, l'attenzione e le persone che ogni giorno mi fanno amare un po' di pi&ugrave; questo lavoro di cui non mi stanco mai. Far parte della redazione di Varesenews &egrave; un onore, sostenere il progetto della membership &egrave; un piacere perch&eacute; mi fa sentire ancora pi&ugrave; vicina alla grande comunit&agrave; dei nostri lettori.\",\"sameAs\":[\"https:\/\/www.facebook.com\/mariangela.gerletti\",\"marigerletti\",\"https:\/\/twitter.com\/MariGerletti\"],\"url\":\"https:\/\/staging.varesenews.it\/persona\/mariangela-gerletti1\/\"}]}<\/script>\n<!-- \/ Yoast SEO plugin. -->","yoast_head_json":{"title":"A tu per tu con i candidati sindaci: Rosa Ferrazzi","description":"La vita, gli hobby e l'impegno civico: ritratto a tutto tondo tra pubblico e privato del candidato sindaco della lista \"Centro destra per Induno\"","robots":{"index":"noindex","follow":"follow","max-snippet":"max-snippet:-1","max-image-preview":"max-image-preview:large","max-video-preview":"max-video-preview:-1"},"og_locale":"it_IT","og_type":"article","og_title":"A tu per tu con i candidati sindaci: Rosa Ferrazzi","og_description":"La vita, gli hobby e l'impegno civico: ritratto a tutto tondo tra pubblico e privato del candidato sindaco della lista \"Centro destra per Induno\"","og_url":"https:\/\/www.varesenews.it\/2019\/05\/tu-tu-candidati-sindaci-rosa-ferrazzi\/822120\/","og_site_name":"VareseNews","article_publisher":"https:\/\/www.facebook.com\/varesenews","article_author":"https:\/\/www.facebook.com\/mariangela.gerletti","article_published_time":"2019-05-20T15:10:18+00:00","article_modified_time":"2019-05-20T15:51:02+00:00","author":"Mariangela Gerletti","twitter_card":"summary_large_image","twitter_creator":"@MariGerletti","twitter_site":"@varesenews","twitter_misc":{"Scritto da":"Mariangela Gerletti","Tempo di lettura stimato":"3 minuti"},"schema":{"@context":"https:\/\/schema.org","@graph":[{"@type":"WebPage","@id":"https:\/\/www.varesenews.it\/2019\/05\/tu-tu-candidati-sindaci-rosa-ferrazzi\/822120\/","url":"https:\/\/www.varesenews.it\/2019\/05\/tu-tu-candidati-sindaci-rosa-ferrazzi\/822120\/","name":"A tu per tu con i candidati sindaci: Rosa Ferrazzi","isPartOf":{"@id":"https:\/\/staging.varesenews.it\/#website"},"datePublished":"2019-05-20T15:10:18+00:00","dateModified":"2019-05-20T15:51:02+00:00","author":{"@id":"https:\/\/staging.varesenews.it\/#\/schema\/person\/14f52876ea19bc10d0d2717b6e8f9b89"},"description":"La vita, gli hobby e l'impegno civico: ritratto a tutto tondo tra pubblico e privato del candidato sindaco della lista \"Centro destra per Induno\"","breadcrumb":{"@id":"https:\/\/www.varesenews.it\/2019\/05\/tu-tu-candidati-sindaci-rosa-ferrazzi\/822120\/#breadcrumb"},"inLanguage":"it-IT","potentialAction":[{"@type":"ReadAction","target":["https:\/\/www.varesenews.it\/2019\/05\/tu-tu-candidati-sindaci-rosa-ferrazzi\/822120\/"]}]},{"@type":"BreadcrumbList","@id":"https:\/\/www.varesenews.it\/2019\/05\/tu-tu-candidati-sindaci-rosa-ferrazzi\/822120\/#breadcrumb","itemListElement":[{"@type":"ListItem","position":1,"name":"Home","item":"https:\/\/www.varesenews.it\/"},{"@type":"ListItem","position":2,"name":"A tu per tu con i candidati sindaci: Rosa Ferrazzi"}]},{"@type":"WebSite","@id":"https:\/\/staging.varesenews.it\/#website","url":"https:\/\/staging.varesenews.it\/","name":"VareseNews","description":"","potentialAction":[{"@type":"SearchAction","target":{"@type":"EntryPoint","urlTemplate":"https:\/\/staging.varesenews.it\/?s={search_term_string}"},"query-input":"required name=search_term_string"}],"inLanguage":"it-IT"},{"@type":"Person","@id":"https:\/\/staging.varesenews.it\/#\/schema\/person\/14f52876ea19bc10d0d2717b6e8f9b89","name":"Mariangela Gerletti","image":{"@type":"ImageObject","inLanguage":"it-IT","@id":"https:\/\/staging.varesenews.it\/#\/schema\/person\/image\/","url":"https:\/\/staging.varesenews.it\/wp-content\/uploads\/2020\/12\/mariangela.jpeg","contentUrl":"https:\/\/staging.varesenews.it\/wp-content\/uploads\/2020\/12\/mariangela.jpeg","caption":"Mariangela Gerletti"},"description":"Da pi&ugrave; di trent'anni mi occupo di giornalismo e comunicazione Varesenews &egrave; il luogo dove ho trovato la passione, l'attenzione e le persone che ogni giorno mi fanno amare un po' di pi&ugrave; questo lavoro di cui non mi stanco mai. Far parte della redazione di Varesenews &egrave; un onore, sostenere il progetto della membership &egrave; un piacere perch&eacute; mi fa sentire ancora pi&ugrave; vicina alla grande comunit&agrave; dei nostri lettori.","sameAs":["https:\/\/www.facebook.com\/mariangela.gerletti","marigerletti","https:\/\/twitter.com\/MariGerletti"],"url":"https:\/\/staging.varesenews.it\/persona\/mariangela-gerletti1\/"}]}},"post_meta":{"_category_permalink":"a:1:{s:8:\"category\";s:2:\"16\";}","foto":"739307","_yoast_wpseo_content_score":"30","_jd_tweet_this":"yes","_dp_original":"822045","_edit_lock":"1558367331:44","_edit_last":"44","argomento":"Induno Olona","ratings_users":"0","ratings_score":"0","ratings_average":"0","_wpt_short_url":"https:\/\/www.varesenews.it\/2019\/05\/tu-tu-candidati-sindaci-rosa-ferrazzi\/822120\/","_wp_jd_target":"https:\/\/www.varesenews.it\/2019\/05\/tu-tu-candidati-sindaci-rosa-ferrazzi\/822120\/","_jd_wp_twitter":"a:1:{i:0;s:142:\"A tu per tu con i candidati sindaci: Rosa Ferrazzi https:\/\/www.varesenews.it\/2019\/05\/tu-tu-candidati-sindaci-rosa-ferrazzi\/822120\/ #Valceresio\";}","_wpt_status_message":"Tweet inviato con successo."},"photos":[{"original":"https:\/\/staging.varesenews.it\/photogallery_new\/images\/2019\/05\/induno-olona-persone-739307.jpg","full":"https:\/\/staging.varesenews.it\/photogallery_new\/images\/2019\/05\/induno-olona-persone-739307.1024x768.jpg","large":"https:\/\/staging.varesenews.it\/photogallery_new\/images\/2019\/05\/induno-olona-persone-739307.610x431.jpg"}],"_links":{"self":[{"href":"https:\/\/staging.varesenews.it\/swgapi\/v1\/wp\/v2\/posts\/822120"}],"collection":[{"href":"https:\/\/staging.varesenews.it\/swgapi\/v1\/wp\/v2\/posts"}],"about":[{"href":"https:\/\/staging.varesenews.it\/swgapi\/v1\/wp\/v2\/types\/post"}],"author":[{"embeddable":true,"href":"https:\/\/staging.varesenews.it\/swgapi\/v1\/wp\/v2\/users\/44"}],"replies":[{"embeddable":true,"href":"https:\/\/staging.varesenews.it\/swgapi\/v1\/wp\/v2\/comments?post=822120"}],"version-history":[{"count":0,"href":"https:\/\/staging.varesenews.it\/swgapi\/v1\/wp\/v2\/posts\/822120\/revisions"}],"wp:attachment":[{"href":"https:\/\/staging.varesenews.it\/swgapi\/v1\/wp\/v2\/media?parent=822120"}],"wp:term":[{"taxonomy":"category","embeddable":true,"href":"https:\/\/staging.varesenews.it\/swgapi\/v1\/wp\/v2\/categories?post=822120"},{"taxonomy":"post_tag","embeddable":true,"href":"https:\/\/staging.varesenews.it\/swgapi\/v1\/wp\/v2\/tags?post=822120"}],"curies":[{"name":"wp","href":"https:\/\/api.w.org\/{rel}","templated":true}]}}