{"id":822196,"date":"2019-05-20T18:59:19","date_gmt":"2019-05-20T16:59:19","guid":{"rendered":"https:\/\/www.varesenews.it\/?p=822196"},"modified":"2019-05-20T18:59:19","modified_gmt":"2019-05-20T16:59:19","slug":"torna-festival-della-comicita-unestate-teatro-risate","status":"publish","type":"post","link":"https:\/\/staging.varesenews.it\/2019\/05\/torna-festival-della-comicita-unestate-teatro-risate\/822196\/","title":{"rendered":"Torna il Festival della Comicit\u00e0 per un&#8217;estate di teatro e risate"},"content":{"rendered":"<p>Ai nastri di partenza<strong> la XIII edizione del Festival del Teatro, della Musica e della Comicit\u00e0 Citt\u00e0 di Luino &#8211; RegioInsubricaFestival,<\/strong> presentato per la prima volta nella prestigiosa sede della Fondazione Comunitaria Onlus del Varesotto da sempre partner della celebre kermesse. Una manifestazione oggi tra le pi\u00f9 apprezzate e storiche del nord Italia nata nel 2007 <strong>da una idea di Francesco Pellicini e Francesco Salvi<\/strong>, entrambi luinesi, con il preciso intento di omaggiare la provincia di Varese quale \u201cPatria\u201d del teatro comico italiano.<\/p>\n<p>L\u2019intuizione del 2007 fu davvero vincente: riunire i principali attori comici nati sulle sponde del lago Maggiore (Francesco Salvi, Massimo Boldi, Enzo Iacchetti Luino, Davide Rota, Francesco Pellicini Luino; Nanni Svampa Cannobio; Dario Fo San Giano; Renato Pozzetto Laveno; Fichi d\u2019India Varese) sviluppando un festival estivo ricorrente (in seguito aperto anche alla musica) che, in dodici anni di attivit\u00e0, ha saputo ottenere trasversali consensi su tutto il territorio nazionale richiamando artisti del calibro di Dario Fo, Enzo Jannacci, Teo Teocoli, Cochi Renato, Enzo Iacchetti, Francesco Salvi, Nanni Svampa, i Legnanesi, Roberto Brivio, Paolo Hendel ,Mogol, Fabio Concato, Enrico Ruggeri, Sergio Caputo e molti altri.<\/p>\n<p>Molte le novit\u00e0 di quest\u2019anno. Anzitutto l\u2019annessione al Festival di una mini rassegna di cinque date appositamente inserite nel tradizionale palinsesto della storica manifestazione: RegioInsubricaFestival, questa la dicitura scelta dagli organizzatori per riunire, in un unico evento complessivo, la provincia di Varese e, appunto, il territorio Insubre. Operazione di marketing territoriale concordata con la Comunit\u00e0 di lavoro della Regio Insubrica che garantir\u00e0 il Suo prestigioso patrocinio.<\/p>\n<p>Si comincia al Teatro Sociale di Luino il 7 giugno alle ore 21.00 (teatro sould out da mesi), festeggiando insieme i settant\u2019anni della celebre compagnia dialettale dei Legnanesi. Il direttore artistico ed ideatore del Festival Francesco Pellicini, a tal proposito dichiara: \u201cRitengo semplicemente un atto dovuto aprire la rassegna del Festival ospitando i Legnanesi: il loro compleanno, 70 anni di trionfali scene, li pone oggi tra le compagnie italiane pi\u00f9 longeve e amate dal pubblico; tutto ci\u00f2 ci onora nel vero senso della parola\u201d.<\/p>\n<p>Prosegue ancora Pellicini: \u201cCertamente mi onora altres\u00ec il secondo appuntamento in cartellone previsto il 15 giugno a Villa Piont in Lavena Ponte Tresa: a salire sul palco per festeggiare altrettanti settant\u2019anni di successi musicali il mitico Fabio Treves, conosciuto anche con il soprannome di \u201cPuma di Lambrate\u201d, che con la sua epica Treves blues band, racconter\u00e0 70 anni di blues. Treves in Italia \u2013 conclude Pellicini &#8211; \u00e8 il blues, un monumento da sempre originale, indipendente e semplicemente unico.\u201d<\/p>\n<p>Il 28 giugno a Busto Arsizio in scena un classico della comicit\u00e0: Max Pisu in Recital; il 5 luglio, a Tradate, protagonista il teatro comico di strada con Diego Draghi; il 6 luglio in Sesto Calende un sentito omaggio a Enzo Jannacci (ad opera di Stefano Orlandi), artista indimenticato che inaugur\u00f2 nel 2007 il Festival, inonder\u00e0 di ironia e canzoni il centro cittadino.<\/p>\n<p>A Lugano, nel prestigioso contesto del long lake Festival, di scena il 9 luglio Francesco Pellicini con il celebre scrittore comasco Andrea Vitali: forti del successo\u00a0Radiofonico ottenuto alla Rsi con lo spettacolo Gi\u00e0, infatti, \u00e8 cos\u00ec, il duo, accompagnato alla chitarra da Max Peroni e alla fisarmonica da Fazio Armellini, replicher\u00e0 lo show di teatro canzone letteratura presso il Parco Ciani luganese. Altro sentito omaggio alla storicit\u00e0 comico musicale milanese sar\u00e0 inscenato il 12 luglio dal bravo Luca Maciacchini a Gavirate presso il cortile della biblioteca dove un romantico \u201cCiao Signor G\u201d far\u00e0 rivivere il patrimonio del grande Giorgio Gaber.<\/p>\n<p>A chiudere il Festival altri 3 appuntamenti: il teatro canzone targato Zelig di Flavio Pirini in scena a Maccagno con Pino Veddasca il 26 luglio, I Delfini d\u2019acqua dolce a Locarno il 27 luglio nel ricordo, tra gli altri, del celebre artista lagh\u00e9e Nanni Svampa. L\u2019edizione 2019 terminer\u00e0 il 31 luglio a Cannobio sulla sponda piemontese del lago Maggiore con il teatro comico di strada del bravo Stefano Raparoli. Tutti gli spettacoli, ad esclusione dei Legnanesi a Luino il 7 giugno (teatro sould out), saranno ad ingresso gratuito. Per info www.festivalcomicita.it.<\/p>\n<p>FESTIVAL DEL TEATRO, DELLA MUSICA E DELLA COMICITA\u2019 CITTA\u2019 DI LUINO -REGIOINSUBRICAFESTIVAL 2019.<\/p>\n<p>1. LUINO 7 GIUGNO ORE 21.00 TEATRO SOCIALE: I LEGNANESI IN 70 ANNI DI RISATE (TEATRO SOULD OUT).<br \/>\n2. PONTE TRESA 15 GIUGNO ORE 21.00 VILLA PIONT: TREVES BLUES BAND IN 70 ANNI DI BLUES.<br \/>\n3. BUSTO ARSIZIO 28 GIUGNO ORE 21.00 PIAZZA VITTORIO EMANULE: MAX PISU IN RECITAL.<br \/>\n4. TRADATE 5 LUGLIO ORE 21.00 PIAZZA COMUNALE: TEATRO COMICO DI STRADA CON DIEGO DRAGHI.<br \/>\n5. SESTO CALENDE 6 LUGLIO ORE 21.00 PIAZZA DE CRISTOFORIS: ROBA MINIMA S\u2019INTEND OMAGGIO AD ENZO JANNACCI CON STEFANO ORLANDI.<br \/>\n6. LUGANO 9 LUGLIO ORE 21.00 PARCO CIANI: GIA\u2019, INFATTI E\u2019 COSI\u2019 TEATRO CANZONE LETTURA CON ANDREA VITALI E FRANCESCO PELLICINI.<br \/>\n7. GAVIRATE 12 LUGLIO ORE 21.00 SEDE BIBLIOTECA COMUNALE: OMAGGIO A GIORGIO GABER CON LUCA MACIACCHINI.<br \/>\n8. MACCAGNO 26 LUGLIO ORE 21:00 CAMPO SPORTVO: FLAVIO PIRINI IN TEATRO CANZONE CABARET.<br \/>\n9. LOCARNO 27 LUGLIO PIAZZA A LAGO: I DELFINI D\u2019ACQUA DOLCE IN CONCERTO.<br \/>\n10. CANNOBIO 31 LUGLIO: TEATRO COMICO DI STRADA CON E. RAPAROLI.<\/p>\n<p>Il festival ha il patrocinio di Regione Lombardia, Regio Insubrica, Fondazione Comunitaria del Varesotto Onlus. Per info spettacoli www.festivalcomicita.it o sul portale online dei comuni ospitanti.<\/p>\n","protected":false},"excerpt":{"rendered":"<p>La rassegna \u00e8 stata presentata questa mattina, luned\u00ec 20 maggio, e inizier\u00e0 a luglio con lo spettacolo dei Legnanesi e continuer\u00e0 per tutta l&#8217;estate<\/p>\n","protected":false},"author":32,"featured_media":0,"comment_status":"open","ping_status":"open","sticky":false,"template":"","format":"standard","meta":{"footnotes":""},"categories":[21,2],"tags":[6167],"acf":[],"yoast_head":"<!-- This site is optimized with the Yoast SEO plugin v20.1 - https:\/\/yoast.com\/wordpress\/plugins\/seo\/ -->\n<title>Torna il Festival della Comicit\u00e0 per un&#039;estate di teatro e risate<\/title>\n<meta name=\"description\" content=\"La rassegna \u00e8 stata presentata questa mattina, luned\u00ec 20 maggio, e inizier\u00e0 a luglio con lo spettacolo dei Legnanesi e continuer\u00e0 per tutta l&#039;estate\" \/>\n<meta name=\"robots\" content=\"noindex, follow, max-snippet:-1, max-image-preview:large, max-video-preview:-1\" \/>\n<meta property=\"og:locale\" content=\"it_IT\" \/>\n<meta property=\"og:type\" content=\"article\" \/>\n<meta property=\"og:title\" content=\"Torna il Festival della Comicit\u00e0 per un&#039;estate di teatro e risate\" \/>\n<meta property=\"og:description\" content=\"La rassegna \u00e8 stata presentata questa mattina, luned\u00ec 20 maggio, e inizier\u00e0 a luglio con lo spettacolo dei Legnanesi e continuer\u00e0 per tutta l&#039;estate\" \/>\n<meta property=\"og:url\" content=\"https:\/\/staging.varesenews.it\/2019\/05\/torna-festival-della-comicita-unestate-teatro-risate\/822196\/\" \/>\n<meta property=\"og:site_name\" content=\"VareseNews\" \/>\n<meta property=\"article:publisher\" content=\"https:\/\/www.facebook.com\/varesenews\" \/>\n<meta property=\"article:published_time\" content=\"2019-05-20T16:59:19+00:00\" \/>\n<meta name=\"author\" content=\"Adelia Brigo\" \/>\n<meta name=\"twitter:card\" content=\"summary_large_image\" \/>\n<meta name=\"twitter:creator\" content=\"@AdeliaBrigo\" \/>\n<meta name=\"twitter:site\" content=\"@varesenews\" \/>\n<meta name=\"twitter:label1\" content=\"Scritto da\" \/>\n\t<meta name=\"twitter:data1\" content=\"Adelia Brigo\" \/>\n\t<meta name=\"twitter:label2\" content=\"Tempo di lettura stimato\" \/>\n\t<meta name=\"twitter:data2\" content=\"4 minuti\" \/>\n<script type=\"application\/ld+json\" class=\"yoast-schema-graph\">{\"@context\":\"https:\/\/schema.org\",\"@graph\":[{\"@type\":\"WebPage\",\"@id\":\"https:\/\/staging.varesenews.it\/2019\/05\/torna-festival-della-comicita-unestate-teatro-risate\/822196\/\",\"url\":\"https:\/\/staging.varesenews.it\/2019\/05\/torna-festival-della-comicita-unestate-teatro-risate\/822196\/\",\"name\":\"Torna il Festival della Comicit\u00e0 per un'estate di teatro e risate\",\"isPartOf\":{\"@id\":\"https:\/\/staging.varesenews.it\/#website\"},\"datePublished\":\"2019-05-20T16:59:19+00:00\",\"dateModified\":\"2019-05-20T16:59:19+00:00\",\"author\":{\"@id\":\"https:\/\/staging.varesenews.it\/#\/schema\/person\/272ac0f5b2dbfd572218c2d86e013f1a\"},\"description\":\"La rassegna \u00e8 stata presentata questa mattina, luned\u00ec 20 maggio, e inizier\u00e0 a luglio con lo spettacolo dei Legnanesi e continuer\u00e0 per tutta l'estate\",\"breadcrumb\":{\"@id\":\"https:\/\/staging.varesenews.it\/2019\/05\/torna-festival-della-comicita-unestate-teatro-risate\/822196\/#breadcrumb\"},\"inLanguage\":\"it-IT\",\"potentialAction\":[{\"@type\":\"ReadAction\",\"target\":[\"https:\/\/staging.varesenews.it\/2019\/05\/torna-festival-della-comicita-unestate-teatro-risate\/822196\/\"]}]},{\"@type\":\"BreadcrumbList\",\"@id\":\"https:\/\/staging.varesenews.it\/2019\/05\/torna-festival-della-comicita-unestate-teatro-risate\/822196\/#breadcrumb\",\"itemListElement\":[{\"@type\":\"ListItem\",\"position\":1,\"name\":\"Home\",\"item\":\"https:\/\/www.varesenews.it\/\"},{\"@type\":\"ListItem\",\"position\":2,\"name\":\"Torna il Festival della Comicit\u00e0 per un&#8217;estate di teatro e risate\"}]},{\"@type\":\"WebSite\",\"@id\":\"https:\/\/staging.varesenews.it\/#website\",\"url\":\"https:\/\/staging.varesenews.it\/\",\"name\":\"VareseNews\",\"description\":\"\",\"potentialAction\":[{\"@type\":\"SearchAction\",\"target\":{\"@type\":\"EntryPoint\",\"urlTemplate\":\"https:\/\/staging.varesenews.it\/?s={search_term_string}\"},\"query-input\":\"required name=search_term_string\"}],\"inLanguage\":\"it-IT\"},{\"@type\":\"Person\",\"@id\":\"https:\/\/staging.varesenews.it\/#\/schema\/person\/272ac0f5b2dbfd572218c2d86e013f1a\",\"name\":\"Adelia Brigo\",\"image\":{\"@type\":\"ImageObject\",\"inLanguage\":\"it-IT\",\"@id\":\"https:\/\/staging.varesenews.it\/#\/schema\/person\/image\/\",\"url\":\"https:\/\/staging.varesenews.it\/wp-content\/uploads\/2020\/12\/adelia_brigo_colori_500.jpg\",\"contentUrl\":\"https:\/\/staging.varesenews.it\/wp-content\/uploads\/2020\/12\/adelia_brigo_colori_500.jpg\",\"caption\":\"Adelia Brigo\"},\"description\":\"Giornalista pubblicista, lavoro a VareseNews dal 2007 e mi occupo di cronaca locale e del settore dedicato alla cultura. In questi anni ho seguito diversi progetti di comunicazione, amo sperimentare strategie per i Social Network e raccontare storie. Varesina, classe 1984, sono laureata in Scienze della Comunicazione.&nbsp;\",\"sameAs\":[\"AdeliaBrigo\",\"https:\/\/twitter.com\/AdeliaBrigo\"],\"url\":\"https:\/\/staging.varesenews.it\/persona\/adelia_brigo\/\"}]}<\/script>\n<!-- \/ Yoast SEO plugin. -->","yoast_head_json":{"title":"Torna il Festival della Comicit\u00e0 per un'estate di teatro e risate","description":"La rassegna \u00e8 stata presentata questa mattina, luned\u00ec 20 maggio, e inizier\u00e0 a luglio con lo spettacolo dei Legnanesi e continuer\u00e0 per tutta l'estate","robots":{"index":"noindex","follow":"follow","max-snippet":"max-snippet:-1","max-image-preview":"max-image-preview:large","max-video-preview":"max-video-preview:-1"},"og_locale":"it_IT","og_type":"article","og_title":"Torna il Festival della Comicit\u00e0 per un'estate di teatro e risate","og_description":"La rassegna \u00e8 stata presentata questa mattina, luned\u00ec 20 maggio, e inizier\u00e0 a luglio con lo spettacolo dei Legnanesi e continuer\u00e0 per tutta l'estate","og_url":"https:\/\/staging.varesenews.it\/2019\/05\/torna-festival-della-comicita-unestate-teatro-risate\/822196\/","og_site_name":"VareseNews","article_publisher":"https:\/\/www.facebook.com\/varesenews","article_published_time":"2019-05-20T16:59:19+00:00","author":"Adelia Brigo","twitter_card":"summary_large_image","twitter_creator":"@AdeliaBrigo","twitter_site":"@varesenews","twitter_misc":{"Scritto da":"Adelia Brigo","Tempo di lettura stimato":"4 minuti"},"schema":{"@context":"https:\/\/schema.org","@graph":[{"@type":"WebPage","@id":"https:\/\/staging.varesenews.it\/2019\/05\/torna-festival-della-comicita-unestate-teatro-risate\/822196\/","url":"https:\/\/staging.varesenews.it\/2019\/05\/torna-festival-della-comicita-unestate-teatro-risate\/822196\/","name":"Torna il Festival della Comicit\u00e0 per un'estate di teatro e risate","isPartOf":{"@id":"https:\/\/staging.varesenews.it\/#website"},"datePublished":"2019-05-20T16:59:19+00:00","dateModified":"2019-05-20T16:59:19+00:00","author":{"@id":"https:\/\/staging.varesenews.it\/#\/schema\/person\/272ac0f5b2dbfd572218c2d86e013f1a"},"description":"La rassegna \u00e8 stata presentata questa mattina, luned\u00ec 20 maggio, e inizier\u00e0 a luglio con lo spettacolo dei Legnanesi e continuer\u00e0 per tutta l'estate","breadcrumb":{"@id":"https:\/\/staging.varesenews.it\/2019\/05\/torna-festival-della-comicita-unestate-teatro-risate\/822196\/#breadcrumb"},"inLanguage":"it-IT","potentialAction":[{"@type":"ReadAction","target":["https:\/\/staging.varesenews.it\/2019\/05\/torna-festival-della-comicita-unestate-teatro-risate\/822196\/"]}]},{"@type":"BreadcrumbList","@id":"https:\/\/staging.varesenews.it\/2019\/05\/torna-festival-della-comicita-unestate-teatro-risate\/822196\/#breadcrumb","itemListElement":[{"@type":"ListItem","position":1,"name":"Home","item":"https:\/\/www.varesenews.it\/"},{"@type":"ListItem","position":2,"name":"Torna il Festival della Comicit\u00e0 per un&#8217;estate di teatro e risate"}]},{"@type":"WebSite","@id":"https:\/\/staging.varesenews.it\/#website","url":"https:\/\/staging.varesenews.it\/","name":"VareseNews","description":"","potentialAction":[{"@type":"SearchAction","target":{"@type":"EntryPoint","urlTemplate":"https:\/\/staging.varesenews.it\/?s={search_term_string}"},"query-input":"required name=search_term_string"}],"inLanguage":"it-IT"},{"@type":"Person","@id":"https:\/\/staging.varesenews.it\/#\/schema\/person\/272ac0f5b2dbfd572218c2d86e013f1a","name":"Adelia Brigo","image":{"@type":"ImageObject","inLanguage":"it-IT","@id":"https:\/\/staging.varesenews.it\/#\/schema\/person\/image\/","url":"https:\/\/staging.varesenews.it\/wp-content\/uploads\/2020\/12\/adelia_brigo_colori_500.jpg","contentUrl":"https:\/\/staging.varesenews.it\/wp-content\/uploads\/2020\/12\/adelia_brigo_colori_500.jpg","caption":"Adelia Brigo"},"description":"Giornalista pubblicista, lavoro a VareseNews dal 2007 e mi occupo di cronaca locale e del settore dedicato alla cultura. In questi anni ho seguito diversi progetti di comunicazione, amo sperimentare strategie per i Social Network e raccontare storie. Varesina, classe 1984, sono laureata in Scienze della Comunicazione.&nbsp;","sameAs":["AdeliaBrigo","https:\/\/twitter.com\/AdeliaBrigo"],"url":"https:\/\/staging.varesenews.it\/persona\/adelia_brigo\/"}]}},"post_meta":{"_edit_lock":"1558371600:32","_edit_last":"32","_category_permalink":"a:1:{s:8:\"category\";s:2:\"21\";}","ratings_users":"0","ratings_score":"0","ratings_average":"0","foto":"739316","argomento":"Varese","_yoast_wpseo_content_score":"30","_jd_tweet_this":"yes","_wpt_short_url":"https:\/\/www.varesenews.it\/2019\/05\/torna-festival-della-comicita-unestate-teatro-risate\/822196\/","_wp_jd_target":"https:\/\/www.varesenews.it\/2019\/05\/torna-festival-della-comicita-unestate-teatro-risate\/822196\/","_jd_wp_twitter":"a:1:{i:0;s:164:\"Torna il Festival della Comicit\u00e0 per un\u2019estate di teatro e risate https:\/\/www.varesenews.it\/2019\/05\/torna-festival-della-comicita-unestate-teatro-risate\/822196\/ \";}","_wpt_status_message":"Tweet inviato con successo."},"photos":[{"original":"https:\/\/staging.varesenews.it\/photogallery_new\/images\/2019\/05\/tempo-libero-generica-739316.jpg","full":"https:\/\/staging.varesenews.it\/photogallery_new\/images\/2019\/05\/tempo-libero-generica-739316.1024x768.jpg","large":"https:\/\/staging.varesenews.it\/photogallery_new\/images\/2019\/05\/tempo-libero-generica-739316.610x431.jpg"}],"_links":{"self":[{"href":"https:\/\/staging.varesenews.it\/swgapi\/v1\/wp\/v2\/posts\/822196"}],"collection":[{"href":"https:\/\/staging.varesenews.it\/swgapi\/v1\/wp\/v2\/posts"}],"about":[{"href":"https:\/\/staging.varesenews.it\/swgapi\/v1\/wp\/v2\/types\/post"}],"author":[{"embeddable":true,"href":"https:\/\/staging.varesenews.it\/swgapi\/v1\/wp\/v2\/users\/32"}],"replies":[{"embeddable":true,"href":"https:\/\/staging.varesenews.it\/swgapi\/v1\/wp\/v2\/comments?post=822196"}],"version-history":[{"count":0,"href":"https:\/\/staging.varesenews.it\/swgapi\/v1\/wp\/v2\/posts\/822196\/revisions"}],"wp:attachment":[{"href":"https:\/\/staging.varesenews.it\/swgapi\/v1\/wp\/v2\/media?parent=822196"}],"wp:term":[{"taxonomy":"category","embeddable":true,"href":"https:\/\/staging.varesenews.it\/swgapi\/v1\/wp\/v2\/categories?post=822196"},{"taxonomy":"post_tag","embeddable":true,"href":"https:\/\/staging.varesenews.it\/swgapi\/v1\/wp\/v2\/tags?post=822196"}],"curies":[{"name":"wp","href":"https:\/\/api.w.org\/{rel}","templated":true}]}}