{"id":822422,"date":"2019-05-21T13:01:35","date_gmt":"2019-05-21T11:01:35","guid":{"rendered":"https:\/\/www.varesenews.it\/?p=822422"},"modified":"2019-05-21T13:01:35","modified_gmt":"2019-05-21T11:01:35","slug":"screening-lambliopia-ai-bimbi-24-mesi","status":"publish","type":"post","link":"https:\/\/staging.varesenews.it\/2019\/05\/screening-lambliopia-ai-bimbi-24-mesi\/822422\/","title":{"rendered":"Screening per l&#8217;ambliopia ai bimbi fino a 24 mesi"},"content":{"rendered":"<p class=\"p1\"><span class=\"s1\"><strong>Fondazione Raimondi<\/strong> e\u00a0\u00a0<strong>Comune di Gorla Maggiore <\/strong>propongono, per<strong> domenica 26 maggio, <\/strong>lo\u00a0screening oftalmologico pediatrico per la diagnosi precoce <strong>dell&#8217;ambliopia<\/strong>\u00a0.<\/span><\/p>\n<p class=\"p1\"><span class=\"s1\">Gli esami si effettueranno presso il <strong>Poliambulatorio della stessa Fondazione Raimondi<\/strong>: gli specialisti accoglieranno i piccoli gorlesi in tenera et\u00e0 (<strong>12-24 mesi<\/strong>) e le loro famiglie per una <strong>visita gratuita<\/strong> tesa a rilevare l\u2019eventuale presenza di un disturbo visivo comune fra i bambini, quello dell\u2019ambliopia. Le visite avverranno <strong>dalle ore 9,00 alle ore 13,00<\/strong> a cura della \u00e9quipe dell\u2019ambulatorio oculistico, coordinata dal <strong>dottor Federico Basilico.<\/strong><\/span><\/p>\n<p class=\"p1\"><span class=\"s1\">E\u2019 questa una delle ormai ricorrenti campagne gratuite di prevenzione che Fondazione Raimondi concorda con i comuni del territorio al fine di identificare disturbi e monitorare patologie che, talvolta, non si palesano pur essendo potenzialmente curabili.<\/span><\/p>\n<p class=\"p1\"><span class=\"s1\"><strong>L\u2019ambliopia pediatrica \u00e8 uno dei disturbi visivi pi\u00f9 diffusi e riguarda il 3 per cento della popolazione pi\u00f9 giovane:<\/strong> se non individuata precocemente pu\u00f2 essere causa di danni visivi permanenti. Conosciuta col nome di \u201cocchio pigro\u201d, presenta una riduzione pi\u00f9 o meno marcata della capacit\u00e0 visiva di un occhio e non \u00e8 facilmente identificabile perch\u00e9 generalmente l\u2019occhio sano sopperisce perfettamente alle carenze di quello malato. Per questo motivo difficilmente i genitori riescono ad accorgersene. Grazie a una diagnosi precoce e con i dovuti trattamenti <strong>l&#8217;ambliopia \u00e8 generalmente reversibile.<\/strong> <strong>L\u2019esame \u00e8 molto semplice, veloce, assolutamente indolore<\/strong>: \u00e8 come se agli occhi del bimbo venisse scattata una foto.<\/span><\/p>\n<p class=\"p2\"><span class=\"s1\">\u00a0<strong>Le visite sono tutte gratuite previa prenotazione:<\/strong><br \/>\nT. 0331.601133 &#8211; interno 201 | dal luned\u00ec al venerd\u00ec dalle 9 alle 16,30.<br \/>\nFondazione Raimondi | Poliambulatorio &#8211; via Volta 1, Gorla Minore (Va)<\/span><\/p>\n","protected":false},"excerpt":{"rendered":"<p>Fondazione Raimondi e\u00a0\u00a0Comune di Gorla Maggiore propongono, per domenica 26 maggio, il test gratuito e indolore<\/p>\n","protected":false},"author":33,"featured_media":0,"comment_status":"open","ping_status":"open","sticky":false,"template":"","format":"standard","meta":{"footnotes":""},"categories":[23,24,5],"tags":[93157,6563],"acf":[],"yoast_head":"<!-- This site is optimized with the Yoast SEO plugin v20.1 - https:\/\/yoast.com\/wordpress\/plugins\/seo\/ -->\n<title>Screening per l&#039;ambliopia ai bimbi fino a 24 mesi<\/title>\n<meta name=\"description\" content=\"Fondazione Raimondi e\u00a0\u00a0Comune di Gorla Maggiore propongono, per domenica 26 maggio, il test gratuito e indolore\" \/>\n<meta name=\"robots\" content=\"noindex, follow, max-snippet:-1, max-image-preview:large, max-video-preview:-1\" \/>\n<meta property=\"og:locale\" content=\"it_IT\" \/>\n<meta property=\"og:type\" content=\"article\" \/>\n<meta property=\"og:title\" content=\"Screening per l&#039;ambliopia ai bimbi fino a 24 mesi\" \/>\n<meta property=\"og:description\" content=\"Fondazione Raimondi e\u00a0\u00a0Comune di Gorla Maggiore propongono, per domenica 26 maggio, il test gratuito e indolore\" \/>\n<meta property=\"og:url\" content=\"https:\/\/staging.varesenews.it\/2019\/05\/screening-lambliopia-ai-bimbi-24-mesi\/822422\/\" \/>\n<meta property=\"og:site_name\" content=\"VareseNews\" \/>\n<meta property=\"article:publisher\" content=\"https:\/\/www.facebook.com\/varesenews\" \/>\n<meta property=\"article:author\" content=\"alessandra.toni7\" \/>\n<meta property=\"article:published_time\" content=\"2019-05-21T11:01:35+00:00\" \/>\n<meta name=\"author\" content=\"Alessandra Toni\" \/>\n<meta name=\"twitter:card\" content=\"summary_large_image\" \/>\n<meta name=\"twitter:creator\" content=\"@alessandra_toni\" \/>\n<meta name=\"twitter:site\" content=\"@varesenews\" \/>\n<meta name=\"twitter:label1\" content=\"Scritto da\" \/>\n\t<meta name=\"twitter:data1\" content=\"Alessandra Toni\" \/>\n\t<meta name=\"twitter:label2\" content=\"Tempo di lettura stimato\" \/>\n\t<meta name=\"twitter:data2\" content=\"1 minuto\" \/>\n<script type=\"application\/ld+json\" class=\"yoast-schema-graph\">{\"@context\":\"https:\/\/schema.org\",\"@graph\":[{\"@type\":\"WebPage\",\"@id\":\"https:\/\/staging.varesenews.it\/2019\/05\/screening-lambliopia-ai-bimbi-24-mesi\/822422\/\",\"url\":\"https:\/\/staging.varesenews.it\/2019\/05\/screening-lambliopia-ai-bimbi-24-mesi\/822422\/\",\"name\":\"Screening per l'ambliopia ai bimbi fino a 24 mesi\",\"isPartOf\":{\"@id\":\"https:\/\/staging.varesenews.it\/#website\"},\"datePublished\":\"2019-05-21T11:01:35+00:00\",\"dateModified\":\"2019-05-21T11:01:35+00:00\",\"author\":{\"@id\":\"https:\/\/staging.varesenews.it\/#\/schema\/person\/2643ce123d4a3c9511e015dc548779b8\"},\"description\":\"Fondazione Raimondi e\u00a0\u00a0Comune di Gorla Maggiore propongono, per domenica 26 maggio, il test gratuito e indolore\",\"breadcrumb\":{\"@id\":\"https:\/\/staging.varesenews.it\/2019\/05\/screening-lambliopia-ai-bimbi-24-mesi\/822422\/#breadcrumb\"},\"inLanguage\":\"it-IT\",\"potentialAction\":[{\"@type\":\"ReadAction\",\"target\":[\"https:\/\/staging.varesenews.it\/2019\/05\/screening-lambliopia-ai-bimbi-24-mesi\/822422\/\"]}]},{\"@type\":\"BreadcrumbList\",\"@id\":\"https:\/\/staging.varesenews.it\/2019\/05\/screening-lambliopia-ai-bimbi-24-mesi\/822422\/#breadcrumb\",\"itemListElement\":[{\"@type\":\"ListItem\",\"position\":1,\"name\":\"Home\",\"item\":\"https:\/\/www.varesenews.it\/\"},{\"@type\":\"ListItem\",\"position\":2,\"name\":\"Screening per l&#8217;ambliopia ai bimbi fino a 24 mesi\"}]},{\"@type\":\"WebSite\",\"@id\":\"https:\/\/staging.varesenews.it\/#website\",\"url\":\"https:\/\/staging.varesenews.it\/\",\"name\":\"VareseNews\",\"description\":\"\",\"potentialAction\":[{\"@type\":\"SearchAction\",\"target\":{\"@type\":\"EntryPoint\",\"urlTemplate\":\"https:\/\/staging.varesenews.it\/?s={search_term_string}\"},\"query-input\":\"required name=search_term_string\"}],\"inLanguage\":\"it-IT\"},{\"@type\":\"Person\",\"@id\":\"https:\/\/staging.varesenews.it\/#\/schema\/person\/2643ce123d4a3c9511e015dc548779b8\",\"name\":\"Alessandra Toni\",\"image\":{\"@type\":\"ImageObject\",\"inLanguage\":\"it-IT\",\"@id\":\"https:\/\/staging.varesenews.it\/#\/schema\/person\/image\/\",\"url\":\"https:\/\/staging.varesenews.it\/wp-content\/uploads\/2020\/12\/alessandra_toni_colori_500.jpg\",\"contentUrl\":\"https:\/\/staging.varesenews.it\/wp-content\/uploads\/2020\/12\/alessandra_toni_colori_500.jpg\",\"caption\":\"Alessandra Toni\"},\"description\":\"Sono entrata nella redazione di VareseNews nel lontano anno 2000. Ero reduce da una bellissima esperienza nella redazione giornalistica della TV Nuova Antennatre, sotto la direzione dell'indimenticabile direttore Adolfo Caldarini. Sono arrivata quando era ancora una piccola realt\u00e0 editoriale e insieme abbiamo fatto un lungo ed entusiasmante lavoro. Mi occupo prevalentemente di scuola e di sanit\u00e0, settori impegnativi di grande valore sociale.\u00a0\",\"sameAs\":[\"alessandra.toni7\",\"alessandra.toni\",\"https:\/\/twitter.com\/alessandra_toni\"],\"url\":\"https:\/\/staging.varesenews.it\/persona\/alessandra_toni1\/\"}]}<\/script>\n<!-- \/ Yoast SEO plugin. -->","yoast_head_json":{"title":"Screening per l'ambliopia ai bimbi fino a 24 mesi","description":"Fondazione Raimondi e\u00a0\u00a0Comune di Gorla Maggiore propongono, per domenica 26 maggio, il test gratuito e indolore","robots":{"index":"noindex","follow":"follow","max-snippet":"max-snippet:-1","max-image-preview":"max-image-preview:large","max-video-preview":"max-video-preview:-1"},"og_locale":"it_IT","og_type":"article","og_title":"Screening per l'ambliopia ai bimbi fino a 24 mesi","og_description":"Fondazione Raimondi e\u00a0\u00a0Comune di Gorla Maggiore propongono, per domenica 26 maggio, il test gratuito e indolore","og_url":"https:\/\/staging.varesenews.it\/2019\/05\/screening-lambliopia-ai-bimbi-24-mesi\/822422\/","og_site_name":"VareseNews","article_publisher":"https:\/\/www.facebook.com\/varesenews","article_author":"alessandra.toni7","article_published_time":"2019-05-21T11:01:35+00:00","author":"Alessandra Toni","twitter_card":"summary_large_image","twitter_creator":"@alessandra_toni","twitter_site":"@varesenews","twitter_misc":{"Scritto da":"Alessandra Toni","Tempo di lettura stimato":"1 minuto"},"schema":{"@context":"https:\/\/schema.org","@graph":[{"@type":"WebPage","@id":"https:\/\/staging.varesenews.it\/2019\/05\/screening-lambliopia-ai-bimbi-24-mesi\/822422\/","url":"https:\/\/staging.varesenews.it\/2019\/05\/screening-lambliopia-ai-bimbi-24-mesi\/822422\/","name":"Screening per l'ambliopia ai bimbi fino a 24 mesi","isPartOf":{"@id":"https:\/\/staging.varesenews.it\/#website"},"datePublished":"2019-05-21T11:01:35+00:00","dateModified":"2019-05-21T11:01:35+00:00","author":{"@id":"https:\/\/staging.varesenews.it\/#\/schema\/person\/2643ce123d4a3c9511e015dc548779b8"},"description":"Fondazione Raimondi e\u00a0\u00a0Comune di Gorla Maggiore propongono, per domenica 26 maggio, il test gratuito e indolore","breadcrumb":{"@id":"https:\/\/staging.varesenews.it\/2019\/05\/screening-lambliopia-ai-bimbi-24-mesi\/822422\/#breadcrumb"},"inLanguage":"it-IT","potentialAction":[{"@type":"ReadAction","target":["https:\/\/staging.varesenews.it\/2019\/05\/screening-lambliopia-ai-bimbi-24-mesi\/822422\/"]}]},{"@type":"BreadcrumbList","@id":"https:\/\/staging.varesenews.it\/2019\/05\/screening-lambliopia-ai-bimbi-24-mesi\/822422\/#breadcrumb","itemListElement":[{"@type":"ListItem","position":1,"name":"Home","item":"https:\/\/www.varesenews.it\/"},{"@type":"ListItem","position":2,"name":"Screening per l&#8217;ambliopia ai bimbi fino a 24 mesi"}]},{"@type":"WebSite","@id":"https:\/\/staging.varesenews.it\/#website","url":"https:\/\/staging.varesenews.it\/","name":"VareseNews","description":"","potentialAction":[{"@type":"SearchAction","target":{"@type":"EntryPoint","urlTemplate":"https:\/\/staging.varesenews.it\/?s={search_term_string}"},"query-input":"required name=search_term_string"}],"inLanguage":"it-IT"},{"@type":"Person","@id":"https:\/\/staging.varesenews.it\/#\/schema\/person\/2643ce123d4a3c9511e015dc548779b8","name":"Alessandra Toni","image":{"@type":"ImageObject","inLanguage":"it-IT","@id":"https:\/\/staging.varesenews.it\/#\/schema\/person\/image\/","url":"https:\/\/staging.varesenews.it\/wp-content\/uploads\/2020\/12\/alessandra_toni_colori_500.jpg","contentUrl":"https:\/\/staging.varesenews.it\/wp-content\/uploads\/2020\/12\/alessandra_toni_colori_500.jpg","caption":"Alessandra Toni"},"description":"Sono entrata nella redazione di VareseNews nel lontano anno 2000. Ero reduce da una bellissima esperienza nella redazione giornalistica della TV Nuova Antennatre, sotto la direzione dell'indimenticabile direttore Adolfo Caldarini. Sono arrivata quando era ancora una piccola realt\u00e0 editoriale e insieme abbiamo fatto un lungo ed entusiasmante lavoro. Mi occupo prevalentemente di scuola e di sanit\u00e0, settori impegnativi di grande valore sociale.\u00a0","sameAs":["alessandra.toni7","alessandra.toni","https:\/\/twitter.com\/alessandra_toni"],"url":"https:\/\/staging.varesenews.it\/persona\/alessandra_toni1\/"}]}},"post_meta":{"_edit_lock":"1558436510:33","_edit_last":"33","_category_permalink":"a:1:{s:8:\"category\";s:2:\"23\";}","foto":"739382","firma_come_redazione":"1","argomento":"Gorla Maggiore","_yoast_wpseo_content_score":"30","_jd_tweet_this":"yes","ratings_users":"0","ratings_score":"0","ratings_average":"0","_wpt_short_url":"https:\/\/www.varesenews.it\/2019\/05\/screening-lambliopia-ai-bimbi-24-mesi\/822422\/","_wp_jd_target":"https:\/\/www.varesenews.it\/2019\/05\/screening-lambliopia-ai-bimbi-24-mesi\/822422\/","_jd_wp_twitter":"a:1:{i:0;s:142:\"Screening per l\u2019ambliopia ai bimbi fino a 24 mesi https:\/\/www.varesenews.it\/2019\/05\/screening-lambliopia-ai-bimbi-24-mesi\/822422\/ #screening\";}","_wpt_status_message":"Tweet inviato con successo."},"photos":[{"original":"https:\/\/staging.varesenews.it\/photogallery_new\/images\/2019\/05\/occhio-739382.jpg","full":"https:\/\/staging.varesenews.it\/photogallery_new\/images\/2019\/05\/occhio-739382.1024x768.jpg","large":"https:\/\/staging.varesenews.it\/photogallery_new\/images\/2019\/05\/occhio-739382.610x431.jpg"}],"_links":{"self":[{"href":"https:\/\/staging.varesenews.it\/swgapi\/v1\/wp\/v2\/posts\/822422"}],"collection":[{"href":"https:\/\/staging.varesenews.it\/swgapi\/v1\/wp\/v2\/posts"}],"about":[{"href":"https:\/\/staging.varesenews.it\/swgapi\/v1\/wp\/v2\/types\/post"}],"author":[{"embeddable":true,"href":"https:\/\/staging.varesenews.it\/swgapi\/v1\/wp\/v2\/users\/33"}],"replies":[{"embeddable":true,"href":"https:\/\/staging.varesenews.it\/swgapi\/v1\/wp\/v2\/comments?post=822422"}],"version-history":[{"count":0,"href":"https:\/\/staging.varesenews.it\/swgapi\/v1\/wp\/v2\/posts\/822422\/revisions"}],"wp:attachment":[{"href":"https:\/\/staging.varesenews.it\/swgapi\/v1\/wp\/v2\/media?parent=822422"}],"wp:term":[{"taxonomy":"category","embeddable":true,"href":"https:\/\/staging.varesenews.it\/swgapi\/v1\/wp\/v2\/categories?post=822422"},{"taxonomy":"post_tag","embeddable":true,"href":"https:\/\/staging.varesenews.it\/swgapi\/v1\/wp\/v2\/tags?post=822422"}],"curies":[{"name":"wp","href":"https:\/\/api.w.org\/{rel}","templated":true}]}}