{"id":823002,"date":"2019-05-22T19:13:00","date_gmt":"2019-05-22T17:13:00","guid":{"rendered":"https:\/\/www.varesenews.it\/?p=823002"},"modified":"2019-05-22T19:13:00","modified_gmt":"2019-05-22T17:13:00","slug":"potenziamento-della-rho-gallarate-comitato-sostiene-lopera","status":"publish","type":"post","link":"https:\/\/staging.varesenews.it\/2019\/05\/potenziamento-della-rho-gallarate-comitato-sostiene-lopera\/823002\/","title":{"rendered":"Potenziamento della Rho-Gallarate, il comitato sostiene l&#8217;opera"},"content":{"rendered":"<p><em>Riceviamo e pubblichiamo il comunicato del Comitato Pendolari Gallarate-Milano, a sostegno del progetto di potenziamento della linea ferroviaria<\/em><\/p>\n<p>&nbsp;<\/p>\n<p>PERCH\u00c8 IL POTENZIAMENTO DELLA RHO GALLARATE MILANO \u00c8 IMPRESCINDIBILE<br \/>\nAbbiamo appreso dalla stampa che i sindaci del territorio sono stati convocati a Roma per visionare il progetto del potenziamento ferroviario, in particolare il raccordo ad Y tra Busto e Castellanza e il quadruplicamento da Parabiago a Vanzago.<br \/>\nInevitabile la presa di posizione di chi continua ad affermare che la linea ferroviaria Rho Gallarate non abbia bisogno del potenziamento infrastrutturale &#8211; che aspettiamo da 10 anni \u2013 sostenendo che i binari siano pi\u00f9 che sufficienti.<br \/>\nLa realt\u00e0 \u00e8 ben diversa e basta recarsi in una qualunque stazione della tratta, in particolare durante le ore di punta, per accorgersi di quanto questa convinzione sia errata.<br \/>\nRiportiamo di seguito tre problematiche che sembrano irrisolvibili con la struttura attuale:<br \/>\n1) Sovraffollamento: tutti i treni della tratta, diretti e passanti della linea s5, viaggiano in perenne sovraccarico, parliamo del 130% di posti occupati, rispetto ai posti a sedere: le citt\u00e0 di Canegrate, Parabiago e Vanzago, insieme alle altre, soffrono maggiormente questa situazione;<br \/>\n2) Puntualit\u00e0: ogni volta che un treno si presenta sovraccarico in una stazione, i tempi di salita e discesa si dilatano e questo produce un ritardo che si ripercuote sui treni successivi;<br \/>\n3) Disomogeneit\u00e0 della rete percorsa da treni non omotachici, sebbene la convinzione \u00e8 che sia assimilabile ad una metropolitana e non ad una ferrovia, si trascura che oltre ai treni s5 e diretti siano presenti treni EC e normalmente fuori dalle fasce di punta, anche treni merci di vario genere.<br \/>\nI progetti proposti da RFI in alternativa al potenziamento risultano o irrealizzabili &#8211; vedi prolungamento della MM1 verso l&#8217;asse del Sempione o inutili per i viaggiatori sia dell&#8217;asse del Sempione che per tutti i viaggiatori del nodo di Gallarate &#8211; vedi linea ad ovest nel parco del Ticino, con conseguente consumo di superficie agricolo e\/o economicamente insostenibili &#8211; vedi interramento totale tra Rho e Gallarate.<br \/>\nCi teniamo ad alcune precisazioni sui dati tecnici diffusi in una nota da chi si oppone al progetto:<br \/>\nNOTA COMITATO CONTRARIO AL PROGETTO<br \/>\n<em>Sicuramente sapete che per realizzare l\u2019opera sono previsti 5 anni di lavori con ben 28 aree di cantiere (su soli 9 km) in mezzo ai centri abitati, con conseguenze facilmente immaginabili in termini di traffico, inquinamento atmosferico e rumore e un totale di 217\u2019800 mq di aree verdi sacrificate. Sapete che sono previsti 40 interventi (sempre su soli 9 km) su altre opere (nuove strade, ponti, sottopassi, spostamento del canale Villoresi), che porteranno ulteriori stravolgimenti e impatti durante i lavori. Sicuramente concordate che un aumento della velocit\u00e0 dei treni (sino a 150 km\/h) e del numero di treni veloci comporta un aumento del rischio di incidenti che certo non coinvolgerebbero solo la sede ferroviaria. Sicuramente conoscete gli impatti relativi al rumore, alle vibrazioni, alle barriere, su cui non ci dilunghiamo.<\/em><br \/>\nPRECISAZIONI<br \/>\na) La velocit\u00e0 massima \u00e8 gi\u00e0 di 160 km\/h tra Legnano e la protezione di Rho e la velocit\u00e0 massima dei treni merci, non aumenterebbe perch\u00e9 i materiali corrono a 120 km\/h al massimo (alcuni 100 km\/h);<br \/>\nb) Una delle finalit\u00e0 del potenziamento della ferrovia \u00e8 quella di ridurre l&#8217;inquinamento atmosferico prodotto dalle automobili: secondo la UE il 40% dei gas serra vengono prodotti dal trasporto, pertanto pi\u00f9 ferro = meno gomma = meno emissioni;<br \/>\nc) Il trasporto su gomma \u00e8 molto meno sicuro di quello su ferro, infatti per un\u2019intera categoria di merci pericolose \u00e8 <strong>vietato<\/strong> il trasporto su gomma mentre \u00e8 ammesso solo su ferrovia.<br \/>\nd) Una quarta nota riguarda le barriere antirumore necessarie per ridurre gli impatti acustici di cui per\u00f2 non se ne vuole l\u2019installazione, di conseguenza diventa impossibile ridurre le interferenze, occorre pertanto capire che posizione assumere.<br \/>\nDi seguito i benefici dell\u2019opera:<br \/>\n&#8211; la realizzazione della nuova s15 con aumento dei treni e posti per pendolari;<br \/>\n&#8211; nuova stazione per Nerviano;<br \/>\nCi preme segnalare, in un altro contesto non lontano, quanto il quadruplicamento tra Milano Cadorna e Saronno, terminato nel 2007, abbia migliorato in modo significativo la circolazione ed i tempi di percorrenza su diverse linee tra le pi\u00f9 trafficate d&#8217;Italia, come la Milano-Gallarate.<br \/>\nNon prevedere il quadruplicamento e pensare che un binario per senso di marcia sia ancora possibile \u00e8 una visione miope e anacronistica, nonch\u00e9 poco sicura, soprattutto in direzione di una mobilit\u00e0 sostenibile.<\/p>\n<p>Raffaele Specchia<br \/>\nComitato Pendolari Gallarate Milano<\/p>\n","protected":false},"excerpt":{"rendered":"<p>Al 24 maggio ci sar\u00e0 il primo incontro per presentare ai sindaci il progetto, cui si oppongono alcuni Comuni e un comitato attivo sulla linea. Diversa la posizione del Comitato Pendolari Gallarate-Milano<\/p>\n","protected":false},"author":46,"featured_media":0,"comment_status":"open","ping_status":"open","sticky":false,"template":"","format":"standard","meta":{"footnotes":""},"categories":[3],"tags":[33945],"acf":[],"yoast_head":"<!-- This site is optimized with the Yoast SEO plugin v20.1 - https:\/\/yoast.com\/wordpress\/plugins\/seo\/ -->\n<title>Potenziamento della Rho-Gallarate, il comitato sostiene l&#039;opera<\/title>\n<meta name=\"description\" content=\"Al 24 maggio ci sar\u00e0 il primo incontro per presentare ai sindaci il progetto, cui si oppongono alcuni Comuni e un comitato attivo sulla linea. Diversa la posizione del Comitato Pendolari Gallarate-Milano\" \/>\n<meta name=\"robots\" content=\"noindex, follow, max-snippet:-1, max-image-preview:large, max-video-preview:-1\" \/>\n<meta property=\"og:locale\" content=\"it_IT\" \/>\n<meta property=\"og:type\" content=\"article\" \/>\n<meta property=\"og:title\" content=\"Potenziamento della Rho-Gallarate, il comitato sostiene l&#039;opera\" \/>\n<meta property=\"og:description\" content=\"Al 24 maggio ci sar\u00e0 il primo incontro per presentare ai sindaci il progetto, cui si oppongono alcuni Comuni e un comitato attivo sulla linea. Diversa la posizione del Comitato Pendolari Gallarate-Milano\" \/>\n<meta property=\"og:url\" content=\"https:\/\/staging.varesenews.it\/2019\/05\/potenziamento-della-rho-gallarate-comitato-sostiene-lopera\/823002\/\" \/>\n<meta property=\"og:site_name\" content=\"VareseNews\" \/>\n<meta property=\"article:publisher\" content=\"https:\/\/www.facebook.com\/varesenews\" \/>\n<meta property=\"article:published_time\" content=\"2019-05-22T17:13:00+00:00\" \/>\n<meta name=\"author\" content=\"Roberto Morandi\" \/>\n<meta name=\"twitter:card\" content=\"summary_large_image\" \/>\n<meta name=\"twitter:creator\" content=\"@ilmorands\" \/>\n<meta name=\"twitter:site\" content=\"@varesenews\" \/>\n<meta name=\"twitter:label1\" content=\"Scritto da\" \/>\n\t<meta name=\"twitter:data1\" content=\"Roberto Morandi\" \/>\n\t<meta name=\"twitter:label2\" content=\"Tempo di lettura stimato\" \/>\n\t<meta name=\"twitter:data2\" content=\"4 minuti\" \/>\n<script type=\"application\/ld+json\" class=\"yoast-schema-graph\">{\"@context\":\"https:\/\/schema.org\",\"@graph\":[{\"@type\":\"WebPage\",\"@id\":\"https:\/\/staging.varesenews.it\/2019\/05\/potenziamento-della-rho-gallarate-comitato-sostiene-lopera\/823002\/\",\"url\":\"https:\/\/staging.varesenews.it\/2019\/05\/potenziamento-della-rho-gallarate-comitato-sostiene-lopera\/823002\/\",\"name\":\"Potenziamento della Rho-Gallarate, il comitato sostiene l'opera\",\"isPartOf\":{\"@id\":\"https:\/\/staging.varesenews.it\/#website\"},\"datePublished\":\"2019-05-22T17:13:00+00:00\",\"dateModified\":\"2019-05-22T17:13:00+00:00\",\"author\":{\"@id\":\"https:\/\/staging.varesenews.it\/#\/schema\/person\/efe592ae4c76536b551f89d8b6674bc3\"},\"description\":\"Al 24 maggio ci sar\u00e0 il primo incontro per presentare ai sindaci il progetto, cui si oppongono alcuni Comuni e un comitato attivo sulla linea. Diversa la posizione del Comitato Pendolari Gallarate-Milano\",\"breadcrumb\":{\"@id\":\"https:\/\/staging.varesenews.it\/2019\/05\/potenziamento-della-rho-gallarate-comitato-sostiene-lopera\/823002\/#breadcrumb\"},\"inLanguage\":\"it-IT\",\"potentialAction\":[{\"@type\":\"ReadAction\",\"target\":[\"https:\/\/staging.varesenews.it\/2019\/05\/potenziamento-della-rho-gallarate-comitato-sostiene-lopera\/823002\/\"]}]},{\"@type\":\"BreadcrumbList\",\"@id\":\"https:\/\/staging.varesenews.it\/2019\/05\/potenziamento-della-rho-gallarate-comitato-sostiene-lopera\/823002\/#breadcrumb\",\"itemListElement\":[{\"@type\":\"ListItem\",\"position\":1,\"name\":\"Home\",\"item\":\"https:\/\/www.varesenews.it\/\"},{\"@type\":\"ListItem\",\"position\":2,\"name\":\"Potenziamento della Rho-Gallarate, il comitato sostiene l&#8217;opera\"}]},{\"@type\":\"WebSite\",\"@id\":\"https:\/\/staging.varesenews.it\/#website\",\"url\":\"https:\/\/staging.varesenews.it\/\",\"name\":\"VareseNews\",\"description\":\"\",\"potentialAction\":[{\"@type\":\"SearchAction\",\"target\":{\"@type\":\"EntryPoint\",\"urlTemplate\":\"https:\/\/staging.varesenews.it\/?s={search_term_string}\"},\"query-input\":\"required name=search_term_string\"}],\"inLanguage\":\"it-IT\"},{\"@type\":\"Person\",\"@id\":\"https:\/\/staging.varesenews.it\/#\/schema\/person\/efe592ae4c76536b551f89d8b6674bc3\",\"name\":\"Roberto Morandi\",\"image\":{\"@type\":\"ImageObject\",\"inLanguage\":\"it-IT\",\"@id\":\"https:\/\/staging.varesenews.it\/#\/schema\/person\/image\/\",\"url\":\"https:\/\/staging.varesenews.it\/wp-content\/uploads\/2020\/12\/roberto_morandi_colori_500.jpg\",\"contentUrl\":\"https:\/\/staging.varesenews.it\/wp-content\/uploads\/2020\/12\/roberto_morandi_colori_500.jpg\",\"caption\":\"Roberto Morandi\"},\"description\":\"Classe 1980, laureato in storia, mi occupo dell&rsquo;area di Gallarate e di Malpensa, di trasporti e mobilit&agrave;. Amo molto la dimensione della citt&agrave;, come luogo d&rsquo;incontro di persone diverse e come organismo che si trasforma costantemente. Mi piace anche raccontare le piccole e grandi vicende, anche locali, che compongono la Storia con la S maiuscola. Appassionato di bicicletta: la macchina perfetta per muoversi in citt&agrave; e per viaggiare.\",\"sameAs\":[\"https:\/\/twitter.com\/ilmorands\"],\"url\":\"https:\/\/staging.varesenews.it\/persona\/roberto-morandi1\/\"}]}<\/script>\n<!-- \/ Yoast SEO plugin. -->","yoast_head_json":{"title":"Potenziamento della Rho-Gallarate, il comitato sostiene l'opera","description":"Al 24 maggio ci sar\u00e0 il primo incontro per presentare ai sindaci il progetto, cui si oppongono alcuni Comuni e un comitato attivo sulla linea. Diversa la posizione del Comitato Pendolari Gallarate-Milano","robots":{"index":"noindex","follow":"follow","max-snippet":"max-snippet:-1","max-image-preview":"max-image-preview:large","max-video-preview":"max-video-preview:-1"},"og_locale":"it_IT","og_type":"article","og_title":"Potenziamento della Rho-Gallarate, il comitato sostiene l'opera","og_description":"Al 24 maggio ci sar\u00e0 il primo incontro per presentare ai sindaci il progetto, cui si oppongono alcuni Comuni e un comitato attivo sulla linea. Diversa la posizione del Comitato Pendolari Gallarate-Milano","og_url":"https:\/\/staging.varesenews.it\/2019\/05\/potenziamento-della-rho-gallarate-comitato-sostiene-lopera\/823002\/","og_site_name":"VareseNews","article_publisher":"https:\/\/www.facebook.com\/varesenews","article_published_time":"2019-05-22T17:13:00+00:00","author":"Roberto Morandi","twitter_card":"summary_large_image","twitter_creator":"@ilmorands","twitter_site":"@varesenews","twitter_misc":{"Scritto da":"Roberto Morandi","Tempo di lettura stimato":"4 minuti"},"schema":{"@context":"https:\/\/schema.org","@graph":[{"@type":"WebPage","@id":"https:\/\/staging.varesenews.it\/2019\/05\/potenziamento-della-rho-gallarate-comitato-sostiene-lopera\/823002\/","url":"https:\/\/staging.varesenews.it\/2019\/05\/potenziamento-della-rho-gallarate-comitato-sostiene-lopera\/823002\/","name":"Potenziamento della Rho-Gallarate, il comitato sostiene l'opera","isPartOf":{"@id":"https:\/\/staging.varesenews.it\/#website"},"datePublished":"2019-05-22T17:13:00+00:00","dateModified":"2019-05-22T17:13:00+00:00","author":{"@id":"https:\/\/staging.varesenews.it\/#\/schema\/person\/efe592ae4c76536b551f89d8b6674bc3"},"description":"Al 24 maggio ci sar\u00e0 il primo incontro per presentare ai sindaci il progetto, cui si oppongono alcuni Comuni e un comitato attivo sulla linea. Diversa la posizione del Comitato Pendolari Gallarate-Milano","breadcrumb":{"@id":"https:\/\/staging.varesenews.it\/2019\/05\/potenziamento-della-rho-gallarate-comitato-sostiene-lopera\/823002\/#breadcrumb"},"inLanguage":"it-IT","potentialAction":[{"@type":"ReadAction","target":["https:\/\/staging.varesenews.it\/2019\/05\/potenziamento-della-rho-gallarate-comitato-sostiene-lopera\/823002\/"]}]},{"@type":"BreadcrumbList","@id":"https:\/\/staging.varesenews.it\/2019\/05\/potenziamento-della-rho-gallarate-comitato-sostiene-lopera\/823002\/#breadcrumb","itemListElement":[{"@type":"ListItem","position":1,"name":"Home","item":"https:\/\/www.varesenews.it\/"},{"@type":"ListItem","position":2,"name":"Potenziamento della Rho-Gallarate, il comitato sostiene l&#8217;opera"}]},{"@type":"WebSite","@id":"https:\/\/staging.varesenews.it\/#website","url":"https:\/\/staging.varesenews.it\/","name":"VareseNews","description":"","potentialAction":[{"@type":"SearchAction","target":{"@type":"EntryPoint","urlTemplate":"https:\/\/staging.varesenews.it\/?s={search_term_string}"},"query-input":"required name=search_term_string"}],"inLanguage":"it-IT"},{"@type":"Person","@id":"https:\/\/staging.varesenews.it\/#\/schema\/person\/efe592ae4c76536b551f89d8b6674bc3","name":"Roberto Morandi","image":{"@type":"ImageObject","inLanguage":"it-IT","@id":"https:\/\/staging.varesenews.it\/#\/schema\/person\/image\/","url":"https:\/\/staging.varesenews.it\/wp-content\/uploads\/2020\/12\/roberto_morandi_colori_500.jpg","contentUrl":"https:\/\/staging.varesenews.it\/wp-content\/uploads\/2020\/12\/roberto_morandi_colori_500.jpg","caption":"Roberto Morandi"},"description":"Classe 1980, laureato in storia, mi occupo dell&rsquo;area di Gallarate e di Malpensa, di trasporti e mobilit&agrave;. Amo molto la dimensione della citt&agrave;, come luogo d&rsquo;incontro di persone diverse e come organismo che si trasforma costantemente. Mi piace anche raccontare le piccole e grandi vicende, anche locali, che compongono la Storia con la S maiuscola. Appassionato di bicicletta: la macchina perfetta per muoversi in citt&agrave; e per viaggiare.","sameAs":["https:\/\/twitter.com\/ilmorands"],"url":"https:\/\/staging.varesenews.it\/persona\/roberto-morandi1\/"}]}},"post_meta":{"_edit_lock":"1558545100:46","_edit_last":"46","_category_permalink":"a:1:{s:8:\"category\";s:1:\"3\";}","ratings_users":"0","ratings_score":"0","ratings_average":"0","foto":"619128","firma_come_redazione":"1","argomento":"Trasporti","_yoast_wpseo_content_score":"30","_jd_tweet_this":"yes","_wpt_short_url":"https:\/\/www.varesenews.it\/2019\/05\/potenziamento-della-rho-gallarate-comitato-sostiene-lopera\/823002\/","_wp_jd_target":"https:\/\/www.varesenews.it\/2019\/05\/potenziamento-della-rho-gallarate-comitato-sostiene-lopera\/823002\/","_jd_wp_twitter":"a:1:{i:0;s:180:\"Potenziamento della Rho-Gallarate, il comitato sostiene l\u2019opera https:\/\/www.varesenews.it\/2019\/05\/potenziamento-della-rho-gallarate-comitato-sostiene-lopera\/823002\/ #terzobinario\";}","_wpt_status_message":"Tweet inviato con successo."},"photos":[{"original":"https:\/\/staging.varesenews.it\/photogallery_new\/images\/2017\/06\/gallarate-generico-619128.jpg","full":"https:\/\/staging.varesenews.it\/photogallery_new\/images\/2017\/06\/gallarate-generico-619128.1024x768.jpg","large":"https:\/\/staging.varesenews.it\/photogallery_new\/images\/2017\/06\/gallarate-generico-619128.610x431.jpg"}],"_links":{"self":[{"href":"https:\/\/staging.varesenews.it\/swgapi\/v1\/wp\/v2\/posts\/823002"}],"collection":[{"href":"https:\/\/staging.varesenews.it\/swgapi\/v1\/wp\/v2\/posts"}],"about":[{"href":"https:\/\/staging.varesenews.it\/swgapi\/v1\/wp\/v2\/types\/post"}],"author":[{"embeddable":true,"href":"https:\/\/staging.varesenews.it\/swgapi\/v1\/wp\/v2\/users\/46"}],"replies":[{"embeddable":true,"href":"https:\/\/staging.varesenews.it\/swgapi\/v1\/wp\/v2\/comments?post=823002"}],"version-history":[{"count":0,"href":"https:\/\/staging.varesenews.it\/swgapi\/v1\/wp\/v2\/posts\/823002\/revisions"}],"wp:attachment":[{"href":"https:\/\/staging.varesenews.it\/swgapi\/v1\/wp\/v2\/media?parent=823002"}],"wp:term":[{"taxonomy":"category","embeddable":true,"href":"https:\/\/staging.varesenews.it\/swgapi\/v1\/wp\/v2\/categories?post=823002"},{"taxonomy":"post_tag","embeddable":true,"href":"https:\/\/staging.varesenews.it\/swgapi\/v1\/wp\/v2\/tags?post=823002"}],"curies":[{"name":"wp","href":"https:\/\/api.w.org\/{rel}","templated":true}]}}