{"id":823122,"date":"2019-05-23T10:45:49","date_gmt":"2019-05-23T08:45:49","guid":{"rendered":"https:\/\/www.varesenews.it\/?p=823122"},"modified":"2019-05-23T10:45:49","modified_gmt":"2019-05-23T08:45:49","slug":"playoff-avanti-gorla-maggiore-bosto","status":"publish","type":"post","link":"https:\/\/staging.varesenews.it\/2019\/05\/playoff-avanti-gorla-maggiore-bosto\/823122\/","title":{"rendered":"Playoff, avanti Gorla Maggiore e Bosto"},"content":{"rendered":"<p><em>(Foto Facebook &#8211;\u00a0<a id=\"js_k9m\" class=\"_hli\" href=\"https:\/\/www.facebook.com\/usbosto\/?__xts__%5B0%5D=68.ARCyhGDO-VGtvQ_IiZ2s8xVwcEfe47lg4YKVQkDhs3CB4dnPv-CuFubHd8y_CxwuYKKJGO2LcbRdYGWfuo1na5Y_6L1xXLqGhSrdMuUHRLQlPaaBiABrVxkWrVm2j9tWpJT4FzPw1o5sgNGbaCTPqxfyq9oWdg9oShi7A7of7zVrUCRyhv2MjD87FrlU47aqKC9qrzzQYmj4Bk2-xFgvOC15faqRzUS4uqXLp3zzGB4w-SvB_RGp5OqIC20YTpqcuEkj5Zkdnq8ONIZggPERID-3ieHMKIMZL551gGx9GpSIIb_xMafj6vkSCYVUe9QPhItBDDkiTPl3UQ0CxK7EgeAy7g&amp;__tn__=k%2AF&amp;tn-str=k%2AF\" data-ft=\"{&quot;tn&quot;:&quot;k&quot;}\" data-hovercard=\"\/ajax\/hovercard\/page.php?id=143711599031655&amp;extragetparams=%7B%22tn-str%22%3A%22k%2AF%22%7D\" data-hovercard-prefer-more-content-show=\"1\" aria-describedby=\"u_l2_1\" aria-owns=\"js_k9d\">U.S. Bosto<\/a>)<\/em><\/p>\n<p class=\"p1\">Mercoled\u00ec di playoff per il calcio dilettanti. In scena le <strong>gare di ritorno dalla Promozione alla Seconda Categoria.<\/strong> A fine serata sorridono <strong>Gorla Maggiore e Bosto,<\/strong> cos\u00ec come la Rhodense in Promozione, mentre non passa il turno la Crennese Gallaratese.<\/p>\n<h2 class=\"p1\">PROMOZIONE<\/h2>\n<p class=\"p1\">La Rhodense fa la voce grossa e si qualifica al terzo turno dei playoff verso l\u2019Eccellenza. Dopo lo 0-0 nella gara di andata a Vighignolo, <strong>gli arancioni in casa battono 4-1 la squadra di Settimo Milanese<\/strong> con una prestazione super. Rhodense che torner\u00e0 in campo sabato 25 maggio (ore 16.00) in casa del Sant\u2019Angelo Lodigiano.<\/p>\n<h2 class=\"p1\">PRIMA CATEGORIA<\/h2>\n<p class=\"p1\">Dopo l\u20191-1 in trasferta all\u2019andata, <strong>al Gorla Maggiore basta lo 0-0 casalingo per superare l\u2019ostacolo Olimpiagrenta (Lecco)<\/strong> e qualificarsi al quarto turno dei playoff. L\u2019avversario per l\u2019ultimo scalino verso la Promozione sar\u00e0 il Castello Citt\u00e0 di Cant\u00f9. Andata a Gorla Maggiore domenica 26 maggio (ore 16.00), ritorno a Cant\u00f9 domenica 2 giugno (ore 16.00).<\/p>\n<h2 class=\"p1\">SECONDA CATEGORIA<\/h2>\n<p class=\"p1\"><strong>Sorride il Bosto, piange la Crennese Gallaratese<\/strong>. I varesini dopo il 4-0 all\u2019andata, hanno difeso il risultato pareggiando 0-0 in casa della Cavese (Cava Manara, Pavia) qualificandosi al quarto turno e ultimo turno. Non riesce nell\u2019impresa invece la Crennese Gallaratese, che dopo la vittoria casalinga 2-1 contro il Sesto 2010, a Sesto ed Uniti (Cremona), \u00e8 stata sconfitta 2-0.<\/p>\n","protected":false},"excerpt":{"rendered":"<p>Al turno successivo anche la Rhodense in Promozione mentre viene eliminata la Crennese Gallaratese<\/p>\n","protected":false},"author":37,"featured_media":0,"comment_status":"open","ping_status":"open","sticky":false,"template":"","format":"standard","meta":{"footnotes":""},"categories":[14],"tags":[86760,144,96626,206,96625,3401,209,3402],"acf":[],"yoast_head":"<!-- This site is optimized with the Yoast SEO plugin v20.1 - https:\/\/yoast.com\/wordpress\/plugins\/seo\/ -->\n<title>Playoff, avanti Gorla Maggiore e Bosto<\/title>\n<meta name=\"description\" content=\"Al turno successivo anche la Rhodense in Promozione mentre viene eliminata la Crennese Gallaratese\" \/>\n<meta name=\"robots\" content=\"noindex, follow, max-snippet:-1, max-image-preview:large, max-video-preview:-1\" \/>\n<meta property=\"og:locale\" content=\"it_IT\" \/>\n<meta property=\"og:type\" content=\"article\" \/>\n<meta property=\"og:title\" content=\"Playoff, avanti Gorla Maggiore e Bosto\" \/>\n<meta property=\"og:description\" content=\"Al turno successivo anche la Rhodense in Promozione mentre viene eliminata la Crennese Gallaratese\" \/>\n<meta property=\"og:url\" content=\"https:\/\/staging.varesenews.it\/2019\/05\/playoff-avanti-gorla-maggiore-bosto\/823122\/\" \/>\n<meta property=\"og:site_name\" content=\"VareseNews\" \/>\n<meta property=\"article:publisher\" content=\"https:\/\/www.facebook.com\/varesenews\" \/>\n<meta property=\"article:published_time\" content=\"2019-05-23T08:45:49+00:00\" \/>\n<meta name=\"author\" content=\"Francesco Mazzoleni\" \/>\n<meta name=\"twitter:card\" content=\"summary_large_image\" \/>\n<meta name=\"twitter:creator\" content=\"@fmazzof\" \/>\n<meta name=\"twitter:site\" content=\"@varesenews\" \/>\n<meta name=\"twitter:label1\" content=\"Scritto da\" \/>\n\t<meta name=\"twitter:data1\" content=\"Francesco Mazzoleni\" \/>\n\t<meta name=\"twitter:label2\" content=\"Tempo di lettura stimato\" \/>\n\t<meta name=\"twitter:data2\" content=\"1 minuto\" \/>\n<script type=\"application\/ld+json\" class=\"yoast-schema-graph\">{\"@context\":\"https:\/\/schema.org\",\"@graph\":[{\"@type\":\"WebPage\",\"@id\":\"https:\/\/staging.varesenews.it\/2019\/05\/playoff-avanti-gorla-maggiore-bosto\/823122\/\",\"url\":\"https:\/\/staging.varesenews.it\/2019\/05\/playoff-avanti-gorla-maggiore-bosto\/823122\/\",\"name\":\"Playoff, avanti Gorla Maggiore e Bosto\",\"isPartOf\":{\"@id\":\"https:\/\/staging.varesenews.it\/#website\"},\"datePublished\":\"2019-05-23T08:45:49+00:00\",\"dateModified\":\"2019-05-23T08:45:49+00:00\",\"author\":{\"@id\":\"https:\/\/staging.varesenews.it\/#\/schema\/person\/e82236e79160d30d4e1f942004ac3038\"},\"description\":\"Al turno successivo anche la Rhodense in Promozione mentre viene eliminata la Crennese Gallaratese\",\"breadcrumb\":{\"@id\":\"https:\/\/staging.varesenews.it\/2019\/05\/playoff-avanti-gorla-maggiore-bosto\/823122\/#breadcrumb\"},\"inLanguage\":\"it-IT\",\"potentialAction\":[{\"@type\":\"ReadAction\",\"target\":[\"https:\/\/staging.varesenews.it\/2019\/05\/playoff-avanti-gorla-maggiore-bosto\/823122\/\"]}]},{\"@type\":\"BreadcrumbList\",\"@id\":\"https:\/\/staging.varesenews.it\/2019\/05\/playoff-avanti-gorla-maggiore-bosto\/823122\/#breadcrumb\",\"itemListElement\":[{\"@type\":\"ListItem\",\"position\":1,\"name\":\"Home\",\"item\":\"https:\/\/www.varesenews.it\/\"},{\"@type\":\"ListItem\",\"position\":2,\"name\":\"Playoff, avanti Gorla Maggiore e Bosto\"}]},{\"@type\":\"WebSite\",\"@id\":\"https:\/\/staging.varesenews.it\/#website\",\"url\":\"https:\/\/staging.varesenews.it\/\",\"name\":\"VareseNews\",\"description\":\"\",\"potentialAction\":[{\"@type\":\"SearchAction\",\"target\":{\"@type\":\"EntryPoint\",\"urlTemplate\":\"https:\/\/staging.varesenews.it\/?s={search_term_string}\"},\"query-input\":\"required name=search_term_string\"}],\"inLanguage\":\"it-IT\"},{\"@type\":\"Person\",\"@id\":\"https:\/\/staging.varesenews.it\/#\/schema\/person\/e82236e79160d30d4e1f942004ac3038\",\"name\":\"Francesco Mazzoleni\",\"image\":{\"@type\":\"ImageObject\",\"inLanguage\":\"it-IT\",\"@id\":\"https:\/\/staging.varesenews.it\/#\/schema\/person\/image\/\",\"url\":\"https:\/\/staging.varesenews.it\/wp-content\/uploads\/2020\/12\/francesco_mazzoleni_colori_500-1.jpg\",\"contentUrl\":\"https:\/\/staging.varesenews.it\/wp-content\/uploads\/2020\/12\/francesco_mazzoleni_colori_500-1.jpg\",\"caption\":\"Francesco Mazzoleni\"},\"description\":\"\\\"Uomo di campo\\\" della redazione sportiva. Nutro una vera passione per il calcio, che sia ad alti livelli, sui campi di provincia o in altri continenti. Sono nato a Varese nel 1984, vivo da sempre a Malnate e ho una laurea in Scienze Motorie. Ho mosso i primi passi a VareseNews da stagista nel 2002; nel 2008 ho iniziato a collaborare con maggiore continuit\u00e0 e dal 2018 sono giornalista professionista. Orgoglioso pap\u00e0 di Federico e Adelaide.\",\"sameAs\":[\"fmazzof\",\"it.linkedin.com\/in\/francescomazzolenif\",\"https:\/\/twitter.com\/fmazzof\"],\"url\":\"https:\/\/staging.varesenews.it\/persona\/francesco_mazzoleniferracini\/\"}]}<\/script>\n<!-- \/ Yoast SEO plugin. -->","yoast_head_json":{"title":"Playoff, avanti Gorla Maggiore e Bosto","description":"Al turno successivo anche la Rhodense in Promozione mentre viene eliminata la Crennese Gallaratese","robots":{"index":"noindex","follow":"follow","max-snippet":"max-snippet:-1","max-image-preview":"max-image-preview:large","max-video-preview":"max-video-preview:-1"},"og_locale":"it_IT","og_type":"article","og_title":"Playoff, avanti Gorla Maggiore e Bosto","og_description":"Al turno successivo anche la Rhodense in Promozione mentre viene eliminata la Crennese Gallaratese","og_url":"https:\/\/staging.varesenews.it\/2019\/05\/playoff-avanti-gorla-maggiore-bosto\/823122\/","og_site_name":"VareseNews","article_publisher":"https:\/\/www.facebook.com\/varesenews","article_published_time":"2019-05-23T08:45:49+00:00","author":"Francesco Mazzoleni","twitter_card":"summary_large_image","twitter_creator":"@fmazzof","twitter_site":"@varesenews","twitter_misc":{"Scritto da":"Francesco Mazzoleni","Tempo di lettura stimato":"1 minuto"},"schema":{"@context":"https:\/\/schema.org","@graph":[{"@type":"WebPage","@id":"https:\/\/staging.varesenews.it\/2019\/05\/playoff-avanti-gorla-maggiore-bosto\/823122\/","url":"https:\/\/staging.varesenews.it\/2019\/05\/playoff-avanti-gorla-maggiore-bosto\/823122\/","name":"Playoff, avanti Gorla Maggiore e Bosto","isPartOf":{"@id":"https:\/\/staging.varesenews.it\/#website"},"datePublished":"2019-05-23T08:45:49+00:00","dateModified":"2019-05-23T08:45:49+00:00","author":{"@id":"https:\/\/staging.varesenews.it\/#\/schema\/person\/e82236e79160d30d4e1f942004ac3038"},"description":"Al turno successivo anche la Rhodense in Promozione mentre viene eliminata la Crennese Gallaratese","breadcrumb":{"@id":"https:\/\/staging.varesenews.it\/2019\/05\/playoff-avanti-gorla-maggiore-bosto\/823122\/#breadcrumb"},"inLanguage":"it-IT","potentialAction":[{"@type":"ReadAction","target":["https:\/\/staging.varesenews.it\/2019\/05\/playoff-avanti-gorla-maggiore-bosto\/823122\/"]}]},{"@type":"BreadcrumbList","@id":"https:\/\/staging.varesenews.it\/2019\/05\/playoff-avanti-gorla-maggiore-bosto\/823122\/#breadcrumb","itemListElement":[{"@type":"ListItem","position":1,"name":"Home","item":"https:\/\/www.varesenews.it\/"},{"@type":"ListItem","position":2,"name":"Playoff, avanti Gorla Maggiore e Bosto"}]},{"@type":"WebSite","@id":"https:\/\/staging.varesenews.it\/#website","url":"https:\/\/staging.varesenews.it\/","name":"VareseNews","description":"","potentialAction":[{"@type":"SearchAction","target":{"@type":"EntryPoint","urlTemplate":"https:\/\/staging.varesenews.it\/?s={search_term_string}"},"query-input":"required name=search_term_string"}],"inLanguage":"it-IT"},{"@type":"Person","@id":"https:\/\/staging.varesenews.it\/#\/schema\/person\/e82236e79160d30d4e1f942004ac3038","name":"Francesco Mazzoleni","image":{"@type":"ImageObject","inLanguage":"it-IT","@id":"https:\/\/staging.varesenews.it\/#\/schema\/person\/image\/","url":"https:\/\/staging.varesenews.it\/wp-content\/uploads\/2020\/12\/francesco_mazzoleni_colori_500-1.jpg","contentUrl":"https:\/\/staging.varesenews.it\/wp-content\/uploads\/2020\/12\/francesco_mazzoleni_colori_500-1.jpg","caption":"Francesco Mazzoleni"},"description":"\"Uomo di campo\" della redazione sportiva. Nutro una vera passione per il calcio, che sia ad alti livelli, sui campi di provincia o in altri continenti. Sono nato a Varese nel 1984, vivo da sempre a Malnate e ho una laurea in Scienze Motorie. Ho mosso i primi passi a VareseNews da stagista nel 2002; nel 2008 ho iniziato a collaborare con maggiore continuit\u00e0 e dal 2018 sono giornalista professionista. Orgoglioso pap\u00e0 di Federico e Adelaide.","sameAs":["fmazzof","it.linkedin.com\/in\/francescomazzolenif","https:\/\/twitter.com\/fmazzof"],"url":"https:\/\/staging.varesenews.it\/persona\/francesco_mazzoleniferracini\/"}]}},"post_meta":{"_edit_lock":"1558601390:37","_edit_last":"37","_category_permalink":"a:1:{s:8:\"category\";s:2:\"14\";}","ratings_users":"0","ratings_score":"0","ratings_average":"0","foto":"739795","firma-personalizzata":"fmf","argomento":"Calcio - Dilettanti","_yoast_wpseo_focuskw_text_input":"playoff promozione prima seconda categoria","_yoast_wpseo_focuskw":"playoff promozione prima seconda categoria","_yoast_wpseo_linkdex":"53","_yoast_wpseo_content_score":"90","_jd_tweet_this":"yes","_wpt_short_url":"https:\/\/www.varesenews.it\/2019\/05\/playoff-avanti-gorla-maggiore-bosto\/823122\/","_wp_jd_target":"https:\/\/www.varesenews.it\/2019\/05\/playoff-avanti-gorla-maggiore-bosto\/823122\/","_jd_wp_twitter":"a:1:{i:0;s:149:\"Playoff, avanti Gorla Maggiore e Bosto https:\/\/www.varesenews.it\/2019\/05\/playoff-avanti-gorla-maggiore-bosto\/823122\/ #bostocalcio #calcio #dilettanti\";}","_wpt_status_message":"Tweet inviato con successo."},"photos":[{"original":"https:\/\/staging.varesenews.it\/photogallery_new\/images\/2019\/05\/bosto-calcio-739795.jpg","full":"https:\/\/staging.varesenews.it\/photogallery_new\/images\/2019\/05\/bosto-calcio-739795.1024x768.jpg","large":"https:\/\/staging.varesenews.it\/photogallery_new\/images\/2019\/05\/bosto-calcio-739795.610x431.jpg"}],"_links":{"self":[{"href":"https:\/\/staging.varesenews.it\/swgapi\/v1\/wp\/v2\/posts\/823122"}],"collection":[{"href":"https:\/\/staging.varesenews.it\/swgapi\/v1\/wp\/v2\/posts"}],"about":[{"href":"https:\/\/staging.varesenews.it\/swgapi\/v1\/wp\/v2\/types\/post"}],"author":[{"embeddable":true,"href":"https:\/\/staging.varesenews.it\/swgapi\/v1\/wp\/v2\/users\/37"}],"replies":[{"embeddable":true,"href":"https:\/\/staging.varesenews.it\/swgapi\/v1\/wp\/v2\/comments?post=823122"}],"version-history":[{"count":0,"href":"https:\/\/staging.varesenews.it\/swgapi\/v1\/wp\/v2\/posts\/823122\/revisions"}],"wp:attachment":[{"href":"https:\/\/staging.varesenews.it\/swgapi\/v1\/wp\/v2\/media?parent=823122"}],"wp:term":[{"taxonomy":"category","embeddable":true,"href":"https:\/\/staging.varesenews.it\/swgapi\/v1\/wp\/v2\/categories?post=823122"},{"taxonomy":"post_tag","embeddable":true,"href":"https:\/\/staging.varesenews.it\/swgapi\/v1\/wp\/v2\/tags?post=823122"}],"curies":[{"name":"wp","href":"https:\/\/api.w.org\/{rel}","templated":true}]}}